{"id":8599,"date":"2024-08-06T08:44:54","date_gmt":"2024-08-06T11:44:54","guid":{"rendered":"https:\/\/nahuelproducciones.com.ar\/radioquijano\/?p=8599"},"modified":"2024-08-06T08:44:55","modified_gmt":"2024-08-06T11:44:55","slug":"1o-edicion-de-la-carrera-pedestre-patricia-moron","status":"publish","type":"post","link":"https:\/\/nahuelproducciones.com.ar\/radioquijano\/1o-edicion-de-la-carrera-pedestre-patricia-moron\/","title":{"rendered":"1\u00ba edici\u00f3n de la carrera pedestre \u201cPatricia Mor\u00f3n\u201d"},"content":{"rendered":"\n<p>Este s\u00e1bado 10 de agosto, te esperamos para vivir la 1\u00ba edici\u00f3n de la carrera pedestre \u201cPatricia Mor\u00f3n\u201d, en homenaje a la deportista que supo ganarse el cari\u00f1o de toda la comunidad de Campo Quijano, dijo la la Directora de Inclusi\u00f3n Deportiva del municipio, Lic. Florencia Ruax\u00a0por RQ99.9Mhz.<\/p>\n\n\n\n<p>La ciclista\u00a0Patricia Mor\u00f3n habr\u00eda fallecido de un paro cardiaco durante una intervenci\u00f3n quir\u00fargica\u00a0que buscaba colocarle un clavo en su cadera.<\/p>\n\n\n\n<p>Por la intensidad del viento Toro o viento zonda se suspendi\u00f3 esta actividad que estaba programada para el d\u00eda s\u00e1bado 3 de agosto.<\/p>\n\n\n\n<p>Ruax record\u00f3 que partir\u00e1n desde la Plaza 8 de diciembre de La Silleta, desde donde recorrer\u00e1n la zona divididos en categor\u00edas. <\/p>\n\n\n\n<p>Las propuestas deportivas buscan promover la salud y el deporte en la familia.<\/p>\n\n\n\n<p>Escucha la entrevista:<\/p>\n\n\n\n<figure class=\"wp-block-audio\"><audio controls src=\"https:\/\/nahuelproducciones.com.ar\/radioquijano\/wp-content\/uploads\/2024\/08\/5-08-2024-LORENCIA-RUAX-DIRECORA-DE-DEPORTE-INCLUSIVO-TEMA-REACTIVA-ACTIVIDADES-SUSPENDIDAS-POR-EL-VIENTO-1.mp3\"><\/audio><\/figure>\n","protected":false},"excerpt":{"rendered":"<p>Este s\u00e1bado 10 de agosto, te esperamos para vivir la 1\u00ba edici\u00f3n de la carrera pedestre \u201cPatricia Mor\u00f3n\u201d, en homenaje a la deportista que supo ganarse el cari\u00f1o de toda la comunidad de Campo Quijano, dijo la la Directora de Inclusi\u00f3n Deportiva del municipio, Lic. Florencia Ruax\u00a0por RQ99.9Mhz. La ciclista\u00a0Patricia Mor\u00f3n habr\u00eda fallecido de un [&hellip;]<\/p>\n","protected":false},"author":8,"featured_media":8601,"comment_status":"open","ping_status":"open","sticky":false,"template":"","format":"standard","meta":{"_monsterinsights_skip_tracking":false,"_monsterinsights_sitenote_active":false,"_monsterinsights_sitenote_note":"","_monsterinsights_sitenote_category":0,"footnotes":""},"categories":[16],"tags":[251,100],"class_list":["post-8599","post","type-post","status-publish","format-standard","has-post-thumbnail","hentry","category-noticias","tag-direccion-de-deportes-de-campo-quijano","tag-municipio-de-campo-quijano"],"yoast_head":"<!-- This site is optimized with the Yoast SEO plugin v20.8 - https:\/\/yoast.com\/wordpress\/plugins\/seo\/ -->\n<title>1\u00ba edici\u00f3n de la carrera pedestre \u201cPatricia Mor\u00f3n\u201d - RQ 99.9<\/title>\n<meta name=\"description\" content=\"Partir\u00e1n desde la Plaza 8 de diciembre de La Silleta.\" \/>\n<meta name=\"robots\" content=\"index, follow, max-snippet:-1, max-image-preview:large, max-video-preview:-1\" \/>\n<link rel=\"canonical\" href=\"https:\/\/nahuelproducciones.com.ar\/radioquijano\/1o-edicion-de-la-carrera-pedestre-patricia-moron\/\" \/>\n<meta property=\"og:locale\" content=\"es_ES\" \/>\n<meta property=\"og:type\" content=\"article\" \/>\n<meta property=\"og:title\" content=\"1\u00ba edici\u00f3n de la carrera pedestre \u201cPatricia Mor\u00f3n\u201d - RQ 99.9\" \/>\n<meta property=\"og:description\" content=\"Partir\u00e1n desde la Plaza 8 de diciembre de La Silleta.\" \/>\n<meta property=\"og:url\" content=\"https:\/\/nahuelproducciones.com.ar\/radioquijano\/1o-edicion-de-la-carrera-pedestre-patricia-moron\/\" \/>\n<meta property=\"og:site_name\" content=\"RQ 99.9\" \/>\n<meta property=\"article:publisher\" content=\"https:\/\/www.facebook.com\/nahuelproducciones999\/\" \/>\n<meta property=\"article:published_time\" content=\"2024-08-06T11:44:54+00:00\" \/>\n<meta property=\"article:modified_time\" content=\"2024-08-06T11:44:55+00:00\" \/>\n<meta property=\"og:image\" content=\"https:\/\/nahuelproducciones.com.ar\/radioquijano\/wp-content\/uploads\/2024\/08\/454378845_901587195331025_3066084157118625617_n-1-e1722944686606.jpg\" \/>\n\t<meta property=\"og:image:width\" content=\"700\" \/>\n\t<meta property=\"og:image:height\" content=\"875\" \/>\n\t<meta property=\"og:image:type\" content=\"image\/jpeg\" \/>\n<meta name=\"author\" content=\"Cecilia Pastrana\" \/>\n<meta name=\"twitter:card\" content=\"summary_large_image\" \/>\n<meta name=\"twitter:creator\" content=\"@nahuproduciones\" \/>\n<meta name=\"twitter:site\" content=\"@nahuproduciones\" \/>\n<meta name=\"twitter:label1\" content=\"Escrito por\" \/>\n\t<meta name=\"twitter:data1\" content=\"Cecilia Pastrana\" \/>\n\t<meta name=\"twitter:label2\" content=\"Tiempo de lectura\" \/>\n\t<meta name=\"twitter:data2\" content=\"1 minuto\" \/>\n<script type=\"application\/ld+json\" class=\"yoast-schema-graph\">{\"@context\":\"https:\/\/schema.org\",\"@graph\":[{\"@type\":\"WebPage\",\"@id\":\"https:\/\/nahuelproducciones.com.ar\/radioquijano\/1o-edicion-de-la-carrera-pedestre-patricia-moron\/\",\"url\":\"https:\/\/nahuelproducciones.com.ar\/radioquijano\/1o-edicion-de-la-carrera-pedestre-patricia-moron\/\",\"name\":\"1\u00ba edici\u00f3n de la carrera pedestre \u201cPatricia Mor\u00f3n\u201d - RQ 99.9\",\"isPartOf\":{\"@id\":\"https:\/\/nahuelproducciones.com.ar\/radioquijano\/#website\"},\"datePublished\":\"2024-08-06T11:44:54+00:00\",\"dateModified\":\"2024-08-06T11:44:55+00:00\",\"author\":{\"@id\":\"https:\/\/nahuelproducciones.com.ar\/radioquijano\/#\/schema\/person\/e8a4f939e2cb487fe6d0c54042c9d32c\"},\"description\":\"Partir\u00e1n desde la Plaza 8 de diciembre de La Silleta.\",\"breadcrumb\":{\"@id\":\"https:\/\/nahuelproducciones.com.ar\/radioquijano\/1o-edicion-de-la-carrera-pedestre-patricia-moron\/#breadcrumb\"},\"inLanguage\":\"es\",\"potentialAction\":[{\"@type\":\"ReadAction\",\"target\":[\"https:\/\/nahuelproducciones.com.ar\/radioquijano\/1o-edicion-de-la-carrera-pedestre-patricia-moron\/\"]}]},{\"@type\":\"BreadcrumbList\",\"@id\":\"https:\/\/nahuelproducciones.com.ar\/radioquijano\/1o-edicion-de-la-carrera-pedestre-patricia-moron\/#breadcrumb\",\"itemListElement\":[{\"@type\":\"ListItem\",\"position\":1,\"name\":\"Portada\",\"item\":\"https:\/\/nahuelproducciones.com.ar\/radioquijano\/\"},{\"@type\":\"ListItem\",\"position\":2,\"name\":\"1\u00ba edici\u00f3n de la carrera pedestre \u201cPatricia Mor\u00f3n\u201d\"}]},{\"@type\":\"WebSite\",\"@id\":\"https:\/\/nahuelproducciones.com.ar\/radioquijano\/#website\",\"url\":\"https:\/\/nahuelproducciones.com.ar\/radioquijano\/\",\"name\":\"RQ 99.9\",\"description\":\"Radio Quijano 99.9 MHz\",\"potentialAction\":[{\"@type\":\"SearchAction\",\"target\":{\"@type\":\"EntryPoint\",\"urlTemplate\":\"https:\/\/nahuelproducciones.com.ar\/radioquijano\/?s={search_term_string}\"},\"query-input\":\"required name=search_term_string\"}],\"inLanguage\":\"es\"},{\"@type\":\"Person\",\"@id\":\"https:\/\/nahuelproducciones.com.ar\/radioquijano\/#\/schema\/person\/e8a4f939e2cb487fe6d0c54042c9d32c\",\"name\":\"Cecilia Pastrana\",\"image\":{\"@type\":\"ImageObject\",\"inLanguage\":\"es\",\"@id\":\"https:\/\/nahuelproducciones.com.ar\/radioquijano\/#\/schema\/person\/image\/\",\"url\":\"https:\/\/secure.gravatar.com\/avatar\/661a3ef63a8488d4f2794ed44af8cf71420f7e106f3072c40125114df5157749?s=96&d=mm&r=g\",\"contentUrl\":\"https:\/\/secure.gravatar.com\/avatar\/661a3ef63a8488d4f2794ed44af8cf71420f7e106f3072c40125114df5157749?s=96&d=mm&r=g\",\"caption\":\"Cecilia Pastrana\"},\"sameAs\":[\"cecy\"],\"url\":\"https:\/\/nahuelproducciones.com.ar\/radioquijano\/author\/cecy\/\"}]}<\/script>\n<!-- \/ Yoast SEO plugin. -->","yoast_head_json":{"title":"1\u00ba edici\u00f3n de la carrera pedestre \u201cPatricia Mor\u00f3n\u201d - RQ 99.9","description":"Partir\u00e1n desde la Plaza 8 de diciembre de La Silleta.","robots":{"index":"index","follow":"follow","max-snippet":"max-snippet:-1","max-image-preview":"max-image-preview:large","max-video-preview":"max-video-preview:-1"},"canonical":"https:\/\/nahuelproducciones.com.ar\/radioquijano\/1o-edicion-de-la-carrera-pedestre-patricia-moron\/","og_locale":"es_ES","og_type":"article","og_title":"1\u00ba edici\u00f3n de la carrera pedestre \u201cPatricia Mor\u00f3n\u201d - RQ 99.9","og_description":"Partir\u00e1n desde la Plaza 8 de diciembre de La Silleta.","og_url":"https:\/\/nahuelproducciones.com.ar\/radioquijano\/1o-edicion-de-la-carrera-pedestre-patricia-moron\/","og_site_name":"RQ 99.9","article_publisher":"https:\/\/www.facebook.com\/nahuelproducciones999\/","article_published_time":"2024-08-06T11:44:54+00:00","article_modified_time":"2024-08-06T11:44:55+00:00","og_image":[{"width":700,"height":875,"url":"https:\/\/nahuelproducciones.com.ar\/radioquijano\/wp-content\/uploads\/2024\/08\/454378845_901587195331025_3066084157118625617_n-1-e1722944686606.jpg","type":"image\/jpeg"}],"author":"Cecilia Pastrana","twitter_card":"summary_large_image","twitter_creator":"@nahuproduciones","twitter_site":"@nahuproduciones","twitter_misc":{"Escrito por":"Cecilia Pastrana","Tiempo de lectura":"1 minuto"},"schema":{"@context":"https:\/\/schema.org","@graph":[{"@type":"WebPage","@id":"https:\/\/nahuelproducciones.com.ar\/radioquijano\/1o-edicion-de-la-carrera-pedestre-patricia-moron\/","url":"https:\/\/nahuelproducciones.com.ar\/radioquijano\/1o-edicion-de-la-carrera-pedestre-patricia-moron\/","name":"1\u00ba edici\u00f3n de la carrera pedestre \u201cPatricia Mor\u00f3n\u201d - RQ 99.9","isPartOf":{"@id":"https:\/\/nahuelproducciones.com.ar\/radioquijano\/#website"},"datePublished":"2024-08-06T11:44:54+00:00","dateModified":"2024-08-06T11:44:55+00:00","author":{"@id":"https:\/\/nahuelproducciones.com.ar\/radioquijano\/#\/schema\/person\/e8a4f939e2cb487fe6d0c54042c9d32c"},"description":"Partir\u00e1n desde la Plaza 8 de diciembre de La Silleta.","breadcrumb":{"@id":"https:\/\/nahuelproducciones.com.ar\/radioquijano\/1o-edicion-de-la-carrera-pedestre-patricia-moron\/#breadcrumb"},"inLanguage":"es","potentialAction":[{"@type":"ReadAction","target":["https:\/\/nahuelproducciones.com.ar\/radioquijano\/1o-edicion-de-la-carrera-pedestre-patricia-moron\/"]}]},{"@type":"BreadcrumbList","@id":"https:\/\/nahuelproducciones.com.ar\/radioquijano\/1o-edicion-de-la-carrera-pedestre-patricia-moron\/#breadcrumb","itemListElement":[{"@type":"ListItem","position":1,"name":"Portada","item":"https:\/\/nahuelproducciones.com.ar\/radioquijano\/"},{"@type":"ListItem","position":2,"name":"1\u00ba edici\u00f3n de la carrera pedestre \u201cPatricia Mor\u00f3n\u201d"}]},{"@type":"WebSite","@id":"https:\/\/nahuelproducciones.com.ar\/radioquijano\/#website","url":"https:\/\/nahuelproducciones.com.ar\/radioquijano\/","name":"RQ 99.9","description":"Radio Quijano 99.9 MHz","potentialAction":[{"@type":"SearchAction","target":{"@type":"EntryPoint","urlTemplate":"https:\/\/nahuelproducciones.com.ar\/radioquijano\/?s={search_term_string}"},"query-input":"required name=search_term_string"}],"inLanguage":"es"},{"@type":"Person","@id":"https:\/\/nahuelproducciones.com.ar\/radioquijano\/#\/schema\/person\/e8a4f939e2cb487fe6d0c54042c9d32c","name":"Cecilia Pastrana","image":{"@type":"ImageObject","inLanguage":"es","@id":"https:\/\/nahuelproducciones.com.ar\/radioquijano\/#\/schema\/person\/image\/","url":"https:\/\/secure.gravatar.com\/avatar\/661a3ef63a8488d4f2794ed44af8cf71420f7e106f3072c40125114df5157749?s=96&d=mm&r=g","contentUrl":"https:\/\/secure.gravatar.com\/avatar\/661a3ef63a8488d4f2794ed44af8cf71420f7e106f3072c40125114df5157749?s=96&d=mm&r=g","caption":"Cecilia Pastrana"},"sameAs":["cecy"],"url":"https:\/\/nahuelproducciones.com.ar\/radioquijano\/author\/cecy\/"}]}},"_links":{"self":[{"href":"https:\/\/nahuelproducciones.com.ar\/radioquijano\/wp-json\/wp\/v2\/posts\/8599","targetHints":{"allow":["GET"]}}],"collection":[{"href":"https:\/\/nahuelproducciones.com.ar\/radioquijano\/wp-json\/wp\/v2\/posts"}],"about":[{"href":"https:\/\/nahuelproducciones.com.ar\/radioquijano\/wp-json\/wp\/v2\/types\/post"}],"author":[{"embeddable":true,"href":"https:\/\/nahuelproducciones.com.ar\/radioquijano\/wp-json\/wp\/v2\/users\/8"}],"replies":[{"embeddable":true,"href":"https:\/\/nahuelproducciones.com.ar\/radioquijano\/wp-json\/wp\/v2\/comments?post=8599"}],"version-history":[{"count":1,"href":"https:\/\/nahuelproducciones.com.ar\/radioquijano\/wp-json\/wp\/v2\/posts\/8599\/revisions"}],"predecessor-version":[{"id":8602,"href":"https:\/\/nahuelproducciones.com.ar\/radioquijano\/wp-json\/wp\/v2\/posts\/8599\/revisions\/8602"}],"wp:featuredmedia":[{"embeddable":true,"href":"https:\/\/nahuelproducciones.com.ar\/radioquijano\/wp-json\/wp\/v2\/media\/8601"}],"wp:attachment":[{"href":"https:\/\/nahuelproducciones.com.ar\/radioquijano\/wp-json\/wp\/v2\/media?parent=8599"}],"wp:term":[{"taxonomy":"category","embeddable":true,"href":"https:\/\/nahuelproducciones.com.ar\/radioquijano\/wp-json\/wp\/v2\/categories?post=8599"},{"taxonomy":"post_tag","embeddable":true,"href":"https:\/\/nahuelproducciones.com.ar\/radioquijano\/wp-json\/wp\/v2\/tags?post=8599"}],"curies":[{"name":"wp","href":"https:\/\/api.w.org\/{rel}","templated":true}]}}