{"id":8603,"date":"2024-08-06T10:48:28","date_gmt":"2024-08-06T13:48:28","guid":{"rendered":"https:\/\/nahuelproducciones.com.ar\/radioquijano\/?p=8603"},"modified":"2024-08-06T10:48:29","modified_gmt":"2024-08-06T13:48:29","slug":"el-hospital-dr-francisco-herrera-en-la-semana-de-la-lactancia","status":"publish","type":"post","link":"https:\/\/nahuelproducciones.com.ar\/radioquijano\/el-hospital-dr-francisco-herrera-en-la-semana-de-la-lactancia\/","title":{"rendered":"El Hospital Dr Francisco Herrera en la Semana de la Lactancia."},"content":{"rendered":"\n<p>La Semana Mundial de la Lactancia Materna se celebra la primera semana de agosto de cada a\u00f1o, con el apoyo de la OMS, UNICEF y muchos Ministerios de Sanidad y socios de la sociedad civil.<\/p>\n\n\n\n<p>En representaci\u00f3n del Hospital Dr. Fco Herrera llegaron a visitar los estudios de RQ99.9Mhz , Claudia Taritolay enfermera Comunitaria, Pablo Vega y Mariana Lera Practicantes de Nutrici\u00f3n y Ailen Moreno V\u00e1squez enfermera universitaria (Residente de Salud Mental) e invitaron a la comunidad a las actividades programadas.<\/p>\n\n\n\n<p>\u00a0Este a\u00f1o el lema es \u2018Cerrando la Brecha\u2019, con el objetivo de apoyar a la madre y a las familias porque no hay nada mejor que la leche de la madre\u201d.<\/p>\n\n\n\n<p>\u00a0la\u00a0<strong>Semana Mundial de la Lactancia 2024<\/strong>, que se extiende\u00a0<strong>desde hoy, 1 de agosto, hasta el lunes 7<\/strong> y\u00a0se conmemora  una responsabilidad social y colectiva que requiere dedicaci\u00f3n no solo de quien amamanta sino tambi\u00e9n de la familia y la sociedad.<\/p>\n\n\n\n<p>En el hospital se trabaja con un equipo interareal  la importancia de la lactancia materna y sus beneficios, tales como, su aporte de nutrientes y anticuerpos; generaci\u00f3n del v\u00ednculo de apego, estimulaci\u00f3n de sentidos, protecci\u00f3n contra enfermedades, entre otros.\u00a0<\/p>\n\n\n\n<blockquote class=\"wp-block-quote is-layout-flow wp-block-quote-is-layout-flow\">\n<p>CRONOGRAMA COMPLETO DE LA SEMANA MUNDIAL DE LA LACTANCIA MATERNA 2024<\/p>\n\n\n\n<p>CERRANDO LA BRECHA<\/p>\n\n\n\n<p>APOYO A LA LACTANCIA MATERNA EN TODAS LAS SITUACIONES<\/p>\n\n\n\n<p>Con el lema \u00abCerrando la brecha: apoyo a la lactancia materna en todas las situaciones\u00bb la Semana Mundial de la Lactancia Materna 2024 se centra en la importancia de que todas las madres que as\u00ed lo deseen puedan amamantar con \u00e9xito a sus hijos, independientemente de las circunstancias diversas de cada mujer y cada familia.<\/p>\n\n\n\n<p>JUEVES 1 DE AGOSTO<\/p>\n\n\n\n<p>Panel de lactancia matema<\/p>\n\n\n\n<p>Lanzamiento del concurso de fotos y frases relacionadas a la Lactancia Materna mediante la red<\/p>\n\n\n\n<p>social Facebook del Hospital Dr. Francisco Herrera.<\/p>\n\n\n\n<p>Capacitaci\u00f3n a agentes sanitarios, enfermeras y bioqu\u00edmica en Hospital Materno Infantil: Jornada de trabajo multidisciplinario en lactancia materna.<\/p>\n\n\n\n<p>VIERNES 2 DE AGOSTO<\/p>\n\n\n\n<p>Taller de Lactancia Matema en la guarder\u00eda \u00abRinc\u00f3n de Sue\u00f1os\u00bb &#8211; E.U. Claudia Taritolay y agentes sanitarios (Miriam Ramos, Carla Rodr\u00edguez y Johana Rodriguez)<\/p>\n\n\n\n<p>LUNES 5 DE AGOSTO<\/p>\n\n\n\n<p>Segmento Radial sobre lactancia materna<\/p>\n\n\n\n<p>MARTES 6 DE AGOSTO<\/p>\n\n\n\n<p>Taller de Lactancia Materna a embarazadas, pu\u00e9rperas y p\u00fablico en general Beneficios, composici\u00f3n de la leche materna, mitos de lactancia materna &#8211; Lera Mariana y Vega Pablo (Practicantes de Nutrici\u00f3n &#8211; Lic. en Nutrici\u00f3n. UNSa).<\/p>\n\n\n\n<p>Salud Mental en la Lactancia Lic. Apaza y E. U. Moreno Vasquez (Residentes de RISAM)<\/p>\n\n\n\n<p>\u25c6 Posiciones de amamantamiento, prendida &#8211; Agentes Sanitarios + Extracci\u00f3n y t\u00e9cnicas de conservaci\u00f3n &#8211; E. U. Claudia Taritolay<\/p>\n\n\n\n<p>MI\u00c9RCOLES 7 DE AGOSTO<\/p>\n\n\n\n<p>Stand de exposici\u00f3n de trabajos realizados por alumnos de la Escuela de Ingeniero Maury Quebrada del Toro.<\/p>\n\n\n\n<p>Stand de exposici\u00f3n de trabajos realizados por alumnos de la guarder\u00eda \u00abRinc\u00f3n de Sue\u00f1os\u00bb.<\/p>\n<\/blockquote>\n\n\n\n<p>Escucha la entrevista:<\/p>\n\n\n\n<figure class=\"wp-block-audio\"><audio controls src=\"https:\/\/nahuelproducciones.com.ar\/radioquijano\/wp-content\/uploads\/2024\/08\/5-08-2024-HOSPITAL-DR-FCO-HERRERA-TEMA-LACTANCIA-MATERNA.mp3\"><\/audio><\/figure>\n\n\n\n<figure class=\"wp-block-gallery has-nested-images columns-default is-cropped wp-block-gallery-1 is-layout-flex wp-block-gallery-is-layout-flex\">\n<figure class=\"wp-block-image size-large\"><img loading=\"lazy\" decoding=\"async\" width=\"576\" height=\"1024\" data-id=\"8607\" src=\"https:\/\/nahuelproducciones.com.ar\/radioquijano\/wp-content\/uploads\/2024\/08\/453511375_1030248452434003_1188631580664696464_n-576x1024.jpg\" alt=\"\" class=\"wp-image-8607\" srcset=\"https:\/\/nahuelproducciones.com.ar\/radioquijano\/wp-content\/uploads\/2024\/08\/453511375_1030248452434003_1188631580664696464_n-576x1024.jpg 576w, https:\/\/nahuelproducciones.com.ar\/radioquijano\/wp-content\/uploads\/2024\/08\/453511375_1030248452434003_1188631580664696464_n-169x300.jpg 169w, https:\/\/nahuelproducciones.com.ar\/radioquijano\/wp-content\/uploads\/2024\/08\/453511375_1030248452434003_1188631580664696464_n-768x1366.jpg 768w, https:\/\/nahuelproducciones.com.ar\/radioquijano\/wp-content\/uploads\/2024\/08\/453511375_1030248452434003_1188631580664696464_n-864x1536.jpg 864w, https:\/\/nahuelproducciones.com.ar\/radioquijano\/wp-content\/uploads\/2024\/08\/453511375_1030248452434003_1188631580664696464_n-150x267.jpg 150w, https:\/\/nahuelproducciones.com.ar\/radioquijano\/wp-content\/uploads\/2024\/08\/453511375_1030248452434003_1188631580664696464_n.jpg 899w\" sizes=\"auto, (max-width: 576px) 100vw, 576px\" \/><\/figure>\n\n\n\n<figure class=\"wp-block-image size-large\"><img loading=\"lazy\" decoding=\"async\" width=\"245\" height=\"620\" data-id=\"8606\" src=\"https:\/\/nahuelproducciones.com.ar\/radioquijano\/wp-content\/uploads\/2024\/08\/453501449_1030248432434005_3395716292614327938_n.jpg\" alt=\"\" class=\"wp-image-8606\" srcset=\"https:\/\/nahuelproducciones.com.ar\/radioquijano\/wp-content\/uploads\/2024\/08\/453501449_1030248432434005_3395716292614327938_n.jpg 245w, https:\/\/nahuelproducciones.com.ar\/radioquijano\/wp-content\/uploads\/2024\/08\/453501449_1030248432434005_3395716292614327938_n-119x300.jpg 119w, https:\/\/nahuelproducciones.com.ar\/radioquijano\/wp-content\/uploads\/2024\/08\/453501449_1030248432434005_3395716292614327938_n-150x380.jpg 150w\" sizes=\"auto, (max-width: 245px) 100vw, 245px\" \/><\/figure>\n<\/figure>\n","protected":false},"excerpt":{"rendered":"<p>La Semana Mundial de la Lactancia Materna se celebra la primera semana de agosto de cada a\u00f1o, con el apoyo de la OMS, UNICEF y muchos Ministerios de Sanidad y socios de la sociedad civil. En representaci\u00f3n del Hospital Dr. Fco Herrera llegaron a visitar los estudios de RQ99.9Mhz , Claudia Taritolay enfermera Comunitaria, Pablo [&hellip;]<\/p>\n","protected":false},"author":8,"featured_media":8605,"comment_status":"open","ping_status":"open","sticky":false,"template":"","format":"standard","meta":{"_monsterinsights_skip_tracking":false,"_monsterinsights_sitenote_active":false,"_monsterinsights_sitenote_note":"","_monsterinsights_sitenote_category":0,"footnotes":""},"categories":[16],"tags":[100,1193],"class_list":["post-8603","post","type-post","status-publish","format-standard","has-post-thumbnail","hentry","category-noticias","tag-municipio-de-campo-quijano","tag-semana-mundial-de-la-lactancia-materna"],"yoast_head":"<!-- This site is optimized with the Yoast SEO plugin v20.8 - https:\/\/yoast.com\/wordpress\/plugins\/seo\/ -->\n<title>El Hospital Dr Francisco Herrera en la Semana de la Lactancia. - RQ 99.9<\/title>\n<meta name=\"description\" content=\"Este a\u00f1o el lema es \u2018Cerrando la Brecha\u2019, con el objetivo de apoyar a la madre y a las familias porque no hay nada mejor que la leche de la madre\u201d.\" \/>\n<meta name=\"robots\" content=\"index, follow, max-snippet:-1, max-image-preview:large, max-video-preview:-1\" \/>\n<link rel=\"canonical\" href=\"https:\/\/nahuelproducciones.com.ar\/radioquijano\/el-hospital-dr-francisco-herrera-en-la-semana-de-la-lactancia\/\" \/>\n<meta property=\"og:locale\" content=\"es_ES\" \/>\n<meta property=\"og:type\" content=\"article\" \/>\n<meta property=\"og:title\" content=\"El Hospital Dr Francisco Herrera en la Semana de la Lactancia. - RQ 99.9\" \/>\n<meta property=\"og:description\" content=\"Este a\u00f1o el lema es \u2018Cerrando la Brecha\u2019, con el objetivo de apoyar a la madre y a las familias porque no hay nada mejor que la leche de la madre\u201d.\" \/>\n<meta property=\"og:url\" content=\"https:\/\/nahuelproducciones.com.ar\/radioquijano\/el-hospital-dr-francisco-herrera-en-la-semana-de-la-lactancia\/\" \/>\n<meta property=\"og:site_name\" content=\"RQ 99.9\" \/>\n<meta property=\"article:publisher\" content=\"https:\/\/www.facebook.com\/nahuelproducciones999\/\" \/>\n<meta property=\"article:published_time\" content=\"2024-08-06T13:48:28+00:00\" \/>\n<meta property=\"article:modified_time\" content=\"2024-08-06T13:48:29+00:00\" \/>\n<meta property=\"og:image\" content=\"https:\/\/nahuelproducciones.com.ar\/radioquijano\/wp-content\/uploads\/2024\/08\/453591528_1030248459100669_7016041901802967497_n-e1722952067690.jpg\" \/>\n\t<meta property=\"og:image:width\" content=\"700\" \/>\n\t<meta property=\"og:image:height\" content=\"990\" \/>\n\t<meta property=\"og:image:type\" content=\"image\/jpeg\" \/>\n<meta name=\"author\" content=\"Cecilia Pastrana\" \/>\n<meta name=\"twitter:card\" content=\"summary_large_image\" \/>\n<meta name=\"twitter:creator\" content=\"@nahuproduciones\" \/>\n<meta name=\"twitter:site\" content=\"@nahuproduciones\" \/>\n<meta name=\"twitter:label1\" content=\"Escrito por\" \/>\n\t<meta name=\"twitter:data1\" content=\"Cecilia Pastrana\" \/>\n\t<meta name=\"twitter:label2\" content=\"Tiempo de lectura\" \/>\n\t<meta name=\"twitter:data2\" content=\"3 minutos\" \/>\n<script type=\"application\/ld+json\" class=\"yoast-schema-graph\">{\"@context\":\"https:\/\/schema.org\",\"@graph\":[{\"@type\":\"WebPage\",\"@id\":\"https:\/\/nahuelproducciones.com.ar\/radioquijano\/el-hospital-dr-francisco-herrera-en-la-semana-de-la-lactancia\/\",\"url\":\"https:\/\/nahuelproducciones.com.ar\/radioquijano\/el-hospital-dr-francisco-herrera-en-la-semana-de-la-lactancia\/\",\"name\":\"El Hospital Dr Francisco Herrera en la Semana de la Lactancia. - RQ 99.9\",\"isPartOf\":{\"@id\":\"https:\/\/nahuelproducciones.com.ar\/radioquijano\/#website\"},\"datePublished\":\"2024-08-06T13:48:28+00:00\",\"dateModified\":\"2024-08-06T13:48:29+00:00\",\"author\":{\"@id\":\"https:\/\/nahuelproducciones.com.ar\/radioquijano\/#\/schema\/person\/e8a4f939e2cb487fe6d0c54042c9d32c\"},\"description\":\"Este a\u00f1o el lema es \u2018Cerrando la Brecha\u2019, con el objetivo de apoyar a la madre y a las familias porque no hay nada mejor que la leche de la madre\u201d.\",\"breadcrumb\":{\"@id\":\"https:\/\/nahuelproducciones.com.ar\/radioquijano\/el-hospital-dr-francisco-herrera-en-la-semana-de-la-lactancia\/#breadcrumb\"},\"inLanguage\":\"es\",\"potentialAction\":[{\"@type\":\"ReadAction\",\"target\":[\"https:\/\/nahuelproducciones.com.ar\/radioquijano\/el-hospital-dr-francisco-herrera-en-la-semana-de-la-lactancia\/\"]}]},{\"@type\":\"BreadcrumbList\",\"@id\":\"https:\/\/nahuelproducciones.com.ar\/radioquijano\/el-hospital-dr-francisco-herrera-en-la-semana-de-la-lactancia\/#breadcrumb\",\"itemListElement\":[{\"@type\":\"ListItem\",\"position\":1,\"name\":\"Portada\",\"item\":\"https:\/\/nahuelproducciones.com.ar\/radioquijano\/\"},{\"@type\":\"ListItem\",\"position\":2,\"name\":\"El Hospital Dr Francisco Herrera en la Semana de la Lactancia.\"}]},{\"@type\":\"WebSite\",\"@id\":\"https:\/\/nahuelproducciones.com.ar\/radioquijano\/#website\",\"url\":\"https:\/\/nahuelproducciones.com.ar\/radioquijano\/\",\"name\":\"RQ 99.9\",\"description\":\"Radio Quijano 99.9 MHz\",\"potentialAction\":[{\"@type\":\"SearchAction\",\"target\":{\"@type\":\"EntryPoint\",\"urlTemplate\":\"https:\/\/nahuelproducciones.com.ar\/radioquijano\/?s={search_term_string}\"},\"query-input\":\"required name=search_term_string\"}],\"inLanguage\":\"es\"},{\"@type\":\"Person\",\"@id\":\"https:\/\/nahuelproducciones.com.ar\/radioquijano\/#\/schema\/person\/e8a4f939e2cb487fe6d0c54042c9d32c\",\"name\":\"Cecilia Pastrana\",\"image\":{\"@type\":\"ImageObject\",\"inLanguage\":\"es\",\"@id\":\"https:\/\/nahuelproducciones.com.ar\/radioquijano\/#\/schema\/person\/image\/\",\"url\":\"https:\/\/secure.gravatar.com\/avatar\/661a3ef63a8488d4f2794ed44af8cf71420f7e106f3072c40125114df5157749?s=96&d=mm&r=g\",\"contentUrl\":\"https:\/\/secure.gravatar.com\/avatar\/661a3ef63a8488d4f2794ed44af8cf71420f7e106f3072c40125114df5157749?s=96&d=mm&r=g\",\"caption\":\"Cecilia Pastrana\"},\"sameAs\":[\"cecy\"],\"url\":\"https:\/\/nahuelproducciones.com.ar\/radioquijano\/author\/cecy\/\"}]}<\/script>\n<!-- \/ Yoast SEO plugin. -->","yoast_head_json":{"title":"El Hospital Dr Francisco Herrera en la Semana de la Lactancia. - RQ 99.9","description":"Este a\u00f1o el lema es \u2018Cerrando la Brecha\u2019, con el objetivo de apoyar a la madre y a las familias porque no hay nada mejor que la leche de la madre\u201d.","robots":{"index":"index","follow":"follow","max-snippet":"max-snippet:-1","max-image-preview":"max-image-preview:large","max-video-preview":"max-video-preview:-1"},"canonical":"https:\/\/nahuelproducciones.com.ar\/radioquijano\/el-hospital-dr-francisco-herrera-en-la-semana-de-la-lactancia\/","og_locale":"es_ES","og_type":"article","og_title":"El Hospital Dr Francisco Herrera en la Semana de la Lactancia. - RQ 99.9","og_description":"Este a\u00f1o el lema es \u2018Cerrando la Brecha\u2019, con el objetivo de apoyar a la madre y a las familias porque no hay nada mejor que la leche de la madre\u201d.","og_url":"https:\/\/nahuelproducciones.com.ar\/radioquijano\/el-hospital-dr-francisco-herrera-en-la-semana-de-la-lactancia\/","og_site_name":"RQ 99.9","article_publisher":"https:\/\/www.facebook.com\/nahuelproducciones999\/","article_published_time":"2024-08-06T13:48:28+00:00","article_modified_time":"2024-08-06T13:48:29+00:00","og_image":[{"width":700,"height":990,"url":"https:\/\/nahuelproducciones.com.ar\/radioquijano\/wp-content\/uploads\/2024\/08\/453591528_1030248459100669_7016041901802967497_n-e1722952067690.jpg","type":"image\/jpeg"}],"author":"Cecilia Pastrana","twitter_card":"summary_large_image","twitter_creator":"@nahuproduciones","twitter_site":"@nahuproduciones","twitter_misc":{"Escrito por":"Cecilia Pastrana","Tiempo de lectura":"3 minutos"},"schema":{"@context":"https:\/\/schema.org","@graph":[{"@type":"WebPage","@id":"https:\/\/nahuelproducciones.com.ar\/radioquijano\/el-hospital-dr-francisco-herrera-en-la-semana-de-la-lactancia\/","url":"https:\/\/nahuelproducciones.com.ar\/radioquijano\/el-hospital-dr-francisco-herrera-en-la-semana-de-la-lactancia\/","name":"El Hospital Dr Francisco Herrera en la Semana de la Lactancia. - RQ 99.9","isPartOf":{"@id":"https:\/\/nahuelproducciones.com.ar\/radioquijano\/#website"},"datePublished":"2024-08-06T13:48:28+00:00","dateModified":"2024-08-06T13:48:29+00:00","author":{"@id":"https:\/\/nahuelproducciones.com.ar\/radioquijano\/#\/schema\/person\/e8a4f939e2cb487fe6d0c54042c9d32c"},"description":"Este a\u00f1o el lema es \u2018Cerrando la Brecha\u2019, con el objetivo de apoyar a la madre y a las familias porque no hay nada mejor que la leche de la madre\u201d.","breadcrumb":{"@id":"https:\/\/nahuelproducciones.com.ar\/radioquijano\/el-hospital-dr-francisco-herrera-en-la-semana-de-la-lactancia\/#breadcrumb"},"inLanguage":"es","potentialAction":[{"@type":"ReadAction","target":["https:\/\/nahuelproducciones.com.ar\/radioquijano\/el-hospital-dr-francisco-herrera-en-la-semana-de-la-lactancia\/"]}]},{"@type":"BreadcrumbList","@id":"https:\/\/nahuelproducciones.com.ar\/radioquijano\/el-hospital-dr-francisco-herrera-en-la-semana-de-la-lactancia\/#breadcrumb","itemListElement":[{"@type":"ListItem","position":1,"name":"Portada","item":"https:\/\/nahuelproducciones.com.ar\/radioquijano\/"},{"@type":"ListItem","position":2,"name":"El Hospital Dr Francisco Herrera en la Semana de la Lactancia."}]},{"@type":"WebSite","@id":"https:\/\/nahuelproducciones.com.ar\/radioquijano\/#website","url":"https:\/\/nahuelproducciones.com.ar\/radioquijano\/","name":"RQ 99.9","description":"Radio Quijano 99.9 MHz","potentialAction":[{"@type":"SearchAction","target":{"@type":"EntryPoint","urlTemplate":"https:\/\/nahuelproducciones.com.ar\/radioquijano\/?s={search_term_string}"},"query-input":"required name=search_term_string"}],"inLanguage":"es"},{"@type":"Person","@id":"https:\/\/nahuelproducciones.com.ar\/radioquijano\/#\/schema\/person\/e8a4f939e2cb487fe6d0c54042c9d32c","name":"Cecilia Pastrana","image":{"@type":"ImageObject","inLanguage":"es","@id":"https:\/\/nahuelproducciones.com.ar\/radioquijano\/#\/schema\/person\/image\/","url":"https:\/\/secure.gravatar.com\/avatar\/661a3ef63a8488d4f2794ed44af8cf71420f7e106f3072c40125114df5157749?s=96&d=mm&r=g","contentUrl":"https:\/\/secure.gravatar.com\/avatar\/661a3ef63a8488d4f2794ed44af8cf71420f7e106f3072c40125114df5157749?s=96&d=mm&r=g","caption":"Cecilia Pastrana"},"sameAs":["cecy"],"url":"https:\/\/nahuelproducciones.com.ar\/radioquijano\/author\/cecy\/"}]}},"_links":{"self":[{"href":"https:\/\/nahuelproducciones.com.ar\/radioquijano\/wp-json\/wp\/v2\/posts\/8603","targetHints":{"allow":["GET"]}}],"collection":[{"href":"https:\/\/nahuelproducciones.com.ar\/radioquijano\/wp-json\/wp\/v2\/posts"}],"about":[{"href":"https:\/\/nahuelproducciones.com.ar\/radioquijano\/wp-json\/wp\/v2\/types\/post"}],"author":[{"embeddable":true,"href":"https:\/\/nahuelproducciones.com.ar\/radioquijano\/wp-json\/wp\/v2\/users\/8"}],"replies":[{"embeddable":true,"href":"https:\/\/nahuelproducciones.com.ar\/radioquijano\/wp-json\/wp\/v2\/comments?post=8603"}],"version-history":[{"count":1,"href":"https:\/\/nahuelproducciones.com.ar\/radioquijano\/wp-json\/wp\/v2\/posts\/8603\/revisions"}],"predecessor-version":[{"id":8608,"href":"https:\/\/nahuelproducciones.com.ar\/radioquijano\/wp-json\/wp\/v2\/posts\/8603\/revisions\/8608"}],"wp:featuredmedia":[{"embeddable":true,"href":"https:\/\/nahuelproducciones.com.ar\/radioquijano\/wp-json\/wp\/v2\/media\/8605"}],"wp:attachment":[{"href":"https:\/\/nahuelproducciones.com.ar\/radioquijano\/wp-json\/wp\/v2\/media?parent=8603"}],"wp:term":[{"taxonomy":"category","embeddable":true,"href":"https:\/\/nahuelproducciones.com.ar\/radioquijano\/wp-json\/wp\/v2\/categories?post=8603"},{"taxonomy":"post_tag","embeddable":true,"href":"https:\/\/nahuelproducciones.com.ar\/radioquijano\/wp-json\/wp\/v2\/tags?post=8603"}],"curies":[{"name":"wp","href":"https:\/\/api.w.org\/{rel}","templated":true}]}}