{"id":8609,"date":"2024-08-08T08:58:42","date_gmt":"2024-08-08T11:58:42","guid":{"rendered":"https:\/\/nahuelproducciones.com.ar\/radioquijano\/?p=8609"},"modified":"2024-08-08T08:58:42","modified_gmt":"2024-08-08T11:58:42","slug":"taller-para-las-mamas-del-cpi-rincon-de-suenos","status":"publish","type":"post","link":"https:\/\/nahuelproducciones.com.ar\/radioquijano\/taller-para-las-mamas-del-cpi-rincon-de-suenos\/","title":{"rendered":"Taller para las mam\u00e1s del CPI \u00abRinc\u00f3n de Sue\u00f1os\u00bb"},"content":{"rendered":"\n<p>En el marco de la semana Mundial de la Lactancia Materna, el Hospital Dr. Francisco Herrera brind\u00f3 un taller para las mam\u00e1s del CPI \u00abRinc\u00f3n de Sue\u00f1os\u00bb.<\/p>\n\n\n\n<p>\u00a0La Coordinadora del Centro de Primera Infancia \u00abRinc\u00f3n de Sue\u00f1os\u00bb Sof\u00eda Petillo en di\u00e1logo con RQ99.9Mhz cont\u00f3 que el Hospital Dr. Francisco Herrera brind\u00f3 un taller para las mam\u00e1s y  se caracteriz\u00f3 por brindar informaci\u00f3n certera.<\/p>\n\n\n\n<p>El encuentro propici\u00f3 un espacio ameno para responder todo tipo de inquietudes o preguntas.<\/p>\n\n\n\n<p>Petillo destac\u00f3 que este tipo de actividades brindan\u00a0informaci\u00f3n, el apoyo adecuado para que madres y familias inicien y mantengan la lactancia materna, con sus ni\u00f1os reci\u00e9n nacidos.\u00a0<\/p>\n\n\n\n<p>Mencion\u00f3 que durante todo agosto habr\u00e1 actividades por el mes de las infancias y hay que estar atentos al cronograma.<\/p>\n\n\n\n<p>El centro de Primera Infancia dependiente de la Secretar\u00eda de Acci\u00f3n y Desarrollo Social de la Municipalidad tiene como finalidad contener y asistir nutricionalmente a los ni\u00f1os y ni\u00f1as de nuestra comunidad, record\u00f3 Petillo.<\/p>\n\n\n\n<p>Escucha la entrevista en la que habla de este y otros temas: <\/p>\n\n\n\n<figure class=\"wp-block-audio\"><audio controls src=\"https:\/\/nahuelproducciones.com.ar\/radioquijano\/wp-content\/uploads\/2024\/08\/06-08-2024-sofia-petillo-directora-del-cpi-rincon-de-sueno-semana-de-la-lactancia-materna.mp3\"><\/audio><\/figure>\n\n\n\n<figure class=\"wp-block-video\"><video controls src=\"https:\/\/nahuelproducciones.com.ar\/radioquijano\/wp-content\/uploads\/2024\/08\/An8Df1-MejCSas4P12IWsxtdwaviSSsCp7Je_IsRClUWN8EIzwsRhqOXIiA8FuEnHk8WkMhSjvml5A9Xkj6b3nSh.mp4\"><\/video><\/figure>\n\n\n\n<p>Im\u00e1genes: gentileza de Prensa Municipal<\/p>\n","protected":false},"excerpt":{"rendered":"<p>En el marco de la semana Mundial de la Lactancia Materna, el Hospital Dr. Francisco Herrera brind\u00f3 un taller para las mam\u00e1s del CPI \u00abRinc\u00f3n de Sue\u00f1os\u00bb. \u00a0La Coordinadora del Centro de Primera Infancia \u00abRinc\u00f3n de Sue\u00f1os\u00bb Sof\u00eda Petillo en di\u00e1logo con RQ99.9Mhz cont\u00f3 que el Hospital Dr. Francisco Herrera brind\u00f3 un taller para las [&hellip;]<\/p>\n","protected":false},"author":8,"featured_media":8612,"comment_status":"open","ping_status":"open","sticky":false,"template":"","format":"standard","meta":{"_monsterinsights_skip_tracking":false,"_monsterinsights_sitenote_active":false,"_monsterinsights_sitenote_note":"","_monsterinsights_sitenote_category":0,"footnotes":""},"categories":[16],"tags":[1424,100,1193],"class_list":["post-8609","post","type-post","status-publish","format-standard","has-post-thumbnail","hentry","category-noticias","tag-cpi","tag-municipio-de-campo-quijano","tag-semana-mundial-de-la-lactancia-materna"],"yoast_head":"<!-- This site is optimized with the Yoast SEO plugin v20.8 - https:\/\/yoast.com\/wordpress\/plugins\/seo\/ -->\n<title>Taller para las mam\u00e1s del CPI &quot;Rinc\u00f3n de Sue\u00f1os&quot; - RQ 99.9<\/title>\n<meta name=\"description\" content=\"Desde el CPI se apuesta por una crianza saludable y apoyan la lactancia materna.\" \/>\n<meta name=\"robots\" content=\"index, follow, max-snippet:-1, max-image-preview:large, max-video-preview:-1\" \/>\n<link rel=\"canonical\" href=\"https:\/\/nahuelproducciones.com.ar\/radioquijano\/taller-para-las-mamas-del-cpi-rincon-de-suenos\/\" \/>\n<meta property=\"og:locale\" content=\"es_ES\" \/>\n<meta property=\"og:type\" content=\"article\" \/>\n<meta property=\"og:title\" content=\"Taller para las mam\u00e1s del CPI &quot;Rinc\u00f3n de Sue\u00f1os&quot; - RQ 99.9\" \/>\n<meta property=\"og:description\" content=\"Desde el CPI se apuesta por una crianza saludable y apoyan la lactancia materna.\" \/>\n<meta property=\"og:url\" content=\"https:\/\/nahuelproducciones.com.ar\/radioquijano\/taller-para-las-mamas-del-cpi-rincon-de-suenos\/\" \/>\n<meta property=\"og:site_name\" content=\"RQ 99.9\" \/>\n<meta property=\"article:publisher\" content=\"https:\/\/www.facebook.com\/nahuelproducciones999\/\" \/>\n<meta property=\"article:published_time\" content=\"2024-08-08T11:58:42+00:00\" \/>\n<meta property=\"og:image\" content=\"https:\/\/nahuelproducciones.com.ar\/radioquijano\/wp-content\/uploads\/2024\/08\/423778584_785299273626485_4465357694178216858_n-e1723118309638.jpg\" \/>\n\t<meta property=\"og:image:width\" content=\"800\" \/>\n\t<meta property=\"og:image:height\" content=\"1201\" \/>\n\t<meta property=\"og:image:type\" content=\"image\/jpeg\" \/>\n<meta name=\"author\" content=\"Cecilia Pastrana\" \/>\n<meta name=\"twitter:card\" content=\"summary_large_image\" \/>\n<meta name=\"twitter:creator\" content=\"@nahuproduciones\" \/>\n<meta name=\"twitter:site\" content=\"@nahuproduciones\" \/>\n<meta name=\"twitter:label1\" content=\"Escrito por\" \/>\n\t<meta name=\"twitter:data1\" content=\"Cecilia Pastrana\" \/>\n\t<meta name=\"twitter:label2\" content=\"Tiempo de lectura\" \/>\n\t<meta name=\"twitter:data2\" content=\"1 minuto\" \/>\n<script type=\"application\/ld+json\" class=\"yoast-schema-graph\">{\"@context\":\"https:\/\/schema.org\",\"@graph\":[{\"@type\":\"WebPage\",\"@id\":\"https:\/\/nahuelproducciones.com.ar\/radioquijano\/taller-para-las-mamas-del-cpi-rincon-de-suenos\/\",\"url\":\"https:\/\/nahuelproducciones.com.ar\/radioquijano\/taller-para-las-mamas-del-cpi-rincon-de-suenos\/\",\"name\":\"Taller para las mam\u00e1s del CPI \\\"Rinc\u00f3n de Sue\u00f1os\\\" - RQ 99.9\",\"isPartOf\":{\"@id\":\"https:\/\/nahuelproducciones.com.ar\/radioquijano\/#website\"},\"datePublished\":\"2024-08-08T11:58:42+00:00\",\"dateModified\":\"2024-08-08T11:58:42+00:00\",\"author\":{\"@id\":\"https:\/\/nahuelproducciones.com.ar\/radioquijano\/#\/schema\/person\/e8a4f939e2cb487fe6d0c54042c9d32c\"},\"description\":\"Desde el CPI se apuesta por una crianza saludable y apoyan la lactancia materna.\",\"breadcrumb\":{\"@id\":\"https:\/\/nahuelproducciones.com.ar\/radioquijano\/taller-para-las-mamas-del-cpi-rincon-de-suenos\/#breadcrumb\"},\"inLanguage\":\"es\",\"potentialAction\":[{\"@type\":\"ReadAction\",\"target\":[\"https:\/\/nahuelproducciones.com.ar\/radioquijano\/taller-para-las-mamas-del-cpi-rincon-de-suenos\/\"]}]},{\"@type\":\"BreadcrumbList\",\"@id\":\"https:\/\/nahuelproducciones.com.ar\/radioquijano\/taller-para-las-mamas-del-cpi-rincon-de-suenos\/#breadcrumb\",\"itemListElement\":[{\"@type\":\"ListItem\",\"position\":1,\"name\":\"Portada\",\"item\":\"https:\/\/nahuelproducciones.com.ar\/radioquijano\/\"},{\"@type\":\"ListItem\",\"position\":2,\"name\":\"Taller para las mam\u00e1s del CPI &#8220;Rinc\u00f3n de Sue\u00f1os&#8221;\"}]},{\"@type\":\"WebSite\",\"@id\":\"https:\/\/nahuelproducciones.com.ar\/radioquijano\/#website\",\"url\":\"https:\/\/nahuelproducciones.com.ar\/radioquijano\/\",\"name\":\"RQ 99.9\",\"description\":\"Radio Quijano 99.9 MHz\",\"potentialAction\":[{\"@type\":\"SearchAction\",\"target\":{\"@type\":\"EntryPoint\",\"urlTemplate\":\"https:\/\/nahuelproducciones.com.ar\/radioquijano\/?s={search_term_string}\"},\"query-input\":\"required name=search_term_string\"}],\"inLanguage\":\"es\"},{\"@type\":\"Person\",\"@id\":\"https:\/\/nahuelproducciones.com.ar\/radioquijano\/#\/schema\/person\/e8a4f939e2cb487fe6d0c54042c9d32c\",\"name\":\"Cecilia Pastrana\",\"image\":{\"@type\":\"ImageObject\",\"inLanguage\":\"es\",\"@id\":\"https:\/\/nahuelproducciones.com.ar\/radioquijano\/#\/schema\/person\/image\/\",\"url\":\"https:\/\/secure.gravatar.com\/avatar\/661a3ef63a8488d4f2794ed44af8cf71420f7e106f3072c40125114df5157749?s=96&d=mm&r=g\",\"contentUrl\":\"https:\/\/secure.gravatar.com\/avatar\/661a3ef63a8488d4f2794ed44af8cf71420f7e106f3072c40125114df5157749?s=96&d=mm&r=g\",\"caption\":\"Cecilia Pastrana\"},\"sameAs\":[\"cecy\"],\"url\":\"https:\/\/nahuelproducciones.com.ar\/radioquijano\/author\/cecy\/\"}]}<\/script>\n<!-- \/ Yoast SEO plugin. -->","yoast_head_json":{"title":"Taller para las mam\u00e1s del CPI \"Rinc\u00f3n de Sue\u00f1os\" - RQ 99.9","description":"Desde el CPI se apuesta por una crianza saludable y apoyan la lactancia materna.","robots":{"index":"index","follow":"follow","max-snippet":"max-snippet:-1","max-image-preview":"max-image-preview:large","max-video-preview":"max-video-preview:-1"},"canonical":"https:\/\/nahuelproducciones.com.ar\/radioquijano\/taller-para-las-mamas-del-cpi-rincon-de-suenos\/","og_locale":"es_ES","og_type":"article","og_title":"Taller para las mam\u00e1s del CPI \"Rinc\u00f3n de Sue\u00f1os\" - RQ 99.9","og_description":"Desde el CPI se apuesta por una crianza saludable y apoyan la lactancia materna.","og_url":"https:\/\/nahuelproducciones.com.ar\/radioquijano\/taller-para-las-mamas-del-cpi-rincon-de-suenos\/","og_site_name":"RQ 99.9","article_publisher":"https:\/\/www.facebook.com\/nahuelproducciones999\/","article_published_time":"2024-08-08T11:58:42+00:00","og_image":[{"width":800,"height":1201,"url":"https:\/\/nahuelproducciones.com.ar\/radioquijano\/wp-content\/uploads\/2024\/08\/423778584_785299273626485_4465357694178216858_n-e1723118309638.jpg","type":"image\/jpeg"}],"author":"Cecilia Pastrana","twitter_card":"summary_large_image","twitter_creator":"@nahuproduciones","twitter_site":"@nahuproduciones","twitter_misc":{"Escrito por":"Cecilia Pastrana","Tiempo de lectura":"1 minuto"},"schema":{"@context":"https:\/\/schema.org","@graph":[{"@type":"WebPage","@id":"https:\/\/nahuelproducciones.com.ar\/radioquijano\/taller-para-las-mamas-del-cpi-rincon-de-suenos\/","url":"https:\/\/nahuelproducciones.com.ar\/radioquijano\/taller-para-las-mamas-del-cpi-rincon-de-suenos\/","name":"Taller para las mam\u00e1s del CPI \"Rinc\u00f3n de Sue\u00f1os\" - RQ 99.9","isPartOf":{"@id":"https:\/\/nahuelproducciones.com.ar\/radioquijano\/#website"},"datePublished":"2024-08-08T11:58:42+00:00","dateModified":"2024-08-08T11:58:42+00:00","author":{"@id":"https:\/\/nahuelproducciones.com.ar\/radioquijano\/#\/schema\/person\/e8a4f939e2cb487fe6d0c54042c9d32c"},"description":"Desde el CPI se apuesta por una crianza saludable y apoyan la lactancia materna.","breadcrumb":{"@id":"https:\/\/nahuelproducciones.com.ar\/radioquijano\/taller-para-las-mamas-del-cpi-rincon-de-suenos\/#breadcrumb"},"inLanguage":"es","potentialAction":[{"@type":"ReadAction","target":["https:\/\/nahuelproducciones.com.ar\/radioquijano\/taller-para-las-mamas-del-cpi-rincon-de-suenos\/"]}]},{"@type":"BreadcrumbList","@id":"https:\/\/nahuelproducciones.com.ar\/radioquijano\/taller-para-las-mamas-del-cpi-rincon-de-suenos\/#breadcrumb","itemListElement":[{"@type":"ListItem","position":1,"name":"Portada","item":"https:\/\/nahuelproducciones.com.ar\/radioquijano\/"},{"@type":"ListItem","position":2,"name":"Taller para las mam\u00e1s del CPI &#8220;Rinc\u00f3n de Sue\u00f1os&#8221;"}]},{"@type":"WebSite","@id":"https:\/\/nahuelproducciones.com.ar\/radioquijano\/#website","url":"https:\/\/nahuelproducciones.com.ar\/radioquijano\/","name":"RQ 99.9","description":"Radio Quijano 99.9 MHz","potentialAction":[{"@type":"SearchAction","target":{"@type":"EntryPoint","urlTemplate":"https:\/\/nahuelproducciones.com.ar\/radioquijano\/?s={search_term_string}"},"query-input":"required name=search_term_string"}],"inLanguage":"es"},{"@type":"Person","@id":"https:\/\/nahuelproducciones.com.ar\/radioquijano\/#\/schema\/person\/e8a4f939e2cb487fe6d0c54042c9d32c","name":"Cecilia Pastrana","image":{"@type":"ImageObject","inLanguage":"es","@id":"https:\/\/nahuelproducciones.com.ar\/radioquijano\/#\/schema\/person\/image\/","url":"https:\/\/secure.gravatar.com\/avatar\/661a3ef63a8488d4f2794ed44af8cf71420f7e106f3072c40125114df5157749?s=96&d=mm&r=g","contentUrl":"https:\/\/secure.gravatar.com\/avatar\/661a3ef63a8488d4f2794ed44af8cf71420f7e106f3072c40125114df5157749?s=96&d=mm&r=g","caption":"Cecilia Pastrana"},"sameAs":["cecy"],"url":"https:\/\/nahuelproducciones.com.ar\/radioquijano\/author\/cecy\/"}]}},"_links":{"self":[{"href":"https:\/\/nahuelproducciones.com.ar\/radioquijano\/wp-json\/wp\/v2\/posts\/8609","targetHints":{"allow":["GET"]}}],"collection":[{"href":"https:\/\/nahuelproducciones.com.ar\/radioquijano\/wp-json\/wp\/v2\/posts"}],"about":[{"href":"https:\/\/nahuelproducciones.com.ar\/radioquijano\/wp-json\/wp\/v2\/types\/post"}],"author":[{"embeddable":true,"href":"https:\/\/nahuelproducciones.com.ar\/radioquijano\/wp-json\/wp\/v2\/users\/8"}],"replies":[{"embeddable":true,"href":"https:\/\/nahuelproducciones.com.ar\/radioquijano\/wp-json\/wp\/v2\/comments?post=8609"}],"version-history":[{"count":1,"href":"https:\/\/nahuelproducciones.com.ar\/radioquijano\/wp-json\/wp\/v2\/posts\/8609\/revisions"}],"predecessor-version":[{"id":8613,"href":"https:\/\/nahuelproducciones.com.ar\/radioquijano\/wp-json\/wp\/v2\/posts\/8609\/revisions\/8613"}],"wp:featuredmedia":[{"embeddable":true,"href":"https:\/\/nahuelproducciones.com.ar\/radioquijano\/wp-json\/wp\/v2\/media\/8612"}],"wp:attachment":[{"href":"https:\/\/nahuelproducciones.com.ar\/radioquijano\/wp-json\/wp\/v2\/media?parent=8609"}],"wp:term":[{"taxonomy":"category","embeddable":true,"href":"https:\/\/nahuelproducciones.com.ar\/radioquijano\/wp-json\/wp\/v2\/categories?post=8609"},{"taxonomy":"post_tag","embeddable":true,"href":"https:\/\/nahuelproducciones.com.ar\/radioquijano\/wp-json\/wp\/v2\/tags?post=8609"}],"curies":[{"name":"wp","href":"https:\/\/api.w.org\/{rel}","templated":true}]}}