{"id":8620,"date":"2024-08-08T12:24:29","date_gmt":"2024-08-08T15:24:29","guid":{"rendered":"https:\/\/nahuelproducciones.com.ar\/radioquijano\/?p=8620"},"modified":"2024-08-08T12:24:29","modified_gmt":"2024-08-08T15:24:29","slug":"la-justicia-sale-a-las-escuelas-se-lanza-desde-campo-quijano","status":"publish","type":"post","link":"https:\/\/nahuelproducciones.com.ar\/radioquijano\/la-justicia-sale-a-las-escuelas-se-lanza-desde-campo-quijano\/","title":{"rendered":"\u201cLa Justicia sale a las escuelas\u201d se lanza desde Campo Quijano"},"content":{"rendered":"\n<p>La Escuela de la Magistratura del Poder Judicial de Salta, conjuntamente con el Ministerio de Educaci\u00f3n Cultura, Ciencia y Tecnolog\u00eda, lanzar\u00e1n el jueves 8 de agosto a las 14:30 hs, el ciclo de charlas a establecimientos educativos en la Escuela T\u00e9cnica N\u00b0 3106 Ingeniero Maury del \u201cPortal de los Andes\u201d.<\/p>\n\n\n\n<p>El Programa \u201cLa Justicia sale a las escuelas\u201d que tiene como premisa que j\u00f3venes y adolescentes tomen conocimiento sobres sus derechos y obligaciones, como as\u00ed tambi\u00e9n de c\u00f3mo funciona el sistema judicial, se lleva a cabo desde el 2004.<\/p>\n\n\n\n<p>El acto contar\u00e1 con la presencia de magistrados, funcionarios, autoridades provinciales, personal docente y alumnos del establecimiento.<\/p>\n\n\n\n<p><\/p>\n","protected":false},"excerpt":{"rendered":"<p>La Escuela de la Magistratura del Poder Judicial de Salta, conjuntamente con el Ministerio de Educaci\u00f3n Cultura, Ciencia y Tecnolog\u00eda, lanzar\u00e1n el jueves 8 de agosto a las 14:30 hs, el ciclo de charlas a establecimientos educativos en la Escuela T\u00e9cnica N\u00b0 3106 Ingeniero Maury del \u201cPortal de los Andes\u201d. El Programa \u201cLa Justicia sale [&hellip;]<\/p>\n","protected":false},"author":8,"featured_media":8621,"comment_status":"open","ping_status":"open","sticky":false,"template":"","format":"standard","meta":{"_monsterinsights_skip_tracking":false,"_monsterinsights_sitenote_active":false,"_monsterinsights_sitenote_note":"","_monsterinsights_sitenote_category":0,"footnotes":""},"categories":[16],"tags":[100,1608],"class_list":["post-8620","post","type-post","status-publish","format-standard","has-post-thumbnail","hentry","category-noticias","tag-municipio-de-campo-quijano","tag-poder-judicial"],"yoast_head":"<!-- This site is optimized with the Yoast SEO plugin v20.8 - https:\/\/yoast.com\/wordpress\/plugins\/seo\/ -->\n<title>\u201cLa Justicia sale a las escuelas\u201d se lanza desde Campo Quijano - RQ 99.9<\/title>\n<meta name=\"description\" content=\"El jueves 8 de agosto a las 14:30 hs,en la Escuela T\u00e9cnica N\u00b0 3106 Ingeniero Maury\" \/>\n<meta name=\"robots\" content=\"index, follow, max-snippet:-1, max-image-preview:large, max-video-preview:-1\" \/>\n<link rel=\"canonical\" href=\"https:\/\/nahuelproducciones.com.ar\/radioquijano\/la-justicia-sale-a-las-escuelas-se-lanza-desde-campo-quijano\/\" \/>\n<meta property=\"og:locale\" content=\"es_ES\" \/>\n<meta property=\"og:type\" content=\"article\" \/>\n<meta property=\"og:title\" content=\"\u201cLa Justicia sale a las escuelas\u201d se lanza desde Campo Quijano - RQ 99.9\" \/>\n<meta property=\"og:description\" content=\"El jueves 8 de agosto a las 14:30 hs,en la Escuela T\u00e9cnica N\u00b0 3106 Ingeniero Maury\" \/>\n<meta property=\"og:url\" content=\"https:\/\/nahuelproducciones.com.ar\/radioquijano\/la-justicia-sale-a-las-escuelas-se-lanza-desde-campo-quijano\/\" \/>\n<meta property=\"og:site_name\" content=\"RQ 99.9\" \/>\n<meta property=\"article:publisher\" content=\"https:\/\/www.facebook.com\/nahuelproducciones999\/\" \/>\n<meta property=\"article:published_time\" content=\"2024-08-08T15:24:29+00:00\" \/>\n<meta property=\"og:image\" content=\"https:\/\/nahuelproducciones.com.ar\/radioquijano\/wp-content\/uploads\/2024\/08\/multimedia.normal.a3a30e54262afa66.706f646572206a7564696369616c2073616c74615f6e6f726d616c2e6a7067-e1723130548141.jpg\" \/>\n\t<meta property=\"og:image:width\" content=\"700\" \/>\n\t<meta property=\"og:image:height\" content=\"422\" \/>\n\t<meta property=\"og:image:type\" content=\"image\/jpeg\" \/>\n<meta name=\"author\" content=\"Cecilia Pastrana\" \/>\n<meta name=\"twitter:card\" content=\"summary_large_image\" \/>\n<meta name=\"twitter:creator\" content=\"@nahuproduciones\" \/>\n<meta name=\"twitter:site\" content=\"@nahuproduciones\" \/>\n<meta name=\"twitter:label1\" content=\"Escrito por\" \/>\n\t<meta name=\"twitter:data1\" content=\"Cecilia Pastrana\" \/>\n\t<meta name=\"twitter:label2\" content=\"Tiempo de lectura\" \/>\n\t<meta name=\"twitter:data2\" content=\"1 minuto\" \/>\n<script type=\"application\/ld+json\" class=\"yoast-schema-graph\">{\"@context\":\"https:\/\/schema.org\",\"@graph\":[{\"@type\":\"WebPage\",\"@id\":\"https:\/\/nahuelproducciones.com.ar\/radioquijano\/la-justicia-sale-a-las-escuelas-se-lanza-desde-campo-quijano\/\",\"url\":\"https:\/\/nahuelproducciones.com.ar\/radioquijano\/la-justicia-sale-a-las-escuelas-se-lanza-desde-campo-quijano\/\",\"name\":\"\u201cLa Justicia sale a las escuelas\u201d se lanza desde Campo Quijano - RQ 99.9\",\"isPartOf\":{\"@id\":\"https:\/\/nahuelproducciones.com.ar\/radioquijano\/#website\"},\"datePublished\":\"2024-08-08T15:24:29+00:00\",\"dateModified\":\"2024-08-08T15:24:29+00:00\",\"author\":{\"@id\":\"https:\/\/nahuelproducciones.com.ar\/radioquijano\/#\/schema\/person\/e8a4f939e2cb487fe6d0c54042c9d32c\"},\"description\":\"El jueves 8 de agosto a las 14:30 hs,en la Escuela T\u00e9cnica N\u00b0 3106 Ingeniero Maury\",\"breadcrumb\":{\"@id\":\"https:\/\/nahuelproducciones.com.ar\/radioquijano\/la-justicia-sale-a-las-escuelas-se-lanza-desde-campo-quijano\/#breadcrumb\"},\"inLanguage\":\"es\",\"potentialAction\":[{\"@type\":\"ReadAction\",\"target\":[\"https:\/\/nahuelproducciones.com.ar\/radioquijano\/la-justicia-sale-a-las-escuelas-se-lanza-desde-campo-quijano\/\"]}]},{\"@type\":\"BreadcrumbList\",\"@id\":\"https:\/\/nahuelproducciones.com.ar\/radioquijano\/la-justicia-sale-a-las-escuelas-se-lanza-desde-campo-quijano\/#breadcrumb\",\"itemListElement\":[{\"@type\":\"ListItem\",\"position\":1,\"name\":\"Portada\",\"item\":\"https:\/\/nahuelproducciones.com.ar\/radioquijano\/\"},{\"@type\":\"ListItem\",\"position\":2,\"name\":\"\u201cLa Justicia sale a las escuelas\u201d se lanza desde Campo Quijano\"}]},{\"@type\":\"WebSite\",\"@id\":\"https:\/\/nahuelproducciones.com.ar\/radioquijano\/#website\",\"url\":\"https:\/\/nahuelproducciones.com.ar\/radioquijano\/\",\"name\":\"RQ 99.9\",\"description\":\"Radio Quijano 99.9 MHz\",\"potentialAction\":[{\"@type\":\"SearchAction\",\"target\":{\"@type\":\"EntryPoint\",\"urlTemplate\":\"https:\/\/nahuelproducciones.com.ar\/radioquijano\/?s={search_term_string}\"},\"query-input\":\"required name=search_term_string\"}],\"inLanguage\":\"es\"},{\"@type\":\"Person\",\"@id\":\"https:\/\/nahuelproducciones.com.ar\/radioquijano\/#\/schema\/person\/e8a4f939e2cb487fe6d0c54042c9d32c\",\"name\":\"Cecilia Pastrana\",\"image\":{\"@type\":\"ImageObject\",\"inLanguage\":\"es\",\"@id\":\"https:\/\/nahuelproducciones.com.ar\/radioquijano\/#\/schema\/person\/image\/\",\"url\":\"https:\/\/secure.gravatar.com\/avatar\/661a3ef63a8488d4f2794ed44af8cf71420f7e106f3072c40125114df5157749?s=96&d=mm&r=g\",\"contentUrl\":\"https:\/\/secure.gravatar.com\/avatar\/661a3ef63a8488d4f2794ed44af8cf71420f7e106f3072c40125114df5157749?s=96&d=mm&r=g\",\"caption\":\"Cecilia Pastrana\"},\"sameAs\":[\"cecy\"],\"url\":\"https:\/\/nahuelproducciones.com.ar\/radioquijano\/author\/cecy\/\"}]}<\/script>\n<!-- \/ Yoast SEO plugin. -->","yoast_head_json":{"title":"\u201cLa Justicia sale a las escuelas\u201d se lanza desde Campo Quijano - RQ 99.9","description":"El jueves 8 de agosto a las 14:30 hs,en la Escuela T\u00e9cnica N\u00b0 3106 Ingeniero Maury","robots":{"index":"index","follow":"follow","max-snippet":"max-snippet:-1","max-image-preview":"max-image-preview:large","max-video-preview":"max-video-preview:-1"},"canonical":"https:\/\/nahuelproducciones.com.ar\/radioquijano\/la-justicia-sale-a-las-escuelas-se-lanza-desde-campo-quijano\/","og_locale":"es_ES","og_type":"article","og_title":"\u201cLa Justicia sale a las escuelas\u201d se lanza desde Campo Quijano - RQ 99.9","og_description":"El jueves 8 de agosto a las 14:30 hs,en la Escuela T\u00e9cnica N\u00b0 3106 Ingeniero Maury","og_url":"https:\/\/nahuelproducciones.com.ar\/radioquijano\/la-justicia-sale-a-las-escuelas-se-lanza-desde-campo-quijano\/","og_site_name":"RQ 99.9","article_publisher":"https:\/\/www.facebook.com\/nahuelproducciones999\/","article_published_time":"2024-08-08T15:24:29+00:00","og_image":[{"width":700,"height":422,"url":"https:\/\/nahuelproducciones.com.ar\/radioquijano\/wp-content\/uploads\/2024\/08\/multimedia.normal.a3a30e54262afa66.706f646572206a7564696369616c2073616c74615f6e6f726d616c2e6a7067-e1723130548141.jpg","type":"image\/jpeg"}],"author":"Cecilia Pastrana","twitter_card":"summary_large_image","twitter_creator":"@nahuproduciones","twitter_site":"@nahuproduciones","twitter_misc":{"Escrito por":"Cecilia Pastrana","Tiempo de lectura":"1 minuto"},"schema":{"@context":"https:\/\/schema.org","@graph":[{"@type":"WebPage","@id":"https:\/\/nahuelproducciones.com.ar\/radioquijano\/la-justicia-sale-a-las-escuelas-se-lanza-desde-campo-quijano\/","url":"https:\/\/nahuelproducciones.com.ar\/radioquijano\/la-justicia-sale-a-las-escuelas-se-lanza-desde-campo-quijano\/","name":"\u201cLa Justicia sale a las escuelas\u201d se lanza desde Campo Quijano - RQ 99.9","isPartOf":{"@id":"https:\/\/nahuelproducciones.com.ar\/radioquijano\/#website"},"datePublished":"2024-08-08T15:24:29+00:00","dateModified":"2024-08-08T15:24:29+00:00","author":{"@id":"https:\/\/nahuelproducciones.com.ar\/radioquijano\/#\/schema\/person\/e8a4f939e2cb487fe6d0c54042c9d32c"},"description":"El jueves 8 de agosto a las 14:30 hs,en la Escuela T\u00e9cnica N\u00b0 3106 Ingeniero Maury","breadcrumb":{"@id":"https:\/\/nahuelproducciones.com.ar\/radioquijano\/la-justicia-sale-a-las-escuelas-se-lanza-desde-campo-quijano\/#breadcrumb"},"inLanguage":"es","potentialAction":[{"@type":"ReadAction","target":["https:\/\/nahuelproducciones.com.ar\/radioquijano\/la-justicia-sale-a-las-escuelas-se-lanza-desde-campo-quijano\/"]}]},{"@type":"BreadcrumbList","@id":"https:\/\/nahuelproducciones.com.ar\/radioquijano\/la-justicia-sale-a-las-escuelas-se-lanza-desde-campo-quijano\/#breadcrumb","itemListElement":[{"@type":"ListItem","position":1,"name":"Portada","item":"https:\/\/nahuelproducciones.com.ar\/radioquijano\/"},{"@type":"ListItem","position":2,"name":"\u201cLa Justicia sale a las escuelas\u201d se lanza desde Campo Quijano"}]},{"@type":"WebSite","@id":"https:\/\/nahuelproducciones.com.ar\/radioquijano\/#website","url":"https:\/\/nahuelproducciones.com.ar\/radioquijano\/","name":"RQ 99.9","description":"Radio Quijano 99.9 MHz","potentialAction":[{"@type":"SearchAction","target":{"@type":"EntryPoint","urlTemplate":"https:\/\/nahuelproducciones.com.ar\/radioquijano\/?s={search_term_string}"},"query-input":"required name=search_term_string"}],"inLanguage":"es"},{"@type":"Person","@id":"https:\/\/nahuelproducciones.com.ar\/radioquijano\/#\/schema\/person\/e8a4f939e2cb487fe6d0c54042c9d32c","name":"Cecilia Pastrana","image":{"@type":"ImageObject","inLanguage":"es","@id":"https:\/\/nahuelproducciones.com.ar\/radioquijano\/#\/schema\/person\/image\/","url":"https:\/\/secure.gravatar.com\/avatar\/661a3ef63a8488d4f2794ed44af8cf71420f7e106f3072c40125114df5157749?s=96&d=mm&r=g","contentUrl":"https:\/\/secure.gravatar.com\/avatar\/661a3ef63a8488d4f2794ed44af8cf71420f7e106f3072c40125114df5157749?s=96&d=mm&r=g","caption":"Cecilia Pastrana"},"sameAs":["cecy"],"url":"https:\/\/nahuelproducciones.com.ar\/radioquijano\/author\/cecy\/"}]}},"_links":{"self":[{"href":"https:\/\/nahuelproducciones.com.ar\/radioquijano\/wp-json\/wp\/v2\/posts\/8620","targetHints":{"allow":["GET"]}}],"collection":[{"href":"https:\/\/nahuelproducciones.com.ar\/radioquijano\/wp-json\/wp\/v2\/posts"}],"about":[{"href":"https:\/\/nahuelproducciones.com.ar\/radioquijano\/wp-json\/wp\/v2\/types\/post"}],"author":[{"embeddable":true,"href":"https:\/\/nahuelproducciones.com.ar\/radioquijano\/wp-json\/wp\/v2\/users\/8"}],"replies":[{"embeddable":true,"href":"https:\/\/nahuelproducciones.com.ar\/radioquijano\/wp-json\/wp\/v2\/comments?post=8620"}],"version-history":[{"count":1,"href":"https:\/\/nahuelproducciones.com.ar\/radioquijano\/wp-json\/wp\/v2\/posts\/8620\/revisions"}],"predecessor-version":[{"id":8622,"href":"https:\/\/nahuelproducciones.com.ar\/radioquijano\/wp-json\/wp\/v2\/posts\/8620\/revisions\/8622"}],"wp:featuredmedia":[{"embeddable":true,"href":"https:\/\/nahuelproducciones.com.ar\/radioquijano\/wp-json\/wp\/v2\/media\/8621"}],"wp:attachment":[{"href":"https:\/\/nahuelproducciones.com.ar\/radioquijano\/wp-json\/wp\/v2\/media?parent=8620"}],"wp:term":[{"taxonomy":"category","embeddable":true,"href":"https:\/\/nahuelproducciones.com.ar\/radioquijano\/wp-json\/wp\/v2\/categories?post=8620"},{"taxonomy":"post_tag","embeddable":true,"href":"https:\/\/nahuelproducciones.com.ar\/radioquijano\/wp-json\/wp\/v2\/tags?post=8620"}],"curies":[{"name":"wp","href":"https:\/\/api.w.org\/{rel}","templated":true}]}}