{"id":8627,"date":"2024-08-09T11:20:39","date_gmt":"2024-08-09T14:20:39","guid":{"rendered":"https:\/\/nahuelproducciones.com.ar\/radioquijano\/?p=8627"},"modified":"2024-08-09T11:20:40","modified_gmt":"2024-08-09T14:20:40","slug":"la-justicia-sale-a-las-escuelas-el-ciclo-2024-recorre-colegios-secundarios-de-la-provincia","status":"publish","type":"post","link":"https:\/\/nahuelproducciones.com.ar\/radioquijano\/la-justicia-sale-a-las-escuelas-el-ciclo-2024-recorre-colegios-secundarios-de-la-provincia\/","title":{"rendered":"La Justicia sale a las escuelas: el ciclo 2024 recorre colegios secundarios de la provincia"},"content":{"rendered":"\n<p>Con el objetivo de visibilizar los derechos y advertir situaciones en las que podr\u00edan verse vulnerados ante hechos delictivos, miembros del Poder Judicial recorren colegios secundarios para dar charlas enfocadas a diferentes tem\u00e1ticas como la violencia intrafamiliar, ciberdelitos; derechos laborales y penales.<\/p>\n\n\n\n<p>La Escuela T\u00e9cnica N\u00b0 3106 Ingeniero Maury de Campo Quijano, fue escenario de la apertura del programa \u201cLa Justicia sale a las escuelas\u201d ciclo 2024, donde el vicepresidente de la Corte de Justicia y director acad\u00e9mico de la Escuela de la Magistratura, Fabi\u00e1n Vittar, junto a la ministra de Educaci\u00f3n Cultura, Ciencia y Tecnolog\u00eda,&nbsp;<strong>Cristina Fiore Vi\u00f1uales<\/strong>, dejaron oficialmente lanzado el programa.<\/p>\n\n\n\n<p>La ministra enfatiz\u00f3 que hace casi 20 a\u00f1os se llevan adelante estas charlas que son muy importantes porque nos ense\u00f1an sobre los \u201cderechos y libertades que tenemos al vivir en democracia\u201d.<\/p>\n\n\n\n<figure class=\"wp-block-image\"><a href=\"https:\/\/www.salta.gob.ar\/public\/images\/noticias\/contenidos\/13380-la-justicia-sale-a-las-escuelas-el-ciclo-2024-recorre-colegios-secundarios-de-la-provincia.jpg\"><img decoding=\"async\" src=\"https:\/\/www.salta.gob.ar\/public\/images\/noticias\/contenidos\/13380-la-justicia-sale-a-las-escuelas-el-ciclo-2024-recorre-colegios-secundarios-de-la-provincia.jpg\" alt=\"La Justicia sale a las escuelas: el ciclo 2024 recorre colegios secundarios de la provincia\"\/><\/a><\/figure>\n\n\n\n<p>Luego, la funcionaria provincial continu\u00f3: \u201cMe parece excelente que sea la Justicia la que acuda a la escuelas y les cuente cuales son los derechos de los que gozan. Sabemos que ser\u00e1 una experiencia muy buena para los alumnos porque la base de la democracia y lo que necesitamos para crecer como sociedad es conocer cu\u00e1les son nuestros derechos, hacerlos valer y saber cu\u00e1les son nuestras responsabilidades. De esa manera construimos una sociedad m\u00e1s justa para todos nosotros \u201d.<\/p>\n\n\n\n<p>A su turno, el juez Vittar destac\u00f3 la importancia del acercamiento de la Justicia a los estudiantes, por medio del cual pueden conocer sus derechos y obligaciones y advertir situaciones en las que podr\u00edan verse vulnerados ante hechos delictivos.<\/p>\n\n\n\n<p>El programa \u201cLa Justicia sale a las escuelas\u201d se replica desde 2004 en distintos puntos de la Provincia a trav\u00e9s de equipos interdisciplinarios del Poder Judicial, con diversas tem\u00e1ticas entre las que se destacan violencia familiar, cuidados en el ciberespacio, derecho laboral y penal.<\/p>\n\n\n\n<p>El acto de apertura cont\u00f3 con la presencia del intendente Lino Yonar, el director del Departamento de Relaciones Institucionales y Extensi\u00f3n Cultural de la Escuela de la Magistratura, Eduardo Barrionuevo; el director de la escuela t\u00e9cnica Rafael S\u00e1ngari, magistrados, docentes y alumnos.<\/p>\n\n\n\n<figure class=\"wp-block-image\"><a href=\"https:\/\/www.salta.gob.ar\/public\/images\/noticias\/contenidos\/13381-la-justicia-sale-a-las-escuelas-el-ciclo-2024-recorre-colegios-secundarios-de-la-provincia.jpg\"><img decoding=\"async\" src=\"https:\/\/www.salta.gob.ar\/public\/images\/noticias\/contenidos\/13381-la-justicia-sale-a-las-escuelas-el-ciclo-2024-recorre-colegios-secundarios-de-la-provincia.jpg\" alt=\"La Justicia sale a las escuelas: el ciclo 2024 recorre colegios secundarios de la provincia\"\/><\/a><\/figure>\n\n\n\n<hr class=\"wp-block-separator has-alpha-channel-opacity\"\/>\n\n\n\n<p>Fuente:&nbsp;<strong>Secretaria de Prensa y Comunicaci\u00f3n<\/strong><\/p>\n","protected":false},"excerpt":{"rendered":"<p>Con el objetivo de visibilizar los derechos y advertir situaciones en las que podr\u00edan verse vulnerados ante hechos delictivos, miembros del Poder Judicial recorren colegios secundarios para dar charlas enfocadas a diferentes tem\u00e1ticas como la violencia intrafamiliar, ciberdelitos; derechos laborales y penales. La Escuela T\u00e9cnica N\u00b0 3106 Ingeniero Maury de Campo Quijano, fue escenario de [&hellip;]<\/p>\n","protected":false},"author":8,"featured_media":8628,"comment_status":"open","ping_status":"open","sticky":false,"template":"","format":"standard","meta":{"_monsterinsights_skip_tracking":false,"_monsterinsights_sitenote_active":false,"_monsterinsights_sitenote_note":"","_monsterinsights_sitenote_category":0,"footnotes":""},"categories":[16],"tags":[1610,100],"class_list":["post-8627","post","type-post","status-publish","format-standard","has-post-thumbnail","hentry","category-noticias","tag-la-justicia-sale-a-las-escuelas","tag-municipio-de-campo-quijano"],"yoast_head":"<!-- This site is optimized with the Yoast SEO plugin v20.8 - https:\/\/yoast.com\/wordpress\/plugins\/seo\/ -->\n<title>La Justicia sale a las escuelas: el ciclo 2024 recorre colegios secundarios de la provincia - RQ 99.9<\/title>\n<meta name=\"description\" content=\"La ministra enfatiz\u00f3 que hace casi 20 a\u00f1os se llevan adelante estas charlas que son muy importantes porque nos ense\u00f1an sobre los \u201cderechos y libertades que tenemos al vivir en democracia\u201d.\" \/>\n<meta name=\"robots\" content=\"index, follow, max-snippet:-1, max-image-preview:large, max-video-preview:-1\" \/>\n<link rel=\"canonical\" href=\"https:\/\/nahuelproducciones.com.ar\/radioquijano\/la-justicia-sale-a-las-escuelas-el-ciclo-2024-recorre-colegios-secundarios-de-la-provincia\/\" \/>\n<meta property=\"og:locale\" content=\"es_ES\" \/>\n<meta property=\"og:type\" content=\"article\" \/>\n<meta property=\"og:title\" content=\"La Justicia sale a las escuelas: el ciclo 2024 recorre colegios secundarios de la provincia - RQ 99.9\" \/>\n<meta property=\"og:description\" content=\"La ministra enfatiz\u00f3 que hace casi 20 a\u00f1os se llevan adelante estas charlas que son muy importantes porque nos ense\u00f1an sobre los \u201cderechos y libertades que tenemos al vivir en democracia\u201d.\" \/>\n<meta property=\"og:url\" content=\"https:\/\/nahuelproducciones.com.ar\/radioquijano\/la-justicia-sale-a-las-escuelas-el-ciclo-2024-recorre-colegios-secundarios-de-la-provincia\/\" \/>\n<meta property=\"og:site_name\" content=\"RQ 99.9\" \/>\n<meta property=\"article:publisher\" content=\"https:\/\/www.facebook.com\/nahuelproducciones999\/\" \/>\n<meta property=\"article:published_time\" content=\"2024-08-09T14:20:39+00:00\" \/>\n<meta property=\"article:modified_time\" content=\"2024-08-09T14:20:40+00:00\" \/>\n<meta property=\"og:image\" content=\"https:\/\/nahuelproducciones.com.ar\/radioquijano\/wp-content\/uploads\/2024\/08\/97139-la-justicia-sale-a-las-escuelas-el-ciclo-2024-recorre-colegios-secundarios-de-la-provincia-e1723213207934.jpg\" \/>\n\t<meta property=\"og:image:width\" content=\"700\" \/>\n\t<meta property=\"og:image:height\" content=\"394\" \/>\n\t<meta property=\"og:image:type\" content=\"image\/jpeg\" \/>\n<meta name=\"author\" content=\"Cecilia Pastrana\" \/>\n<meta name=\"twitter:card\" content=\"summary_large_image\" \/>\n<meta name=\"twitter:creator\" content=\"@nahuproduciones\" \/>\n<meta name=\"twitter:site\" content=\"@nahuproduciones\" \/>\n<meta name=\"twitter:label1\" content=\"Escrito por\" \/>\n\t<meta name=\"twitter:data1\" content=\"Cecilia Pastrana\" \/>\n\t<meta name=\"twitter:label2\" content=\"Tiempo de lectura\" \/>\n\t<meta name=\"twitter:data2\" content=\"2 minutos\" \/>\n<script type=\"application\/ld+json\" class=\"yoast-schema-graph\">{\"@context\":\"https:\/\/schema.org\",\"@graph\":[{\"@type\":\"WebPage\",\"@id\":\"https:\/\/nahuelproducciones.com.ar\/radioquijano\/la-justicia-sale-a-las-escuelas-el-ciclo-2024-recorre-colegios-secundarios-de-la-provincia\/\",\"url\":\"https:\/\/nahuelproducciones.com.ar\/radioquijano\/la-justicia-sale-a-las-escuelas-el-ciclo-2024-recorre-colegios-secundarios-de-la-provincia\/\",\"name\":\"La Justicia sale a las escuelas: el ciclo 2024 recorre colegios secundarios de la provincia - RQ 99.9\",\"isPartOf\":{\"@id\":\"https:\/\/nahuelproducciones.com.ar\/radioquijano\/#website\"},\"datePublished\":\"2024-08-09T14:20:39+00:00\",\"dateModified\":\"2024-08-09T14:20:40+00:00\",\"author\":{\"@id\":\"https:\/\/nahuelproducciones.com.ar\/radioquijano\/#\/schema\/person\/e8a4f939e2cb487fe6d0c54042c9d32c\"},\"description\":\"La ministra enfatiz\u00f3 que hace casi 20 a\u00f1os se llevan adelante estas charlas que son muy importantes porque nos ense\u00f1an sobre los \u201cderechos y libertades que tenemos al vivir en democracia\u201d.\",\"breadcrumb\":{\"@id\":\"https:\/\/nahuelproducciones.com.ar\/radioquijano\/la-justicia-sale-a-las-escuelas-el-ciclo-2024-recorre-colegios-secundarios-de-la-provincia\/#breadcrumb\"},\"inLanguage\":\"es\",\"potentialAction\":[{\"@type\":\"ReadAction\",\"target\":[\"https:\/\/nahuelproducciones.com.ar\/radioquijano\/la-justicia-sale-a-las-escuelas-el-ciclo-2024-recorre-colegios-secundarios-de-la-provincia\/\"]}]},{\"@type\":\"BreadcrumbList\",\"@id\":\"https:\/\/nahuelproducciones.com.ar\/radioquijano\/la-justicia-sale-a-las-escuelas-el-ciclo-2024-recorre-colegios-secundarios-de-la-provincia\/#breadcrumb\",\"itemListElement\":[{\"@type\":\"ListItem\",\"position\":1,\"name\":\"Portada\",\"item\":\"https:\/\/nahuelproducciones.com.ar\/radioquijano\/\"},{\"@type\":\"ListItem\",\"position\":2,\"name\":\"La Justicia sale a las escuelas: el ciclo 2024 recorre colegios secundarios de la provincia\"}]},{\"@type\":\"WebSite\",\"@id\":\"https:\/\/nahuelproducciones.com.ar\/radioquijano\/#website\",\"url\":\"https:\/\/nahuelproducciones.com.ar\/radioquijano\/\",\"name\":\"RQ 99.9\",\"description\":\"Radio Quijano 99.9 MHz\",\"potentialAction\":[{\"@type\":\"SearchAction\",\"target\":{\"@type\":\"EntryPoint\",\"urlTemplate\":\"https:\/\/nahuelproducciones.com.ar\/radioquijano\/?s={search_term_string}\"},\"query-input\":\"required name=search_term_string\"}],\"inLanguage\":\"es\"},{\"@type\":\"Person\",\"@id\":\"https:\/\/nahuelproducciones.com.ar\/radioquijano\/#\/schema\/person\/e8a4f939e2cb487fe6d0c54042c9d32c\",\"name\":\"Cecilia Pastrana\",\"image\":{\"@type\":\"ImageObject\",\"inLanguage\":\"es\",\"@id\":\"https:\/\/nahuelproducciones.com.ar\/radioquijano\/#\/schema\/person\/image\/\",\"url\":\"https:\/\/secure.gravatar.com\/avatar\/661a3ef63a8488d4f2794ed44af8cf71420f7e106f3072c40125114df5157749?s=96&d=mm&r=g\",\"contentUrl\":\"https:\/\/secure.gravatar.com\/avatar\/661a3ef63a8488d4f2794ed44af8cf71420f7e106f3072c40125114df5157749?s=96&d=mm&r=g\",\"caption\":\"Cecilia Pastrana\"},\"sameAs\":[\"cecy\"],\"url\":\"https:\/\/nahuelproducciones.com.ar\/radioquijano\/author\/cecy\/\"}]}<\/script>\n<!-- \/ Yoast SEO plugin. -->","yoast_head_json":{"title":"La Justicia sale a las escuelas: el ciclo 2024 recorre colegios secundarios de la provincia - RQ 99.9","description":"La ministra enfatiz\u00f3 que hace casi 20 a\u00f1os se llevan adelante estas charlas que son muy importantes porque nos ense\u00f1an sobre los \u201cderechos y libertades que tenemos al vivir en democracia\u201d.","robots":{"index":"index","follow":"follow","max-snippet":"max-snippet:-1","max-image-preview":"max-image-preview:large","max-video-preview":"max-video-preview:-1"},"canonical":"https:\/\/nahuelproducciones.com.ar\/radioquijano\/la-justicia-sale-a-las-escuelas-el-ciclo-2024-recorre-colegios-secundarios-de-la-provincia\/","og_locale":"es_ES","og_type":"article","og_title":"La Justicia sale a las escuelas: el ciclo 2024 recorre colegios secundarios de la provincia - RQ 99.9","og_description":"La ministra enfatiz\u00f3 que hace casi 20 a\u00f1os se llevan adelante estas charlas que son muy importantes porque nos ense\u00f1an sobre los \u201cderechos y libertades que tenemos al vivir en democracia\u201d.","og_url":"https:\/\/nahuelproducciones.com.ar\/radioquijano\/la-justicia-sale-a-las-escuelas-el-ciclo-2024-recorre-colegios-secundarios-de-la-provincia\/","og_site_name":"RQ 99.9","article_publisher":"https:\/\/www.facebook.com\/nahuelproducciones999\/","article_published_time":"2024-08-09T14:20:39+00:00","article_modified_time":"2024-08-09T14:20:40+00:00","og_image":[{"width":700,"height":394,"url":"https:\/\/nahuelproducciones.com.ar\/radioquijano\/wp-content\/uploads\/2024\/08\/97139-la-justicia-sale-a-las-escuelas-el-ciclo-2024-recorre-colegios-secundarios-de-la-provincia-e1723213207934.jpg","type":"image\/jpeg"}],"author":"Cecilia Pastrana","twitter_card":"summary_large_image","twitter_creator":"@nahuproduciones","twitter_site":"@nahuproduciones","twitter_misc":{"Escrito por":"Cecilia Pastrana","Tiempo de lectura":"2 minutos"},"schema":{"@context":"https:\/\/schema.org","@graph":[{"@type":"WebPage","@id":"https:\/\/nahuelproducciones.com.ar\/radioquijano\/la-justicia-sale-a-las-escuelas-el-ciclo-2024-recorre-colegios-secundarios-de-la-provincia\/","url":"https:\/\/nahuelproducciones.com.ar\/radioquijano\/la-justicia-sale-a-las-escuelas-el-ciclo-2024-recorre-colegios-secundarios-de-la-provincia\/","name":"La Justicia sale a las escuelas: el ciclo 2024 recorre colegios secundarios de la provincia - RQ 99.9","isPartOf":{"@id":"https:\/\/nahuelproducciones.com.ar\/radioquijano\/#website"},"datePublished":"2024-08-09T14:20:39+00:00","dateModified":"2024-08-09T14:20:40+00:00","author":{"@id":"https:\/\/nahuelproducciones.com.ar\/radioquijano\/#\/schema\/person\/e8a4f939e2cb487fe6d0c54042c9d32c"},"description":"La ministra enfatiz\u00f3 que hace casi 20 a\u00f1os se llevan adelante estas charlas que son muy importantes porque nos ense\u00f1an sobre los \u201cderechos y libertades que tenemos al vivir en democracia\u201d.","breadcrumb":{"@id":"https:\/\/nahuelproducciones.com.ar\/radioquijano\/la-justicia-sale-a-las-escuelas-el-ciclo-2024-recorre-colegios-secundarios-de-la-provincia\/#breadcrumb"},"inLanguage":"es","potentialAction":[{"@type":"ReadAction","target":["https:\/\/nahuelproducciones.com.ar\/radioquijano\/la-justicia-sale-a-las-escuelas-el-ciclo-2024-recorre-colegios-secundarios-de-la-provincia\/"]}]},{"@type":"BreadcrumbList","@id":"https:\/\/nahuelproducciones.com.ar\/radioquijano\/la-justicia-sale-a-las-escuelas-el-ciclo-2024-recorre-colegios-secundarios-de-la-provincia\/#breadcrumb","itemListElement":[{"@type":"ListItem","position":1,"name":"Portada","item":"https:\/\/nahuelproducciones.com.ar\/radioquijano\/"},{"@type":"ListItem","position":2,"name":"La Justicia sale a las escuelas: el ciclo 2024 recorre colegios secundarios de la provincia"}]},{"@type":"WebSite","@id":"https:\/\/nahuelproducciones.com.ar\/radioquijano\/#website","url":"https:\/\/nahuelproducciones.com.ar\/radioquijano\/","name":"RQ 99.9","description":"Radio Quijano 99.9 MHz","potentialAction":[{"@type":"SearchAction","target":{"@type":"EntryPoint","urlTemplate":"https:\/\/nahuelproducciones.com.ar\/radioquijano\/?s={search_term_string}"},"query-input":"required name=search_term_string"}],"inLanguage":"es"},{"@type":"Person","@id":"https:\/\/nahuelproducciones.com.ar\/radioquijano\/#\/schema\/person\/e8a4f939e2cb487fe6d0c54042c9d32c","name":"Cecilia Pastrana","image":{"@type":"ImageObject","inLanguage":"es","@id":"https:\/\/nahuelproducciones.com.ar\/radioquijano\/#\/schema\/person\/image\/","url":"https:\/\/secure.gravatar.com\/avatar\/661a3ef63a8488d4f2794ed44af8cf71420f7e106f3072c40125114df5157749?s=96&d=mm&r=g","contentUrl":"https:\/\/secure.gravatar.com\/avatar\/661a3ef63a8488d4f2794ed44af8cf71420f7e106f3072c40125114df5157749?s=96&d=mm&r=g","caption":"Cecilia Pastrana"},"sameAs":["cecy"],"url":"https:\/\/nahuelproducciones.com.ar\/radioquijano\/author\/cecy\/"}]}},"_links":{"self":[{"href":"https:\/\/nahuelproducciones.com.ar\/radioquijano\/wp-json\/wp\/v2\/posts\/8627","targetHints":{"allow":["GET"]}}],"collection":[{"href":"https:\/\/nahuelproducciones.com.ar\/radioquijano\/wp-json\/wp\/v2\/posts"}],"about":[{"href":"https:\/\/nahuelproducciones.com.ar\/radioquijano\/wp-json\/wp\/v2\/types\/post"}],"author":[{"embeddable":true,"href":"https:\/\/nahuelproducciones.com.ar\/radioquijano\/wp-json\/wp\/v2\/users\/8"}],"replies":[{"embeddable":true,"href":"https:\/\/nahuelproducciones.com.ar\/radioquijano\/wp-json\/wp\/v2\/comments?post=8627"}],"version-history":[{"count":1,"href":"https:\/\/nahuelproducciones.com.ar\/radioquijano\/wp-json\/wp\/v2\/posts\/8627\/revisions"}],"predecessor-version":[{"id":8629,"href":"https:\/\/nahuelproducciones.com.ar\/radioquijano\/wp-json\/wp\/v2\/posts\/8627\/revisions\/8629"}],"wp:featuredmedia":[{"embeddable":true,"href":"https:\/\/nahuelproducciones.com.ar\/radioquijano\/wp-json\/wp\/v2\/media\/8628"}],"wp:attachment":[{"href":"https:\/\/nahuelproducciones.com.ar\/radioquijano\/wp-json\/wp\/v2\/media?parent=8627"}],"wp:term":[{"taxonomy":"category","embeddable":true,"href":"https:\/\/nahuelproducciones.com.ar\/radioquijano\/wp-json\/wp\/v2\/categories?post=8627"},{"taxonomy":"post_tag","embeddable":true,"href":"https:\/\/nahuelproducciones.com.ar\/radioquijano\/wp-json\/wp\/v2\/tags?post=8627"}],"curies":[{"name":"wp","href":"https:\/\/api.w.org\/{rel}","templated":true}]}}