{"id":863,"date":"2021-05-22T19:45:38","date_gmt":"2021-05-22T22:45:38","guid":{"rendered":"https:\/\/nahuelproducciones.com.ar\/radioquijano\/?p=863"},"modified":"2021-05-22T19:45:39","modified_gmt":"2021-05-22T22:45:39","slug":"servicio-de-transporte-de-colectivos-frente-a-las-medidas-dispuestas-por-el-coe","status":"publish","type":"post","link":"https:\/\/nahuelproducciones.com.ar\/radioquijano\/servicio-de-transporte-de-colectivos-frente-a-las-medidas-dispuestas-por-el-coe\/","title":{"rendered":"Servicio de transporte de colectivos frente a las medidas dispuestas por el COE."},"content":{"rendered":"\n<p>SAETA informa a sus usuarios que ante las medidas anunciadas por el Comit\u00e9 Operativo de Emergencia, el servicio de transporte funcionar\u00e1 del siguiente modo:<\/p>\n\n\n\n<p>-Los colectivos circular\u00e1n diariamente desde las 5.30 a las 23.00, horario en que pasar\u00e1 por el centro el \u00faltimo coche de cada l\u00ednea con destino a los barrios finalizando su jornada.<\/p>\n\n\n\n<p>-Solo podr\u00e1n acceder a las unidades aquellos pasajeros que desarrollen las actividades permitidas en el decreto de Necesidad y Urgencia emitido por Naci\u00f3n y que cuenten con el respectivo permiso de circulaci\u00f3n vigente.&nbsp;<\/p>\n\n\n\n<p>-Tambi\u00e9n podr\u00e1n hacerlo aquellos que concurran a cumplir con su turno de vacunaci\u00f3n, para lo cual deber\u00e1n presentar el comprobante del turno correspondiente.<\/p>\n\n\n\n<p>-Se suspende la gratuidad del Pase Libre mientras dure el confinamiento.<\/p>\n\n\n\n<p>-La atenci\u00f3n al p\u00fablico en nuestros Centros de Atenci\u00f3n al Usuario queda suspendida, por lo cual los turnos que ya hab\u00edan sido otorgados ser\u00e1n reprogramados oportunamente. Solo quedar\u00e1 habilitada la recarga de saldo de tarjetas y alg\u00fan tr\u00e1mite de emergencia.<\/p>\n\n\n\n<p>-La atenci\u00f3n de consultas se realizar\u00e1n a trav\u00e9s de nuestras l\u00edneas de atenci\u00f3n al usuario y nuestro asistente virtual por WhatsApp BONDI.<\/p>\n\n\n\n<hr class=\"wp-block-separator\"\/>\n\n\n\n<p>Fuente:\u00a0<strong>Secretar\u00eda de Prensa y Comunicaci\u00f3n<\/strong><\/p>\n\n\n\n<p><a href=\"#RQ99.9Mhz\">#RQ99.9Mhz<\/a> <a href=\"https:\/\/www.facebook.com\/Radio-Quijano-999-102294874524832\/?ref=pages_you_manage\">Campo Quijano<\/a><\/p>\n","protected":false},"excerpt":{"rendered":"<p>SAETA informa a sus usuarios que ante las medidas anunciadas por el Comit\u00e9 Operativo de Emergencia, el servicio de transporte funcionar\u00e1 del siguiente modo: -Los colectivos circular\u00e1n diariamente desde las 5.30 a las 23.00, horario en que pasar\u00e1 por el centro el \u00faltimo coche de cada l\u00ednea con destino a los barrios finalizando su jornada. [&hellip;]<\/p>\n","protected":false},"author":8,"featured_media":864,"comment_status":"open","ping_status":"open","sticky":false,"template":"","format":"standard","meta":{"_monsterinsights_skip_tracking":false,"_monsterinsights_sitenote_active":false,"_monsterinsights_sitenote_note":"","_monsterinsights_sitenote_category":0,"footnotes":""},"categories":[16],"tags":[],"class_list":["post-863","post","type-post","status-publish","format-standard","has-post-thumbnail","hentry","category-noticias"],"yoast_head":"<!-- This site is optimized with the Yoast SEO plugin v20.8 - https:\/\/yoast.com\/wordpress\/plugins\/seo\/ -->\n<title>Servicio de transporte de colectivos frente a las medidas dispuestas por el COE. - RQ 99.9<\/title>\n<meta name=\"robots\" content=\"index, follow, max-snippet:-1, max-image-preview:large, max-video-preview:-1\" \/>\n<link rel=\"canonical\" href=\"https:\/\/nahuelproducciones.com.ar\/radioquijano\/servicio-de-transporte-de-colectivos-frente-a-las-medidas-dispuestas-por-el-coe\/\" \/>\n<meta property=\"og:locale\" content=\"es_ES\" \/>\n<meta property=\"og:type\" content=\"article\" \/>\n<meta property=\"og:title\" content=\"Servicio de transporte de colectivos frente a las medidas dispuestas por el COE. - RQ 99.9\" \/>\n<meta property=\"og:description\" content=\"SAETA informa a sus usuarios que ante las medidas anunciadas por el Comit\u00e9 Operativo de Emergencia, el servicio de transporte funcionar\u00e1 del siguiente modo: -Los colectivos circular\u00e1n diariamente desde las 5.30 a las 23.00, horario en que pasar\u00e1 por el centro el \u00faltimo coche de cada l\u00ednea con destino a los barrios finalizando su jornada. [&hellip;]\" \/>\n<meta property=\"og:url\" content=\"https:\/\/nahuelproducciones.com.ar\/radioquijano\/servicio-de-transporte-de-colectivos-frente-a-las-medidas-dispuestas-por-el-coe\/\" \/>\n<meta property=\"og:site_name\" content=\"RQ 99.9\" \/>\n<meta property=\"article:publisher\" content=\"https:\/\/www.facebook.com\/nahuelproducciones999\/\" \/>\n<meta property=\"article:published_time\" content=\"2021-05-22T22:45:38+00:00\" \/>\n<meta property=\"article:modified_time\" content=\"2021-05-22T22:45:39+00:00\" \/>\n<meta property=\"og:image\" content=\"https:\/\/nahuelproducciones.com.ar\/radioquijano\/wp-content\/uploads\/2021\/05\/76248-servicio-de-transporte-de-colectivos-frente-a-las-medidas-dispuestas-por-el-coe-20210522155851.jpg\" \/>\n\t<meta property=\"og:image:width\" content=\"700\" \/>\n\t<meta property=\"og:image:height\" content=\"350\" \/>\n\t<meta property=\"og:image:type\" content=\"image\/jpeg\" \/>\n<meta name=\"author\" content=\"Cecilia Pastrana\" \/>\n<meta name=\"twitter:card\" content=\"summary_large_image\" \/>\n<meta name=\"twitter:creator\" content=\"@nahuproduciones\" \/>\n<meta name=\"twitter:site\" content=\"@nahuproduciones\" \/>\n<meta name=\"twitter:label1\" content=\"Escrito por\" \/>\n\t<meta name=\"twitter:data1\" content=\"Cecilia Pastrana\" \/>\n\t<meta name=\"twitter:label2\" content=\"Tiempo de lectura\" \/>\n\t<meta name=\"twitter:data2\" content=\"1 minuto\" \/>\n<script type=\"application\/ld+json\" class=\"yoast-schema-graph\">{\"@context\":\"https:\/\/schema.org\",\"@graph\":[{\"@type\":\"WebPage\",\"@id\":\"https:\/\/nahuelproducciones.com.ar\/radioquijano\/servicio-de-transporte-de-colectivos-frente-a-las-medidas-dispuestas-por-el-coe\/\",\"url\":\"https:\/\/nahuelproducciones.com.ar\/radioquijano\/servicio-de-transporte-de-colectivos-frente-a-las-medidas-dispuestas-por-el-coe\/\",\"name\":\"Servicio de transporte de colectivos frente a las medidas dispuestas por el COE. - RQ 99.9\",\"isPartOf\":{\"@id\":\"https:\/\/nahuelproducciones.com.ar\/radioquijano\/#website\"},\"datePublished\":\"2021-05-22T22:45:38+00:00\",\"dateModified\":\"2021-05-22T22:45:39+00:00\",\"author\":{\"@id\":\"https:\/\/nahuelproducciones.com.ar\/radioquijano\/#\/schema\/person\/e8a4f939e2cb487fe6d0c54042c9d32c\"},\"breadcrumb\":{\"@id\":\"https:\/\/nahuelproducciones.com.ar\/radioquijano\/servicio-de-transporte-de-colectivos-frente-a-las-medidas-dispuestas-por-el-coe\/#breadcrumb\"},\"inLanguage\":\"es\",\"potentialAction\":[{\"@type\":\"ReadAction\",\"target\":[\"https:\/\/nahuelproducciones.com.ar\/radioquijano\/servicio-de-transporte-de-colectivos-frente-a-las-medidas-dispuestas-por-el-coe\/\"]}]},{\"@type\":\"BreadcrumbList\",\"@id\":\"https:\/\/nahuelproducciones.com.ar\/radioquijano\/servicio-de-transporte-de-colectivos-frente-a-las-medidas-dispuestas-por-el-coe\/#breadcrumb\",\"itemListElement\":[{\"@type\":\"ListItem\",\"position\":1,\"name\":\"Portada\",\"item\":\"https:\/\/nahuelproducciones.com.ar\/radioquijano\/\"},{\"@type\":\"ListItem\",\"position\":2,\"name\":\"Servicio de transporte de colectivos frente a las medidas dispuestas por el COE.\"}]},{\"@type\":\"WebSite\",\"@id\":\"https:\/\/nahuelproducciones.com.ar\/radioquijano\/#website\",\"url\":\"https:\/\/nahuelproducciones.com.ar\/radioquijano\/\",\"name\":\"RQ 99.9\",\"description\":\"Radio Quijano 99.9 MHz\",\"potentialAction\":[{\"@type\":\"SearchAction\",\"target\":{\"@type\":\"EntryPoint\",\"urlTemplate\":\"https:\/\/nahuelproducciones.com.ar\/radioquijano\/?s={search_term_string}\"},\"query-input\":\"required name=search_term_string\"}],\"inLanguage\":\"es\"},{\"@type\":\"Person\",\"@id\":\"https:\/\/nahuelproducciones.com.ar\/radioquijano\/#\/schema\/person\/e8a4f939e2cb487fe6d0c54042c9d32c\",\"name\":\"Cecilia Pastrana\",\"image\":{\"@type\":\"ImageObject\",\"inLanguage\":\"es\",\"@id\":\"https:\/\/nahuelproducciones.com.ar\/radioquijano\/#\/schema\/person\/image\/\",\"url\":\"https:\/\/secure.gravatar.com\/avatar\/661a3ef63a8488d4f2794ed44af8cf71420f7e106f3072c40125114df5157749?s=96&d=mm&r=g\",\"contentUrl\":\"https:\/\/secure.gravatar.com\/avatar\/661a3ef63a8488d4f2794ed44af8cf71420f7e106f3072c40125114df5157749?s=96&d=mm&r=g\",\"caption\":\"Cecilia Pastrana\"},\"sameAs\":[\"cecy\"],\"url\":\"https:\/\/nahuelproducciones.com.ar\/radioquijano\/author\/cecy\/\"}]}<\/script>\n<!-- \/ Yoast SEO plugin. -->","yoast_head_json":{"title":"Servicio de transporte de colectivos frente a las medidas dispuestas por el COE. - RQ 99.9","robots":{"index":"index","follow":"follow","max-snippet":"max-snippet:-1","max-image-preview":"max-image-preview:large","max-video-preview":"max-video-preview:-1"},"canonical":"https:\/\/nahuelproducciones.com.ar\/radioquijano\/servicio-de-transporte-de-colectivos-frente-a-las-medidas-dispuestas-por-el-coe\/","og_locale":"es_ES","og_type":"article","og_title":"Servicio de transporte de colectivos frente a las medidas dispuestas por el COE. - RQ 99.9","og_description":"SAETA informa a sus usuarios que ante las medidas anunciadas por el Comit\u00e9 Operativo de Emergencia, el servicio de transporte funcionar\u00e1 del siguiente modo: -Los colectivos circular\u00e1n diariamente desde las 5.30 a las 23.00, horario en que pasar\u00e1 por el centro el \u00faltimo coche de cada l\u00ednea con destino a los barrios finalizando su jornada. [&hellip;]","og_url":"https:\/\/nahuelproducciones.com.ar\/radioquijano\/servicio-de-transporte-de-colectivos-frente-a-las-medidas-dispuestas-por-el-coe\/","og_site_name":"RQ 99.9","article_publisher":"https:\/\/www.facebook.com\/nahuelproducciones999\/","article_published_time":"2021-05-22T22:45:38+00:00","article_modified_time":"2021-05-22T22:45:39+00:00","og_image":[{"width":700,"height":350,"url":"https:\/\/nahuelproducciones.com.ar\/radioquijano\/wp-content\/uploads\/2021\/05\/76248-servicio-de-transporte-de-colectivos-frente-a-las-medidas-dispuestas-por-el-coe-20210522155851.jpg","type":"image\/jpeg"}],"author":"Cecilia Pastrana","twitter_card":"summary_large_image","twitter_creator":"@nahuproduciones","twitter_site":"@nahuproduciones","twitter_misc":{"Escrito por":"Cecilia Pastrana","Tiempo de lectura":"1 minuto"},"schema":{"@context":"https:\/\/schema.org","@graph":[{"@type":"WebPage","@id":"https:\/\/nahuelproducciones.com.ar\/radioquijano\/servicio-de-transporte-de-colectivos-frente-a-las-medidas-dispuestas-por-el-coe\/","url":"https:\/\/nahuelproducciones.com.ar\/radioquijano\/servicio-de-transporte-de-colectivos-frente-a-las-medidas-dispuestas-por-el-coe\/","name":"Servicio de transporte de colectivos frente a las medidas dispuestas por el COE. - RQ 99.9","isPartOf":{"@id":"https:\/\/nahuelproducciones.com.ar\/radioquijano\/#website"},"datePublished":"2021-05-22T22:45:38+00:00","dateModified":"2021-05-22T22:45:39+00:00","author":{"@id":"https:\/\/nahuelproducciones.com.ar\/radioquijano\/#\/schema\/person\/e8a4f939e2cb487fe6d0c54042c9d32c"},"breadcrumb":{"@id":"https:\/\/nahuelproducciones.com.ar\/radioquijano\/servicio-de-transporte-de-colectivos-frente-a-las-medidas-dispuestas-por-el-coe\/#breadcrumb"},"inLanguage":"es","potentialAction":[{"@type":"ReadAction","target":["https:\/\/nahuelproducciones.com.ar\/radioquijano\/servicio-de-transporte-de-colectivos-frente-a-las-medidas-dispuestas-por-el-coe\/"]}]},{"@type":"BreadcrumbList","@id":"https:\/\/nahuelproducciones.com.ar\/radioquijano\/servicio-de-transporte-de-colectivos-frente-a-las-medidas-dispuestas-por-el-coe\/#breadcrumb","itemListElement":[{"@type":"ListItem","position":1,"name":"Portada","item":"https:\/\/nahuelproducciones.com.ar\/radioquijano\/"},{"@type":"ListItem","position":2,"name":"Servicio de transporte de colectivos frente a las medidas dispuestas por el COE."}]},{"@type":"WebSite","@id":"https:\/\/nahuelproducciones.com.ar\/radioquijano\/#website","url":"https:\/\/nahuelproducciones.com.ar\/radioquijano\/","name":"RQ 99.9","description":"Radio Quijano 99.9 MHz","potentialAction":[{"@type":"SearchAction","target":{"@type":"EntryPoint","urlTemplate":"https:\/\/nahuelproducciones.com.ar\/radioquijano\/?s={search_term_string}"},"query-input":"required name=search_term_string"}],"inLanguage":"es"},{"@type":"Person","@id":"https:\/\/nahuelproducciones.com.ar\/radioquijano\/#\/schema\/person\/e8a4f939e2cb487fe6d0c54042c9d32c","name":"Cecilia Pastrana","image":{"@type":"ImageObject","inLanguage":"es","@id":"https:\/\/nahuelproducciones.com.ar\/radioquijano\/#\/schema\/person\/image\/","url":"https:\/\/secure.gravatar.com\/avatar\/661a3ef63a8488d4f2794ed44af8cf71420f7e106f3072c40125114df5157749?s=96&d=mm&r=g","contentUrl":"https:\/\/secure.gravatar.com\/avatar\/661a3ef63a8488d4f2794ed44af8cf71420f7e106f3072c40125114df5157749?s=96&d=mm&r=g","caption":"Cecilia Pastrana"},"sameAs":["cecy"],"url":"https:\/\/nahuelproducciones.com.ar\/radioquijano\/author\/cecy\/"}]}},"_links":{"self":[{"href":"https:\/\/nahuelproducciones.com.ar\/radioquijano\/wp-json\/wp\/v2\/posts\/863","targetHints":{"allow":["GET"]}}],"collection":[{"href":"https:\/\/nahuelproducciones.com.ar\/radioquijano\/wp-json\/wp\/v2\/posts"}],"about":[{"href":"https:\/\/nahuelproducciones.com.ar\/radioquijano\/wp-json\/wp\/v2\/types\/post"}],"author":[{"embeddable":true,"href":"https:\/\/nahuelproducciones.com.ar\/radioquijano\/wp-json\/wp\/v2\/users\/8"}],"replies":[{"embeddable":true,"href":"https:\/\/nahuelproducciones.com.ar\/radioquijano\/wp-json\/wp\/v2\/comments?post=863"}],"version-history":[{"count":1,"href":"https:\/\/nahuelproducciones.com.ar\/radioquijano\/wp-json\/wp\/v2\/posts\/863\/revisions"}],"predecessor-version":[{"id":865,"href":"https:\/\/nahuelproducciones.com.ar\/radioquijano\/wp-json\/wp\/v2\/posts\/863\/revisions\/865"}],"wp:featuredmedia":[{"embeddable":true,"href":"https:\/\/nahuelproducciones.com.ar\/radioquijano\/wp-json\/wp\/v2\/media\/864"}],"wp:attachment":[{"href":"https:\/\/nahuelproducciones.com.ar\/radioquijano\/wp-json\/wp\/v2\/media?parent=863"}],"wp:term":[{"taxonomy":"category","embeddable":true,"href":"https:\/\/nahuelproducciones.com.ar\/radioquijano\/wp-json\/wp\/v2\/categories?post=863"},{"taxonomy":"post_tag","embeddable":true,"href":"https:\/\/nahuelproducciones.com.ar\/radioquijano\/wp-json\/wp\/v2\/tags?post=863"}],"curies":[{"name":"wp","href":"https:\/\/api.w.org\/{rel}","templated":true}]}}