{"id":8645,"date":"2024-08-12T22:03:10","date_gmt":"2024-08-13T01:03:10","guid":{"rendered":"https:\/\/nahuelproducciones.com.ar\/radioquijano\/?p=8645"},"modified":"2024-08-12T22:03:10","modified_gmt":"2024-08-13T01:03:10","slug":"upateco-dictaran-cursos-gratuitos-de-formacion-en-campo-quijano","status":"publish","type":"post","link":"https:\/\/nahuelproducciones.com.ar\/radioquijano\/upateco-dictaran-cursos-gratuitos-de-formacion-en-campo-quijano\/","title":{"rendered":"UPATECO: dictar\u00e1n cursos gratuitos de formaci\u00f3n en Campo Quijano."},"content":{"rendered":"\n<p>La Universidad Provincial de la Administraci\u00f3n Tecnolog\u00eda y Oficios dictar\u00e1 cursos s de formaci\u00f3n gratuitos, en modalidad 100% virtual, que iniciar\u00e1n  este semestre. <\/p>\n\n\n\n<p>Todos tienen una duraci\u00f3n de dos meses, y est\u00e1n vinculados a las tecnolog\u00edas; audiovisual, rob\u00f3tica, programaci\u00f3n, idiomas y redes sociales.<\/p>\n\n\n\n<p>En una entrevista telef\u00f3nica con RQ99.9MHz, el Director de Empleo, Capacitaci\u00f3n y Producci\u00f3n, Luis Nu\u00f1o, destac\u00f3 que con estas capacitaciones buscan que los  vecinos desarrollen habilidades para nuevas oportunidades de crecimiento.<\/p>\n\n\n\n<p>Est\u00e1n abiertas las preinscripciones para todos los que tengan domicilio en el Municipio de Campo Quijano. Por gesti\u00f3n Municipal, lograron un cupo de 10 lugares por curso.<\/p>\n\n\n\n<p> Los programas son: <\/p>\n\n\n\n<p>1.- PROGRAMACI\u00d3N CON VISUAL BASIC .NET<\/p>\n\n\n\n<p>2.- CURSO DIBUJO: LA FORMA HUMANA<\/p>\n\n\n\n<p>3.- DAVINCI RESOLVE: INICIACI\u00d3N EN LA CORRECCI\u00d3N DE COLOR<\/p>\n\n\n\n<p>4.- CIBERSEGURIDAD<\/p>\n\n\n\n<p>5.- BIG DATA Y AN\u00c1LISIS DE DATOS PARA LA TOMA DE DECISIONES<\/p>\n\n\n\n<p>6.- INVERSIONES Y ESTRATEGIAS EN CRIPTOMONEDAS<\/p>\n\n\n\n<p>7.- EDUCACI\u00d3N FINANCIERA: ALTERNATIVA DE INVERSIONES ACTUALES<\/p>\n\n\n\n<p>8.- DESARROLLO DE APLICACIONES M\u00d3VILES PARA ANDROID<\/p>\n\n\n\n<p>9.- PROPIEDAD INTELECTUAL Y PATENTES<\/p>\n\n\n\n<p>10.- INTRODUCCI\u00d3N A LA ECONOMETRIA<\/p>\n\n\n\n<p>11.- GESTI\u00d3N EMOCIONAL Y LIDERAZGO COLABORATIVO<\/p>\n\n\n\n<p>12.- PRESENTACIONES EFECTIVAS Y HABILIDADES PARA HABLAR EN P\u00daBLICO<\/p>\n\n\n\n<p>13.- MARKETING DIGITAL PARA REDES SOCIALES<\/p>\n\n\n\n<p>14.- E COMMERCE: VENTAS ONLINE Y COMERCIO ELECTR\u00d3NICO<\/p>\n\n\n\n<p>15.- NARRATIVA Y STORYTELLING EN PODCASTS<\/p>\n\n\n\n<p>16.- INGL\u00c9S B\u00c1SICO<\/p>\n\n\n\n<p>17.- DOMINANDO EL ARTE DEL STREAMING EN VIVO<\/p>\n\n\n\n<p>18.- LA INTELIGENCIA ARTIFICIAL TRANSFORMA LOS PROYECTOS DE ARQUITECTURA<\/p>\n\n\n\n<p>19.- PORTUGU\u00c9S B\u00c1SICO<\/p>\n\n\n\n<p>20.- EXCEL (NIVEL INTERMEDIO)<\/p>\n\n\n\n<p>21.- SQL PARA PRINCIPIANTES<\/p>\n\n\n\n<p>22.- PAQUETE OFFICE (NIVEL INTERMEDIO)<\/p>\n\n\n\n<p>23.- PRODUCCI\u00d3N DE CANCIONES CON HERRAMIENTAS DIGITALES<\/p>\n\n\n\n<p>24.- TESTING<\/p>\n\n\n\n<p>25.- MEZCLA DE AUDIO EN LA ERA DIGITAL<\/p>\n\n\n\n<p>Nu\u00f1o record\u00f3 que las inscripciones est\u00e1n abiertas en la Direcci\u00f3n de Empleo, Capacitaci\u00f3n y Producci\u00f3n (ex \u2013 colegio Ing. Maury) de 7:30hs a 12:30 hs y son con cupos limitados.<\/p>\n\n\n\n<p>Aprend\u00e9 a tu ritmo de manera virtual, gratuita y con certificaciones que avalen tus nuevos logros.<\/p>\n\n\n\n<p>Escucha la entrevista:<\/p>\n\n\n\n<figure class=\"wp-block-audio\"><audio controls src=\"https:\/\/nahuelproducciones.com.ar\/radioquijano\/wp-content\/uploads\/2024\/08\/12-08-2024-DIR-DE-EMPLEO-CAPAC-Y-PRODUCCIN-LUIS-NUNO-TEMA-CURSOS-UTAPECO.mp3\"><\/audio><\/figure>\n","protected":false},"excerpt":{"rendered":"<p>La Universidad Provincial de la Administraci\u00f3n Tecnolog\u00eda y Oficios dictar\u00e1 cursos s de formaci\u00f3n gratuitos, en modalidad 100% virtual, que iniciar\u00e1n este semestre. Todos tienen una duraci\u00f3n de dos meses, y est\u00e1n vinculados a las tecnolog\u00edas; audiovisual, rob\u00f3tica, programaci\u00f3n, idiomas y redes sociales. En una entrevista telef\u00f3nica con RQ99.9MHz, el Director de Empleo, Capacitaci\u00f3n y [&hellip;]<\/p>\n","protected":false},"author":8,"featured_media":8646,"comment_status":"open","ping_status":"open","sticky":false,"template":"","format":"standard","meta":{"_monsterinsights_skip_tracking":false,"_monsterinsights_sitenote_active":false,"_monsterinsights_sitenote_note":"","_monsterinsights_sitenote_category":0,"footnotes":""},"categories":[16],"tags":[100,1260],"class_list":["post-8645","post","type-post","status-publish","format-standard","has-post-thumbnail","hentry","category-noticias","tag-municipio-de-campo-quijano","tag-upateco"],"yoast_head":"<!-- This site is optimized with the Yoast SEO plugin v20.8 - https:\/\/yoast.com\/wordpress\/plugins\/seo\/ -->\n<title>UPATECO: dictar\u00e1n cursos gratuitos de formaci\u00f3n en Campo Quijano. - RQ 99.9<\/title>\n<meta name=\"description\" content=\"Tienen una duraci\u00f3n de dos meses y son con cupos limitados.\" \/>\n<meta name=\"robots\" content=\"index, follow, max-snippet:-1, max-image-preview:large, max-video-preview:-1\" \/>\n<link rel=\"canonical\" href=\"https:\/\/nahuelproducciones.com.ar\/radioquijano\/upateco-dictaran-cursos-gratuitos-de-formacion-en-campo-quijano\/\" \/>\n<meta property=\"og:locale\" content=\"es_ES\" \/>\n<meta property=\"og:type\" content=\"article\" \/>\n<meta property=\"og:title\" content=\"UPATECO: dictar\u00e1n cursos gratuitos de formaci\u00f3n en Campo Quijano. - RQ 99.9\" \/>\n<meta property=\"og:description\" content=\"Tienen una duraci\u00f3n de dos meses y son con cupos limitados.\" \/>\n<meta property=\"og:url\" content=\"https:\/\/nahuelproducciones.com.ar\/radioquijano\/upateco-dictaran-cursos-gratuitos-de-formacion-en-campo-quijano\/\" \/>\n<meta property=\"og:site_name\" content=\"RQ 99.9\" \/>\n<meta property=\"article:publisher\" content=\"https:\/\/www.facebook.com\/nahuelproducciones999\/\" \/>\n<meta property=\"article:published_time\" content=\"2024-08-13T01:03:10+00:00\" \/>\n<meta property=\"og:image\" content=\"https:\/\/nahuelproducciones.com.ar\/radioquijano\/wp-content\/uploads\/2024\/08\/295408211_2464040983894387_7193945044044565315_n-e1723510716827.png\" \/>\n\t<meta property=\"og:image:width\" content=\"700\" \/>\n\t<meta property=\"og:image:height\" content=\"266\" \/>\n\t<meta property=\"og:image:type\" content=\"image\/png\" \/>\n<meta name=\"author\" content=\"Cecilia Pastrana\" \/>\n<meta name=\"twitter:card\" content=\"summary_large_image\" \/>\n<meta name=\"twitter:creator\" content=\"@nahuproduciones\" \/>\n<meta name=\"twitter:site\" content=\"@nahuproduciones\" \/>\n<meta name=\"twitter:label1\" content=\"Escrito por\" \/>\n\t<meta name=\"twitter:data1\" content=\"Cecilia Pastrana\" \/>\n\t<meta name=\"twitter:label2\" content=\"Tiempo de lectura\" \/>\n\t<meta name=\"twitter:data2\" content=\"2 minutos\" \/>\n<script type=\"application\/ld+json\" class=\"yoast-schema-graph\">{\"@context\":\"https:\/\/schema.org\",\"@graph\":[{\"@type\":\"WebPage\",\"@id\":\"https:\/\/nahuelproducciones.com.ar\/radioquijano\/upateco-dictaran-cursos-gratuitos-de-formacion-en-campo-quijano\/\",\"url\":\"https:\/\/nahuelproducciones.com.ar\/radioquijano\/upateco-dictaran-cursos-gratuitos-de-formacion-en-campo-quijano\/\",\"name\":\"UPATECO: dictar\u00e1n cursos gratuitos de formaci\u00f3n en Campo Quijano. - RQ 99.9\",\"isPartOf\":{\"@id\":\"https:\/\/nahuelproducciones.com.ar\/radioquijano\/#website\"},\"datePublished\":\"2024-08-13T01:03:10+00:00\",\"dateModified\":\"2024-08-13T01:03:10+00:00\",\"author\":{\"@id\":\"https:\/\/nahuelproducciones.com.ar\/radioquijano\/#\/schema\/person\/e8a4f939e2cb487fe6d0c54042c9d32c\"},\"description\":\"Tienen una duraci\u00f3n de dos meses y son con cupos limitados.\",\"breadcrumb\":{\"@id\":\"https:\/\/nahuelproducciones.com.ar\/radioquijano\/upateco-dictaran-cursos-gratuitos-de-formacion-en-campo-quijano\/#breadcrumb\"},\"inLanguage\":\"es\",\"potentialAction\":[{\"@type\":\"ReadAction\",\"target\":[\"https:\/\/nahuelproducciones.com.ar\/radioquijano\/upateco-dictaran-cursos-gratuitos-de-formacion-en-campo-quijano\/\"]}]},{\"@type\":\"BreadcrumbList\",\"@id\":\"https:\/\/nahuelproducciones.com.ar\/radioquijano\/upateco-dictaran-cursos-gratuitos-de-formacion-en-campo-quijano\/#breadcrumb\",\"itemListElement\":[{\"@type\":\"ListItem\",\"position\":1,\"name\":\"Portada\",\"item\":\"https:\/\/nahuelproducciones.com.ar\/radioquijano\/\"},{\"@type\":\"ListItem\",\"position\":2,\"name\":\"UPATECO: dictar\u00e1n cursos gratuitos de formaci\u00f3n en Campo Quijano.\"}]},{\"@type\":\"WebSite\",\"@id\":\"https:\/\/nahuelproducciones.com.ar\/radioquijano\/#website\",\"url\":\"https:\/\/nahuelproducciones.com.ar\/radioquijano\/\",\"name\":\"RQ 99.9\",\"description\":\"Radio Quijano 99.9 MHz\",\"potentialAction\":[{\"@type\":\"SearchAction\",\"target\":{\"@type\":\"EntryPoint\",\"urlTemplate\":\"https:\/\/nahuelproducciones.com.ar\/radioquijano\/?s={search_term_string}\"},\"query-input\":\"required name=search_term_string\"}],\"inLanguage\":\"es\"},{\"@type\":\"Person\",\"@id\":\"https:\/\/nahuelproducciones.com.ar\/radioquijano\/#\/schema\/person\/e8a4f939e2cb487fe6d0c54042c9d32c\",\"name\":\"Cecilia Pastrana\",\"image\":{\"@type\":\"ImageObject\",\"inLanguage\":\"es\",\"@id\":\"https:\/\/nahuelproducciones.com.ar\/radioquijano\/#\/schema\/person\/image\/\",\"url\":\"https:\/\/secure.gravatar.com\/avatar\/661a3ef63a8488d4f2794ed44af8cf71420f7e106f3072c40125114df5157749?s=96&d=mm&r=g\",\"contentUrl\":\"https:\/\/secure.gravatar.com\/avatar\/661a3ef63a8488d4f2794ed44af8cf71420f7e106f3072c40125114df5157749?s=96&d=mm&r=g\",\"caption\":\"Cecilia Pastrana\"},\"sameAs\":[\"cecy\"],\"url\":\"https:\/\/nahuelproducciones.com.ar\/radioquijano\/author\/cecy\/\"}]}<\/script>\n<!-- \/ Yoast SEO plugin. -->","yoast_head_json":{"title":"UPATECO: dictar\u00e1n cursos gratuitos de formaci\u00f3n en Campo Quijano. - RQ 99.9","description":"Tienen una duraci\u00f3n de dos meses y son con cupos limitados.","robots":{"index":"index","follow":"follow","max-snippet":"max-snippet:-1","max-image-preview":"max-image-preview:large","max-video-preview":"max-video-preview:-1"},"canonical":"https:\/\/nahuelproducciones.com.ar\/radioquijano\/upateco-dictaran-cursos-gratuitos-de-formacion-en-campo-quijano\/","og_locale":"es_ES","og_type":"article","og_title":"UPATECO: dictar\u00e1n cursos gratuitos de formaci\u00f3n en Campo Quijano. - RQ 99.9","og_description":"Tienen una duraci\u00f3n de dos meses y son con cupos limitados.","og_url":"https:\/\/nahuelproducciones.com.ar\/radioquijano\/upateco-dictaran-cursos-gratuitos-de-formacion-en-campo-quijano\/","og_site_name":"RQ 99.9","article_publisher":"https:\/\/www.facebook.com\/nahuelproducciones999\/","article_published_time":"2024-08-13T01:03:10+00:00","og_image":[{"width":700,"height":266,"url":"https:\/\/nahuelproducciones.com.ar\/radioquijano\/wp-content\/uploads\/2024\/08\/295408211_2464040983894387_7193945044044565315_n-e1723510716827.png","type":"image\/png"}],"author":"Cecilia Pastrana","twitter_card":"summary_large_image","twitter_creator":"@nahuproduciones","twitter_site":"@nahuproduciones","twitter_misc":{"Escrito por":"Cecilia Pastrana","Tiempo de lectura":"2 minutos"},"schema":{"@context":"https:\/\/schema.org","@graph":[{"@type":"WebPage","@id":"https:\/\/nahuelproducciones.com.ar\/radioquijano\/upateco-dictaran-cursos-gratuitos-de-formacion-en-campo-quijano\/","url":"https:\/\/nahuelproducciones.com.ar\/radioquijano\/upateco-dictaran-cursos-gratuitos-de-formacion-en-campo-quijano\/","name":"UPATECO: dictar\u00e1n cursos gratuitos de formaci\u00f3n en Campo Quijano. - RQ 99.9","isPartOf":{"@id":"https:\/\/nahuelproducciones.com.ar\/radioquijano\/#website"},"datePublished":"2024-08-13T01:03:10+00:00","dateModified":"2024-08-13T01:03:10+00:00","author":{"@id":"https:\/\/nahuelproducciones.com.ar\/radioquijano\/#\/schema\/person\/e8a4f939e2cb487fe6d0c54042c9d32c"},"description":"Tienen una duraci\u00f3n de dos meses y son con cupos limitados.","breadcrumb":{"@id":"https:\/\/nahuelproducciones.com.ar\/radioquijano\/upateco-dictaran-cursos-gratuitos-de-formacion-en-campo-quijano\/#breadcrumb"},"inLanguage":"es","potentialAction":[{"@type":"ReadAction","target":["https:\/\/nahuelproducciones.com.ar\/radioquijano\/upateco-dictaran-cursos-gratuitos-de-formacion-en-campo-quijano\/"]}]},{"@type":"BreadcrumbList","@id":"https:\/\/nahuelproducciones.com.ar\/radioquijano\/upateco-dictaran-cursos-gratuitos-de-formacion-en-campo-quijano\/#breadcrumb","itemListElement":[{"@type":"ListItem","position":1,"name":"Portada","item":"https:\/\/nahuelproducciones.com.ar\/radioquijano\/"},{"@type":"ListItem","position":2,"name":"UPATECO: dictar\u00e1n cursos gratuitos de formaci\u00f3n en Campo Quijano."}]},{"@type":"WebSite","@id":"https:\/\/nahuelproducciones.com.ar\/radioquijano\/#website","url":"https:\/\/nahuelproducciones.com.ar\/radioquijano\/","name":"RQ 99.9","description":"Radio Quijano 99.9 MHz","potentialAction":[{"@type":"SearchAction","target":{"@type":"EntryPoint","urlTemplate":"https:\/\/nahuelproducciones.com.ar\/radioquijano\/?s={search_term_string}"},"query-input":"required name=search_term_string"}],"inLanguage":"es"},{"@type":"Person","@id":"https:\/\/nahuelproducciones.com.ar\/radioquijano\/#\/schema\/person\/e8a4f939e2cb487fe6d0c54042c9d32c","name":"Cecilia Pastrana","image":{"@type":"ImageObject","inLanguage":"es","@id":"https:\/\/nahuelproducciones.com.ar\/radioquijano\/#\/schema\/person\/image\/","url":"https:\/\/secure.gravatar.com\/avatar\/661a3ef63a8488d4f2794ed44af8cf71420f7e106f3072c40125114df5157749?s=96&d=mm&r=g","contentUrl":"https:\/\/secure.gravatar.com\/avatar\/661a3ef63a8488d4f2794ed44af8cf71420f7e106f3072c40125114df5157749?s=96&d=mm&r=g","caption":"Cecilia Pastrana"},"sameAs":["cecy"],"url":"https:\/\/nahuelproducciones.com.ar\/radioquijano\/author\/cecy\/"}]}},"_links":{"self":[{"href":"https:\/\/nahuelproducciones.com.ar\/radioquijano\/wp-json\/wp\/v2\/posts\/8645","targetHints":{"allow":["GET"]}}],"collection":[{"href":"https:\/\/nahuelproducciones.com.ar\/radioquijano\/wp-json\/wp\/v2\/posts"}],"about":[{"href":"https:\/\/nahuelproducciones.com.ar\/radioquijano\/wp-json\/wp\/v2\/types\/post"}],"author":[{"embeddable":true,"href":"https:\/\/nahuelproducciones.com.ar\/radioquijano\/wp-json\/wp\/v2\/users\/8"}],"replies":[{"embeddable":true,"href":"https:\/\/nahuelproducciones.com.ar\/radioquijano\/wp-json\/wp\/v2\/comments?post=8645"}],"version-history":[{"count":1,"href":"https:\/\/nahuelproducciones.com.ar\/radioquijano\/wp-json\/wp\/v2\/posts\/8645\/revisions"}],"predecessor-version":[{"id":8648,"href":"https:\/\/nahuelproducciones.com.ar\/radioquijano\/wp-json\/wp\/v2\/posts\/8645\/revisions\/8648"}],"wp:featuredmedia":[{"embeddable":true,"href":"https:\/\/nahuelproducciones.com.ar\/radioquijano\/wp-json\/wp\/v2\/media\/8646"}],"wp:attachment":[{"href":"https:\/\/nahuelproducciones.com.ar\/radioquijano\/wp-json\/wp\/v2\/media?parent=8645"}],"wp:term":[{"taxonomy":"category","embeddable":true,"href":"https:\/\/nahuelproducciones.com.ar\/radioquijano\/wp-json\/wp\/v2\/categories?post=8645"},{"taxonomy":"post_tag","embeddable":true,"href":"https:\/\/nahuelproducciones.com.ar\/radioquijano\/wp-json\/wp\/v2\/tags?post=8645"}],"curies":[{"name":"wp","href":"https:\/\/api.w.org\/{rel}","templated":true}]}}