{"id":8649,"date":"2024-08-14T23:39:04","date_gmt":"2024-08-15T02:39:04","guid":{"rendered":"https:\/\/nahuelproducciones.com.ar\/radioquijano\/?p=8649"},"modified":"2024-08-14T23:39:05","modified_gmt":"2024-08-15T02:39:05","slug":"2-encuentro-de-jovenes-referentes-municipales","status":"publish","type":"post","link":"https:\/\/nahuelproducciones.com.ar\/radioquijano\/2-encuentro-de-jovenes-referentes-municipales\/","title":{"rendered":"2\u00b0 Encuentro de J\u00f3venes Referentes Municipales"},"content":{"rendered":"\n<p>En el marco de las pol\u00edticas p\u00fablicas destinadas a los j\u00f3venes desde el Ministerio de Desarrollo Social, se desarroll\u00f3 el segundo encuentro de j\u00f3venes referentes municipales. Del mismo participaron m\u00e1s de 40 directores de la juventud de toda la provincia.<\/p>\n\n\n\n<p>La actividad organizada por el director de la Agencia de la Juventud,&nbsp;<strong>Tane Da Souza<\/strong>&nbsp;inform\u00f3 que en esta ocasi\u00f3n se realiz\u00f3 una evaluaci\u00f3n del primer semestre y la planificaci\u00f3n de la agenda de trabajo correspondiente al siguiente semestre.<\/p>\n\n\n<div class=\"wp-block-image\">\n<figure class=\"aligncenter is-resized\"><a href=\"https:\/\/www.salta.gob.ar\/public\/images\/noticias\/contenidos\/13467-mas-de-40-municipios-participaron-del-2-encuentro-de-jovenes-referentes-municipales.jpeg\"><img loading=\"lazy\" decoding=\"async\" src=\"https:\/\/www.salta.gob.ar\/public\/images\/noticias\/contenidos\/13467-mas-de-40-municipios-participaron-del-2-encuentro-de-jovenes-referentes-municipales.jpeg\" alt=\"M\u00e1s de 40 municipios participaron del 2\u00b0 Encuentro de J\u00f3venes Referentes Municipales\" width=\"629\" height=\"353\"\/><\/a><\/figure><\/div>\n\n\n<p>Acompa\u00f1\u00f3 este encuentro el Subsecretario de Gesti\u00f3n Cultural, Miguel Angel Dallacamina en el Sal\u00f3n de Capacitaciones de UPCN.<\/p>\n\n\n\n<p>Por su parte Da Souza resalt\u00f3 que se hizo una evaluaci\u00f3n en base a los cuatro ejes con los que se viene trabajando como; Fortalecimiento Institucional, Participaci\u00f3n, Bienestar Juvenil y Oportunidades.<\/p>\n\n\n\n<p>Los municipios que participaron fueron:&nbsp;Chicoana, La Merced, EL Carril, Campo Quijano, Rosario de la Frontera, El Quebrachal, Guachipas, Rosario de Lerma, Mosconi, Coronel Moldes, El Jard\u00edn, Iruya, Colonia Santa Rosa, Aguaray, Urundel, Tartagal, Met\u00e1n, Cafayate, San Carlos, Las Lajitas, Campo Santo, Pichanal, Cerrillos, La Caldera, El Tala, San Antonio de los Cobres, La Candelaria, Apolinario Saravia, Salvador Mazza, Or\u00e1n, R\u00edo Piedras, Cachi, Hip\u00f3lito Yrigoyen, Nazareno, El Bordo, Gral. G\u00fcemes, Capital.&nbsp;<\/p>\n\n\n\n<hr class=\"wp-block-separator has-alpha-channel-opacity\"\/>\n\n\n\n<p>Fuente:&nbsp;<strong>Secretar\u00eda de Prensa y Comunicaci\u00f3n<\/strong><\/p>\n","protected":false},"excerpt":{"rendered":"<p>En el marco de las pol\u00edticas p\u00fablicas destinadas a los j\u00f3venes desde el Ministerio de Desarrollo Social, se desarroll\u00f3 el segundo encuentro de j\u00f3venes referentes municipales. Del mismo participaron m\u00e1s de 40 directores de la juventud de toda la provincia. La actividad organizada por el director de la Agencia de la Juventud,&nbsp;Tane Da Souza&nbsp;inform\u00f3 que [&hellip;]<\/p>\n","protected":false},"author":8,"featured_media":8650,"comment_status":"open","ping_status":"open","sticky":false,"template":"","format":"standard","meta":{"_monsterinsights_skip_tracking":false,"_monsterinsights_sitenote_active":false,"_monsterinsights_sitenote_note":"","_monsterinsights_sitenote_category":0,"footnotes":""},"categories":[16],"tags":[1611,100],"class_list":["post-8649","post","type-post","status-publish","format-standard","has-post-thumbnail","hentry","category-noticias","tag-jovenes-referentes-municipales","tag-municipio-de-campo-quijano"],"yoast_head":"<!-- This site is optimized with the Yoast SEO plugin v20.8 - https:\/\/yoast.com\/wordpress\/plugins\/seo\/ -->\n<title>2\u00b0 Encuentro de J\u00f3venes Referentes Municipales - RQ 99.9<\/title>\n<meta name=\"description\" content=\"Se realiz\u00f3 una evaluaci\u00f3n del primer semestre y la planificaci\u00f3n de la agenda de trabajo correspondiente al siguiente semestre.\" \/>\n<meta name=\"robots\" content=\"index, follow, max-snippet:-1, max-image-preview:large, max-video-preview:-1\" \/>\n<link rel=\"canonical\" href=\"https:\/\/nahuelproducciones.com.ar\/radioquijano\/2-encuentro-de-jovenes-referentes-municipales\/\" \/>\n<meta property=\"og:locale\" content=\"es_ES\" \/>\n<meta property=\"og:type\" content=\"article\" \/>\n<meta property=\"og:title\" content=\"2\u00b0 Encuentro de J\u00f3venes Referentes Municipales - RQ 99.9\" \/>\n<meta property=\"og:description\" content=\"Se realiz\u00f3 una evaluaci\u00f3n del primer semestre y la planificaci\u00f3n de la agenda de trabajo correspondiente al siguiente semestre.\" \/>\n<meta property=\"og:url\" content=\"https:\/\/nahuelproducciones.com.ar\/radioquijano\/2-encuentro-de-jovenes-referentes-municipales\/\" \/>\n<meta property=\"og:site_name\" content=\"RQ 99.9\" \/>\n<meta property=\"article:publisher\" content=\"https:\/\/www.facebook.com\/nahuelproducciones999\/\" \/>\n<meta property=\"article:published_time\" content=\"2024-08-15T02:39:04+00:00\" \/>\n<meta property=\"article:modified_time\" content=\"2024-08-15T02:39:05+00:00\" \/>\n<meta property=\"og:image\" content=\"https:\/\/nahuelproducciones.com.ar\/radioquijano\/wp-content\/uploads\/2024\/08\/97231-mas-de-40-municipios-participaron-del-2-encuentro-de-jovenes-referentes-municipales-e1723689528720.jpeg\" \/>\n\t<meta property=\"og:image:width\" content=\"700\" \/>\n\t<meta property=\"og:image:height\" content=\"394\" \/>\n\t<meta property=\"og:image:type\" content=\"image\/jpeg\" \/>\n<meta name=\"author\" content=\"Cecilia Pastrana\" \/>\n<meta name=\"twitter:card\" content=\"summary_large_image\" \/>\n<meta name=\"twitter:creator\" content=\"@nahuproduciones\" \/>\n<meta name=\"twitter:site\" content=\"@nahuproduciones\" \/>\n<meta name=\"twitter:label1\" content=\"Escrito por\" \/>\n\t<meta name=\"twitter:data1\" content=\"Cecilia Pastrana\" \/>\n\t<meta name=\"twitter:label2\" content=\"Tiempo de lectura\" \/>\n\t<meta name=\"twitter:data2\" content=\"2 minutos\" \/>\n<script type=\"application\/ld+json\" class=\"yoast-schema-graph\">{\"@context\":\"https:\/\/schema.org\",\"@graph\":[{\"@type\":\"WebPage\",\"@id\":\"https:\/\/nahuelproducciones.com.ar\/radioquijano\/2-encuentro-de-jovenes-referentes-municipales\/\",\"url\":\"https:\/\/nahuelproducciones.com.ar\/radioquijano\/2-encuentro-de-jovenes-referentes-municipales\/\",\"name\":\"2\u00b0 Encuentro de J\u00f3venes Referentes Municipales - RQ 99.9\",\"isPartOf\":{\"@id\":\"https:\/\/nahuelproducciones.com.ar\/radioquijano\/#website\"},\"datePublished\":\"2024-08-15T02:39:04+00:00\",\"dateModified\":\"2024-08-15T02:39:05+00:00\",\"author\":{\"@id\":\"https:\/\/nahuelproducciones.com.ar\/radioquijano\/#\/schema\/person\/e8a4f939e2cb487fe6d0c54042c9d32c\"},\"description\":\"Se realiz\u00f3 una evaluaci\u00f3n del primer semestre y la planificaci\u00f3n de la agenda de trabajo correspondiente al siguiente semestre.\",\"breadcrumb\":{\"@id\":\"https:\/\/nahuelproducciones.com.ar\/radioquijano\/2-encuentro-de-jovenes-referentes-municipales\/#breadcrumb\"},\"inLanguage\":\"es\",\"potentialAction\":[{\"@type\":\"ReadAction\",\"target\":[\"https:\/\/nahuelproducciones.com.ar\/radioquijano\/2-encuentro-de-jovenes-referentes-municipales\/\"]}]},{\"@type\":\"BreadcrumbList\",\"@id\":\"https:\/\/nahuelproducciones.com.ar\/radioquijano\/2-encuentro-de-jovenes-referentes-municipales\/#breadcrumb\",\"itemListElement\":[{\"@type\":\"ListItem\",\"position\":1,\"name\":\"Portada\",\"item\":\"https:\/\/nahuelproducciones.com.ar\/radioquijano\/\"},{\"@type\":\"ListItem\",\"position\":2,\"name\":\"2\u00b0 Encuentro de J\u00f3venes Referentes Municipales\"}]},{\"@type\":\"WebSite\",\"@id\":\"https:\/\/nahuelproducciones.com.ar\/radioquijano\/#website\",\"url\":\"https:\/\/nahuelproducciones.com.ar\/radioquijano\/\",\"name\":\"RQ 99.9\",\"description\":\"Radio Quijano 99.9 MHz\",\"potentialAction\":[{\"@type\":\"SearchAction\",\"target\":{\"@type\":\"EntryPoint\",\"urlTemplate\":\"https:\/\/nahuelproducciones.com.ar\/radioquijano\/?s={search_term_string}\"},\"query-input\":\"required name=search_term_string\"}],\"inLanguage\":\"es\"},{\"@type\":\"Person\",\"@id\":\"https:\/\/nahuelproducciones.com.ar\/radioquijano\/#\/schema\/person\/e8a4f939e2cb487fe6d0c54042c9d32c\",\"name\":\"Cecilia Pastrana\",\"image\":{\"@type\":\"ImageObject\",\"inLanguage\":\"es\",\"@id\":\"https:\/\/nahuelproducciones.com.ar\/radioquijano\/#\/schema\/person\/image\/\",\"url\":\"https:\/\/secure.gravatar.com\/avatar\/661a3ef63a8488d4f2794ed44af8cf71420f7e106f3072c40125114df5157749?s=96&d=mm&r=g\",\"contentUrl\":\"https:\/\/secure.gravatar.com\/avatar\/661a3ef63a8488d4f2794ed44af8cf71420f7e106f3072c40125114df5157749?s=96&d=mm&r=g\",\"caption\":\"Cecilia Pastrana\"},\"sameAs\":[\"cecy\"],\"url\":\"https:\/\/nahuelproducciones.com.ar\/radioquijano\/author\/cecy\/\"}]}<\/script>\n<!-- \/ Yoast SEO plugin. -->","yoast_head_json":{"title":"2\u00b0 Encuentro de J\u00f3venes Referentes Municipales - RQ 99.9","description":"Se realiz\u00f3 una evaluaci\u00f3n del primer semestre y la planificaci\u00f3n de la agenda de trabajo correspondiente al siguiente semestre.","robots":{"index":"index","follow":"follow","max-snippet":"max-snippet:-1","max-image-preview":"max-image-preview:large","max-video-preview":"max-video-preview:-1"},"canonical":"https:\/\/nahuelproducciones.com.ar\/radioquijano\/2-encuentro-de-jovenes-referentes-municipales\/","og_locale":"es_ES","og_type":"article","og_title":"2\u00b0 Encuentro de J\u00f3venes Referentes Municipales - RQ 99.9","og_description":"Se realiz\u00f3 una evaluaci\u00f3n del primer semestre y la planificaci\u00f3n de la agenda de trabajo correspondiente al siguiente semestre.","og_url":"https:\/\/nahuelproducciones.com.ar\/radioquijano\/2-encuentro-de-jovenes-referentes-municipales\/","og_site_name":"RQ 99.9","article_publisher":"https:\/\/www.facebook.com\/nahuelproducciones999\/","article_published_time":"2024-08-15T02:39:04+00:00","article_modified_time":"2024-08-15T02:39:05+00:00","og_image":[{"width":700,"height":394,"url":"https:\/\/nahuelproducciones.com.ar\/radioquijano\/wp-content\/uploads\/2024\/08\/97231-mas-de-40-municipios-participaron-del-2-encuentro-de-jovenes-referentes-municipales-e1723689528720.jpeg","type":"image\/jpeg"}],"author":"Cecilia Pastrana","twitter_card":"summary_large_image","twitter_creator":"@nahuproduciones","twitter_site":"@nahuproduciones","twitter_misc":{"Escrito por":"Cecilia Pastrana","Tiempo de lectura":"2 minutos"},"schema":{"@context":"https:\/\/schema.org","@graph":[{"@type":"WebPage","@id":"https:\/\/nahuelproducciones.com.ar\/radioquijano\/2-encuentro-de-jovenes-referentes-municipales\/","url":"https:\/\/nahuelproducciones.com.ar\/radioquijano\/2-encuentro-de-jovenes-referentes-municipales\/","name":"2\u00b0 Encuentro de J\u00f3venes Referentes Municipales - RQ 99.9","isPartOf":{"@id":"https:\/\/nahuelproducciones.com.ar\/radioquijano\/#website"},"datePublished":"2024-08-15T02:39:04+00:00","dateModified":"2024-08-15T02:39:05+00:00","author":{"@id":"https:\/\/nahuelproducciones.com.ar\/radioquijano\/#\/schema\/person\/e8a4f939e2cb487fe6d0c54042c9d32c"},"description":"Se realiz\u00f3 una evaluaci\u00f3n del primer semestre y la planificaci\u00f3n de la agenda de trabajo correspondiente al siguiente semestre.","breadcrumb":{"@id":"https:\/\/nahuelproducciones.com.ar\/radioquijano\/2-encuentro-de-jovenes-referentes-municipales\/#breadcrumb"},"inLanguage":"es","potentialAction":[{"@type":"ReadAction","target":["https:\/\/nahuelproducciones.com.ar\/radioquijano\/2-encuentro-de-jovenes-referentes-municipales\/"]}]},{"@type":"BreadcrumbList","@id":"https:\/\/nahuelproducciones.com.ar\/radioquijano\/2-encuentro-de-jovenes-referentes-municipales\/#breadcrumb","itemListElement":[{"@type":"ListItem","position":1,"name":"Portada","item":"https:\/\/nahuelproducciones.com.ar\/radioquijano\/"},{"@type":"ListItem","position":2,"name":"2\u00b0 Encuentro de J\u00f3venes Referentes Municipales"}]},{"@type":"WebSite","@id":"https:\/\/nahuelproducciones.com.ar\/radioquijano\/#website","url":"https:\/\/nahuelproducciones.com.ar\/radioquijano\/","name":"RQ 99.9","description":"Radio Quijano 99.9 MHz","potentialAction":[{"@type":"SearchAction","target":{"@type":"EntryPoint","urlTemplate":"https:\/\/nahuelproducciones.com.ar\/radioquijano\/?s={search_term_string}"},"query-input":"required name=search_term_string"}],"inLanguage":"es"},{"@type":"Person","@id":"https:\/\/nahuelproducciones.com.ar\/radioquijano\/#\/schema\/person\/e8a4f939e2cb487fe6d0c54042c9d32c","name":"Cecilia Pastrana","image":{"@type":"ImageObject","inLanguage":"es","@id":"https:\/\/nahuelproducciones.com.ar\/radioquijano\/#\/schema\/person\/image\/","url":"https:\/\/secure.gravatar.com\/avatar\/661a3ef63a8488d4f2794ed44af8cf71420f7e106f3072c40125114df5157749?s=96&d=mm&r=g","contentUrl":"https:\/\/secure.gravatar.com\/avatar\/661a3ef63a8488d4f2794ed44af8cf71420f7e106f3072c40125114df5157749?s=96&d=mm&r=g","caption":"Cecilia Pastrana"},"sameAs":["cecy"],"url":"https:\/\/nahuelproducciones.com.ar\/radioquijano\/author\/cecy\/"}]}},"_links":{"self":[{"href":"https:\/\/nahuelproducciones.com.ar\/radioquijano\/wp-json\/wp\/v2\/posts\/8649","targetHints":{"allow":["GET"]}}],"collection":[{"href":"https:\/\/nahuelproducciones.com.ar\/radioquijano\/wp-json\/wp\/v2\/posts"}],"about":[{"href":"https:\/\/nahuelproducciones.com.ar\/radioquijano\/wp-json\/wp\/v2\/types\/post"}],"author":[{"embeddable":true,"href":"https:\/\/nahuelproducciones.com.ar\/radioquijano\/wp-json\/wp\/v2\/users\/8"}],"replies":[{"embeddable":true,"href":"https:\/\/nahuelproducciones.com.ar\/radioquijano\/wp-json\/wp\/v2\/comments?post=8649"}],"version-history":[{"count":1,"href":"https:\/\/nahuelproducciones.com.ar\/radioquijano\/wp-json\/wp\/v2\/posts\/8649\/revisions"}],"predecessor-version":[{"id":8651,"href":"https:\/\/nahuelproducciones.com.ar\/radioquijano\/wp-json\/wp\/v2\/posts\/8649\/revisions\/8651"}],"wp:featuredmedia":[{"embeddable":true,"href":"https:\/\/nahuelproducciones.com.ar\/radioquijano\/wp-json\/wp\/v2\/media\/8650"}],"wp:attachment":[{"href":"https:\/\/nahuelproducciones.com.ar\/radioquijano\/wp-json\/wp\/v2\/media?parent=8649"}],"wp:term":[{"taxonomy":"category","embeddable":true,"href":"https:\/\/nahuelproducciones.com.ar\/radioquijano\/wp-json\/wp\/v2\/categories?post=8649"},{"taxonomy":"post_tag","embeddable":true,"href":"https:\/\/nahuelproducciones.com.ar\/radioquijano\/wp-json\/wp\/v2\/tags?post=8649"}],"curies":[{"name":"wp","href":"https:\/\/api.w.org\/{rel}","templated":true}]}}