{"id":8659,"date":"2024-08-15T09:55:43","date_gmt":"2024-08-15T12:55:43","guid":{"rendered":"https:\/\/nahuelproducciones.com.ar\/radioquijano\/?p=8659"},"modified":"2024-08-15T09:55:43","modified_gmt":"2024-08-15T12:55:43","slug":"diputados-dio-media-sancion-al-proyecto-que-declara-a-la-educacion-como-servicio-estrategico-esencial","status":"publish","type":"post","link":"https:\/\/nahuelproducciones.com.ar\/radioquijano\/diputados-dio-media-sancion-al-proyecto-que-declara-a-la-educacion-como-servicio-estrategico-esencial\/","title":{"rendered":"\u00a0Diputados dio media sanci\u00f3n  al proyecto que declara a la educaci\u00f3n como \u201cServicio Estrat\u00e9gico Esencial\u201d."},"content":{"rendered":"\n<p>La C\u00e1mara de Diputados dio media sanci\u00f3n esta madrugada al proyecto que declara a la educaci\u00f3n como \u201cServicio Estrat\u00e9gico Esencial\u201d, con 131 votos a favor, 95 en contra y dos abstenciones.<\/p>\n\n\n\n<p>El proyecto garantiza los 180 d\u00edas de clases en las escuelas p\u00fablicas del pa\u00eds y evita que los alumnos pierdan d\u00edas de clases por los paros docentes.<\/p>\n\n\n\n<p>Establece que el Estado Nacional y las provincias deber\u00e1n garantizar el ejercicio del derecho a la educaci\u00f3n en todo el ciclo lectivo escolar durante los d\u00edas de clases afectados por medidas de acci\u00f3n directa, indirecta, paro o huelga docente y no docente y deber\u00e1n establecer un sistema de guardias m\u00ednimas obligatorias.<\/p>\n\n\n\n<p>Al abrir el debate, el presidente de la comisi\u00f3n de Educaci\u00f3n, Alejandro Finocchiaro, dijo que \u201ceste proyecto beneficia a toda la sociedad. Pone en el centro del debate educativo a los chicos, sin los cuales no habr\u00eda sistema educativo. Tenemos que encontrar un equilibrio entre el derecho a educarse y el derecho a huelga\u201d.<\/p>\n\n\n\n<p>Se pasa el proyecto a la C\u00e1mara de Senadores.<\/p>\n","protected":false},"excerpt":{"rendered":"<p>La C\u00e1mara de Diputados dio media sanci\u00f3n esta madrugada al proyecto que declara a la educaci\u00f3n como \u201cServicio Estrat\u00e9gico Esencial\u201d, con 131 votos a favor, 95 en contra y dos abstenciones. El proyecto garantiza los 180 d\u00edas de clases en las escuelas p\u00fablicas del pa\u00eds y evita que los alumnos pierdan d\u00edas de clases por [&hellip;]<\/p>\n","protected":false},"author":8,"featured_media":8660,"comment_status":"open","ping_status":"open","sticky":false,"template":"","format":"standard","meta":{"_monsterinsights_skip_tracking":false,"_monsterinsights_sitenote_active":false,"_monsterinsights_sitenote_note":"","_monsterinsights_sitenote_category":0,"footnotes":""},"categories":[16],"tags":[95,100],"class_list":["post-8659","post","type-post","status-publish","format-standard","has-post-thumbnail","hentry","category-noticias","tag-camara-de-diputados","tag-municipio-de-campo-quijano"],"yoast_head":"<!-- This site is optimized with the Yoast SEO plugin v20.8 - https:\/\/yoast.com\/wordpress\/plugins\/seo\/ -->\n<title>\u00a0Diputados dio media sanci\u00f3n al proyecto que declara a la educaci\u00f3n como \u201cServicio Estrat\u00e9gico Esencial\u201d. - RQ 99.9<\/title>\n<meta name=\"description\" content=\"con 131 votos a favor, 95 en contra y dos abstenciones.\" \/>\n<meta name=\"robots\" content=\"index, follow, max-snippet:-1, max-image-preview:large, max-video-preview:-1\" \/>\n<link rel=\"canonical\" href=\"https:\/\/nahuelproducciones.com.ar\/radioquijano\/diputados-dio-media-sancion-al-proyecto-que-declara-a-la-educacion-como-servicio-estrategico-esencial\/\" \/>\n<meta property=\"og:locale\" content=\"es_ES\" \/>\n<meta property=\"og:type\" content=\"article\" \/>\n<meta property=\"og:title\" content=\"\u00a0Diputados dio media sanci\u00f3n al proyecto que declara a la educaci\u00f3n como \u201cServicio Estrat\u00e9gico Esencial\u201d. - RQ 99.9\" \/>\n<meta property=\"og:description\" content=\"con 131 votos a favor, 95 en contra y dos abstenciones.\" \/>\n<meta property=\"og:url\" content=\"https:\/\/nahuelproducciones.com.ar\/radioquijano\/diputados-dio-media-sancion-al-proyecto-que-declara-a-la-educacion-como-servicio-estrategico-esencial\/\" \/>\n<meta property=\"og:site_name\" content=\"RQ 99.9\" \/>\n<meta property=\"article:publisher\" content=\"https:\/\/www.facebook.com\/nahuelproducciones999\/\" \/>\n<meta property=\"article:published_time\" content=\"2024-08-15T12:55:43+00:00\" \/>\n<meta property=\"og:image\" content=\"https:\/\/nahuelproducciones.com.ar\/radioquijano\/wp-content\/uploads\/2024\/08\/WhatsApp-Image-2024-08-15-at-9.44.42-AM.jpeg\" \/>\n\t<meta property=\"og:image:width\" content=\"557\" \/>\n\t<meta property=\"og:image:height\" content=\"442\" \/>\n\t<meta property=\"og:image:type\" content=\"image\/jpeg\" \/>\n<meta name=\"author\" content=\"Cecilia Pastrana\" \/>\n<meta name=\"twitter:card\" content=\"summary_large_image\" \/>\n<meta name=\"twitter:creator\" content=\"@nahuproduciones\" \/>\n<meta name=\"twitter:site\" content=\"@nahuproduciones\" \/>\n<meta name=\"twitter:label1\" content=\"Escrito por\" \/>\n\t<meta name=\"twitter:data1\" content=\"Cecilia Pastrana\" \/>\n\t<meta name=\"twitter:label2\" content=\"Tiempo de lectura\" \/>\n\t<meta name=\"twitter:data2\" content=\"1 minuto\" \/>\n<script type=\"application\/ld+json\" class=\"yoast-schema-graph\">{\"@context\":\"https:\/\/schema.org\",\"@graph\":[{\"@type\":\"WebPage\",\"@id\":\"https:\/\/nahuelproducciones.com.ar\/radioquijano\/diputados-dio-media-sancion-al-proyecto-que-declara-a-la-educacion-como-servicio-estrategico-esencial\/\",\"url\":\"https:\/\/nahuelproducciones.com.ar\/radioquijano\/diputados-dio-media-sancion-al-proyecto-que-declara-a-la-educacion-como-servicio-estrategico-esencial\/\",\"name\":\"\u00a0Diputados dio media sanci\u00f3n al proyecto que declara a la educaci\u00f3n como \u201cServicio Estrat\u00e9gico Esencial\u201d. - RQ 99.9\",\"isPartOf\":{\"@id\":\"https:\/\/nahuelproducciones.com.ar\/radioquijano\/#website\"},\"datePublished\":\"2024-08-15T12:55:43+00:00\",\"dateModified\":\"2024-08-15T12:55:43+00:00\",\"author\":{\"@id\":\"https:\/\/nahuelproducciones.com.ar\/radioquijano\/#\/schema\/person\/e8a4f939e2cb487fe6d0c54042c9d32c\"},\"description\":\"con 131 votos a favor, 95 en contra y dos abstenciones.\",\"breadcrumb\":{\"@id\":\"https:\/\/nahuelproducciones.com.ar\/radioquijano\/diputados-dio-media-sancion-al-proyecto-que-declara-a-la-educacion-como-servicio-estrategico-esencial\/#breadcrumb\"},\"inLanguage\":\"es\",\"potentialAction\":[{\"@type\":\"ReadAction\",\"target\":[\"https:\/\/nahuelproducciones.com.ar\/radioquijano\/diputados-dio-media-sancion-al-proyecto-que-declara-a-la-educacion-como-servicio-estrategico-esencial\/\"]}]},{\"@type\":\"BreadcrumbList\",\"@id\":\"https:\/\/nahuelproducciones.com.ar\/radioquijano\/diputados-dio-media-sancion-al-proyecto-que-declara-a-la-educacion-como-servicio-estrategico-esencial\/#breadcrumb\",\"itemListElement\":[{\"@type\":\"ListItem\",\"position\":1,\"name\":\"Portada\",\"item\":\"https:\/\/nahuelproducciones.com.ar\/radioquijano\/\"},{\"@type\":\"ListItem\",\"position\":2,\"name\":\"\u00a0Diputados dio media sanci\u00f3n al proyecto que declara a la educaci\u00f3n como \u201cServicio Estrat\u00e9gico Esencial\u201d.\"}]},{\"@type\":\"WebSite\",\"@id\":\"https:\/\/nahuelproducciones.com.ar\/radioquijano\/#website\",\"url\":\"https:\/\/nahuelproducciones.com.ar\/radioquijano\/\",\"name\":\"RQ 99.9\",\"description\":\"Radio Quijano 99.9 MHz\",\"potentialAction\":[{\"@type\":\"SearchAction\",\"target\":{\"@type\":\"EntryPoint\",\"urlTemplate\":\"https:\/\/nahuelproducciones.com.ar\/radioquijano\/?s={search_term_string}\"},\"query-input\":\"required name=search_term_string\"}],\"inLanguage\":\"es\"},{\"@type\":\"Person\",\"@id\":\"https:\/\/nahuelproducciones.com.ar\/radioquijano\/#\/schema\/person\/e8a4f939e2cb487fe6d0c54042c9d32c\",\"name\":\"Cecilia Pastrana\",\"image\":{\"@type\":\"ImageObject\",\"inLanguage\":\"es\",\"@id\":\"https:\/\/nahuelproducciones.com.ar\/radioquijano\/#\/schema\/person\/image\/\",\"url\":\"https:\/\/secure.gravatar.com\/avatar\/661a3ef63a8488d4f2794ed44af8cf71420f7e106f3072c40125114df5157749?s=96&d=mm&r=g\",\"contentUrl\":\"https:\/\/secure.gravatar.com\/avatar\/661a3ef63a8488d4f2794ed44af8cf71420f7e106f3072c40125114df5157749?s=96&d=mm&r=g\",\"caption\":\"Cecilia Pastrana\"},\"sameAs\":[\"cecy\"],\"url\":\"https:\/\/nahuelproducciones.com.ar\/radioquijano\/author\/cecy\/\"}]}<\/script>\n<!-- \/ Yoast SEO plugin. -->","yoast_head_json":{"title":"\u00a0Diputados dio media sanci\u00f3n al proyecto que declara a la educaci\u00f3n como \u201cServicio Estrat\u00e9gico Esencial\u201d. - RQ 99.9","description":"con 131 votos a favor, 95 en contra y dos abstenciones.","robots":{"index":"index","follow":"follow","max-snippet":"max-snippet:-1","max-image-preview":"max-image-preview:large","max-video-preview":"max-video-preview:-1"},"canonical":"https:\/\/nahuelproducciones.com.ar\/radioquijano\/diputados-dio-media-sancion-al-proyecto-que-declara-a-la-educacion-como-servicio-estrategico-esencial\/","og_locale":"es_ES","og_type":"article","og_title":"\u00a0Diputados dio media sanci\u00f3n al proyecto que declara a la educaci\u00f3n como \u201cServicio Estrat\u00e9gico Esencial\u201d. - RQ 99.9","og_description":"con 131 votos a favor, 95 en contra y dos abstenciones.","og_url":"https:\/\/nahuelproducciones.com.ar\/radioquijano\/diputados-dio-media-sancion-al-proyecto-que-declara-a-la-educacion-como-servicio-estrategico-esencial\/","og_site_name":"RQ 99.9","article_publisher":"https:\/\/www.facebook.com\/nahuelproducciones999\/","article_published_time":"2024-08-15T12:55:43+00:00","og_image":[{"width":557,"height":442,"url":"https:\/\/nahuelproducciones.com.ar\/radioquijano\/wp-content\/uploads\/2024\/08\/WhatsApp-Image-2024-08-15-at-9.44.42-AM.jpeg","type":"image\/jpeg"}],"author":"Cecilia Pastrana","twitter_card":"summary_large_image","twitter_creator":"@nahuproduciones","twitter_site":"@nahuproduciones","twitter_misc":{"Escrito por":"Cecilia Pastrana","Tiempo de lectura":"1 minuto"},"schema":{"@context":"https:\/\/schema.org","@graph":[{"@type":"WebPage","@id":"https:\/\/nahuelproducciones.com.ar\/radioquijano\/diputados-dio-media-sancion-al-proyecto-que-declara-a-la-educacion-como-servicio-estrategico-esencial\/","url":"https:\/\/nahuelproducciones.com.ar\/radioquijano\/diputados-dio-media-sancion-al-proyecto-que-declara-a-la-educacion-como-servicio-estrategico-esencial\/","name":"\u00a0Diputados dio media sanci\u00f3n al proyecto que declara a la educaci\u00f3n como \u201cServicio Estrat\u00e9gico Esencial\u201d. - RQ 99.9","isPartOf":{"@id":"https:\/\/nahuelproducciones.com.ar\/radioquijano\/#website"},"datePublished":"2024-08-15T12:55:43+00:00","dateModified":"2024-08-15T12:55:43+00:00","author":{"@id":"https:\/\/nahuelproducciones.com.ar\/radioquijano\/#\/schema\/person\/e8a4f939e2cb487fe6d0c54042c9d32c"},"description":"con 131 votos a favor, 95 en contra y dos abstenciones.","breadcrumb":{"@id":"https:\/\/nahuelproducciones.com.ar\/radioquijano\/diputados-dio-media-sancion-al-proyecto-que-declara-a-la-educacion-como-servicio-estrategico-esencial\/#breadcrumb"},"inLanguage":"es","potentialAction":[{"@type":"ReadAction","target":["https:\/\/nahuelproducciones.com.ar\/radioquijano\/diputados-dio-media-sancion-al-proyecto-que-declara-a-la-educacion-como-servicio-estrategico-esencial\/"]}]},{"@type":"BreadcrumbList","@id":"https:\/\/nahuelproducciones.com.ar\/radioquijano\/diputados-dio-media-sancion-al-proyecto-que-declara-a-la-educacion-como-servicio-estrategico-esencial\/#breadcrumb","itemListElement":[{"@type":"ListItem","position":1,"name":"Portada","item":"https:\/\/nahuelproducciones.com.ar\/radioquijano\/"},{"@type":"ListItem","position":2,"name":"\u00a0Diputados dio media sanci\u00f3n al proyecto que declara a la educaci\u00f3n como \u201cServicio Estrat\u00e9gico Esencial\u201d."}]},{"@type":"WebSite","@id":"https:\/\/nahuelproducciones.com.ar\/radioquijano\/#website","url":"https:\/\/nahuelproducciones.com.ar\/radioquijano\/","name":"RQ 99.9","description":"Radio Quijano 99.9 MHz","potentialAction":[{"@type":"SearchAction","target":{"@type":"EntryPoint","urlTemplate":"https:\/\/nahuelproducciones.com.ar\/radioquijano\/?s={search_term_string}"},"query-input":"required name=search_term_string"}],"inLanguage":"es"},{"@type":"Person","@id":"https:\/\/nahuelproducciones.com.ar\/radioquijano\/#\/schema\/person\/e8a4f939e2cb487fe6d0c54042c9d32c","name":"Cecilia Pastrana","image":{"@type":"ImageObject","inLanguage":"es","@id":"https:\/\/nahuelproducciones.com.ar\/radioquijano\/#\/schema\/person\/image\/","url":"https:\/\/secure.gravatar.com\/avatar\/661a3ef63a8488d4f2794ed44af8cf71420f7e106f3072c40125114df5157749?s=96&d=mm&r=g","contentUrl":"https:\/\/secure.gravatar.com\/avatar\/661a3ef63a8488d4f2794ed44af8cf71420f7e106f3072c40125114df5157749?s=96&d=mm&r=g","caption":"Cecilia Pastrana"},"sameAs":["cecy"],"url":"https:\/\/nahuelproducciones.com.ar\/radioquijano\/author\/cecy\/"}]}},"_links":{"self":[{"href":"https:\/\/nahuelproducciones.com.ar\/radioquijano\/wp-json\/wp\/v2\/posts\/8659","targetHints":{"allow":["GET"]}}],"collection":[{"href":"https:\/\/nahuelproducciones.com.ar\/radioquijano\/wp-json\/wp\/v2\/posts"}],"about":[{"href":"https:\/\/nahuelproducciones.com.ar\/radioquijano\/wp-json\/wp\/v2\/types\/post"}],"author":[{"embeddable":true,"href":"https:\/\/nahuelproducciones.com.ar\/radioquijano\/wp-json\/wp\/v2\/users\/8"}],"replies":[{"embeddable":true,"href":"https:\/\/nahuelproducciones.com.ar\/radioquijano\/wp-json\/wp\/v2\/comments?post=8659"}],"version-history":[{"count":1,"href":"https:\/\/nahuelproducciones.com.ar\/radioquijano\/wp-json\/wp\/v2\/posts\/8659\/revisions"}],"predecessor-version":[{"id":8661,"href":"https:\/\/nahuelproducciones.com.ar\/radioquijano\/wp-json\/wp\/v2\/posts\/8659\/revisions\/8661"}],"wp:featuredmedia":[{"embeddable":true,"href":"https:\/\/nahuelproducciones.com.ar\/radioquijano\/wp-json\/wp\/v2\/media\/8660"}],"wp:attachment":[{"href":"https:\/\/nahuelproducciones.com.ar\/radioquijano\/wp-json\/wp\/v2\/media?parent=8659"}],"wp:term":[{"taxonomy":"category","embeddable":true,"href":"https:\/\/nahuelproducciones.com.ar\/radioquijano\/wp-json\/wp\/v2\/categories?post=8659"},{"taxonomy":"post_tag","embeddable":true,"href":"https:\/\/nahuelproducciones.com.ar\/radioquijano\/wp-json\/wp\/v2\/tags?post=8659"}],"curies":[{"name":"wp","href":"https:\/\/api.w.org\/{rel}","templated":true}]}}