{"id":8662,"date":"2024-08-15T10:04:22","date_gmt":"2024-08-15T13:04:22","guid":{"rendered":"https:\/\/nahuelproducciones.com.ar\/radioquijano\/?p=8662"},"modified":"2024-08-15T10:04:23","modified_gmt":"2024-08-15T13:04:23","slug":"advierten-sobre-capacitaciones-no-aprobadas-por-el-ministerio-de-educacion","status":"publish","type":"post","link":"https:\/\/nahuelproducciones.com.ar\/radioquijano\/advierten-sobre-capacitaciones-no-aprobadas-por-el-ministerio-de-educacion\/","title":{"rendered":"Advierten sobre capacitaciones no aprobadas por el Ministerio de Educaci\u00f3n"},"content":{"rendered":"\n<p>Miembros de las Juntas Calificadoras de M\u00e9ritos y Disciplina se\u00f1alaron que durante el periodo de inscripci\u00f3n algunos de los docentes que aspiran a la cobertura de cargos u horas c\u00e1tedras interinos y suplentes para el ciclo lectivo 2025 presentaron certificaciones que no se ajustan a la reglamentaci\u00f3n vigente, por no haber obtenido el reconocimiento oficial que se exige por&nbsp;<a href=\"https:\/\/www.edusalta.gov.ar\/index.php\/docentes\/normativa-educativa\/resoluciones\/6568-res-min-n-332-24\">Resoluci\u00f3n Ministerial N\u00ba 332\/24<\/a>&nbsp;que rige desde el 29 de marzo del corriente.<\/p>\n\n\n\n<p>Para que la acci\u00f3n de capacitaci\u00f3n tenga una resoluci\u00f3n ministerial implica que pas\u00f3 por instancias de evaluaci\u00f3n de los proyectos por parte de la Secretar\u00eda de Planeamiento Educativo y Desarrollo Profesional Docente. Asimismo, se verific\u00f3 la presentaci\u00f3n de certificaciones emitidas con fecha anterior a la publicada por el organismo oferente en sus p\u00e1ginas oficiales.<\/p>\n\n\n\n<p>Tambi\u00e9n se detectaron casos en los que se requer\u00eda la presentaci\u00f3n de certificados de conducci\u00f3n de alumnos, los que deben ser refrendados por el director del establecimiento donde el docente presta sus servicios, que no cumplir\u00edan con este requisito.<\/p>\n\n\n\n<p>Por lo tanto, en estos casos, el\/la docente no contar\u00e1 con el puntaje que obtendr\u00eda por esa capacitaci\u00f3n o certificaci\u00f3n obtenida, quedando abierta la posibilidad de adoptar medidas por parte del Ministerio para con las organizaciones que dictaron estas capacitaciones.<\/p>\n\n\n\n<p>\u00a0Fuente:\u00a0Prensa MECCyT<\/p>\n","protected":false},"excerpt":{"rendered":"<p>Miembros de las Juntas Calificadoras de M\u00e9ritos y Disciplina se\u00f1alaron que durante el periodo de inscripci\u00f3n algunos de los docentes que aspiran a la cobertura de cargos u horas c\u00e1tedras interinos y suplentes para el ciclo lectivo 2025 presentaron certificaciones que no se ajustan a la reglamentaci\u00f3n vigente, por no haber obtenido el reconocimiento oficial [&hellip;]<\/p>\n","protected":false},"author":8,"featured_media":8663,"comment_status":"open","ping_status":"open","sticky":false,"template":"","format":"standard","meta":{"_monsterinsights_skip_tracking":false,"_monsterinsights_sitenote_active":false,"_monsterinsights_sitenote_note":"","_monsterinsights_sitenote_category":0,"footnotes":""},"categories":[2],"tags":[1615,1616,100],"class_list":["post-8662","post","type-post","status-publish","format-standard","has-post-thumbnail","hentry","category-cultura","tag-capacitaciones","tag-juntas-calificadoras-de-meritos-y-disciplina","tag-municipio-de-campo-quijano"],"yoast_head":"<!-- This site is optimized with the Yoast SEO plugin v20.8 - https:\/\/yoast.com\/wordpress\/plugins\/seo\/ -->\n<title>Advierten sobre capacitaciones no aprobadas por el Ministerio de Educaci\u00f3n - RQ 99.9<\/title>\n<meta name=\"description\" content=\"Las mismas no ser\u00e1n valoradas por no ajustarse a la reglamentaci\u00f3n vigente y podr\u00edan tomarse medidas para con las organizaciones oferentes.\" \/>\n<meta name=\"robots\" content=\"index, follow, max-snippet:-1, max-image-preview:large, max-video-preview:-1\" \/>\n<link rel=\"canonical\" href=\"https:\/\/nahuelproducciones.com.ar\/radioquijano\/advierten-sobre-capacitaciones-no-aprobadas-por-el-ministerio-de-educacion\/\" \/>\n<meta property=\"og:locale\" content=\"es_ES\" \/>\n<meta property=\"og:type\" content=\"article\" \/>\n<meta property=\"og:title\" content=\"Advierten sobre capacitaciones no aprobadas por el Ministerio de Educaci\u00f3n - RQ 99.9\" \/>\n<meta property=\"og:description\" content=\"Las mismas no ser\u00e1n valoradas por no ajustarse a la reglamentaci\u00f3n vigente y podr\u00edan tomarse medidas para con las organizaciones oferentes.\" \/>\n<meta property=\"og:url\" content=\"https:\/\/nahuelproducciones.com.ar\/radioquijano\/advierten-sobre-capacitaciones-no-aprobadas-por-el-ministerio-de-educacion\/\" \/>\n<meta property=\"og:site_name\" content=\"RQ 99.9\" \/>\n<meta property=\"article:publisher\" content=\"https:\/\/www.facebook.com\/nahuelproducciones999\/\" \/>\n<meta property=\"article:published_time\" content=\"2024-08-15T13:04:22+00:00\" \/>\n<meta property=\"article:modified_time\" content=\"2024-08-15T13:04:23+00:00\" \/>\n<meta property=\"og:image\" content=\"https:\/\/nahuelproducciones.com.ar\/radioquijano\/wp-content\/uploads\/2024\/08\/240814_05-e1723726991550.jpg\" \/>\n\t<meta property=\"og:image:width\" content=\"700\" \/>\n\t<meta property=\"og:image:height\" content=\"409\" \/>\n\t<meta property=\"og:image:type\" content=\"image\/jpeg\" \/>\n<meta name=\"author\" content=\"Cecilia Pastrana\" \/>\n<meta name=\"twitter:card\" content=\"summary_large_image\" \/>\n<meta name=\"twitter:creator\" content=\"@nahuproduciones\" \/>\n<meta name=\"twitter:site\" content=\"@nahuproduciones\" \/>\n<meta name=\"twitter:label1\" content=\"Escrito por\" \/>\n\t<meta name=\"twitter:data1\" content=\"Cecilia Pastrana\" \/>\n\t<meta name=\"twitter:label2\" content=\"Tiempo de lectura\" \/>\n\t<meta name=\"twitter:data2\" content=\"1 minuto\" \/>\n<script type=\"application\/ld+json\" class=\"yoast-schema-graph\">{\"@context\":\"https:\/\/schema.org\",\"@graph\":[{\"@type\":\"WebPage\",\"@id\":\"https:\/\/nahuelproducciones.com.ar\/radioquijano\/advierten-sobre-capacitaciones-no-aprobadas-por-el-ministerio-de-educacion\/\",\"url\":\"https:\/\/nahuelproducciones.com.ar\/radioquijano\/advierten-sobre-capacitaciones-no-aprobadas-por-el-ministerio-de-educacion\/\",\"name\":\"Advierten sobre capacitaciones no aprobadas por el Ministerio de Educaci\u00f3n - RQ 99.9\",\"isPartOf\":{\"@id\":\"https:\/\/nahuelproducciones.com.ar\/radioquijano\/#website\"},\"datePublished\":\"2024-08-15T13:04:22+00:00\",\"dateModified\":\"2024-08-15T13:04:23+00:00\",\"author\":{\"@id\":\"https:\/\/nahuelproducciones.com.ar\/radioquijano\/#\/schema\/person\/e8a4f939e2cb487fe6d0c54042c9d32c\"},\"description\":\"Las mismas no ser\u00e1n valoradas por no ajustarse a la reglamentaci\u00f3n vigente y podr\u00edan tomarse medidas para con las organizaciones oferentes.\",\"breadcrumb\":{\"@id\":\"https:\/\/nahuelproducciones.com.ar\/radioquijano\/advierten-sobre-capacitaciones-no-aprobadas-por-el-ministerio-de-educacion\/#breadcrumb\"},\"inLanguage\":\"es\",\"potentialAction\":[{\"@type\":\"ReadAction\",\"target\":[\"https:\/\/nahuelproducciones.com.ar\/radioquijano\/advierten-sobre-capacitaciones-no-aprobadas-por-el-ministerio-de-educacion\/\"]}]},{\"@type\":\"BreadcrumbList\",\"@id\":\"https:\/\/nahuelproducciones.com.ar\/radioquijano\/advierten-sobre-capacitaciones-no-aprobadas-por-el-ministerio-de-educacion\/#breadcrumb\",\"itemListElement\":[{\"@type\":\"ListItem\",\"position\":1,\"name\":\"Portada\",\"item\":\"https:\/\/nahuelproducciones.com.ar\/radioquijano\/\"},{\"@type\":\"ListItem\",\"position\":2,\"name\":\"Advierten sobre capacitaciones no aprobadas por el Ministerio de Educaci\u00f3n\"}]},{\"@type\":\"WebSite\",\"@id\":\"https:\/\/nahuelproducciones.com.ar\/radioquijano\/#website\",\"url\":\"https:\/\/nahuelproducciones.com.ar\/radioquijano\/\",\"name\":\"RQ 99.9\",\"description\":\"Radio Quijano 99.9 MHz\",\"potentialAction\":[{\"@type\":\"SearchAction\",\"target\":{\"@type\":\"EntryPoint\",\"urlTemplate\":\"https:\/\/nahuelproducciones.com.ar\/radioquijano\/?s={search_term_string}\"},\"query-input\":\"required name=search_term_string\"}],\"inLanguage\":\"es\"},{\"@type\":\"Person\",\"@id\":\"https:\/\/nahuelproducciones.com.ar\/radioquijano\/#\/schema\/person\/e8a4f939e2cb487fe6d0c54042c9d32c\",\"name\":\"Cecilia Pastrana\",\"image\":{\"@type\":\"ImageObject\",\"inLanguage\":\"es\",\"@id\":\"https:\/\/nahuelproducciones.com.ar\/radioquijano\/#\/schema\/person\/image\/\",\"url\":\"https:\/\/secure.gravatar.com\/avatar\/661a3ef63a8488d4f2794ed44af8cf71420f7e106f3072c40125114df5157749?s=96&d=mm&r=g\",\"contentUrl\":\"https:\/\/secure.gravatar.com\/avatar\/661a3ef63a8488d4f2794ed44af8cf71420f7e106f3072c40125114df5157749?s=96&d=mm&r=g\",\"caption\":\"Cecilia Pastrana\"},\"sameAs\":[\"cecy\"],\"url\":\"https:\/\/nahuelproducciones.com.ar\/radioquijano\/author\/cecy\/\"}]}<\/script>\n<!-- \/ Yoast SEO plugin. -->","yoast_head_json":{"title":"Advierten sobre capacitaciones no aprobadas por el Ministerio de Educaci\u00f3n - RQ 99.9","description":"Las mismas no ser\u00e1n valoradas por no ajustarse a la reglamentaci\u00f3n vigente y podr\u00edan tomarse medidas para con las organizaciones oferentes.","robots":{"index":"index","follow":"follow","max-snippet":"max-snippet:-1","max-image-preview":"max-image-preview:large","max-video-preview":"max-video-preview:-1"},"canonical":"https:\/\/nahuelproducciones.com.ar\/radioquijano\/advierten-sobre-capacitaciones-no-aprobadas-por-el-ministerio-de-educacion\/","og_locale":"es_ES","og_type":"article","og_title":"Advierten sobre capacitaciones no aprobadas por el Ministerio de Educaci\u00f3n - RQ 99.9","og_description":"Las mismas no ser\u00e1n valoradas por no ajustarse a la reglamentaci\u00f3n vigente y podr\u00edan tomarse medidas para con las organizaciones oferentes.","og_url":"https:\/\/nahuelproducciones.com.ar\/radioquijano\/advierten-sobre-capacitaciones-no-aprobadas-por-el-ministerio-de-educacion\/","og_site_name":"RQ 99.9","article_publisher":"https:\/\/www.facebook.com\/nahuelproducciones999\/","article_published_time":"2024-08-15T13:04:22+00:00","article_modified_time":"2024-08-15T13:04:23+00:00","og_image":[{"width":700,"height":409,"url":"https:\/\/nahuelproducciones.com.ar\/radioquijano\/wp-content\/uploads\/2024\/08\/240814_05-e1723726991550.jpg","type":"image\/jpeg"}],"author":"Cecilia Pastrana","twitter_card":"summary_large_image","twitter_creator":"@nahuproduciones","twitter_site":"@nahuproduciones","twitter_misc":{"Escrito por":"Cecilia Pastrana","Tiempo de lectura":"1 minuto"},"schema":{"@context":"https:\/\/schema.org","@graph":[{"@type":"WebPage","@id":"https:\/\/nahuelproducciones.com.ar\/radioquijano\/advierten-sobre-capacitaciones-no-aprobadas-por-el-ministerio-de-educacion\/","url":"https:\/\/nahuelproducciones.com.ar\/radioquijano\/advierten-sobre-capacitaciones-no-aprobadas-por-el-ministerio-de-educacion\/","name":"Advierten sobre capacitaciones no aprobadas por el Ministerio de Educaci\u00f3n - RQ 99.9","isPartOf":{"@id":"https:\/\/nahuelproducciones.com.ar\/radioquijano\/#website"},"datePublished":"2024-08-15T13:04:22+00:00","dateModified":"2024-08-15T13:04:23+00:00","author":{"@id":"https:\/\/nahuelproducciones.com.ar\/radioquijano\/#\/schema\/person\/e8a4f939e2cb487fe6d0c54042c9d32c"},"description":"Las mismas no ser\u00e1n valoradas por no ajustarse a la reglamentaci\u00f3n vigente y podr\u00edan tomarse medidas para con las organizaciones oferentes.","breadcrumb":{"@id":"https:\/\/nahuelproducciones.com.ar\/radioquijano\/advierten-sobre-capacitaciones-no-aprobadas-por-el-ministerio-de-educacion\/#breadcrumb"},"inLanguage":"es","potentialAction":[{"@type":"ReadAction","target":["https:\/\/nahuelproducciones.com.ar\/radioquijano\/advierten-sobre-capacitaciones-no-aprobadas-por-el-ministerio-de-educacion\/"]}]},{"@type":"BreadcrumbList","@id":"https:\/\/nahuelproducciones.com.ar\/radioquijano\/advierten-sobre-capacitaciones-no-aprobadas-por-el-ministerio-de-educacion\/#breadcrumb","itemListElement":[{"@type":"ListItem","position":1,"name":"Portada","item":"https:\/\/nahuelproducciones.com.ar\/radioquijano\/"},{"@type":"ListItem","position":2,"name":"Advierten sobre capacitaciones no aprobadas por el Ministerio de Educaci\u00f3n"}]},{"@type":"WebSite","@id":"https:\/\/nahuelproducciones.com.ar\/radioquijano\/#website","url":"https:\/\/nahuelproducciones.com.ar\/radioquijano\/","name":"RQ 99.9","description":"Radio Quijano 99.9 MHz","potentialAction":[{"@type":"SearchAction","target":{"@type":"EntryPoint","urlTemplate":"https:\/\/nahuelproducciones.com.ar\/radioquijano\/?s={search_term_string}"},"query-input":"required name=search_term_string"}],"inLanguage":"es"},{"@type":"Person","@id":"https:\/\/nahuelproducciones.com.ar\/radioquijano\/#\/schema\/person\/e8a4f939e2cb487fe6d0c54042c9d32c","name":"Cecilia Pastrana","image":{"@type":"ImageObject","inLanguage":"es","@id":"https:\/\/nahuelproducciones.com.ar\/radioquijano\/#\/schema\/person\/image\/","url":"https:\/\/secure.gravatar.com\/avatar\/661a3ef63a8488d4f2794ed44af8cf71420f7e106f3072c40125114df5157749?s=96&d=mm&r=g","contentUrl":"https:\/\/secure.gravatar.com\/avatar\/661a3ef63a8488d4f2794ed44af8cf71420f7e106f3072c40125114df5157749?s=96&d=mm&r=g","caption":"Cecilia Pastrana"},"sameAs":["cecy"],"url":"https:\/\/nahuelproducciones.com.ar\/radioquijano\/author\/cecy\/"}]}},"_links":{"self":[{"href":"https:\/\/nahuelproducciones.com.ar\/radioquijano\/wp-json\/wp\/v2\/posts\/8662","targetHints":{"allow":["GET"]}}],"collection":[{"href":"https:\/\/nahuelproducciones.com.ar\/radioquijano\/wp-json\/wp\/v2\/posts"}],"about":[{"href":"https:\/\/nahuelproducciones.com.ar\/radioquijano\/wp-json\/wp\/v2\/types\/post"}],"author":[{"embeddable":true,"href":"https:\/\/nahuelproducciones.com.ar\/radioquijano\/wp-json\/wp\/v2\/users\/8"}],"replies":[{"embeddable":true,"href":"https:\/\/nahuelproducciones.com.ar\/radioquijano\/wp-json\/wp\/v2\/comments?post=8662"}],"version-history":[{"count":1,"href":"https:\/\/nahuelproducciones.com.ar\/radioquijano\/wp-json\/wp\/v2\/posts\/8662\/revisions"}],"predecessor-version":[{"id":8664,"href":"https:\/\/nahuelproducciones.com.ar\/radioquijano\/wp-json\/wp\/v2\/posts\/8662\/revisions\/8664"}],"wp:featuredmedia":[{"embeddable":true,"href":"https:\/\/nahuelproducciones.com.ar\/radioquijano\/wp-json\/wp\/v2\/media\/8663"}],"wp:attachment":[{"href":"https:\/\/nahuelproducciones.com.ar\/radioquijano\/wp-json\/wp\/v2\/media?parent=8662"}],"wp:term":[{"taxonomy":"category","embeddable":true,"href":"https:\/\/nahuelproducciones.com.ar\/radioquijano\/wp-json\/wp\/v2\/categories?post=8662"},{"taxonomy":"post_tag","embeddable":true,"href":"https:\/\/nahuelproducciones.com.ar\/radioquijano\/wp-json\/wp\/v2\/tags?post=8662"}],"curies":[{"name":"wp","href":"https:\/\/api.w.org\/{rel}","templated":true}]}}