{"id":8665,"date":"2024-08-18T21:44:36","date_gmt":"2024-08-19T00:44:36","guid":{"rendered":"https:\/\/nahuelproducciones.com.ar\/radioquijano\/?p=8665"},"modified":"2024-08-18T21:56:10","modified_gmt":"2024-08-19T00:56:10","slug":"celebraron-el-dia-del-nino-en-la-fundacion-c-at-es","status":"publish","type":"post","link":"https:\/\/nahuelproducciones.com.ar\/radioquijano\/celebraron-el-dia-del-nino-en-la-fundacion-c-at-es\/","title":{"rendered":"Celebraron el D\u00eda del Ni\u00f1o en la Fundaci\u00f3n C.AT.ES."},"content":{"rendered":"\n<p>Las docentes acondicionaron el espacio con tem\u00e1ticas atractivas para los ni\u00f1os que asisten diariamente a la instituci\u00f3n .<\/p>\n\n\n\n<p><br>\u00abEllos de nuestras manos est\u00e1n en una gran escalera aunque de huellas peque\u00f1as para alcanzar sue\u00f1os en igualdad de oportunidades\u00bb dijo la Presidente de la Fundaci\u00f3n Centro de Atenci\u00f3n Especial de Campo Quijano,Estela Guaimas.<\/p>\n\n\n\n<p>Adem\u00e1s, tuvieron actividades deportivas y art\u00edsticas para que cada ni\u00f1o se exprese. El pinta carita y el baile fueron parte de la fiesta.<\/p>\n\n\n\n<p>Estela Guaimas agradeci\u00f3 a los Papis, al Equipo por  compartir y celebrar su inocencia, su pureza, Su Vida.<\/p>\n\n\n\n<figure class=\"wp-block-gallery has-nested-images columns-default is-cropped wp-block-gallery-1 is-layout-flex wp-block-gallery-is-layout-flex\">\n<figure class=\"wp-block-image size-large\"><img loading=\"lazy\" decoding=\"async\" width=\"1024\" height=\"734\" data-id=\"8668\" src=\"https:\/\/nahuelproducciones.com.ar\/radioquijano\/wp-content\/uploads\/2024\/08\/WhatsApp-Image-2024-08-17-at-12.20.49-PM-1024x734.jpeg\" alt=\"\" class=\"wp-image-8668\" srcset=\"https:\/\/nahuelproducciones.com.ar\/radioquijano\/wp-content\/uploads\/2024\/08\/WhatsApp-Image-2024-08-17-at-12.20.49-PM-1024x734.jpeg 1024w, https:\/\/nahuelproducciones.com.ar\/radioquijano\/wp-content\/uploads\/2024\/08\/WhatsApp-Image-2024-08-17-at-12.20.49-PM-300x215.jpeg 300w, https:\/\/nahuelproducciones.com.ar\/radioquijano\/wp-content\/uploads\/2024\/08\/WhatsApp-Image-2024-08-17-at-12.20.49-PM-768x551.jpeg 768w, https:\/\/nahuelproducciones.com.ar\/radioquijano\/wp-content\/uploads\/2024\/08\/WhatsApp-Image-2024-08-17-at-12.20.49-PM-150x108.jpeg 150w, https:\/\/nahuelproducciones.com.ar\/radioquijano\/wp-content\/uploads\/2024\/08\/WhatsApp-Image-2024-08-17-at-12.20.49-PM.jpeg 1339w\" sizes=\"auto, (max-width: 1024px) 100vw, 1024px\" \/><\/figure>\n\n\n\n<figure class=\"wp-block-image size-large\"><img loading=\"lazy\" decoding=\"async\" width=\"586\" height=\"1024\" data-id=\"8669\" src=\"https:\/\/nahuelproducciones.com.ar\/radioquijano\/wp-content\/uploads\/2024\/08\/WhatsApp-Image-2024-08-17-at-12.20.50-PM-1-586x1024.jpeg\" alt=\"\" class=\"wp-image-8669\" srcset=\"https:\/\/nahuelproducciones.com.ar\/radioquijano\/wp-content\/uploads\/2024\/08\/WhatsApp-Image-2024-08-17-at-12.20.50-PM-1-586x1024.jpeg 586w, https:\/\/nahuelproducciones.com.ar\/radioquijano\/wp-content\/uploads\/2024\/08\/WhatsApp-Image-2024-08-17-at-12.20.50-PM-1-172x300.jpeg 172w, https:\/\/nahuelproducciones.com.ar\/radioquijano\/wp-content\/uploads\/2024\/08\/WhatsApp-Image-2024-08-17-at-12.20.50-PM-1-768x1343.jpeg 768w, https:\/\/nahuelproducciones.com.ar\/radioquijano\/wp-content\/uploads\/2024\/08\/WhatsApp-Image-2024-08-17-at-12.20.50-PM-1-878x1536.jpeg 878w, https:\/\/nahuelproducciones.com.ar\/radioquijano\/wp-content\/uploads\/2024\/08\/WhatsApp-Image-2024-08-17-at-12.20.50-PM-1-150x262.jpeg 150w, https:\/\/nahuelproducciones.com.ar\/radioquijano\/wp-content\/uploads\/2024\/08\/WhatsApp-Image-2024-08-17-at-12.20.50-PM-1.jpeg 915w\" sizes=\"auto, (max-width: 586px) 100vw, 586px\" \/><\/figure>\n\n\n\n<figure class=\"wp-block-image size-large\"><img loading=\"lazy\" decoding=\"async\" width=\"1024\" height=\"724\" data-id=\"8675\" src=\"https:\/\/nahuelproducciones.com.ar\/radioquijano\/wp-content\/uploads\/2024\/08\/WhatsApp-Image-2024-08-17-at-12.20.50-PM-2-1024x724.jpeg\" alt=\"\" class=\"wp-image-8675\"\/><\/figure>\n\n\n\n<figure class=\"wp-block-image size-large\"><img loading=\"lazy\" decoding=\"async\" width=\"1024\" height=\"593\" data-id=\"8671\" src=\"https:\/\/nahuelproducciones.com.ar\/radioquijano\/wp-content\/uploads\/2024\/08\/WhatsApp-Image-2024-08-17-at-12.20.50-PM-1024x593.jpeg\" alt=\"\" class=\"wp-image-8671\" srcset=\"https:\/\/nahuelproducciones.com.ar\/radioquijano\/wp-content\/uploads\/2024\/08\/WhatsApp-Image-2024-08-17-at-12.20.50-PM-1024x593.jpeg 1024w, https:\/\/nahuelproducciones.com.ar\/radioquijano\/wp-content\/uploads\/2024\/08\/WhatsApp-Image-2024-08-17-at-12.20.50-PM-300x174.jpeg 300w, https:\/\/nahuelproducciones.com.ar\/radioquijano\/wp-content\/uploads\/2024\/08\/WhatsApp-Image-2024-08-17-at-12.20.50-PM-768x444.jpeg 768w, https:\/\/nahuelproducciones.com.ar\/radioquijano\/wp-content\/uploads\/2024\/08\/WhatsApp-Image-2024-08-17-at-12.20.50-PM-1536x889.jpeg 1536w, https:\/\/nahuelproducciones.com.ar\/radioquijano\/wp-content\/uploads\/2024\/08\/WhatsApp-Image-2024-08-17-at-12.20.50-PM-150x87.jpeg 150w, https:\/\/nahuelproducciones.com.ar\/radioquijano\/wp-content\/uploads\/2024\/08\/WhatsApp-Image-2024-08-17-at-12.20.50-PM.jpeg 1600w\" sizes=\"auto, (max-width: 1024px) 100vw, 1024px\" \/><\/figure>\n\n\n\n<figure class=\"wp-block-image size-large\"><img loading=\"lazy\" decoding=\"async\" width=\"1024\" height=\"578\" data-id=\"8666\" src=\"https:\/\/nahuelproducciones.com.ar\/radioquijano\/wp-content\/uploads\/2024\/08\/WhatsApp-Image-2024-08-17-at-12.20.51-PM-1-1024x578.jpeg\" alt=\"\" class=\"wp-image-8666\" srcset=\"https:\/\/nahuelproducciones.com.ar\/radioquijano\/wp-content\/uploads\/2024\/08\/WhatsApp-Image-2024-08-17-at-12.20.51-PM-1-1024x578.jpeg 1024w, https:\/\/nahuelproducciones.com.ar\/radioquijano\/wp-content\/uploads\/2024\/08\/WhatsApp-Image-2024-08-17-at-12.20.51-PM-1-300x169.jpeg 300w, https:\/\/nahuelproducciones.com.ar\/radioquijano\/wp-content\/uploads\/2024\/08\/WhatsApp-Image-2024-08-17-at-12.20.51-PM-1-768x434.jpeg 768w, https:\/\/nahuelproducciones.com.ar\/radioquijano\/wp-content\/uploads\/2024\/08\/WhatsApp-Image-2024-08-17-at-12.20.51-PM-1-150x85.jpeg 150w, https:\/\/nahuelproducciones.com.ar\/radioquijano\/wp-content\/uploads\/2024\/08\/WhatsApp-Image-2024-08-17-at-12.20.51-PM-1.jpeg 1080w\" sizes=\"auto, (max-width: 1024px) 100vw, 1024px\" \/><\/figure>\n\n\n\n<figure class=\"wp-block-image size-large\"><img loading=\"lazy\" decoding=\"async\" width=\"1024\" height=\"619\" data-id=\"8673\" src=\"https:\/\/nahuelproducciones.com.ar\/radioquijano\/wp-content\/uploads\/2024\/08\/WhatsApp-Image-2024-08-17-at-12.20.51-PM-2-1024x619.jpeg\" alt=\"\" class=\"wp-image-8673\" srcset=\"https:\/\/nahuelproducciones.com.ar\/radioquijano\/wp-content\/uploads\/2024\/08\/WhatsApp-Image-2024-08-17-at-12.20.51-PM-2-1024x619.jpeg 1024w, https:\/\/nahuelproducciones.com.ar\/radioquijano\/wp-content\/uploads\/2024\/08\/WhatsApp-Image-2024-08-17-at-12.20.51-PM-2-300x181.jpeg 300w, https:\/\/nahuelproducciones.com.ar\/radioquijano\/wp-content\/uploads\/2024\/08\/WhatsApp-Image-2024-08-17-at-12.20.51-PM-2-768x464.jpeg 768w, https:\/\/nahuelproducciones.com.ar\/radioquijano\/wp-content\/uploads\/2024\/08\/WhatsApp-Image-2024-08-17-at-12.20.51-PM-2-1536x929.jpeg 1536w, https:\/\/nahuelproducciones.com.ar\/radioquijano\/wp-content\/uploads\/2024\/08\/WhatsApp-Image-2024-08-17-at-12.20.51-PM-2-150x91.jpeg 150w, https:\/\/nahuelproducciones.com.ar\/radioquijano\/wp-content\/uploads\/2024\/08\/WhatsApp-Image-2024-08-17-at-12.20.51-PM-2.jpeg 1588w\" sizes=\"auto, (max-width: 1024px) 100vw, 1024px\" \/><\/figure>\n\n\n\n<figure class=\"wp-block-image size-large\"><img loading=\"lazy\" decoding=\"async\" width=\"593\" height=\"1024\" data-id=\"8670\" src=\"https:\/\/nahuelproducciones.com.ar\/radioquijano\/wp-content\/uploads\/2024\/08\/WhatsApp-Image-2024-08-17-at-12.20.51-PM-3-593x1024.jpeg\" alt=\"\" class=\"wp-image-8670\" srcset=\"https:\/\/nahuelproducciones.com.ar\/radioquijano\/wp-content\/uploads\/2024\/08\/WhatsApp-Image-2024-08-17-at-12.20.51-PM-3-593x1024.jpeg 593w, https:\/\/nahuelproducciones.com.ar\/radioquijano\/wp-content\/uploads\/2024\/08\/WhatsApp-Image-2024-08-17-at-12.20.51-PM-3-174x300.jpeg 174w, https:\/\/nahuelproducciones.com.ar\/radioquijano\/wp-content\/uploads\/2024\/08\/WhatsApp-Image-2024-08-17-at-12.20.51-PM-3-768x1327.jpeg 768w, https:\/\/nahuelproducciones.com.ar\/radioquijano\/wp-content\/uploads\/2024\/08\/WhatsApp-Image-2024-08-17-at-12.20.51-PM-3-889x1536.jpeg 889w, https:\/\/nahuelproducciones.com.ar\/radioquijano\/wp-content\/uploads\/2024\/08\/WhatsApp-Image-2024-08-17-at-12.20.51-PM-3-150x259.jpeg 150w, https:\/\/nahuelproducciones.com.ar\/radioquijano\/wp-content\/uploads\/2024\/08\/WhatsApp-Image-2024-08-17-at-12.20.51-PM-3.jpeg 926w\" sizes=\"auto, (max-width: 593px) 100vw, 593px\" \/><\/figure>\n\n\n\n<figure class=\"wp-block-image size-large\"><img loading=\"lazy\" decoding=\"async\" width=\"1024\" height=\"599\" data-id=\"8672\" src=\"https:\/\/nahuelproducciones.com.ar\/radioquijano\/wp-content\/uploads\/2024\/08\/WhatsApp-Image-2024-08-17-at-12.20.51-PM-1024x599.jpeg\" alt=\"\" class=\"wp-image-8672\" srcset=\"https:\/\/nahuelproducciones.com.ar\/radioquijano\/wp-content\/uploads\/2024\/08\/WhatsApp-Image-2024-08-17-at-12.20.51-PM-1024x599.jpeg 1024w, https:\/\/nahuelproducciones.com.ar\/radioquijano\/wp-content\/uploads\/2024\/08\/WhatsApp-Image-2024-08-17-at-12.20.51-PM-300x176.jpeg 300w, https:\/\/nahuelproducciones.com.ar\/radioquijano\/wp-content\/uploads\/2024\/08\/WhatsApp-Image-2024-08-17-at-12.20.51-PM-768x449.jpeg 768w, https:\/\/nahuelproducciones.com.ar\/radioquijano\/wp-content\/uploads\/2024\/08\/WhatsApp-Image-2024-08-17-at-12.20.51-PM-1536x899.jpeg 1536w, https:\/\/nahuelproducciones.com.ar\/radioquijano\/wp-content\/uploads\/2024\/08\/WhatsApp-Image-2024-08-17-at-12.20.51-PM-150x88.jpeg 150w, https:\/\/nahuelproducciones.com.ar\/radioquijano\/wp-content\/uploads\/2024\/08\/WhatsApp-Image-2024-08-17-at-12.20.51-PM.jpeg 1600w\" sizes=\"auto, (max-width: 1024px) 100vw, 1024px\" \/><\/figure>\n\n\n\n<figure class=\"wp-block-image size-large\"><img loading=\"lazy\" decoding=\"async\" width=\"575\" height=\"1024\" data-id=\"8674\" src=\"https:\/\/nahuelproducciones.com.ar\/radioquijano\/wp-content\/uploads\/2024\/08\/WhatsApp-Image-2024-08-17-at-12.20.52-PM-1-575x1024.jpeg\" alt=\"\" class=\"wp-image-8674\" srcset=\"https:\/\/nahuelproducciones.com.ar\/radioquijano\/wp-content\/uploads\/2024\/08\/WhatsApp-Image-2024-08-17-at-12.20.52-PM-1-575x1024.jpeg 575w, https:\/\/nahuelproducciones.com.ar\/radioquijano\/wp-content\/uploads\/2024\/08\/WhatsApp-Image-2024-08-17-at-12.20.52-PM-1-168x300.jpeg 168w, https:\/\/nahuelproducciones.com.ar\/radioquijano\/wp-content\/uploads\/2024\/08\/WhatsApp-Image-2024-08-17-at-12.20.52-PM-1-768x1368.jpeg 768w, https:\/\/nahuelproducciones.com.ar\/radioquijano\/wp-content\/uploads\/2024\/08\/WhatsApp-Image-2024-08-17-at-12.20.52-PM-1-862x1536.jpeg 862w, https:\/\/nahuelproducciones.com.ar\/radioquijano\/wp-content\/uploads\/2024\/08\/WhatsApp-Image-2024-08-17-at-12.20.52-PM-1-150x267.jpeg 150w, https:\/\/nahuelproducciones.com.ar\/radioquijano\/wp-content\/uploads\/2024\/08\/WhatsApp-Image-2024-08-17-at-12.20.52-PM-1.jpeg 898w\" sizes=\"auto, (max-width: 575px) 100vw, 575px\" \/><\/figure>\n\n\n\n<figure class=\"wp-block-image size-large\"><img loading=\"lazy\" decoding=\"async\" width=\"1024\" height=\"626\" data-id=\"8667\" src=\"https:\/\/nahuelproducciones.com.ar\/radioquijano\/wp-content\/uploads\/2024\/08\/WhatsApp-Image-2024-08-17-at-12.20.52-PM-2-1024x626.jpeg\" alt=\"\" class=\"wp-image-8667\" srcset=\"https:\/\/nahuelproducciones.com.ar\/radioquijano\/wp-content\/uploads\/2024\/08\/WhatsApp-Image-2024-08-17-at-12.20.52-PM-2-1024x626.jpeg 1024w, https:\/\/nahuelproducciones.com.ar\/radioquijano\/wp-content\/uploads\/2024\/08\/WhatsApp-Image-2024-08-17-at-12.20.52-PM-2-300x183.jpeg 300w, https:\/\/nahuelproducciones.com.ar\/radioquijano\/wp-content\/uploads\/2024\/08\/WhatsApp-Image-2024-08-17-at-12.20.52-PM-2-768x469.jpeg 768w, https:\/\/nahuelproducciones.com.ar\/radioquijano\/wp-content\/uploads\/2024\/08\/WhatsApp-Image-2024-08-17-at-12.20.52-PM-2-150x92.jpeg 150w, https:\/\/nahuelproducciones.com.ar\/radioquijano\/wp-content\/uploads\/2024\/08\/WhatsApp-Image-2024-08-17-at-12.20.52-PM-2.jpeg 1080w\" sizes=\"auto, (max-width: 1024px) 100vw, 1024px\" \/><\/figure>\n\n\n\n<figure class=\"wp-block-image size-large\"><img loading=\"lazy\" decoding=\"async\" width=\"1024\" height=\"612\" data-id=\"8678\" src=\"https:\/\/nahuelproducciones.com.ar\/radioquijano\/wp-content\/uploads\/2024\/08\/WhatsApp-Image-2024-08-17-at-12.20.52-PM-1024x612.jpeg\" alt=\"\" class=\"wp-image-8678\" srcset=\"https:\/\/nahuelproducciones.com.ar\/radioquijano\/wp-content\/uploads\/2024\/08\/WhatsApp-Image-2024-08-17-at-12.20.52-PM-1024x612.jpeg 1024w, https:\/\/nahuelproducciones.com.ar\/radioquijano\/wp-content\/uploads\/2024\/08\/WhatsApp-Image-2024-08-17-at-12.20.52-PM-300x179.jpeg 300w, https:\/\/nahuelproducciones.com.ar\/radioquijano\/wp-content\/uploads\/2024\/08\/WhatsApp-Image-2024-08-17-at-12.20.52-PM-768x459.jpeg 768w, https:\/\/nahuelproducciones.com.ar\/radioquijano\/wp-content\/uploads\/2024\/08\/WhatsApp-Image-2024-08-17-at-12.20.52-PM-150x90.jpeg 150w, https:\/\/nahuelproducciones.com.ar\/radioquijano\/wp-content\/uploads\/2024\/08\/WhatsApp-Image-2024-08-17-at-12.20.52-PM.jpeg 1080w\" sizes=\"auto, (max-width: 1024px) 100vw, 1024px\" \/><\/figure>\n\n\n\n<figure class=\"wp-block-image size-large\"><img loading=\"lazy\" decoding=\"async\" width=\"1024\" height=\"748\" data-id=\"8677\" src=\"https:\/\/nahuelproducciones.com.ar\/radioquijano\/wp-content\/uploads\/2024\/08\/WhatsApp-Image-2024-08-17-at-12.20.53-PM-1024x748.jpeg\" alt=\"\" class=\"wp-image-8677\" srcset=\"https:\/\/nahuelproducciones.com.ar\/radioquijano\/wp-content\/uploads\/2024\/08\/WhatsApp-Image-2024-08-17-at-12.20.53-PM-1024x748.jpeg 1024w, https:\/\/nahuelproducciones.com.ar\/radioquijano\/wp-content\/uploads\/2024\/08\/WhatsApp-Image-2024-08-17-at-12.20.53-PM-300x219.jpeg 300w, https:\/\/nahuelproducciones.com.ar\/radioquijano\/wp-content\/uploads\/2024\/08\/WhatsApp-Image-2024-08-17-at-12.20.53-PM-768x561.jpeg 768w, https:\/\/nahuelproducciones.com.ar\/radioquijano\/wp-content\/uploads\/2024\/08\/WhatsApp-Image-2024-08-17-at-12.20.53-PM-150x110.jpeg 150w, https:\/\/nahuelproducciones.com.ar\/radioquijano\/wp-content\/uploads\/2024\/08\/WhatsApp-Image-2024-08-17-at-12.20.53-PM.jpeg 1080w\" sizes=\"auto, (max-width: 1024px) 100vw, 1024px\" \/><\/figure>\n<\/figure>\n\n\n\n<figure class=\"wp-block-video\"><video controls src=\"https:\/\/nahuelproducciones.com.ar\/radioquijano\/wp-content\/uploads\/2024\/08\/WhatsApp-Video-2024-08-17-at-12.20.52-PM.mp4\"><\/video><\/figure>\n\n\n<div class=\"wp-block-image\">\n<figure class=\"aligncenter size-large is-resized\"><img loading=\"lazy\" decoding=\"async\" src=\"https:\/\/nahuelproducciones.com.ar\/radioquijano\/wp-content\/uploads\/2024\/08\/image-848x1024.png\" alt=\"\" class=\"wp-image-8686\" width=\"527\" height=\"636\" srcset=\"https:\/\/nahuelproducciones.com.ar\/radioquijano\/wp-content\/uploads\/2024\/08\/image-848x1024.png 848w, https:\/\/nahuelproducciones.com.ar\/radioquijano\/wp-content\/uploads\/2024\/08\/image-249x300.png 249w, https:\/\/nahuelproducciones.com.ar\/radioquijano\/wp-content\/uploads\/2024\/08\/image-768x927.png 768w, https:\/\/nahuelproducciones.com.ar\/radioquijano\/wp-content\/uploads\/2024\/08\/image-150x181.png 150w, https:\/\/nahuelproducciones.com.ar\/radioquijano\/wp-content\/uploads\/2024\/08\/image.png 898w\" sizes=\"auto, (max-width: 527px) 100vw, 527px\" \/><\/figure><\/div>","protected":false},"excerpt":{"rendered":"<p>Las docentes acondicionaron el espacio con tem\u00e1ticas atractivas para los ni\u00f1os que asisten diariamente a la instituci\u00f3n . \u00abEllos de nuestras manos est\u00e1n en una gran escalera aunque de huellas peque\u00f1as para alcanzar sue\u00f1os en igualdad de oportunidades\u00bb dijo la Presidente de la Fundaci\u00f3n Centro de Atenci\u00f3n Especial de Campo Quijano,Estela Guaimas. Adem\u00e1s, tuvieron actividades [&hellip;]<\/p>\n","protected":false},"author":8,"featured_media":8675,"comment_status":"open","ping_status":"open","sticky":false,"template":"","format":"standard","meta":{"_monsterinsights_skip_tracking":false,"_monsterinsights_sitenote_active":false,"_monsterinsights_sitenote_note":"","_monsterinsights_sitenote_category":0,"footnotes":""},"categories":[16],"tags":[1617,100],"class_list":["post-8665","post","type-post","status-publish","format-standard","has-post-thumbnail","hentry","category-noticias","tag-c-at-es","tag-municipio-de-campo-quijano"],"yoast_head":"<!-- This site is optimized with the Yoast SEO plugin v20.8 - https:\/\/yoast.com\/wordpress\/plugins\/seo\/ -->\n<title>Celebraron el D\u00eda del Ni\u00f1o en la Fundaci\u00f3n C.AT.ES. - RQ 99.9<\/title>\n<meta name=\"description\" content=\"Estela Guaimas agradeci\u00f3 a los Papis, al Equipo por compartir y celebrar su inocencia, su pureza, Su Vida.\" \/>\n<meta name=\"robots\" content=\"index, follow, max-snippet:-1, max-image-preview:large, max-video-preview:-1\" \/>\n<link rel=\"canonical\" href=\"https:\/\/nahuelproducciones.com.ar\/radioquijano\/celebraron-el-dia-del-nino-en-la-fundacion-c-at-es\/\" \/>\n<meta property=\"og:locale\" content=\"es_ES\" \/>\n<meta property=\"og:type\" content=\"article\" \/>\n<meta property=\"og:title\" content=\"Celebraron el D\u00eda del Ni\u00f1o en la Fundaci\u00f3n C.AT.ES. - RQ 99.9\" \/>\n<meta property=\"og:description\" content=\"Estela Guaimas agradeci\u00f3 a los Papis, al Equipo por compartir y celebrar su inocencia, su pureza, Su Vida.\" \/>\n<meta property=\"og:url\" content=\"https:\/\/nahuelproducciones.com.ar\/radioquijano\/celebraron-el-dia-del-nino-en-la-fundacion-c-at-es\/\" \/>\n<meta property=\"og:site_name\" content=\"RQ 99.9\" \/>\n<meta property=\"article:publisher\" content=\"https:\/\/www.facebook.com\/nahuelproducciones999\/\" \/>\n<meta property=\"article:published_time\" content=\"2024-08-19T00:44:36+00:00\" \/>\n<meta property=\"article:modified_time\" content=\"2024-08-19T00:56:10+00:00\" \/>\n<meta property=\"og:image\" content=\"https:\/\/nahuelproducciones.com.ar\/radioquijano\/wp-content\/uploads\/2024\/08\/WhatsApp-Image-2024-08-17-at-12.20.50-PM-2-e1724028268473.jpeg\" \/>\n\t<meta property=\"og:image:width\" content=\"700\" \/>\n\t<meta property=\"og:image:height\" content=\"495\" \/>\n\t<meta property=\"og:image:type\" content=\"image\/jpeg\" \/>\n<meta name=\"author\" content=\"Cecilia Pastrana\" \/>\n<meta name=\"twitter:card\" content=\"summary_large_image\" \/>\n<meta name=\"twitter:creator\" content=\"@nahuproduciones\" \/>\n<meta name=\"twitter:site\" content=\"@nahuproduciones\" \/>\n<meta name=\"twitter:label1\" content=\"Escrito por\" \/>\n\t<meta name=\"twitter:data1\" content=\"Cecilia Pastrana\" \/>\n\t<meta name=\"twitter:label2\" content=\"Tiempo de lectura\" \/>\n\t<meta name=\"twitter:data2\" content=\"4 minutos\" \/>\n<script type=\"application\/ld+json\" class=\"yoast-schema-graph\">{\"@context\":\"https:\/\/schema.org\",\"@graph\":[{\"@type\":\"WebPage\",\"@id\":\"https:\/\/nahuelproducciones.com.ar\/radioquijano\/celebraron-el-dia-del-nino-en-la-fundacion-c-at-es\/\",\"url\":\"https:\/\/nahuelproducciones.com.ar\/radioquijano\/celebraron-el-dia-del-nino-en-la-fundacion-c-at-es\/\",\"name\":\"Celebraron el D\u00eda del Ni\u00f1o en la Fundaci\u00f3n C.AT.ES. - RQ 99.9\",\"isPartOf\":{\"@id\":\"https:\/\/nahuelproducciones.com.ar\/radioquijano\/#website\"},\"datePublished\":\"2024-08-19T00:44:36+00:00\",\"dateModified\":\"2024-08-19T00:56:10+00:00\",\"author\":{\"@id\":\"https:\/\/nahuelproducciones.com.ar\/radioquijano\/#\/schema\/person\/e8a4f939e2cb487fe6d0c54042c9d32c\"},\"description\":\"Estela Guaimas agradeci\u00f3 a los Papis, al Equipo por compartir y celebrar su inocencia, su pureza, Su Vida.\",\"breadcrumb\":{\"@id\":\"https:\/\/nahuelproducciones.com.ar\/radioquijano\/celebraron-el-dia-del-nino-en-la-fundacion-c-at-es\/#breadcrumb\"},\"inLanguage\":\"es\",\"potentialAction\":[{\"@type\":\"ReadAction\",\"target\":[\"https:\/\/nahuelproducciones.com.ar\/radioquijano\/celebraron-el-dia-del-nino-en-la-fundacion-c-at-es\/\"]}]},{\"@type\":\"BreadcrumbList\",\"@id\":\"https:\/\/nahuelproducciones.com.ar\/radioquijano\/celebraron-el-dia-del-nino-en-la-fundacion-c-at-es\/#breadcrumb\",\"itemListElement\":[{\"@type\":\"ListItem\",\"position\":1,\"name\":\"Portada\",\"item\":\"https:\/\/nahuelproducciones.com.ar\/radioquijano\/\"},{\"@type\":\"ListItem\",\"position\":2,\"name\":\"Celebraron el D\u00eda del Ni\u00f1o en la Fundaci\u00f3n C.AT.ES.\"}]},{\"@type\":\"WebSite\",\"@id\":\"https:\/\/nahuelproducciones.com.ar\/radioquijano\/#website\",\"url\":\"https:\/\/nahuelproducciones.com.ar\/radioquijano\/\",\"name\":\"RQ 99.9\",\"description\":\"Radio Quijano 99.9 MHz\",\"potentialAction\":[{\"@type\":\"SearchAction\",\"target\":{\"@type\":\"EntryPoint\",\"urlTemplate\":\"https:\/\/nahuelproducciones.com.ar\/radioquijano\/?s={search_term_string}\"},\"query-input\":\"required name=search_term_string\"}],\"inLanguage\":\"es\"},{\"@type\":\"Person\",\"@id\":\"https:\/\/nahuelproducciones.com.ar\/radioquijano\/#\/schema\/person\/e8a4f939e2cb487fe6d0c54042c9d32c\",\"name\":\"Cecilia Pastrana\",\"image\":{\"@type\":\"ImageObject\",\"inLanguage\":\"es\",\"@id\":\"https:\/\/nahuelproducciones.com.ar\/radioquijano\/#\/schema\/person\/image\/\",\"url\":\"https:\/\/secure.gravatar.com\/avatar\/661a3ef63a8488d4f2794ed44af8cf71420f7e106f3072c40125114df5157749?s=96&d=mm&r=g\",\"contentUrl\":\"https:\/\/secure.gravatar.com\/avatar\/661a3ef63a8488d4f2794ed44af8cf71420f7e106f3072c40125114df5157749?s=96&d=mm&r=g\",\"caption\":\"Cecilia Pastrana\"},\"sameAs\":[\"cecy\"],\"url\":\"https:\/\/nahuelproducciones.com.ar\/radioquijano\/author\/cecy\/\"}]}<\/script>\n<!-- \/ Yoast SEO plugin. -->","yoast_head_json":{"title":"Celebraron el D\u00eda del Ni\u00f1o en la Fundaci\u00f3n C.AT.ES. - RQ 99.9","description":"Estela Guaimas agradeci\u00f3 a los Papis, al Equipo por compartir y celebrar su inocencia, su pureza, Su Vida.","robots":{"index":"index","follow":"follow","max-snippet":"max-snippet:-1","max-image-preview":"max-image-preview:large","max-video-preview":"max-video-preview:-1"},"canonical":"https:\/\/nahuelproducciones.com.ar\/radioquijano\/celebraron-el-dia-del-nino-en-la-fundacion-c-at-es\/","og_locale":"es_ES","og_type":"article","og_title":"Celebraron el D\u00eda del Ni\u00f1o en la Fundaci\u00f3n C.AT.ES. - RQ 99.9","og_description":"Estela Guaimas agradeci\u00f3 a los Papis, al Equipo por compartir y celebrar su inocencia, su pureza, Su Vida.","og_url":"https:\/\/nahuelproducciones.com.ar\/radioquijano\/celebraron-el-dia-del-nino-en-la-fundacion-c-at-es\/","og_site_name":"RQ 99.9","article_publisher":"https:\/\/www.facebook.com\/nahuelproducciones999\/","article_published_time":"2024-08-19T00:44:36+00:00","article_modified_time":"2024-08-19T00:56:10+00:00","og_image":[{"width":700,"height":495,"url":"https:\/\/nahuelproducciones.com.ar\/radioquijano\/wp-content\/uploads\/2024\/08\/WhatsApp-Image-2024-08-17-at-12.20.50-PM-2-e1724028268473.jpeg","type":"image\/jpeg"}],"author":"Cecilia Pastrana","twitter_card":"summary_large_image","twitter_creator":"@nahuproduciones","twitter_site":"@nahuproduciones","twitter_misc":{"Escrito por":"Cecilia Pastrana","Tiempo de lectura":"4 minutos"},"schema":{"@context":"https:\/\/schema.org","@graph":[{"@type":"WebPage","@id":"https:\/\/nahuelproducciones.com.ar\/radioquijano\/celebraron-el-dia-del-nino-en-la-fundacion-c-at-es\/","url":"https:\/\/nahuelproducciones.com.ar\/radioquijano\/celebraron-el-dia-del-nino-en-la-fundacion-c-at-es\/","name":"Celebraron el D\u00eda del Ni\u00f1o en la Fundaci\u00f3n C.AT.ES. - RQ 99.9","isPartOf":{"@id":"https:\/\/nahuelproducciones.com.ar\/radioquijano\/#website"},"datePublished":"2024-08-19T00:44:36+00:00","dateModified":"2024-08-19T00:56:10+00:00","author":{"@id":"https:\/\/nahuelproducciones.com.ar\/radioquijano\/#\/schema\/person\/e8a4f939e2cb487fe6d0c54042c9d32c"},"description":"Estela Guaimas agradeci\u00f3 a los Papis, al Equipo por compartir y celebrar su inocencia, su pureza, Su Vida.","breadcrumb":{"@id":"https:\/\/nahuelproducciones.com.ar\/radioquijano\/celebraron-el-dia-del-nino-en-la-fundacion-c-at-es\/#breadcrumb"},"inLanguage":"es","potentialAction":[{"@type":"ReadAction","target":["https:\/\/nahuelproducciones.com.ar\/radioquijano\/celebraron-el-dia-del-nino-en-la-fundacion-c-at-es\/"]}]},{"@type":"BreadcrumbList","@id":"https:\/\/nahuelproducciones.com.ar\/radioquijano\/celebraron-el-dia-del-nino-en-la-fundacion-c-at-es\/#breadcrumb","itemListElement":[{"@type":"ListItem","position":1,"name":"Portada","item":"https:\/\/nahuelproducciones.com.ar\/radioquijano\/"},{"@type":"ListItem","position":2,"name":"Celebraron el D\u00eda del Ni\u00f1o en la Fundaci\u00f3n C.AT.ES."}]},{"@type":"WebSite","@id":"https:\/\/nahuelproducciones.com.ar\/radioquijano\/#website","url":"https:\/\/nahuelproducciones.com.ar\/radioquijano\/","name":"RQ 99.9","description":"Radio Quijano 99.9 MHz","potentialAction":[{"@type":"SearchAction","target":{"@type":"EntryPoint","urlTemplate":"https:\/\/nahuelproducciones.com.ar\/radioquijano\/?s={search_term_string}"},"query-input":"required name=search_term_string"}],"inLanguage":"es"},{"@type":"Person","@id":"https:\/\/nahuelproducciones.com.ar\/radioquijano\/#\/schema\/person\/e8a4f939e2cb487fe6d0c54042c9d32c","name":"Cecilia Pastrana","image":{"@type":"ImageObject","inLanguage":"es","@id":"https:\/\/nahuelproducciones.com.ar\/radioquijano\/#\/schema\/person\/image\/","url":"https:\/\/secure.gravatar.com\/avatar\/661a3ef63a8488d4f2794ed44af8cf71420f7e106f3072c40125114df5157749?s=96&d=mm&r=g","contentUrl":"https:\/\/secure.gravatar.com\/avatar\/661a3ef63a8488d4f2794ed44af8cf71420f7e106f3072c40125114df5157749?s=96&d=mm&r=g","caption":"Cecilia Pastrana"},"sameAs":["cecy"],"url":"https:\/\/nahuelproducciones.com.ar\/radioquijano\/author\/cecy\/"}]}},"_links":{"self":[{"href":"https:\/\/nahuelproducciones.com.ar\/radioquijano\/wp-json\/wp\/v2\/posts\/8665","targetHints":{"allow":["GET"]}}],"collection":[{"href":"https:\/\/nahuelproducciones.com.ar\/radioquijano\/wp-json\/wp\/v2\/posts"}],"about":[{"href":"https:\/\/nahuelproducciones.com.ar\/radioquijano\/wp-json\/wp\/v2\/types\/post"}],"author":[{"embeddable":true,"href":"https:\/\/nahuelproducciones.com.ar\/radioquijano\/wp-json\/wp\/v2\/users\/8"}],"replies":[{"embeddable":true,"href":"https:\/\/nahuelproducciones.com.ar\/radioquijano\/wp-json\/wp\/v2\/comments?post=8665"}],"version-history":[{"count":3,"href":"https:\/\/nahuelproducciones.com.ar\/radioquijano\/wp-json\/wp\/v2\/posts\/8665\/revisions"}],"predecessor-version":[{"id":8687,"href":"https:\/\/nahuelproducciones.com.ar\/radioquijano\/wp-json\/wp\/v2\/posts\/8665\/revisions\/8687"}],"wp:featuredmedia":[{"embeddable":true,"href":"https:\/\/nahuelproducciones.com.ar\/radioquijano\/wp-json\/wp\/v2\/media\/8675"}],"wp:attachment":[{"href":"https:\/\/nahuelproducciones.com.ar\/radioquijano\/wp-json\/wp\/v2\/media?parent=8665"}],"wp:term":[{"taxonomy":"category","embeddable":true,"href":"https:\/\/nahuelproducciones.com.ar\/radioquijano\/wp-json\/wp\/v2\/categories?post=8665"},{"taxonomy":"post_tag","embeddable":true,"href":"https:\/\/nahuelproducciones.com.ar\/radioquijano\/wp-json\/wp\/v2\/tags?post=8665"}],"curies":[{"name":"wp","href":"https:\/\/api.w.org\/{rel}","templated":true}]}}