{"id":8688,"date":"2024-08-18T23:04:36","date_gmt":"2024-08-19T02:04:36","guid":{"rendered":"https:\/\/nahuelproducciones.com.ar\/radioquijano\/?p=8688"},"modified":"2024-08-18T23:04:37","modified_gmt":"2024-08-19T02:04:37","slug":"barrio-alto-valle-y-la-preocupacion-por-los-vehiculos-de-alto-porte","status":"publish","type":"post","link":"https:\/\/nahuelproducciones.com.ar\/radioquijano\/barrio-alto-valle-y-la-preocupacion-por-los-vehiculos-de-alto-porte\/","title":{"rendered":"Barrio Alto Valle y la preocupaci\u00f3n por los veh\u00edculos de alto porte."},"content":{"rendered":"\n<p>Los vecinos siguen molestos, el paso de estos veh\u00edculo vienen generando inconvenientes\u00a0en el tr\u00e1nsito y a esto se suma el polvo en suspensi\u00f3n.  A las casas ingresa la tierra que por falta de lluvia y regado est\u00e1n afectando a la salud de los que viven en la zona.<\/p>\n\n\n\n<p>La actividad minera genera un incremento constante  de camiones de gran porte que transitan a trav\u00e9s de la ruta nacional 51 y pasan  por la calle Edmundo Iba\u00f1ez. <\/p>\n\n\n\n<p>A su paso por la localidad de Campo Quijano, los veh\u00edculos en muchos casos rompieron cables como de electricidad, internet y telefon\u00eda, que dej\u00f3 sin el servicio a los vecinos por varios d\u00edas.<\/p>\n\n\n\n<p>Uno de los proyectos planteados para dar soluci\u00f3n a este tema es la construcci\u00f3n de este by-pass del camino internacional a Chile que est\u00e1 financiada por Remsa  y  ser\u00e1  una ruta alternativa de circunvalaci\u00f3n que desviar\u00e1 el tr\u00e1fico de camiones pero que a\u00fan no tiene fecha de finalizaci\u00f3n.<\/p>\n\n\n\n<p>Los vecinos enviaron algunos videos tomados el s\u00e1bado 17 de agosto molestos haciendo notar el ruido constante  y la tierra que no los deja descansar.<\/p>\n\n\n\n<p>Los vecinos est\u00e1n regando sus veredas y calles, ya que no llega por la zona el tanque regador, as\u00ed manifestaron a RQ99.9Mhz.<\/p>\n\n\n\n<figure class=\"wp-block-video\"><video controls src=\"https:\/\/nahuelproducciones.com.ar\/radioquijano\/wp-content\/uploads\/2024\/08\/WhatsApp-Video-2024-08-17-at-9.56.54-PM.mp4\"><\/video><\/figure>\n\n\n\n<figure class=\"wp-block-video\"><video controls src=\"https:\/\/nahuelproducciones.com.ar\/radioquijano\/wp-content\/uploads\/2024\/08\/WhatsApp-Video-2024-08-17-at-10.19.54-PM.mp4\"><\/video><\/figure>\n\n\n\n<figure class=\"wp-block-video\"><video controls src=\"https:\/\/nahuelproducciones.com.ar\/radioquijano\/wp-content\/uploads\/2024\/08\/WhatsApp-Video-2024-08-17-at-10.20.04-PM.mp4\"><\/video><\/figure>\n\n\n\n<figure class=\"wp-block-video\"><video controls src=\"https:\/\/nahuelproducciones.com.ar\/radioquijano\/wp-content\/uploads\/2024\/08\/WhatsApp-Video-2024-08-17-at-10.20.15-PM.mp4\"><\/video><\/figure>\n\n\n\n<figure class=\"wp-block-video\"><video controls src=\"https:\/\/nahuelproducciones.com.ar\/radioquijano\/wp-content\/uploads\/2024\/08\/WhatsApp-Video-2024-08-17-at-10.39.23-PM.mp4\"><\/video><\/figure>\n\n\n\n<figure class=\"wp-block-gallery has-nested-images columns-default is-cropped wp-block-gallery-1 is-layout-flex wp-block-gallery-is-layout-flex\">\n<figure class=\"wp-block-image size-large\"><img loading=\"lazy\" decoding=\"async\" width=\"768\" height=\"1024\" data-id=\"8696\" src=\"https:\/\/nahuelproducciones.com.ar\/radioquijano\/wp-content\/uploads\/2024\/08\/WhatsApp-Image-2024-08-17-at-10.20.05-PM-1-768x1024.jpeg\" alt=\"\" class=\"wp-image-8696\" srcset=\"https:\/\/nahuelproducciones.com.ar\/radioquijano\/wp-content\/uploads\/2024\/08\/WhatsApp-Image-2024-08-17-at-10.20.05-PM-1-768x1024.jpeg 768w, https:\/\/nahuelproducciones.com.ar\/radioquijano\/wp-content\/uploads\/2024\/08\/WhatsApp-Image-2024-08-17-at-10.20.05-PM-1-225x300.jpeg 225w, https:\/\/nahuelproducciones.com.ar\/radioquijano\/wp-content\/uploads\/2024\/08\/WhatsApp-Image-2024-08-17-at-10.20.05-PM-1-1152x1536.jpeg 1152w, https:\/\/nahuelproducciones.com.ar\/radioquijano\/wp-content\/uploads\/2024\/08\/WhatsApp-Image-2024-08-17-at-10.20.05-PM-1-640x853.jpeg 640w, https:\/\/nahuelproducciones.com.ar\/radioquijano\/wp-content\/uploads\/2024\/08\/WhatsApp-Image-2024-08-17-at-10.20.05-PM-1-150x200.jpeg 150w, https:\/\/nahuelproducciones.com.ar\/radioquijano\/wp-content\/uploads\/2024\/08\/WhatsApp-Image-2024-08-17-at-10.20.05-PM-1.jpeg 1200w\" sizes=\"auto, (max-width: 768px) 100vw, 768px\" \/><\/figure>\n\n\n\n<figure class=\"wp-block-image size-large\"><img loading=\"lazy\" decoding=\"async\" width=\"580\" height=\"1024\" data-id=\"8697\" src=\"https:\/\/nahuelproducciones.com.ar\/radioquijano\/wp-content\/uploads\/2024\/08\/WhatsApp-Image-2024-08-17-at-10.20.16-PM-1-580x1024.jpeg\" alt=\"\" class=\"wp-image-8697\" srcset=\"https:\/\/nahuelproducciones.com.ar\/radioquijano\/wp-content\/uploads\/2024\/08\/WhatsApp-Image-2024-08-17-at-10.20.16-PM-1-580x1024.jpeg 580w, https:\/\/nahuelproducciones.com.ar\/radioquijano\/wp-content\/uploads\/2024\/08\/WhatsApp-Image-2024-08-17-at-10.20.16-PM-1-170x300.jpeg 170w, https:\/\/nahuelproducciones.com.ar\/radioquijano\/wp-content\/uploads\/2024\/08\/WhatsApp-Image-2024-08-17-at-10.20.16-PM-1-768x1355.jpeg 768w, https:\/\/nahuelproducciones.com.ar\/radioquijano\/wp-content\/uploads\/2024\/08\/WhatsApp-Image-2024-08-17-at-10.20.16-PM-1-870x1536.jpeg 870w, https:\/\/nahuelproducciones.com.ar\/radioquijano\/wp-content\/uploads\/2024\/08\/WhatsApp-Image-2024-08-17-at-10.20.16-PM-1-150x265.jpeg 150w, https:\/\/nahuelproducciones.com.ar\/radioquijano\/wp-content\/uploads\/2024\/08\/WhatsApp-Image-2024-08-17-at-10.20.16-PM-1.jpeg 906w\" sizes=\"auto, (max-width: 580px) 100vw, 580px\" \/><\/figure>\n<\/figure>\n","protected":false},"excerpt":{"rendered":"<p>Los vecinos siguen molestos, el paso de estos veh\u00edculo vienen generando inconvenientes\u00a0en el tr\u00e1nsito y a esto se suma el polvo en suspensi\u00f3n. A las casas ingresa la tierra que por falta de lluvia y regado est\u00e1n afectando a la salud de los que viven en la zona. La actividad minera genera un incremento constante [&hellip;]<\/p>\n","protected":false},"author":8,"featured_media":8690,"comment_status":"open","ping_status":"open","sticky":false,"template":"","format":"standard","meta":{"_monsterinsights_skip_tracking":false,"_monsterinsights_sitenote_active":false,"_monsterinsights_sitenote_note":"","_monsterinsights_sitenote_category":0,"footnotes":""},"categories":[16],"tags":[1406,100],"class_list":["post-8688","post","type-post","status-publish","format-standard","has-post-thumbnail","hentry","category-noticias","tag-barrio-alto-valle","tag-municipio-de-campo-quijano"],"yoast_head":"<!-- This site is optimized with the Yoast SEO plugin v20.8 - https:\/\/yoast.com\/wordpress\/plugins\/seo\/ -->\n<title>Barrio Alto Valle y la preocupaci\u00f3n por los veh\u00edculos de alto porte. - RQ 99.9<\/title>\n<meta name=\"description\" content=\"Los vecinos est\u00e1n regando sus veredas y calles, ya que no llega por la zona el tanque regador, as\u00ed manifestaron a RQ99.9Mhz.\" \/>\n<meta name=\"robots\" content=\"index, follow, max-snippet:-1, max-image-preview:large, max-video-preview:-1\" \/>\n<link rel=\"canonical\" href=\"https:\/\/nahuelproducciones.com.ar\/radioquijano\/barrio-alto-valle-y-la-preocupacion-por-los-vehiculos-de-alto-porte\/\" \/>\n<meta property=\"og:locale\" content=\"es_ES\" \/>\n<meta property=\"og:type\" content=\"article\" \/>\n<meta property=\"og:title\" content=\"Barrio Alto Valle y la preocupaci\u00f3n por los veh\u00edculos de alto porte. - RQ 99.9\" \/>\n<meta property=\"og:description\" content=\"Los vecinos est\u00e1n regando sus veredas y calles, ya que no llega por la zona el tanque regador, as\u00ed manifestaron a RQ99.9Mhz.\" \/>\n<meta property=\"og:url\" content=\"https:\/\/nahuelproducciones.com.ar\/radioquijano\/barrio-alto-valle-y-la-preocupacion-por-los-vehiculos-de-alto-porte\/\" \/>\n<meta property=\"og:site_name\" content=\"RQ 99.9\" \/>\n<meta property=\"article:publisher\" content=\"https:\/\/www.facebook.com\/nahuelproducciones999\/\" \/>\n<meta property=\"article:published_time\" content=\"2024-08-19T02:04:36+00:00\" \/>\n<meta property=\"article:modified_time\" content=\"2024-08-19T02:04:37+00:00\" \/>\n<meta property=\"og:image\" content=\"https:\/\/nahuelproducciones.com.ar\/radioquijano\/wp-content\/uploads\/2024\/08\/WhatsApp-Image-2024-08-17-at-10.20.05-PM-e1724033068837.jpeg\" \/>\n\t<meta property=\"og:image:width\" content=\"700\" \/>\n\t<meta property=\"og:image:height\" content=\"933\" \/>\n\t<meta property=\"og:image:type\" content=\"image\/jpeg\" \/>\n<meta name=\"author\" content=\"Cecilia Pastrana\" \/>\n<meta name=\"twitter:card\" content=\"summary_large_image\" \/>\n<meta name=\"twitter:creator\" content=\"@nahuproduciones\" \/>\n<meta name=\"twitter:site\" content=\"@nahuproduciones\" \/>\n<meta name=\"twitter:label1\" content=\"Escrito por\" \/>\n\t<meta name=\"twitter:data1\" content=\"Cecilia Pastrana\" \/>\n\t<meta name=\"twitter:label2\" content=\"Tiempo de lectura\" \/>\n\t<meta name=\"twitter:data2\" content=\"2 minutos\" \/>\n<script type=\"application\/ld+json\" class=\"yoast-schema-graph\">{\"@context\":\"https:\/\/schema.org\",\"@graph\":[{\"@type\":\"WebPage\",\"@id\":\"https:\/\/nahuelproducciones.com.ar\/radioquijano\/barrio-alto-valle-y-la-preocupacion-por-los-vehiculos-de-alto-porte\/\",\"url\":\"https:\/\/nahuelproducciones.com.ar\/radioquijano\/barrio-alto-valle-y-la-preocupacion-por-los-vehiculos-de-alto-porte\/\",\"name\":\"Barrio Alto Valle y la preocupaci\u00f3n por los veh\u00edculos de alto porte. - RQ 99.9\",\"isPartOf\":{\"@id\":\"https:\/\/nahuelproducciones.com.ar\/radioquijano\/#website\"},\"datePublished\":\"2024-08-19T02:04:36+00:00\",\"dateModified\":\"2024-08-19T02:04:37+00:00\",\"author\":{\"@id\":\"https:\/\/nahuelproducciones.com.ar\/radioquijano\/#\/schema\/person\/e8a4f939e2cb487fe6d0c54042c9d32c\"},\"description\":\"Los vecinos est\u00e1n regando sus veredas y calles, ya que no llega por la zona el tanque regador, as\u00ed manifestaron a RQ99.9Mhz.\",\"breadcrumb\":{\"@id\":\"https:\/\/nahuelproducciones.com.ar\/radioquijano\/barrio-alto-valle-y-la-preocupacion-por-los-vehiculos-de-alto-porte\/#breadcrumb\"},\"inLanguage\":\"es\",\"potentialAction\":[{\"@type\":\"ReadAction\",\"target\":[\"https:\/\/nahuelproducciones.com.ar\/radioquijano\/barrio-alto-valle-y-la-preocupacion-por-los-vehiculos-de-alto-porte\/\"]}]},{\"@type\":\"BreadcrumbList\",\"@id\":\"https:\/\/nahuelproducciones.com.ar\/radioquijano\/barrio-alto-valle-y-la-preocupacion-por-los-vehiculos-de-alto-porte\/#breadcrumb\",\"itemListElement\":[{\"@type\":\"ListItem\",\"position\":1,\"name\":\"Portada\",\"item\":\"https:\/\/nahuelproducciones.com.ar\/radioquijano\/\"},{\"@type\":\"ListItem\",\"position\":2,\"name\":\"Barrio Alto Valle y la preocupaci\u00f3n por los veh\u00edculos de alto porte.\"}]},{\"@type\":\"WebSite\",\"@id\":\"https:\/\/nahuelproducciones.com.ar\/radioquijano\/#website\",\"url\":\"https:\/\/nahuelproducciones.com.ar\/radioquijano\/\",\"name\":\"RQ 99.9\",\"description\":\"Radio Quijano 99.9 MHz\",\"potentialAction\":[{\"@type\":\"SearchAction\",\"target\":{\"@type\":\"EntryPoint\",\"urlTemplate\":\"https:\/\/nahuelproducciones.com.ar\/radioquijano\/?s={search_term_string}\"},\"query-input\":\"required name=search_term_string\"}],\"inLanguage\":\"es\"},{\"@type\":\"Person\",\"@id\":\"https:\/\/nahuelproducciones.com.ar\/radioquijano\/#\/schema\/person\/e8a4f939e2cb487fe6d0c54042c9d32c\",\"name\":\"Cecilia Pastrana\",\"image\":{\"@type\":\"ImageObject\",\"inLanguage\":\"es\",\"@id\":\"https:\/\/nahuelproducciones.com.ar\/radioquijano\/#\/schema\/person\/image\/\",\"url\":\"https:\/\/secure.gravatar.com\/avatar\/661a3ef63a8488d4f2794ed44af8cf71420f7e106f3072c40125114df5157749?s=96&d=mm&r=g\",\"contentUrl\":\"https:\/\/secure.gravatar.com\/avatar\/661a3ef63a8488d4f2794ed44af8cf71420f7e106f3072c40125114df5157749?s=96&d=mm&r=g\",\"caption\":\"Cecilia Pastrana\"},\"sameAs\":[\"cecy\"],\"url\":\"https:\/\/nahuelproducciones.com.ar\/radioquijano\/author\/cecy\/\"}]}<\/script>\n<!-- \/ Yoast SEO plugin. -->","yoast_head_json":{"title":"Barrio Alto Valle y la preocupaci\u00f3n por los veh\u00edculos de alto porte. - RQ 99.9","description":"Los vecinos est\u00e1n regando sus veredas y calles, ya que no llega por la zona el tanque regador, as\u00ed manifestaron a RQ99.9Mhz.","robots":{"index":"index","follow":"follow","max-snippet":"max-snippet:-1","max-image-preview":"max-image-preview:large","max-video-preview":"max-video-preview:-1"},"canonical":"https:\/\/nahuelproducciones.com.ar\/radioquijano\/barrio-alto-valle-y-la-preocupacion-por-los-vehiculos-de-alto-porte\/","og_locale":"es_ES","og_type":"article","og_title":"Barrio Alto Valle y la preocupaci\u00f3n por los veh\u00edculos de alto porte. - RQ 99.9","og_description":"Los vecinos est\u00e1n regando sus veredas y calles, ya que no llega por la zona el tanque regador, as\u00ed manifestaron a RQ99.9Mhz.","og_url":"https:\/\/nahuelproducciones.com.ar\/radioquijano\/barrio-alto-valle-y-la-preocupacion-por-los-vehiculos-de-alto-porte\/","og_site_name":"RQ 99.9","article_publisher":"https:\/\/www.facebook.com\/nahuelproducciones999\/","article_published_time":"2024-08-19T02:04:36+00:00","article_modified_time":"2024-08-19T02:04:37+00:00","og_image":[{"width":700,"height":933,"url":"https:\/\/nahuelproducciones.com.ar\/radioquijano\/wp-content\/uploads\/2024\/08\/WhatsApp-Image-2024-08-17-at-10.20.05-PM-e1724033068837.jpeg","type":"image\/jpeg"}],"author":"Cecilia Pastrana","twitter_card":"summary_large_image","twitter_creator":"@nahuproduciones","twitter_site":"@nahuproduciones","twitter_misc":{"Escrito por":"Cecilia Pastrana","Tiempo de lectura":"2 minutos"},"schema":{"@context":"https:\/\/schema.org","@graph":[{"@type":"WebPage","@id":"https:\/\/nahuelproducciones.com.ar\/radioquijano\/barrio-alto-valle-y-la-preocupacion-por-los-vehiculos-de-alto-porte\/","url":"https:\/\/nahuelproducciones.com.ar\/radioquijano\/barrio-alto-valle-y-la-preocupacion-por-los-vehiculos-de-alto-porte\/","name":"Barrio Alto Valle y la preocupaci\u00f3n por los veh\u00edculos de alto porte. - RQ 99.9","isPartOf":{"@id":"https:\/\/nahuelproducciones.com.ar\/radioquijano\/#website"},"datePublished":"2024-08-19T02:04:36+00:00","dateModified":"2024-08-19T02:04:37+00:00","author":{"@id":"https:\/\/nahuelproducciones.com.ar\/radioquijano\/#\/schema\/person\/e8a4f939e2cb487fe6d0c54042c9d32c"},"description":"Los vecinos est\u00e1n regando sus veredas y calles, ya que no llega por la zona el tanque regador, as\u00ed manifestaron a RQ99.9Mhz.","breadcrumb":{"@id":"https:\/\/nahuelproducciones.com.ar\/radioquijano\/barrio-alto-valle-y-la-preocupacion-por-los-vehiculos-de-alto-porte\/#breadcrumb"},"inLanguage":"es","potentialAction":[{"@type":"ReadAction","target":["https:\/\/nahuelproducciones.com.ar\/radioquijano\/barrio-alto-valle-y-la-preocupacion-por-los-vehiculos-de-alto-porte\/"]}]},{"@type":"BreadcrumbList","@id":"https:\/\/nahuelproducciones.com.ar\/radioquijano\/barrio-alto-valle-y-la-preocupacion-por-los-vehiculos-de-alto-porte\/#breadcrumb","itemListElement":[{"@type":"ListItem","position":1,"name":"Portada","item":"https:\/\/nahuelproducciones.com.ar\/radioquijano\/"},{"@type":"ListItem","position":2,"name":"Barrio Alto Valle y la preocupaci\u00f3n por los veh\u00edculos de alto porte."}]},{"@type":"WebSite","@id":"https:\/\/nahuelproducciones.com.ar\/radioquijano\/#website","url":"https:\/\/nahuelproducciones.com.ar\/radioquijano\/","name":"RQ 99.9","description":"Radio Quijano 99.9 MHz","potentialAction":[{"@type":"SearchAction","target":{"@type":"EntryPoint","urlTemplate":"https:\/\/nahuelproducciones.com.ar\/radioquijano\/?s={search_term_string}"},"query-input":"required name=search_term_string"}],"inLanguage":"es"},{"@type":"Person","@id":"https:\/\/nahuelproducciones.com.ar\/radioquijano\/#\/schema\/person\/e8a4f939e2cb487fe6d0c54042c9d32c","name":"Cecilia Pastrana","image":{"@type":"ImageObject","inLanguage":"es","@id":"https:\/\/nahuelproducciones.com.ar\/radioquijano\/#\/schema\/person\/image\/","url":"https:\/\/secure.gravatar.com\/avatar\/661a3ef63a8488d4f2794ed44af8cf71420f7e106f3072c40125114df5157749?s=96&d=mm&r=g","contentUrl":"https:\/\/secure.gravatar.com\/avatar\/661a3ef63a8488d4f2794ed44af8cf71420f7e106f3072c40125114df5157749?s=96&d=mm&r=g","caption":"Cecilia Pastrana"},"sameAs":["cecy"],"url":"https:\/\/nahuelproducciones.com.ar\/radioquijano\/author\/cecy\/"}]}},"_links":{"self":[{"href":"https:\/\/nahuelproducciones.com.ar\/radioquijano\/wp-json\/wp\/v2\/posts\/8688","targetHints":{"allow":["GET"]}}],"collection":[{"href":"https:\/\/nahuelproducciones.com.ar\/radioquijano\/wp-json\/wp\/v2\/posts"}],"about":[{"href":"https:\/\/nahuelproducciones.com.ar\/radioquijano\/wp-json\/wp\/v2\/types\/post"}],"author":[{"embeddable":true,"href":"https:\/\/nahuelproducciones.com.ar\/radioquijano\/wp-json\/wp\/v2\/users\/8"}],"replies":[{"embeddable":true,"href":"https:\/\/nahuelproducciones.com.ar\/radioquijano\/wp-json\/wp\/v2\/comments?post=8688"}],"version-history":[{"count":1,"href":"https:\/\/nahuelproducciones.com.ar\/radioquijano\/wp-json\/wp\/v2\/posts\/8688\/revisions"}],"predecessor-version":[{"id":8698,"href":"https:\/\/nahuelproducciones.com.ar\/radioquijano\/wp-json\/wp\/v2\/posts\/8688\/revisions\/8698"}],"wp:featuredmedia":[{"embeddable":true,"href":"https:\/\/nahuelproducciones.com.ar\/radioquijano\/wp-json\/wp\/v2\/media\/8690"}],"wp:attachment":[{"href":"https:\/\/nahuelproducciones.com.ar\/radioquijano\/wp-json\/wp\/v2\/media?parent=8688"}],"wp:term":[{"taxonomy":"category","embeddable":true,"href":"https:\/\/nahuelproducciones.com.ar\/radioquijano\/wp-json\/wp\/v2\/categories?post=8688"},{"taxonomy":"post_tag","embeddable":true,"href":"https:\/\/nahuelproducciones.com.ar\/radioquijano\/wp-json\/wp\/v2\/tags?post=8688"}],"curies":[{"name":"wp","href":"https:\/\/api.w.org\/{rel}","templated":true}]}}