{"id":869,"date":"2021-05-22T20:18:57","date_gmt":"2021-05-22T23:18:57","guid":{"rendered":"https:\/\/nahuelproducciones.com.ar\/radioquijano\/?p=869"},"modified":"2021-05-22T20:18:58","modified_gmt":"2021-05-22T23:18:58","slug":"campo-quijano-entra-en-confinamiento","status":"publish","type":"post","link":"https:\/\/nahuelproducciones.com.ar\/radioquijano\/campo-quijano-entra-en-confinamiento\/","title":{"rendered":"Campo Quijano entra en confinamiento."},"content":{"rendered":"\n<p>El&nbsp;<strong>secretario General de la Gobernaci\u00f3n, Mat\u00edas Posadas<\/strong>, explic\u00f3 que el DNU Nacional tiene vigencia hasta el 11 de junio diferenciado en dos etapas, una de confinamiento desde el 23 hasta el 31 de mayo y el fin de semana del 5 y 6 de junio y la otra etapa de restricciones por actividades.<\/p>\n\n\n\n<p>En este marco, el funcionario expres\u00f3 que en cumplimiento del DNU se aplicar\u00e1 el confinamiento en los departamentos en alto riesgo epidemiol\u00f3gico.<\/p>\n\n\n\n<p>En el resto de los departamentos, en medio y bajo riesgo, donde de acuerdo a lo establecido por Naci\u00f3n, las provincias determinan el marco de restricciones y habilitaciones, se fijaron nuevas medidas.<\/p>\n\n\n\n<p>El&nbsp;<strong>presidente del COE, Francisco Aguilar,<\/strong>&nbsp;se\u00f1al\u00f3 que la mortalidad baj\u00f3 un 66% respecto al a\u00f1o pasado. \u00abEso muestra que la vacunaci\u00f3n est\u00e1 dando resultados. Pero la cantidad de casos diarios tambi\u00e9n muestra que a\u00fan la sociedad no aprendi\u00f3 a convivir con el virus, necesitamos que toda la sociedad refuerce las medidas de prevenci\u00f3n y respete las medidas vigentes\u00bb.<\/p>\n\n\n\n<p>Se determin\u00f3 que, como establece Naci\u00f3n, las clases presenciales se suspenden por 3 d\u00edas (del 26 al 28 de mayo) en los 9 departamentos en zona de riesgo, mientras que en el resto de la provincia se contin\u00faa con la presencialidad en los establecimientos. \u00abLos 3 d\u00edas se van a recuperar dentro del calendario escolar\u00bb, se\u00f1al\u00f3 la secretaria de Gesti\u00f3n Administrativa, Roxana Dib.<\/p>\n\n\n\n<p><strong>De esta forma las medidas vigentes hasta el 31 de mayo son:<\/strong><\/p>\n\n\n\n<p><strong>ACTIVIDADES ECON\u00d3MICAS, INDUSTRIALES, COMERCIALES, DE SERVICIOS, CULTURALES, DEPORTIVAS, RELIGIOSAS, EDUCATIVAS, TUR\u00cdSTICAS, RECREATIVAS Y SOCIALES<\/strong>: sin presencialidad, en todos los casos que sea posible se deber\u00e1n realizar las tareas bajo la modalidad de teletrabajo.<\/p>\n\n\n\n<p><strong>PERMANENCIA EN DOMICILIOS<\/strong>: las personas deber\u00e1n permanecer en sus residencias habituales y solo podr\u00e1n desplazarse para aprovisionarse de art\u00edculos de limpieza, medicamentos y alimentos y art\u00edculos de necesidad en comercios esenciales y retiro de compras autorizadas, siempre en cercan\u00eda a sus domicilios.\u00a0<\/p>\n\n\n\n<p><strong>SALIDAS DE ESPARCIMIENTO<\/strong>: podr\u00e1n realizarse salidas de esparcimiento en espacios p\u00fablicos al aire libre de cercan\u00eda, en horario autorizado para circular, y dando cumplimiento a las reglas de conducta generales y obligatorias. No es necesario tramitar permiso para circular para estas actividades.<\/p>\n\n\n\n<p><strong>ACTIVIDADES RECREATIVAS<\/strong>: no se podr\u00e1n realizar reuniones de personas, ni concentraciones, ni pr\u00e1cticas recreativas grupales.<\/p>\n\n\n\n<p>No se podr\u00e1 circular fuera del l\u00edmite del partido, departamento o jurisdicci\u00f3n del domicilio de residencia.<\/p>\n\n\n\n<p><strong>PROHIBICI\u00d3N DE CIRCULACI\u00d3N<\/strong>: Desde las 18 horas hasta las 6 horas del d\u00eda siguiente.\u00a0<\/p>\n\n\n\n<p><strong>GASTRONOM\u00cdA<\/strong>: s\u00f3lo mediante delivery y take away.<\/p>\n\n\n\n<p><strong>TRANSPORTE P\u00daBLICO<\/strong>: quedan habilitadas para su uso las personas expresamente autorizadas para el desempe\u00f1o de sus actividades (1), los casos especiales, atenci\u00f3n de salud y vacunaci\u00f3n.<\/p>\n\n\n\n<p><strong>PERMISOS<\/strong>: Todas las personas exceptuadas de la prohibici\u00f3n de circular\u00a0deber\u00e1n portar el \u201cCertificado \u00danico Habilitante para Circulaci\u00f3n &#8211; Emergencia COVID-19\u201d. Los desplazamientos de las personas exceptuadas deber\u00e1n limitarse al estricto cumplimiento de la actividad autorizada.<\/p>\n\n\n\n<p><\/p>\n\n\n\n<p>Fuente:\u00a0<strong>Secretar\u00eda de Prensa y Comunicaci\u00f3n<\/strong><\/p>\n\n\n\n<p><a href=\"#RQ99.9Mhz\">#RQ99.9Mhz<\/a><a href=\"https:\/\/www.facebook.com\/Radio-Quijano-999-102294874524832\/?ref=pages_you_manage\"> Campo Quijano<\/a><\/p>\n","protected":false},"excerpt":{"rendered":"<p>El&nbsp;secretario General de la Gobernaci\u00f3n, Mat\u00edas Posadas, explic\u00f3 que el DNU Nacional tiene vigencia hasta el 11 de junio diferenciado en dos etapas, una de confinamiento desde el 23 hasta el 31 de mayo y el fin de semana del 5 y 6 de junio y la otra etapa de restricciones por actividades. En este [&hellip;]<\/p>\n","protected":false},"author":8,"featured_media":870,"comment_status":"open","ping_status":"open","sticky":false,"template":"","format":"standard","meta":{"_monsterinsights_skip_tracking":false,"_monsterinsights_sitenote_active":false,"_monsterinsights_sitenote_note":"","_monsterinsights_sitenote_category":0,"footnotes":""},"categories":[18,16],"tags":[],"class_list":["post-869","post","type-post","status-publish","format-standard","has-post-thumbnail","hentry","category-covid-19","category-noticias"],"yoast_head":"<!-- This site is optimized with the Yoast SEO plugin v20.8 - https:\/\/yoast.com\/wordpress\/plugins\/seo\/ -->\n<title>Campo Quijano entra en confinamiento. - RQ 99.9<\/title>\n<meta name=\"description\" content=\"El DNU Nacional tiene vigencia hasta el 11 de junio diferenciado en dos etapas, una de confinamiento desde el 23 hasta el 31 de mayo y el fin de semana del 5 y 6 de junio y la otra etapa de restricciones por actividades.\" \/>\n<meta name=\"robots\" content=\"index, follow, max-snippet:-1, max-image-preview:large, max-video-preview:-1\" \/>\n<link rel=\"canonical\" href=\"https:\/\/nahuelproducciones.com.ar\/radioquijano\/campo-quijano-entra-en-confinamiento\/\" \/>\n<meta property=\"og:locale\" content=\"es_ES\" \/>\n<meta property=\"og:type\" content=\"article\" \/>\n<meta property=\"og:title\" content=\"Campo Quijano entra en confinamiento. - RQ 99.9\" \/>\n<meta property=\"og:description\" content=\"El DNU Nacional tiene vigencia hasta el 11 de junio diferenciado en dos etapas, una de confinamiento desde el 23 hasta el 31 de mayo y el fin de semana del 5 y 6 de junio y la otra etapa de restricciones por actividades.\" \/>\n<meta property=\"og:url\" content=\"https:\/\/nahuelproducciones.com.ar\/radioquijano\/campo-quijano-entra-en-confinamiento\/\" \/>\n<meta property=\"og:site_name\" content=\"RQ 99.9\" \/>\n<meta property=\"article:publisher\" content=\"https:\/\/www.facebook.com\/nahuelproducciones999\/\" \/>\n<meta property=\"article:published_time\" content=\"2021-05-22T23:18:57+00:00\" \/>\n<meta property=\"article:modified_time\" content=\"2021-05-22T23:18:58+00:00\" \/>\n<meta property=\"og:image\" content=\"https:\/\/nahuelproducciones.com.ar\/radioquijano\/wp-content\/uploads\/2021\/05\/144-COEN-FONFINAMIENTO.jpg\" \/>\n\t<meta property=\"og:image:width\" content=\"700\" \/>\n\t<meta property=\"og:image:height\" content=\"350\" \/>\n\t<meta property=\"og:image:type\" content=\"image\/jpeg\" \/>\n<meta name=\"author\" content=\"Cecilia Pastrana\" \/>\n<meta name=\"twitter:card\" content=\"summary_large_image\" \/>\n<meta name=\"twitter:creator\" content=\"@nahuproduciones\" \/>\n<meta name=\"twitter:site\" content=\"@nahuproduciones\" \/>\n<meta name=\"twitter:label1\" content=\"Escrito por\" \/>\n\t<meta name=\"twitter:data1\" content=\"Cecilia Pastrana\" \/>\n\t<meta name=\"twitter:label2\" content=\"Tiempo de lectura\" \/>\n\t<meta name=\"twitter:data2\" content=\"3 minutos\" \/>\n<script type=\"application\/ld+json\" class=\"yoast-schema-graph\">{\"@context\":\"https:\/\/schema.org\",\"@graph\":[{\"@type\":\"WebPage\",\"@id\":\"https:\/\/nahuelproducciones.com.ar\/radioquijano\/campo-quijano-entra-en-confinamiento\/\",\"url\":\"https:\/\/nahuelproducciones.com.ar\/radioquijano\/campo-quijano-entra-en-confinamiento\/\",\"name\":\"Campo Quijano entra en confinamiento. - RQ 99.9\",\"isPartOf\":{\"@id\":\"https:\/\/nahuelproducciones.com.ar\/radioquijano\/#website\"},\"datePublished\":\"2021-05-22T23:18:57+00:00\",\"dateModified\":\"2021-05-22T23:18:58+00:00\",\"author\":{\"@id\":\"https:\/\/nahuelproducciones.com.ar\/radioquijano\/#\/schema\/person\/e8a4f939e2cb487fe6d0c54042c9d32c\"},\"description\":\"El DNU Nacional tiene vigencia hasta el 11 de junio diferenciado en dos etapas, una de confinamiento desde el 23 hasta el 31 de mayo y el fin de semana del 5 y 6 de junio y la otra etapa de restricciones por actividades.\",\"breadcrumb\":{\"@id\":\"https:\/\/nahuelproducciones.com.ar\/radioquijano\/campo-quijano-entra-en-confinamiento\/#breadcrumb\"},\"inLanguage\":\"es\",\"potentialAction\":[{\"@type\":\"ReadAction\",\"target\":[\"https:\/\/nahuelproducciones.com.ar\/radioquijano\/campo-quijano-entra-en-confinamiento\/\"]}]},{\"@type\":\"BreadcrumbList\",\"@id\":\"https:\/\/nahuelproducciones.com.ar\/radioquijano\/campo-quijano-entra-en-confinamiento\/#breadcrumb\",\"itemListElement\":[{\"@type\":\"ListItem\",\"position\":1,\"name\":\"Portada\",\"item\":\"https:\/\/nahuelproducciones.com.ar\/radioquijano\/\"},{\"@type\":\"ListItem\",\"position\":2,\"name\":\"Campo Quijano entra en confinamiento.\"}]},{\"@type\":\"WebSite\",\"@id\":\"https:\/\/nahuelproducciones.com.ar\/radioquijano\/#website\",\"url\":\"https:\/\/nahuelproducciones.com.ar\/radioquijano\/\",\"name\":\"RQ 99.9\",\"description\":\"Radio Quijano 99.9 MHz\",\"potentialAction\":[{\"@type\":\"SearchAction\",\"target\":{\"@type\":\"EntryPoint\",\"urlTemplate\":\"https:\/\/nahuelproducciones.com.ar\/radioquijano\/?s={search_term_string}\"},\"query-input\":\"required name=search_term_string\"}],\"inLanguage\":\"es\"},{\"@type\":\"Person\",\"@id\":\"https:\/\/nahuelproducciones.com.ar\/radioquijano\/#\/schema\/person\/e8a4f939e2cb487fe6d0c54042c9d32c\",\"name\":\"Cecilia Pastrana\",\"image\":{\"@type\":\"ImageObject\",\"inLanguage\":\"es\",\"@id\":\"https:\/\/nahuelproducciones.com.ar\/radioquijano\/#\/schema\/person\/image\/\",\"url\":\"https:\/\/secure.gravatar.com\/avatar\/661a3ef63a8488d4f2794ed44af8cf71420f7e106f3072c40125114df5157749?s=96&d=mm&r=g\",\"contentUrl\":\"https:\/\/secure.gravatar.com\/avatar\/661a3ef63a8488d4f2794ed44af8cf71420f7e106f3072c40125114df5157749?s=96&d=mm&r=g\",\"caption\":\"Cecilia Pastrana\"},\"sameAs\":[\"cecy\"],\"url\":\"https:\/\/nahuelproducciones.com.ar\/radioquijano\/author\/cecy\/\"}]}<\/script>\n<!-- \/ Yoast SEO plugin. -->","yoast_head_json":{"title":"Campo Quijano entra en confinamiento. - RQ 99.9","description":"El DNU Nacional tiene vigencia hasta el 11 de junio diferenciado en dos etapas, una de confinamiento desde el 23 hasta el 31 de mayo y el fin de semana del 5 y 6 de junio y la otra etapa de restricciones por actividades.","robots":{"index":"index","follow":"follow","max-snippet":"max-snippet:-1","max-image-preview":"max-image-preview:large","max-video-preview":"max-video-preview:-1"},"canonical":"https:\/\/nahuelproducciones.com.ar\/radioquijano\/campo-quijano-entra-en-confinamiento\/","og_locale":"es_ES","og_type":"article","og_title":"Campo Quijano entra en confinamiento. - RQ 99.9","og_description":"El DNU Nacional tiene vigencia hasta el 11 de junio diferenciado en dos etapas, una de confinamiento desde el 23 hasta el 31 de mayo y el fin de semana del 5 y 6 de junio y la otra etapa de restricciones por actividades.","og_url":"https:\/\/nahuelproducciones.com.ar\/radioquijano\/campo-quijano-entra-en-confinamiento\/","og_site_name":"RQ 99.9","article_publisher":"https:\/\/www.facebook.com\/nahuelproducciones999\/","article_published_time":"2021-05-22T23:18:57+00:00","article_modified_time":"2021-05-22T23:18:58+00:00","og_image":[{"width":700,"height":350,"url":"https:\/\/nahuelproducciones.com.ar\/radioquijano\/wp-content\/uploads\/2021\/05\/144-COEN-FONFINAMIENTO.jpg","type":"image\/jpeg"}],"author":"Cecilia Pastrana","twitter_card":"summary_large_image","twitter_creator":"@nahuproduciones","twitter_site":"@nahuproduciones","twitter_misc":{"Escrito por":"Cecilia Pastrana","Tiempo de lectura":"3 minutos"},"schema":{"@context":"https:\/\/schema.org","@graph":[{"@type":"WebPage","@id":"https:\/\/nahuelproducciones.com.ar\/radioquijano\/campo-quijano-entra-en-confinamiento\/","url":"https:\/\/nahuelproducciones.com.ar\/radioquijano\/campo-quijano-entra-en-confinamiento\/","name":"Campo Quijano entra en confinamiento. - RQ 99.9","isPartOf":{"@id":"https:\/\/nahuelproducciones.com.ar\/radioquijano\/#website"},"datePublished":"2021-05-22T23:18:57+00:00","dateModified":"2021-05-22T23:18:58+00:00","author":{"@id":"https:\/\/nahuelproducciones.com.ar\/radioquijano\/#\/schema\/person\/e8a4f939e2cb487fe6d0c54042c9d32c"},"description":"El DNU Nacional tiene vigencia hasta el 11 de junio diferenciado en dos etapas, una de confinamiento desde el 23 hasta el 31 de mayo y el fin de semana del 5 y 6 de junio y la otra etapa de restricciones por actividades.","breadcrumb":{"@id":"https:\/\/nahuelproducciones.com.ar\/radioquijano\/campo-quijano-entra-en-confinamiento\/#breadcrumb"},"inLanguage":"es","potentialAction":[{"@type":"ReadAction","target":["https:\/\/nahuelproducciones.com.ar\/radioquijano\/campo-quijano-entra-en-confinamiento\/"]}]},{"@type":"BreadcrumbList","@id":"https:\/\/nahuelproducciones.com.ar\/radioquijano\/campo-quijano-entra-en-confinamiento\/#breadcrumb","itemListElement":[{"@type":"ListItem","position":1,"name":"Portada","item":"https:\/\/nahuelproducciones.com.ar\/radioquijano\/"},{"@type":"ListItem","position":2,"name":"Campo Quijano entra en confinamiento."}]},{"@type":"WebSite","@id":"https:\/\/nahuelproducciones.com.ar\/radioquijano\/#website","url":"https:\/\/nahuelproducciones.com.ar\/radioquijano\/","name":"RQ 99.9","description":"Radio Quijano 99.9 MHz","potentialAction":[{"@type":"SearchAction","target":{"@type":"EntryPoint","urlTemplate":"https:\/\/nahuelproducciones.com.ar\/radioquijano\/?s={search_term_string}"},"query-input":"required name=search_term_string"}],"inLanguage":"es"},{"@type":"Person","@id":"https:\/\/nahuelproducciones.com.ar\/radioquijano\/#\/schema\/person\/e8a4f939e2cb487fe6d0c54042c9d32c","name":"Cecilia Pastrana","image":{"@type":"ImageObject","inLanguage":"es","@id":"https:\/\/nahuelproducciones.com.ar\/radioquijano\/#\/schema\/person\/image\/","url":"https:\/\/secure.gravatar.com\/avatar\/661a3ef63a8488d4f2794ed44af8cf71420f7e106f3072c40125114df5157749?s=96&d=mm&r=g","contentUrl":"https:\/\/secure.gravatar.com\/avatar\/661a3ef63a8488d4f2794ed44af8cf71420f7e106f3072c40125114df5157749?s=96&d=mm&r=g","caption":"Cecilia Pastrana"},"sameAs":["cecy"],"url":"https:\/\/nahuelproducciones.com.ar\/radioquijano\/author\/cecy\/"}]}},"_links":{"self":[{"href":"https:\/\/nahuelproducciones.com.ar\/radioquijano\/wp-json\/wp\/v2\/posts\/869","targetHints":{"allow":["GET"]}}],"collection":[{"href":"https:\/\/nahuelproducciones.com.ar\/radioquijano\/wp-json\/wp\/v2\/posts"}],"about":[{"href":"https:\/\/nahuelproducciones.com.ar\/radioquijano\/wp-json\/wp\/v2\/types\/post"}],"author":[{"embeddable":true,"href":"https:\/\/nahuelproducciones.com.ar\/radioquijano\/wp-json\/wp\/v2\/users\/8"}],"replies":[{"embeddable":true,"href":"https:\/\/nahuelproducciones.com.ar\/radioquijano\/wp-json\/wp\/v2\/comments?post=869"}],"version-history":[{"count":1,"href":"https:\/\/nahuelproducciones.com.ar\/radioquijano\/wp-json\/wp\/v2\/posts\/869\/revisions"}],"predecessor-version":[{"id":871,"href":"https:\/\/nahuelproducciones.com.ar\/radioquijano\/wp-json\/wp\/v2\/posts\/869\/revisions\/871"}],"wp:featuredmedia":[{"embeddable":true,"href":"https:\/\/nahuelproducciones.com.ar\/radioquijano\/wp-json\/wp\/v2\/media\/870"}],"wp:attachment":[{"href":"https:\/\/nahuelproducciones.com.ar\/radioquijano\/wp-json\/wp\/v2\/media?parent=869"}],"wp:term":[{"taxonomy":"category","embeddable":true,"href":"https:\/\/nahuelproducciones.com.ar\/radioquijano\/wp-json\/wp\/v2\/categories?post=869"},{"taxonomy":"post_tag","embeddable":true,"href":"https:\/\/nahuelproducciones.com.ar\/radioquijano\/wp-json\/wp\/v2\/tags?post=869"}],"curies":[{"name":"wp","href":"https:\/\/api.w.org\/{rel}","templated":true}]}}