{"id":8700,"date":"2024-08-23T01:29:44","date_gmt":"2024-08-23T04:29:44","guid":{"rendered":"https:\/\/nahuelproducciones.com.ar\/radioquijano\/?p=8700"},"modified":"2024-08-23T02:01:59","modified_gmt":"2024-08-23T05:01:59","slug":"necesidad-de-sesiones-del-concejo-deliberante-de-campo-quijano","status":"publish","type":"post","link":"https:\/\/nahuelproducciones.com.ar\/radioquijano\/necesidad-de-sesiones-del-concejo-deliberante-de-campo-quijano\/","title":{"rendered":"Necesidad de Sesiones del Concejo Deliberante de Campo Quijano"},"content":{"rendered":"\n<p><\/p>\n\n\n\n<p><strong>1. Introducci\u00f3n<\/strong><\/p>\n\n\n\n<p>El Concejo Deliberante de Campo Quijano es el organismo encargado de representar a los ciudadanos y de legislar en el \u00e1mbito municipal. Su rol es fundamental para garantizar la transparencia, la participaci\u00f3n ciudadana y el buen gobierno. Sin embargo, se ha observado no solo la disminuci\u00f3n en la frecuencia de las sesiones, sino tambi\u00e9n la poca participaci\u00f3n en las reuniones de comisi\u00f3n como as\u00ed tambi\u00e9n el casi nada trabajo legislativo de algunos ediles, esto obviamente ha generado preocupaci\u00f3n entre los ciudadanos y diversos sectores de la comunidad.<\/p>\n\n\n\n<p><strong>2. Contexto Actual<\/strong><\/p>\n\n\n\n<p>Campo Quijano, como cualquier otro municipio, enfrenta desaf\u00edos que requieren decisiones r\u00e1pidas y efectivas. La situaci\u00f3n econ\u00f3mica, las necesidades de infraestructura, y la gesti\u00f3n de los servicios p\u00fablicos son solo algunos de los temas que requieren la atenci\u00f3n constante del Concejo Deliberante. Sin embargo, la falta de sesiones ordinarias y de comisi\u00f3n, como as\u00ed tambi\u00e9n la falta de proyectos ha retrasado la toma de decisiones importantes y ha limitado la capacidad del gobierno local para responder a las necesidades de la poblaci\u00f3n.<\/p>\n\n\n\n<p><strong>3. Importancia de las Sesiones Regulares<\/strong><\/p>\n\n\n\n<p>Las sesiones del Concejo Deliberante son el espacio donde se debaten y aprueban las ordenanzas y resoluciones que afectan a la vida cotidiana de los ciudadanos. con la intenci\u00f3n de mejorarlas. La falta de estas sesiones tiene varias implicancias negativas:<\/p>\n\n\n\n<ul class=\"wp-block-list\">\n<li><strong>Demora en la toma de decisiones:<\/strong> La inactividad del Concejo puede retrasar la implementaci\u00f3n de pol\u00edticas y proyectos esenciales para el desarrollo del municipio.<\/li>\n\n\n\n<li><strong>Falta de transparencia:<\/strong> Sin sesiones regulares, los procesos de toma de decisiones se vuelven menos transparentes, lo que puede generar desconfianza entre la poblaci\u00f3n.<\/li>\n\n\n\n<li><strong>P\u00e9rdida de participaci\u00f3n ciudadana:<\/strong> Las sesiones son un canal importante para la participaci\u00f3n ciudadana, permitiendo a los vecinos expresar sus inquietudes y opiniones.<\/li>\n\n\n\n<li><strong>Desactualizaci\u00f3n normativa:<\/strong> La falta de sesiones puede llevar a que las normativas locales queden desactualizadas, afectando la gobernabilidad y el cumplimiento de las leyes.<\/li>\n\n\n\n<li><strong>Falta de legalidad y legitimidad<\/strong>: Por no efectuar los controles correspondientes y permanentes al Ejecutivo municipal incumpliendo normativas vigentes.<\/li>\n<\/ul>\n\n\n\n<p><strong>4. Consecuencias de la Inactividad del Concejo<\/strong><\/p>\n\n\n\n<p>La inactividad del Concejo Deliberante puede tener varias consecuencias negativas para Campo Quijano:<\/p>\n\n\n\n<ul class=\"wp-block-list\">\n<li><strong>Estancamiento en el desarrollo local:<\/strong> Sin un Concejo activo, los proyectos de infraestructura y desarrollo comunitario pueden quedar paralizados.<\/li>\n\n\n\n<li><strong>Problemas de gobernabilidad:<\/strong> La ausencia de sesiones puede debilitar la gobernabilidad local, dificultando la implementaci\u00f3n de pol\u00edticas p\u00fablicas.<\/li>\n\n\n\n<li><strong>Descontento ciudadano:<\/strong> La falta de actividad del Concejo puede generar malestar entre los ciudadanos, quienes pueden sentir que sus representantes no est\u00e1n cumpliendo con su deber.<\/li>\n<\/ul>\n\n\n\n<p><strong>5. Conclusi\u00f3n<\/strong><\/p>\n\n\n\n<p>El Concejo Deliberante de Campo Quijano desempe\u00f1a un papel crucial en el desarrollo y la gobernabilidad del municipio. Es imperativo que sus sesiones se reanuden para asegurar que se puedan abordar de manera efectiva los desaf\u00edos que enfrenta la comunidad. La inactividad del Concejo no solo retrasa la toma de decisiones importantes, sino que tambi\u00e9n socava la transparencia, la participaci\u00f3n ciudadana y el desarrollo local.<\/p>\n\n\n\n<div class=\"wp-block-columns is-layout-flex wp-container-core-columns-is-layout-9d6595d7 wp-block-columns-is-layout-flex\">\n<div class=\"wp-block-column is-layout-flow wp-block-column-is-layout-flow\">\n<iframe loading=\"lazy\" src=\"https:\/\/www.facebook.com\/plugins\/video.php?height=314&#038;href=https%3A%2F%2Fwww.facebook.com%2F61554377468618%2Fvideos%2F424563866703662%2F&#038;show_text=true&#038;width=560&#038;t=0\" width=\"450\" height=\"700\" style=\"border:none;overflow:hidden\" scrolling=\"no\" frameborder=\"0\" allowfullscreen=\"true\" allow=\"autoplay; clipboard-write; encrypted-media; picture-in-picture; web-share\" allowFullScreen=\"true\"><\/iframe>\n<\/div>\n\n\n\n<div class=\"wp-block-column is-layout-flow wp-block-column-is-layout-flow\">\n<iframe loading=\"lazy\" src=\"https:\/\/www.facebook.com\/plugins\/post.php?href=https%3A%2F%2Fwww.facebook.com%2Fpermalink.php%3Fstory_fbid%3Dpfbid01RL6hinvwsFbPLXwsDAd48WoMxtmyP6WkQdSNYa8qU83R6AXSn1SyWDMCiVhCuWjl%26id%3D61554377468618&#038;show_text=true&#038;width=400\" width=\"500\" height=\"703\" style=\"border:none;overflow:hidden\" scrolling=\"no\" frameborder=\"0\" allowfullscreen=\"true\" allow=\"autoplay; clipboard-write; encrypted-media; picture-in-picture; web-share\"><\/iframe>\n<\/div>\n<\/div>\n","protected":false},"excerpt":{"rendered":"<p>En-sesi\u00f3n-o-en Alfarcito?<\/p>\n","protected":false},"author":6,"featured_media":8755,"comment_status":"open","ping_status":"open","sticky":false,"template":"","format":"standard","meta":{"_monsterinsights_skip_tracking":false,"_monsterinsights_sitenote_active":false,"_monsterinsights_sitenote_note":"","_monsterinsights_sitenote_category":0,"footnotes":""},"categories":[16],"tags":[36,58,75,1619,63,1582,96,84,306,71,100,1620,1580,1581,62],"class_list":["post-8700","post","type-post","status-publish","format-standard","has-post-thumbnail","hentry","category-noticias","tag-campo-quijano","tag-carlos-folloni","tag-concejo-deliberante-de-campo-quijano","tag-cristina-geron","tag-lino-yonar","tag-lorena-torres","tag-lupy-cruz","tag-manuel-cornejo","tag-mirta-copa","tag-municipalidad-de-campo-quijano","tag-municipio-de-campo-quijano","tag-nico-montero","tag-pablo-orosco","tag-patricio-suarez","tag-topo-ramos"],"yoast_head":"<!-- This site is optimized with the Yoast SEO plugin v20.8 - https:\/\/yoast.com\/wordpress\/plugins\/seo\/ -->\n<title>Necesidad de Sesiones del Concejo Deliberante de Campo Quijano - RQ 99.9<\/title>\n<meta name=\"robots\" content=\"index, follow, max-snippet:-1, max-image-preview:large, max-video-preview:-1\" \/>\n<link rel=\"canonical\" href=\"https:\/\/nahuelproducciones.com.ar\/radioquijano\/necesidad-de-sesiones-del-concejo-deliberante-de-campo-quijano\/\" \/>\n<meta property=\"og:locale\" content=\"es_ES\" \/>\n<meta property=\"og:type\" content=\"article\" \/>\n<meta property=\"og:title\" content=\"Necesidad de Sesiones del Concejo Deliberante de Campo Quijano - RQ 99.9\" \/>\n<meta property=\"og:description\" content=\"En-sesi\u00f3n-o-en Alfarcito?\" \/>\n<meta property=\"og:url\" content=\"https:\/\/nahuelproducciones.com.ar\/radioquijano\/necesidad-de-sesiones-del-concejo-deliberante-de-campo-quijano\/\" \/>\n<meta property=\"og:site_name\" content=\"RQ 99.9\" \/>\n<meta property=\"article:publisher\" content=\"https:\/\/www.facebook.com\/nahuelproducciones999\/\" \/>\n<meta property=\"article:published_time\" content=\"2024-08-23T04:29:44+00:00\" \/>\n<meta property=\"article:modified_time\" content=\"2024-08-23T05:01:59+00:00\" \/>\n<meta property=\"og:image\" content=\"https:\/\/nahuelproducciones.com.ar\/radioquijano\/wp-content\/uploads\/2024\/08\/en-sesion-en-alfarcito.jpg\" \/>\n\t<meta property=\"og:image:width\" content=\"1384\" \/>\n\t<meta property=\"og:image:height\" content=\"381\" \/>\n\t<meta property=\"og:image:type\" content=\"image\/jpeg\" \/>\n<meta name=\"author\" content=\"Ricardo Guzman\" \/>\n<meta name=\"twitter:card\" content=\"summary_large_image\" \/>\n<meta name=\"twitter:creator\" content=\"@nahuproduciones\" \/>\n<meta name=\"twitter:site\" content=\"@nahuproduciones\" \/>\n<meta name=\"twitter:label1\" content=\"Escrito por\" \/>\n\t<meta name=\"twitter:data1\" content=\"Ricardo Guzman\" \/>\n\t<meta name=\"twitter:label2\" content=\"Tiempo de lectura\" \/>\n\t<meta name=\"twitter:data2\" content=\"3 minutos\" \/>\n<script type=\"application\/ld+json\" class=\"yoast-schema-graph\">{\"@context\":\"https:\/\/schema.org\",\"@graph\":[{\"@type\":\"WebPage\",\"@id\":\"https:\/\/nahuelproducciones.com.ar\/radioquijano\/necesidad-de-sesiones-del-concejo-deliberante-de-campo-quijano\/\",\"url\":\"https:\/\/nahuelproducciones.com.ar\/radioquijano\/necesidad-de-sesiones-del-concejo-deliberante-de-campo-quijano\/\",\"name\":\"Necesidad de Sesiones del Concejo Deliberante de Campo Quijano - RQ 99.9\",\"isPartOf\":{\"@id\":\"https:\/\/nahuelproducciones.com.ar\/radioquijano\/#website\"},\"datePublished\":\"2024-08-23T04:29:44+00:00\",\"dateModified\":\"2024-08-23T05:01:59+00:00\",\"author\":{\"@id\":\"https:\/\/nahuelproducciones.com.ar\/radioquijano\/#\/schema\/person\/b9b81a110cbdf07949e2cd02d478ab9d\"},\"breadcrumb\":{\"@id\":\"https:\/\/nahuelproducciones.com.ar\/radioquijano\/necesidad-de-sesiones-del-concejo-deliberante-de-campo-quijano\/#breadcrumb\"},\"inLanguage\":\"es\",\"potentialAction\":[{\"@type\":\"ReadAction\",\"target\":[\"https:\/\/nahuelproducciones.com.ar\/radioquijano\/necesidad-de-sesiones-del-concejo-deliberante-de-campo-quijano\/\"]}]},{\"@type\":\"BreadcrumbList\",\"@id\":\"https:\/\/nahuelproducciones.com.ar\/radioquijano\/necesidad-de-sesiones-del-concejo-deliberante-de-campo-quijano\/#breadcrumb\",\"itemListElement\":[{\"@type\":\"ListItem\",\"position\":1,\"name\":\"Portada\",\"item\":\"https:\/\/nahuelproducciones.com.ar\/radioquijano\/\"},{\"@type\":\"ListItem\",\"position\":2,\"name\":\"Necesidad de Sesiones del Concejo Deliberante de Campo Quijano\"}]},{\"@type\":\"WebSite\",\"@id\":\"https:\/\/nahuelproducciones.com.ar\/radioquijano\/#website\",\"url\":\"https:\/\/nahuelproducciones.com.ar\/radioquijano\/\",\"name\":\"RQ 99.9\",\"description\":\"Radio Quijano 99.9 MHz\",\"potentialAction\":[{\"@type\":\"SearchAction\",\"target\":{\"@type\":\"EntryPoint\",\"urlTemplate\":\"https:\/\/nahuelproducciones.com.ar\/radioquijano\/?s={search_term_string}\"},\"query-input\":\"required name=search_term_string\"}],\"inLanguage\":\"es\"},{\"@type\":\"Person\",\"@id\":\"https:\/\/nahuelproducciones.com.ar\/radioquijano\/#\/schema\/person\/b9b81a110cbdf07949e2cd02d478ab9d\",\"name\":\"Ricardo Guzman\",\"image\":{\"@type\":\"ImageObject\",\"inLanguage\":\"es\",\"@id\":\"https:\/\/nahuelproducciones.com.ar\/radioquijano\/#\/schema\/person\/image\/\",\"url\":\"https:\/\/secure.gravatar.com\/avatar\/a5d582deda251f95dc882b72fc6e7b4854f88bb25c3154519210afffa7d706e8?s=96&d=mm&r=g\",\"contentUrl\":\"https:\/\/secure.gravatar.com\/avatar\/a5d582deda251f95dc882b72fc6e7b4854f88bb25c3154519210afffa7d706e8?s=96&d=mm&r=g\",\"caption\":\"Ricardo Guzman\"},\"url\":\"https:\/\/nahuelproducciones.com.ar\/radioquijano\/author\/cady\/\"}]}<\/script>\n<!-- \/ Yoast SEO plugin. -->","yoast_head_json":{"title":"Necesidad de Sesiones del Concejo Deliberante de Campo Quijano - RQ 99.9","robots":{"index":"index","follow":"follow","max-snippet":"max-snippet:-1","max-image-preview":"max-image-preview:large","max-video-preview":"max-video-preview:-1"},"canonical":"https:\/\/nahuelproducciones.com.ar\/radioquijano\/necesidad-de-sesiones-del-concejo-deliberante-de-campo-quijano\/","og_locale":"es_ES","og_type":"article","og_title":"Necesidad de Sesiones del Concejo Deliberante de Campo Quijano - RQ 99.9","og_description":"En-sesi\u00f3n-o-en Alfarcito?","og_url":"https:\/\/nahuelproducciones.com.ar\/radioquijano\/necesidad-de-sesiones-del-concejo-deliberante-de-campo-quijano\/","og_site_name":"RQ 99.9","article_publisher":"https:\/\/www.facebook.com\/nahuelproducciones999\/","article_published_time":"2024-08-23T04:29:44+00:00","article_modified_time":"2024-08-23T05:01:59+00:00","og_image":[{"width":1384,"height":381,"url":"https:\/\/nahuelproducciones.com.ar\/radioquijano\/wp-content\/uploads\/2024\/08\/en-sesion-en-alfarcito.jpg","type":"image\/jpeg"}],"author":"Ricardo Guzman","twitter_card":"summary_large_image","twitter_creator":"@nahuproduciones","twitter_site":"@nahuproduciones","twitter_misc":{"Escrito por":"Ricardo Guzman","Tiempo de lectura":"3 minutos"},"schema":{"@context":"https:\/\/schema.org","@graph":[{"@type":"WebPage","@id":"https:\/\/nahuelproducciones.com.ar\/radioquijano\/necesidad-de-sesiones-del-concejo-deliberante-de-campo-quijano\/","url":"https:\/\/nahuelproducciones.com.ar\/radioquijano\/necesidad-de-sesiones-del-concejo-deliberante-de-campo-quijano\/","name":"Necesidad de Sesiones del Concejo Deliberante de Campo Quijano - RQ 99.9","isPartOf":{"@id":"https:\/\/nahuelproducciones.com.ar\/radioquijano\/#website"},"datePublished":"2024-08-23T04:29:44+00:00","dateModified":"2024-08-23T05:01:59+00:00","author":{"@id":"https:\/\/nahuelproducciones.com.ar\/radioquijano\/#\/schema\/person\/b9b81a110cbdf07949e2cd02d478ab9d"},"breadcrumb":{"@id":"https:\/\/nahuelproducciones.com.ar\/radioquijano\/necesidad-de-sesiones-del-concejo-deliberante-de-campo-quijano\/#breadcrumb"},"inLanguage":"es","potentialAction":[{"@type":"ReadAction","target":["https:\/\/nahuelproducciones.com.ar\/radioquijano\/necesidad-de-sesiones-del-concejo-deliberante-de-campo-quijano\/"]}]},{"@type":"BreadcrumbList","@id":"https:\/\/nahuelproducciones.com.ar\/radioquijano\/necesidad-de-sesiones-del-concejo-deliberante-de-campo-quijano\/#breadcrumb","itemListElement":[{"@type":"ListItem","position":1,"name":"Portada","item":"https:\/\/nahuelproducciones.com.ar\/radioquijano\/"},{"@type":"ListItem","position":2,"name":"Necesidad de Sesiones del Concejo Deliberante de Campo Quijano"}]},{"@type":"WebSite","@id":"https:\/\/nahuelproducciones.com.ar\/radioquijano\/#website","url":"https:\/\/nahuelproducciones.com.ar\/radioquijano\/","name":"RQ 99.9","description":"Radio Quijano 99.9 MHz","potentialAction":[{"@type":"SearchAction","target":{"@type":"EntryPoint","urlTemplate":"https:\/\/nahuelproducciones.com.ar\/radioquijano\/?s={search_term_string}"},"query-input":"required name=search_term_string"}],"inLanguage":"es"},{"@type":"Person","@id":"https:\/\/nahuelproducciones.com.ar\/radioquijano\/#\/schema\/person\/b9b81a110cbdf07949e2cd02d478ab9d","name":"Ricardo Guzman","image":{"@type":"ImageObject","inLanguage":"es","@id":"https:\/\/nahuelproducciones.com.ar\/radioquijano\/#\/schema\/person\/image\/","url":"https:\/\/secure.gravatar.com\/avatar\/a5d582deda251f95dc882b72fc6e7b4854f88bb25c3154519210afffa7d706e8?s=96&d=mm&r=g","contentUrl":"https:\/\/secure.gravatar.com\/avatar\/a5d582deda251f95dc882b72fc6e7b4854f88bb25c3154519210afffa7d706e8?s=96&d=mm&r=g","caption":"Ricardo Guzman"},"url":"https:\/\/nahuelproducciones.com.ar\/radioquijano\/author\/cady\/"}]}},"_links":{"self":[{"href":"https:\/\/nahuelproducciones.com.ar\/radioquijano\/wp-json\/wp\/v2\/posts\/8700","targetHints":{"allow":["GET"]}}],"collection":[{"href":"https:\/\/nahuelproducciones.com.ar\/radioquijano\/wp-json\/wp\/v2\/posts"}],"about":[{"href":"https:\/\/nahuelproducciones.com.ar\/radioquijano\/wp-json\/wp\/v2\/types\/post"}],"author":[{"embeddable":true,"href":"https:\/\/nahuelproducciones.com.ar\/radioquijano\/wp-json\/wp\/v2\/users\/6"}],"replies":[{"embeddable":true,"href":"https:\/\/nahuelproducciones.com.ar\/radioquijano\/wp-json\/wp\/v2\/comments?post=8700"}],"version-history":[{"count":16,"href":"https:\/\/nahuelproducciones.com.ar\/radioquijano\/wp-json\/wp\/v2\/posts\/8700\/revisions"}],"predecessor-version":[{"id":8758,"href":"https:\/\/nahuelproducciones.com.ar\/radioquijano\/wp-json\/wp\/v2\/posts\/8700\/revisions\/8758"}],"wp:featuredmedia":[{"embeddable":true,"href":"https:\/\/nahuelproducciones.com.ar\/radioquijano\/wp-json\/wp\/v2\/media\/8755"}],"wp:attachment":[{"href":"https:\/\/nahuelproducciones.com.ar\/radioquijano\/wp-json\/wp\/v2\/media?parent=8700"}],"wp:term":[{"taxonomy":"category","embeddable":true,"href":"https:\/\/nahuelproducciones.com.ar\/radioquijano\/wp-json\/wp\/v2\/categories?post=8700"},{"taxonomy":"post_tag","embeddable":true,"href":"https:\/\/nahuelproducciones.com.ar\/radioquijano\/wp-json\/wp\/v2\/tags?post=8700"}],"curies":[{"name":"wp","href":"https:\/\/api.w.org\/{rel}","templated":true}]}}