{"id":8717,"date":"2024-08-23T01:44:20","date_gmt":"2024-08-23T04:44:20","guid":{"rendered":"https:\/\/nahuelproducciones.com.ar\/radioquijano\/?p=8717"},"modified":"2024-08-23T01:44:20","modified_gmt":"2024-08-23T04:44:20","slug":"capacitaciones-en-el-centro-de-primera-infancia-c-p-i","status":"publish","type":"post","link":"https:\/\/nahuelproducciones.com.ar\/radioquijano\/capacitaciones-en-el-centro-de-primera-infancia-c-p-i\/","title":{"rendered":"Capacitaciones EN el Centro de Primera Infancia (C.P.I)"},"content":{"rendered":"\n<p>El equipo del CPI \u00abRinc\u00f3n de Sue\u00f1os\u00bb se capacita en  protocolo de actuaci\u00f3n para la prevenci\u00f3n de riesgos y la aplicaci\u00f3n de normas de cuidado de ni\u00f1os que asisten diariamente.<\/p>\n\n\n\n<p>Conocen las normativas para las diferentes situaciones que se presenten con los ni\u00f1os y buscan las herramientas que les permitan contener a todas las familias.<\/p>\n\n\n\n<blockquote class=\"wp-block-quote is-layout-flow wp-block-quote-is-layout-flow\">\n<p>Trabajar en\u00a0<em>prevenci\u00f3n<\/em>\u00a0implica valorar y\u00a0<em>cuidar<\/em>\u00a0la salud y la seguridad con la convicci\u00f3n que los accidentes y enfermedades son evitables.<\/p>\n\n\n\n<p>Las capacitaciones siempre son gratuitas y est\u00e1n a cargo de profesionales de la Subsecretaria de Primera Infancia.<\/p>\n\n\n\n<p>La Coordinadora del Centro de Primera Infancia \u00abRinc\u00f3n de Sue\u00f1os\u00bb Sof\u00eda Petillo en di\u00e1logo con RQ99.9Mhz cont\u00f3 que la contenci\u00f3n dentro de la instituci\u00f3n inici\u00f3 con  ni\u00f1os de 6 meses a 4 a\u00f1os de edad .<\/p>\n<cite>Escucha la entrevista en la que habla de este y otros temas:<\/cite><\/blockquote>\n\n\n\n<figure class=\"wp-block-audio\"><audio controls src=\"https:\/\/nahuelproducciones.com.ar\/radioquijano\/wp-content\/uploads\/2024\/08\/21-08-2024-SOFIA-PETILLO-DIRECCION-DE-LA-NINEZ-Y-CPI.mp3\"><\/audio><\/figure>\n\n\n\n<figure class=\"wp-block-gallery has-nested-images columns-default is-cropped wp-block-gallery-1 is-layout-flex wp-block-gallery-is-layout-flex\">\n<figure class=\"wp-block-image size-large\"><img loading=\"lazy\" decoding=\"async\" width=\"1024\" height=\"576\" data-id=\"8741\" src=\"https:\/\/nahuelproducciones.com.ar\/radioquijano\/wp-content\/uploads\/2024\/08\/455856995_911231284366616_7863923480927805420_n-1-1024x576.jpg\" alt=\"\" class=\"wp-image-8741\" srcset=\"https:\/\/nahuelproducciones.com.ar\/radioquijano\/wp-content\/uploads\/2024\/08\/455856995_911231284366616_7863923480927805420_n-1-1024x576.jpg 1024w, https:\/\/nahuelproducciones.com.ar\/radioquijano\/wp-content\/uploads\/2024\/08\/455856995_911231284366616_7863923480927805420_n-1-300x169.jpg 300w, https:\/\/nahuelproducciones.com.ar\/radioquijano\/wp-content\/uploads\/2024\/08\/455856995_911231284366616_7863923480927805420_n-1-768x432.jpg 768w, https:\/\/nahuelproducciones.com.ar\/radioquijano\/wp-content\/uploads\/2024\/08\/455856995_911231284366616_7863923480927805420_n-1-150x84.jpg 150w, https:\/\/nahuelproducciones.com.ar\/radioquijano\/wp-content\/uploads\/2024\/08\/455856995_911231284366616_7863923480927805420_n-1.jpg 1472w\" sizes=\"auto, (max-width: 1024px) 100vw, 1024px\" \/><\/figure>\n\n\n\n<figure class=\"wp-block-image size-large\"><img loading=\"lazy\" decoding=\"async\" width=\"994\" height=\"620\" data-id=\"8739\" src=\"https:\/\/nahuelproducciones.com.ar\/radioquijano\/wp-content\/uploads\/2024\/08\/455950108_911231384366606_2590575022618035407_n-1.jpg\" alt=\"\" class=\"wp-image-8739\" srcset=\"https:\/\/nahuelproducciones.com.ar\/radioquijano\/wp-content\/uploads\/2024\/08\/455950108_911231384366606_2590575022618035407_n-1.jpg 994w, https:\/\/nahuelproducciones.com.ar\/radioquijano\/wp-content\/uploads\/2024\/08\/455950108_911231384366606_2590575022618035407_n-1-300x187.jpg 300w, https:\/\/nahuelproducciones.com.ar\/radioquijano\/wp-content\/uploads\/2024\/08\/455950108_911231384366606_2590575022618035407_n-1-768x479.jpg 768w, https:\/\/nahuelproducciones.com.ar\/radioquijano\/wp-content\/uploads\/2024\/08\/455950108_911231384366606_2590575022618035407_n-1-150x94.jpg 150w\" sizes=\"auto, (max-width: 994px) 100vw, 994px\" \/><\/figure>\n\n\n\n<figure class=\"wp-block-image size-large\"><img loading=\"lazy\" decoding=\"async\" width=\"1024\" height=\"576\" data-id=\"8740\" src=\"https:\/\/nahuelproducciones.com.ar\/radioquijano\/wp-content\/uploads\/2024\/08\/456249683_911231341033277_5654304165307886953_n-1-1024x576.jpg\" alt=\"\" class=\"wp-image-8740\" srcset=\"https:\/\/nahuelproducciones.com.ar\/radioquijano\/wp-content\/uploads\/2024\/08\/456249683_911231341033277_5654304165307886953_n-1-1024x576.jpg 1024w, https:\/\/nahuelproducciones.com.ar\/radioquijano\/wp-content\/uploads\/2024\/08\/456249683_911231341033277_5654304165307886953_n-1-300x169.jpg 300w, https:\/\/nahuelproducciones.com.ar\/radioquijano\/wp-content\/uploads\/2024\/08\/456249683_911231341033277_5654304165307886953_n-1-768x432.jpg 768w, https:\/\/nahuelproducciones.com.ar\/radioquijano\/wp-content\/uploads\/2024\/08\/456249683_911231341033277_5654304165307886953_n-1-150x84.jpg 150w, https:\/\/nahuelproducciones.com.ar\/radioquijano\/wp-content\/uploads\/2024\/08\/456249683_911231341033277_5654304165307886953_n-1.jpg 1472w\" sizes=\"auto, (max-width: 1024px) 100vw, 1024px\" \/><\/figure>\n<\/figure>\n\n\n\n<p>Im\u00e1genes gentileza de Prensa Municipal .<\/p>\n","protected":false},"excerpt":{"rendered":"<p>El equipo del CPI \u00abRinc\u00f3n de Sue\u00f1os\u00bb se capacita en protocolo de actuaci\u00f3n para la prevenci\u00f3n de riesgos y la aplicaci\u00f3n de normas de cuidado de ni\u00f1os que asisten diariamente. Conocen las normativas para las diferentes situaciones que se presenten con los ni\u00f1os y buscan las herramientas que les permitan contener a todas las familias. [&hellip;]<\/p>\n","protected":false},"author":8,"featured_media":8735,"comment_status":"open","ping_status":"open","sticky":false,"template":"","format":"standard","meta":{"_monsterinsights_skip_tracking":false,"_monsterinsights_sitenote_active":false,"_monsterinsights_sitenote_note":"","_monsterinsights_sitenote_category":0,"footnotes":""},"categories":[16],"tags":[1424,100],"class_list":["post-8717","post","type-post","status-publish","format-standard","has-post-thumbnail","hentry","category-noticias","tag-cpi","tag-municipio-de-campo-quijano"],"yoast_head":"<!-- This site is optimized with the Yoast SEO plugin v20.8 - https:\/\/yoast.com\/wordpress\/plugins\/seo\/ -->\n<title>Capacitaciones EN el Centro de Primera Infancia (C.P.I) - RQ 99.9<\/title>\n<meta name=\"description\" content=\"Las capacitaciones siempre son gratuitas\" \/>\n<meta name=\"robots\" content=\"index, follow, max-snippet:-1, max-image-preview:large, max-video-preview:-1\" \/>\n<link rel=\"canonical\" href=\"https:\/\/nahuelproducciones.com.ar\/radioquijano\/capacitaciones-en-el-centro-de-primera-infancia-c-p-i\/\" \/>\n<meta property=\"og:locale\" content=\"es_ES\" \/>\n<meta property=\"og:type\" content=\"article\" \/>\n<meta property=\"og:title\" content=\"Capacitaciones EN el Centro de Primera Infancia (C.P.I) - RQ 99.9\" \/>\n<meta property=\"og:description\" content=\"Las capacitaciones siempre son gratuitas\" \/>\n<meta property=\"og:url\" content=\"https:\/\/nahuelproducciones.com.ar\/radioquijano\/capacitaciones-en-el-centro-de-primera-infancia-c-p-i\/\" \/>\n<meta property=\"og:site_name\" content=\"RQ 99.9\" \/>\n<meta property=\"article:publisher\" content=\"https:\/\/www.facebook.com\/nahuelproducciones999\/\" \/>\n<meta property=\"article:published_time\" content=\"2024-08-23T04:44:20+00:00\" \/>\n<meta property=\"og:image\" content=\"https:\/\/nahuelproducciones.com.ar\/radioquijano\/wp-content\/uploads\/2024\/08\/455856995_911231284366616_7863923480927805420_n-e1724388182405.jpg\" \/>\n\t<meta property=\"og:image:width\" content=\"700\" \/>\n\t<meta property=\"og:image:height\" content=\"394\" \/>\n\t<meta property=\"og:image:type\" content=\"image\/jpeg\" \/>\n<meta name=\"author\" content=\"Cecilia Pastrana\" \/>\n<meta name=\"twitter:card\" content=\"summary_large_image\" \/>\n<meta name=\"twitter:creator\" content=\"@nahuproduciones\" \/>\n<meta name=\"twitter:site\" content=\"@nahuproduciones\" \/>\n<meta name=\"twitter:label1\" content=\"Escrito por\" \/>\n\t<meta name=\"twitter:data1\" content=\"Cecilia Pastrana\" \/>\n\t<meta name=\"twitter:label2\" content=\"Tiempo de lectura\" \/>\n\t<meta name=\"twitter:data2\" content=\"2 minutos\" \/>\n<script type=\"application\/ld+json\" class=\"yoast-schema-graph\">{\"@context\":\"https:\/\/schema.org\",\"@graph\":[{\"@type\":\"WebPage\",\"@id\":\"https:\/\/nahuelproducciones.com.ar\/radioquijano\/capacitaciones-en-el-centro-de-primera-infancia-c-p-i\/\",\"url\":\"https:\/\/nahuelproducciones.com.ar\/radioquijano\/capacitaciones-en-el-centro-de-primera-infancia-c-p-i\/\",\"name\":\"Capacitaciones EN el Centro de Primera Infancia (C.P.I) - RQ 99.9\",\"isPartOf\":{\"@id\":\"https:\/\/nahuelproducciones.com.ar\/radioquijano\/#website\"},\"datePublished\":\"2024-08-23T04:44:20+00:00\",\"dateModified\":\"2024-08-23T04:44:20+00:00\",\"author\":{\"@id\":\"https:\/\/nahuelproducciones.com.ar\/radioquijano\/#\/schema\/person\/e8a4f939e2cb487fe6d0c54042c9d32c\"},\"description\":\"Las capacitaciones siempre son gratuitas\",\"breadcrumb\":{\"@id\":\"https:\/\/nahuelproducciones.com.ar\/radioquijano\/capacitaciones-en-el-centro-de-primera-infancia-c-p-i\/#breadcrumb\"},\"inLanguage\":\"es\",\"potentialAction\":[{\"@type\":\"ReadAction\",\"target\":[\"https:\/\/nahuelproducciones.com.ar\/radioquijano\/capacitaciones-en-el-centro-de-primera-infancia-c-p-i\/\"]}]},{\"@type\":\"BreadcrumbList\",\"@id\":\"https:\/\/nahuelproducciones.com.ar\/radioquijano\/capacitaciones-en-el-centro-de-primera-infancia-c-p-i\/#breadcrumb\",\"itemListElement\":[{\"@type\":\"ListItem\",\"position\":1,\"name\":\"Portada\",\"item\":\"https:\/\/nahuelproducciones.com.ar\/radioquijano\/\"},{\"@type\":\"ListItem\",\"position\":2,\"name\":\"Capacitaciones EN el Centro de Primera Infancia (C.P.I)\"}]},{\"@type\":\"WebSite\",\"@id\":\"https:\/\/nahuelproducciones.com.ar\/radioquijano\/#website\",\"url\":\"https:\/\/nahuelproducciones.com.ar\/radioquijano\/\",\"name\":\"RQ 99.9\",\"description\":\"Radio Quijano 99.9 MHz\",\"potentialAction\":[{\"@type\":\"SearchAction\",\"target\":{\"@type\":\"EntryPoint\",\"urlTemplate\":\"https:\/\/nahuelproducciones.com.ar\/radioquijano\/?s={search_term_string}\"},\"query-input\":\"required name=search_term_string\"}],\"inLanguage\":\"es\"},{\"@type\":\"Person\",\"@id\":\"https:\/\/nahuelproducciones.com.ar\/radioquijano\/#\/schema\/person\/e8a4f939e2cb487fe6d0c54042c9d32c\",\"name\":\"Cecilia Pastrana\",\"image\":{\"@type\":\"ImageObject\",\"inLanguage\":\"es\",\"@id\":\"https:\/\/nahuelproducciones.com.ar\/radioquijano\/#\/schema\/person\/image\/\",\"url\":\"https:\/\/secure.gravatar.com\/avatar\/661a3ef63a8488d4f2794ed44af8cf71420f7e106f3072c40125114df5157749?s=96&d=mm&r=g\",\"contentUrl\":\"https:\/\/secure.gravatar.com\/avatar\/661a3ef63a8488d4f2794ed44af8cf71420f7e106f3072c40125114df5157749?s=96&d=mm&r=g\",\"caption\":\"Cecilia Pastrana\"},\"sameAs\":[\"cecy\"],\"url\":\"https:\/\/nahuelproducciones.com.ar\/radioquijano\/author\/cecy\/\"}]}<\/script>\n<!-- \/ Yoast SEO plugin. -->","yoast_head_json":{"title":"Capacitaciones EN el Centro de Primera Infancia (C.P.I) - RQ 99.9","description":"Las capacitaciones siempre son gratuitas","robots":{"index":"index","follow":"follow","max-snippet":"max-snippet:-1","max-image-preview":"max-image-preview:large","max-video-preview":"max-video-preview:-1"},"canonical":"https:\/\/nahuelproducciones.com.ar\/radioquijano\/capacitaciones-en-el-centro-de-primera-infancia-c-p-i\/","og_locale":"es_ES","og_type":"article","og_title":"Capacitaciones EN el Centro de Primera Infancia (C.P.I) - RQ 99.9","og_description":"Las capacitaciones siempre son gratuitas","og_url":"https:\/\/nahuelproducciones.com.ar\/radioquijano\/capacitaciones-en-el-centro-de-primera-infancia-c-p-i\/","og_site_name":"RQ 99.9","article_publisher":"https:\/\/www.facebook.com\/nahuelproducciones999\/","article_published_time":"2024-08-23T04:44:20+00:00","og_image":[{"width":700,"height":394,"url":"https:\/\/nahuelproducciones.com.ar\/radioquijano\/wp-content\/uploads\/2024\/08\/455856995_911231284366616_7863923480927805420_n-e1724388182405.jpg","type":"image\/jpeg"}],"author":"Cecilia Pastrana","twitter_card":"summary_large_image","twitter_creator":"@nahuproduciones","twitter_site":"@nahuproduciones","twitter_misc":{"Escrito por":"Cecilia Pastrana","Tiempo de lectura":"2 minutos"},"schema":{"@context":"https:\/\/schema.org","@graph":[{"@type":"WebPage","@id":"https:\/\/nahuelproducciones.com.ar\/radioquijano\/capacitaciones-en-el-centro-de-primera-infancia-c-p-i\/","url":"https:\/\/nahuelproducciones.com.ar\/radioquijano\/capacitaciones-en-el-centro-de-primera-infancia-c-p-i\/","name":"Capacitaciones EN el Centro de Primera Infancia (C.P.I) - RQ 99.9","isPartOf":{"@id":"https:\/\/nahuelproducciones.com.ar\/radioquijano\/#website"},"datePublished":"2024-08-23T04:44:20+00:00","dateModified":"2024-08-23T04:44:20+00:00","author":{"@id":"https:\/\/nahuelproducciones.com.ar\/radioquijano\/#\/schema\/person\/e8a4f939e2cb487fe6d0c54042c9d32c"},"description":"Las capacitaciones siempre son gratuitas","breadcrumb":{"@id":"https:\/\/nahuelproducciones.com.ar\/radioquijano\/capacitaciones-en-el-centro-de-primera-infancia-c-p-i\/#breadcrumb"},"inLanguage":"es","potentialAction":[{"@type":"ReadAction","target":["https:\/\/nahuelproducciones.com.ar\/radioquijano\/capacitaciones-en-el-centro-de-primera-infancia-c-p-i\/"]}]},{"@type":"BreadcrumbList","@id":"https:\/\/nahuelproducciones.com.ar\/radioquijano\/capacitaciones-en-el-centro-de-primera-infancia-c-p-i\/#breadcrumb","itemListElement":[{"@type":"ListItem","position":1,"name":"Portada","item":"https:\/\/nahuelproducciones.com.ar\/radioquijano\/"},{"@type":"ListItem","position":2,"name":"Capacitaciones EN el Centro de Primera Infancia (C.P.I)"}]},{"@type":"WebSite","@id":"https:\/\/nahuelproducciones.com.ar\/radioquijano\/#website","url":"https:\/\/nahuelproducciones.com.ar\/radioquijano\/","name":"RQ 99.9","description":"Radio Quijano 99.9 MHz","potentialAction":[{"@type":"SearchAction","target":{"@type":"EntryPoint","urlTemplate":"https:\/\/nahuelproducciones.com.ar\/radioquijano\/?s={search_term_string}"},"query-input":"required name=search_term_string"}],"inLanguage":"es"},{"@type":"Person","@id":"https:\/\/nahuelproducciones.com.ar\/radioquijano\/#\/schema\/person\/e8a4f939e2cb487fe6d0c54042c9d32c","name":"Cecilia Pastrana","image":{"@type":"ImageObject","inLanguage":"es","@id":"https:\/\/nahuelproducciones.com.ar\/radioquijano\/#\/schema\/person\/image\/","url":"https:\/\/secure.gravatar.com\/avatar\/661a3ef63a8488d4f2794ed44af8cf71420f7e106f3072c40125114df5157749?s=96&d=mm&r=g","contentUrl":"https:\/\/secure.gravatar.com\/avatar\/661a3ef63a8488d4f2794ed44af8cf71420f7e106f3072c40125114df5157749?s=96&d=mm&r=g","caption":"Cecilia Pastrana"},"sameAs":["cecy"],"url":"https:\/\/nahuelproducciones.com.ar\/radioquijano\/author\/cecy\/"}]}},"_links":{"self":[{"href":"https:\/\/nahuelproducciones.com.ar\/radioquijano\/wp-json\/wp\/v2\/posts\/8717","targetHints":{"allow":["GET"]}}],"collection":[{"href":"https:\/\/nahuelproducciones.com.ar\/radioquijano\/wp-json\/wp\/v2\/posts"}],"about":[{"href":"https:\/\/nahuelproducciones.com.ar\/radioquijano\/wp-json\/wp\/v2\/types\/post"}],"author":[{"embeddable":true,"href":"https:\/\/nahuelproducciones.com.ar\/radioquijano\/wp-json\/wp\/v2\/users\/8"}],"replies":[{"embeddable":true,"href":"https:\/\/nahuelproducciones.com.ar\/radioquijano\/wp-json\/wp\/v2\/comments?post=8717"}],"version-history":[{"count":1,"href":"https:\/\/nahuelproducciones.com.ar\/radioquijano\/wp-json\/wp\/v2\/posts\/8717\/revisions"}],"predecessor-version":[{"id":8742,"href":"https:\/\/nahuelproducciones.com.ar\/radioquijano\/wp-json\/wp\/v2\/posts\/8717\/revisions\/8742"}],"wp:featuredmedia":[{"embeddable":true,"href":"https:\/\/nahuelproducciones.com.ar\/radioquijano\/wp-json\/wp\/v2\/media\/8735"}],"wp:attachment":[{"href":"https:\/\/nahuelproducciones.com.ar\/radioquijano\/wp-json\/wp\/v2\/media?parent=8717"}],"wp:term":[{"taxonomy":"category","embeddable":true,"href":"https:\/\/nahuelproducciones.com.ar\/radioquijano\/wp-json\/wp\/v2\/categories?post=8717"},{"taxonomy":"post_tag","embeddable":true,"href":"https:\/\/nahuelproducciones.com.ar\/radioquijano\/wp-json\/wp\/v2\/tags?post=8717"}],"curies":[{"name":"wp","href":"https:\/\/api.w.org\/{rel}","templated":true}]}}