{"id":872,"date":"2021-05-22T20:51:29","date_gmt":"2021-05-22T23:51:29","guid":{"rendered":"https:\/\/nahuelproducciones.com.ar\/radioquijano\/?p=872"},"modified":"2021-05-23T13:37:06","modified_gmt":"2021-05-23T16:37:06","slug":"grupos-habilitados-para-usar-transporte-publico","status":"publish","type":"post","link":"https:\/\/nahuelproducciones.com.ar\/radioquijano\/grupos-habilitados-para-usar-transporte-publico\/","title":{"rendered":"Grupos habilitados para usar transporte p\u00fablico"},"content":{"rendered":"\n<p>De acuerdo a Decreto de necesidad y urgencia, quedan habilitados para hacer uso del transporte p\u00fablico de pasajeros las personas que realizan las siguientes actividades y servicios, o se encuentran enlas situaciones previstas en los siguientes incisos:<\/p>\n\n\n\n<p>1. Personal de Salud, Fuerzas de seguridad, Fuerzas Armadas, actividad migratoria, Servicio Meteorol\u00f3gicoNacional, bomberos y control de tr\u00e1fico a\u00e9reo.<\/p>\n\n\n\n<p>2. Autoridades superiores de los Gobiernos Nacional, Provinciales, Municipales;<\/p>\n\n\n\n<p>3. Trabajadores del Sector P\u00fablico Nacional, Provincial,Municipal.<\/p>\n\n\n\n<p>4. Miembros del Poder Legislativo y las dotaciones de personal que dispongan sus autoridades respectivas.<\/p>\n\n\n\n<p>5. Personas que deban asistir a otras con discapacidad, a familiares que necesiten asistencia, a personasmayores, a ni\u00f1os, a ni\u00f1as o a adolescentes.<\/p>\n\n\n\n<p>6. Personas que deban atender una situaci\u00f3n de fuerza mayor.<\/p>\n\n\n\n<p>7. Personas afectadas a la realizaci\u00f3n de servicios funerarios, entierros y cremaciones.<\/p>\n\n\n\n<p>8. Personas afectadas a la atenci\u00f3n de comedores escolares, comunitarios y merenderos.<\/p>\n\n\n\n<p>9. Personal que se desempe\u00f1a en los servicios de comunicaci\u00f3n audiovisuales, radiales y gr\u00e1ficos.<\/p>\n\n\n\n<p>10. Personal afectado a la obra p\u00fablica y a tareas de seguridad en demoliciones.<\/p>\n\n\n\n<p>11. Supermercados mayoristas y minoristas y comercios minoristas de proximidad, de alimentos, higienepersonal y limpieza. Farmacias. Ferreter\u00edas. Veterinarias. Provisi\u00f3n de garrafas.<\/p>\n\n\n\n<p>12. Actividades vinculadas a la cadena de valor e insumos de la industria de la alimentaci\u00f3n; de higienepersonal y limpieza; de equipamiento m\u00e9dico, medicamentos, vacunas y otros insumos sanitarios.<\/p>\n\n\n\n<p>13. Actividades vinculadas con la producci\u00f3n, distribuci\u00f3n y comercializaci\u00f3n agropecuaria y pesca.<\/p>\n\n\n\n<p>14. Actividades de telecomunicaciones, internet fija y m\u00f3vil; servicios digitales y las actividades demantenimiento de servidores.<\/p>\n\n\n\n<p>15. Actividades vinculadas con el comercio exterior.<\/p>\n\n\n\n<p>16. Recolecci\u00f3n, transporte y tratamiento de residuos s\u00f3lidos urbanos, peligrosos y patog\u00e9nicos.<\/p>\n\n\n\n<p>17. Mantenimiento de los servicios b\u00e1sicos (agua, electricidad, gas, comunicaciones, etc.) y atenci\u00f3n deemergencias.<\/p>\n\n\n\n<p>18. Transporte p\u00fablico de pasajeros, transporte de mercader\u00edas, petr\u00f3leo, combustibles y GLP.<\/p>\n\n\n\n<p>19. Reparto a domicilio de alimentos, medicamentos, productos de higiene, de limpieza y otros insumos denecesidad.<\/p>\n\n\n\n<p>20. Servicios de lavander\u00eda.<\/p>\n\n\n\n<p>21. Servicios postales y de distribuci\u00f3n de paqueter\u00eda.<\/p>\n\n\n\n<p>22. Servicios esenciales de vigilancia, limpieza y guardia.<\/p>\n\n\n\n<p>23. Guardias m\u00ednimas que aseguren la operaci\u00f3n y mantenimiento de Yacimientos de Petr\u00f3leo y Gas, plantasde tratamiento y\/o refinaci\u00f3n de petr\u00f3leo y gas, transporte y distribuci\u00f3n de energ\u00eda el\u00e9ctrica, combustiblesl\u00edquidos, petr\u00f3leo y gas, estaciones expendedoras de combustibles y generadores de energ\u00eda el\u00e9ctrica.<\/p>\n\n\n\n<p>24. Servicios de cajeros autom\u00e1ticos, transporte de caudales y todasaquellas actividades que el BANCO CENTRAL DE LA REP\u00daBLICA ARGENTINA autorice. Actividadbancaria con atenci\u00f3n al p\u00fablico, exclusivamente con sistema de turnos.<\/p>\n\n\n\n<p>25. Hoteles afectados al servicio de emergencia sanitaria. Operaci\u00f3n deaeropuertos. Operaci\u00f3n de garajes y estacionamientos con dotaciones m\u00ednimas.<\/p>\n\n\n\n<p>26. Inscripci\u00f3n, identificaci\u00f3n y documentaci\u00f3n de personas.<\/p>\n\n\n\n<p>27. Prestaciones profesionales a domicilio destinadas a personas con discapacidad.<\/p>\n\n\n\n<p>28. Establecimientos para la atenci\u00f3n de personas v\u00edctimas de violencia de g\u00e9nero. Guardias m\u00e9dicas yodontol\u00f3gicas. Atenci\u00f3n m\u00e9dica y odontol\u00f3gica programada con sistema de turno previo. Laboratorios dean\u00e1lisis cl\u00ednicos y centros de diagn\u00f3stico por imagen, con sistema de turno previo.<\/p>\n\n\n\n<p>29. Traslado de ni\u00f1os, ni\u00f1as y adolescentes para vinculaci\u00f3n familiar.<\/p>\n\n\n\n<p>30. Personal de la ADMINISTRACI\u00d3N NACIONAL DE LA SEGURIDAD SOCIAL -ANSES- . Personal de aduanas.<\/p>\n\n\n\n<p>31. Personas que deban concurrir a vacunarse con su acompa\u00f1ante, si fuere necesario.<\/p>\n\n\n\n<p> Todas las personas exceptuadas conforme este art\u00edculo deber\u00e1n portar el \u201cCertificado \u00danico Habilitante paraCirculaci\u00f3n -Emergencia COVID-19\u201d que las habilite a circular y, en su caso, al uso de transporte p\u00fablico. <a href=\"https:\/\/solicitudparacircular1.salta.gob.ar\">https:\/\/solicitudparacircular1.salta.gob.ar<\/a><\/p>\n\n\n\n<p>Los desplazamientos de las personas exceptuadas deber\u00e1n limitarse al estricto cumplimiento de la actividad autorizada.<\/p>\n\n\n\n<p>Los permisos (Declaraciones Juradas de Circulaci\u00f3n):<\/p>\n\n\n\n<ul class=\"wp-block-list\"><li>Emitidos con anterioridad al&nbsp;<strong>22 de mayo de 2021<\/strong>, tendr\u00e1n validez hasta el d\u00eda&nbsp;<strong>23 de mayo de 2021<\/strong>&nbsp;inclusive.<\/li><li>Emitidos desde el&nbsp;<strong>22 de mayo de 2021<\/strong>, tendr\u00e1n validez hasta el d\u00eda&nbsp;<strong>11 de junio de 2021<\/strong>&nbsp;inclusive.<\/li><li>No requieren renovar dichos permisos: el personal de salud y Fuerzas de Seguridad.<\/li><\/ul>\n\n\n\n<p>Fuente: <strong>Secretar\u00eda de Prensa y Comunicaci\u00f3n<\/strong><\/p>\n\n\n\n<p><a href=\"#RQ99.9Mhz\">#RQ99.9Mhz<\/a> <a href=\"https:\/\/www.facebook.com\/Radio-Quijano-999-102294874524832\/?ref=pages_you_manage\">Campo Quijano<\/a><\/p>\n","protected":false},"excerpt":{"rendered":"<p>De acuerdo a Decreto de necesidad y urgencia, quedan habilitados para hacer uso del transporte p\u00fablico de pasajeros las personas que realizan las siguientes actividades y servicios, o se encuentran enlas situaciones previstas en los siguientes incisos: 1. Personal de Salud, Fuerzas de seguridad, Fuerzas Armadas, actividad migratoria, Servicio Meteorol\u00f3gicoNacional, bomberos y control de tr\u00e1fico [&hellip;]<\/p>\n","protected":false},"author":8,"featured_media":873,"comment_status":"open","ping_status":"open","sticky":false,"template":"","format":"standard","meta":{"_monsterinsights_skip_tracking":false,"_monsterinsights_sitenote_active":false,"_monsterinsights_sitenote_note":"","_monsterinsights_sitenote_category":0,"footnotes":""},"categories":[18,16],"tags":[57,54,50,52,55,56,51,53],"class_list":["post-872","post","type-post","status-publish","format-standard","has-post-thumbnail","hentry","category-covid-19","category-noticias","tag-actividades-y-servicios","tag-decreto-de-necesidad-y-urgencia","tag-fuerzas-armadas","tag-grupos-habilitados","tag-habilitacion","tag-pasajeros","tag-personal-de-salud","tag-transporte-publico"],"yoast_head":"<!-- This site is optimized with the Yoast SEO plugin v20.8 - https:\/\/yoast.com\/wordpress\/plugins\/seo\/ -->\n<title>Grupos habilitados para usar transporte p\u00fablico - RQ 99.9<\/title>\n<meta name=\"description\" content=\"Los permisos (Declaraciones Juradas de Circulaci\u00f3n):Emitidos con anterioridad al 22 de mayo de 2021, tendr\u00e1n validez hasta el d\u00eda 23 de mayo de 2021 inclusive.Emitidos desde el 22 de mayo de 2021, tendr\u00e1n validez hasta el d\u00eda 11 de junio de 2021 inclusive.No requieren renovar dichos permisos: el personal de salud y Fuerzas de Seguridad.\" \/>\n<meta name=\"robots\" content=\"index, follow, max-snippet:-1, max-image-preview:large, max-video-preview:-1\" \/>\n<link rel=\"canonical\" href=\"https:\/\/nahuelproducciones.com.ar\/radioquijano\/grupos-habilitados-para-usar-transporte-publico\/\" \/>\n<meta property=\"og:locale\" content=\"es_ES\" \/>\n<meta property=\"og:type\" content=\"article\" \/>\n<meta property=\"og:title\" content=\"Grupos habilitados para usar transporte p\u00fablico - RQ 99.9\" \/>\n<meta property=\"og:description\" content=\"Los permisos (Declaraciones Juradas de Circulaci\u00f3n):Emitidos con anterioridad al 22 de mayo de 2021, tendr\u00e1n validez hasta el d\u00eda 23 de mayo de 2021 inclusive.Emitidos desde el 22 de mayo de 2021, tendr\u00e1n validez hasta el d\u00eda 11 de junio de 2021 inclusive.No requieren renovar dichos permisos: el personal de salud y Fuerzas de Seguridad.\" \/>\n<meta property=\"og:url\" content=\"https:\/\/nahuelproducciones.com.ar\/radioquijano\/grupos-habilitados-para-usar-transporte-publico\/\" \/>\n<meta property=\"og:site_name\" content=\"RQ 99.9\" \/>\n<meta property=\"article:publisher\" content=\"https:\/\/www.facebook.com\/nahuelproducciones999\/\" \/>\n<meta property=\"article:published_time\" content=\"2021-05-22T23:51:29+00:00\" \/>\n<meta property=\"article:modified_time\" content=\"2021-05-23T16:37:06+00:00\" \/>\n<meta property=\"og:image\" content=\"https:\/\/nahuelproducciones.com.ar\/radioquijano\/wp-content\/uploads\/2021\/05\/DECLARACION-JURADA-PARA-SACAR-PERMISO-PARA-SAETA.jpg\" \/>\n\t<meta property=\"og:image:width\" content=\"700\" \/>\n\t<meta property=\"og:image:height\" content=\"350\" \/>\n\t<meta property=\"og:image:type\" content=\"image\/jpeg\" \/>\n<meta name=\"author\" content=\"Cecilia Pastrana\" \/>\n<meta name=\"twitter:card\" content=\"summary_large_image\" \/>\n<meta name=\"twitter:creator\" content=\"@nahuproduciones\" \/>\n<meta name=\"twitter:site\" content=\"@nahuproduciones\" \/>\n<meta name=\"twitter:label1\" content=\"Escrito por\" \/>\n\t<meta name=\"twitter:data1\" content=\"Cecilia Pastrana\" \/>\n\t<meta name=\"twitter:label2\" content=\"Tiempo de lectura\" \/>\n\t<meta name=\"twitter:data2\" content=\"3 minutos\" \/>\n<script type=\"application\/ld+json\" class=\"yoast-schema-graph\">{\"@context\":\"https:\/\/schema.org\",\"@graph\":[{\"@type\":\"WebPage\",\"@id\":\"https:\/\/nahuelproducciones.com.ar\/radioquijano\/grupos-habilitados-para-usar-transporte-publico\/\",\"url\":\"https:\/\/nahuelproducciones.com.ar\/radioquijano\/grupos-habilitados-para-usar-transporte-publico\/\",\"name\":\"Grupos habilitados para usar transporte p\u00fablico - RQ 99.9\",\"isPartOf\":{\"@id\":\"https:\/\/nahuelproducciones.com.ar\/radioquijano\/#website\"},\"datePublished\":\"2021-05-22T23:51:29+00:00\",\"dateModified\":\"2021-05-23T16:37:06+00:00\",\"author\":{\"@id\":\"https:\/\/nahuelproducciones.com.ar\/radioquijano\/#\/schema\/person\/e8a4f939e2cb487fe6d0c54042c9d32c\"},\"description\":\"Los permisos (Declaraciones Juradas de Circulaci\u00f3n):Emitidos con anterioridad al 22 de mayo de 2021, tendr\u00e1n validez hasta el d\u00eda 23 de mayo de 2021 inclusive.Emitidos desde el 22 de mayo de 2021, tendr\u00e1n validez hasta el d\u00eda 11 de junio de 2021 inclusive.No requieren renovar dichos permisos: el personal de salud y Fuerzas de Seguridad.\",\"breadcrumb\":{\"@id\":\"https:\/\/nahuelproducciones.com.ar\/radioquijano\/grupos-habilitados-para-usar-transporte-publico\/#breadcrumb\"},\"inLanguage\":\"es\",\"potentialAction\":[{\"@type\":\"ReadAction\",\"target\":[\"https:\/\/nahuelproducciones.com.ar\/radioquijano\/grupos-habilitados-para-usar-transporte-publico\/\"]}]},{\"@type\":\"BreadcrumbList\",\"@id\":\"https:\/\/nahuelproducciones.com.ar\/radioquijano\/grupos-habilitados-para-usar-transporte-publico\/#breadcrumb\",\"itemListElement\":[{\"@type\":\"ListItem\",\"position\":1,\"name\":\"Portada\",\"item\":\"https:\/\/nahuelproducciones.com.ar\/radioquijano\/\"},{\"@type\":\"ListItem\",\"position\":2,\"name\":\"Grupos habilitados para usar transporte p\u00fablico\"}]},{\"@type\":\"WebSite\",\"@id\":\"https:\/\/nahuelproducciones.com.ar\/radioquijano\/#website\",\"url\":\"https:\/\/nahuelproducciones.com.ar\/radioquijano\/\",\"name\":\"RQ 99.9\",\"description\":\"Radio Quijano 99.9 MHz\",\"potentialAction\":[{\"@type\":\"SearchAction\",\"target\":{\"@type\":\"EntryPoint\",\"urlTemplate\":\"https:\/\/nahuelproducciones.com.ar\/radioquijano\/?s={search_term_string}\"},\"query-input\":\"required name=search_term_string\"}],\"inLanguage\":\"es\"},{\"@type\":\"Person\",\"@id\":\"https:\/\/nahuelproducciones.com.ar\/radioquijano\/#\/schema\/person\/e8a4f939e2cb487fe6d0c54042c9d32c\",\"name\":\"Cecilia Pastrana\",\"image\":{\"@type\":\"ImageObject\",\"inLanguage\":\"es\",\"@id\":\"https:\/\/nahuelproducciones.com.ar\/radioquijano\/#\/schema\/person\/image\/\",\"url\":\"https:\/\/secure.gravatar.com\/avatar\/661a3ef63a8488d4f2794ed44af8cf71420f7e106f3072c40125114df5157749?s=96&d=mm&r=g\",\"contentUrl\":\"https:\/\/secure.gravatar.com\/avatar\/661a3ef63a8488d4f2794ed44af8cf71420f7e106f3072c40125114df5157749?s=96&d=mm&r=g\",\"caption\":\"Cecilia Pastrana\"},\"sameAs\":[\"cecy\"],\"url\":\"https:\/\/nahuelproducciones.com.ar\/radioquijano\/author\/cecy\/\"}]}<\/script>\n<!-- \/ Yoast SEO plugin. -->","yoast_head_json":{"title":"Grupos habilitados para usar transporte p\u00fablico - RQ 99.9","description":"Los permisos (Declaraciones Juradas de Circulaci\u00f3n):Emitidos con anterioridad al 22 de mayo de 2021, tendr\u00e1n validez hasta el d\u00eda 23 de mayo de 2021 inclusive.Emitidos desde el 22 de mayo de 2021, tendr\u00e1n validez hasta el d\u00eda 11 de junio de 2021 inclusive.No requieren renovar dichos permisos: el personal de salud y Fuerzas de Seguridad.","robots":{"index":"index","follow":"follow","max-snippet":"max-snippet:-1","max-image-preview":"max-image-preview:large","max-video-preview":"max-video-preview:-1"},"canonical":"https:\/\/nahuelproducciones.com.ar\/radioquijano\/grupos-habilitados-para-usar-transporte-publico\/","og_locale":"es_ES","og_type":"article","og_title":"Grupos habilitados para usar transporte p\u00fablico - RQ 99.9","og_description":"Los permisos (Declaraciones Juradas de Circulaci\u00f3n):Emitidos con anterioridad al 22 de mayo de 2021, tendr\u00e1n validez hasta el d\u00eda 23 de mayo de 2021 inclusive.Emitidos desde el 22 de mayo de 2021, tendr\u00e1n validez hasta el d\u00eda 11 de junio de 2021 inclusive.No requieren renovar dichos permisos: el personal de salud y Fuerzas de Seguridad.","og_url":"https:\/\/nahuelproducciones.com.ar\/radioquijano\/grupos-habilitados-para-usar-transporte-publico\/","og_site_name":"RQ 99.9","article_publisher":"https:\/\/www.facebook.com\/nahuelproducciones999\/","article_published_time":"2021-05-22T23:51:29+00:00","article_modified_time":"2021-05-23T16:37:06+00:00","og_image":[{"width":700,"height":350,"url":"https:\/\/nahuelproducciones.com.ar\/radioquijano\/wp-content\/uploads\/2021\/05\/DECLARACION-JURADA-PARA-SACAR-PERMISO-PARA-SAETA.jpg","type":"image\/jpeg"}],"author":"Cecilia Pastrana","twitter_card":"summary_large_image","twitter_creator":"@nahuproduciones","twitter_site":"@nahuproduciones","twitter_misc":{"Escrito por":"Cecilia Pastrana","Tiempo de lectura":"3 minutos"},"schema":{"@context":"https:\/\/schema.org","@graph":[{"@type":"WebPage","@id":"https:\/\/nahuelproducciones.com.ar\/radioquijano\/grupos-habilitados-para-usar-transporte-publico\/","url":"https:\/\/nahuelproducciones.com.ar\/radioquijano\/grupos-habilitados-para-usar-transporte-publico\/","name":"Grupos habilitados para usar transporte p\u00fablico - RQ 99.9","isPartOf":{"@id":"https:\/\/nahuelproducciones.com.ar\/radioquijano\/#website"},"datePublished":"2021-05-22T23:51:29+00:00","dateModified":"2021-05-23T16:37:06+00:00","author":{"@id":"https:\/\/nahuelproducciones.com.ar\/radioquijano\/#\/schema\/person\/e8a4f939e2cb487fe6d0c54042c9d32c"},"description":"Los permisos (Declaraciones Juradas de Circulaci\u00f3n):Emitidos con anterioridad al 22 de mayo de 2021, tendr\u00e1n validez hasta el d\u00eda 23 de mayo de 2021 inclusive.Emitidos desde el 22 de mayo de 2021, tendr\u00e1n validez hasta el d\u00eda 11 de junio de 2021 inclusive.No requieren renovar dichos permisos: el personal de salud y Fuerzas de Seguridad.","breadcrumb":{"@id":"https:\/\/nahuelproducciones.com.ar\/radioquijano\/grupos-habilitados-para-usar-transporte-publico\/#breadcrumb"},"inLanguage":"es","potentialAction":[{"@type":"ReadAction","target":["https:\/\/nahuelproducciones.com.ar\/radioquijano\/grupos-habilitados-para-usar-transporte-publico\/"]}]},{"@type":"BreadcrumbList","@id":"https:\/\/nahuelproducciones.com.ar\/radioquijano\/grupos-habilitados-para-usar-transporte-publico\/#breadcrumb","itemListElement":[{"@type":"ListItem","position":1,"name":"Portada","item":"https:\/\/nahuelproducciones.com.ar\/radioquijano\/"},{"@type":"ListItem","position":2,"name":"Grupos habilitados para usar transporte p\u00fablico"}]},{"@type":"WebSite","@id":"https:\/\/nahuelproducciones.com.ar\/radioquijano\/#website","url":"https:\/\/nahuelproducciones.com.ar\/radioquijano\/","name":"RQ 99.9","description":"Radio Quijano 99.9 MHz","potentialAction":[{"@type":"SearchAction","target":{"@type":"EntryPoint","urlTemplate":"https:\/\/nahuelproducciones.com.ar\/radioquijano\/?s={search_term_string}"},"query-input":"required name=search_term_string"}],"inLanguage":"es"},{"@type":"Person","@id":"https:\/\/nahuelproducciones.com.ar\/radioquijano\/#\/schema\/person\/e8a4f939e2cb487fe6d0c54042c9d32c","name":"Cecilia Pastrana","image":{"@type":"ImageObject","inLanguage":"es","@id":"https:\/\/nahuelproducciones.com.ar\/radioquijano\/#\/schema\/person\/image\/","url":"https:\/\/secure.gravatar.com\/avatar\/661a3ef63a8488d4f2794ed44af8cf71420f7e106f3072c40125114df5157749?s=96&d=mm&r=g","contentUrl":"https:\/\/secure.gravatar.com\/avatar\/661a3ef63a8488d4f2794ed44af8cf71420f7e106f3072c40125114df5157749?s=96&d=mm&r=g","caption":"Cecilia Pastrana"},"sameAs":["cecy"],"url":"https:\/\/nahuelproducciones.com.ar\/radioquijano\/author\/cecy\/"}]}},"_links":{"self":[{"href":"https:\/\/nahuelproducciones.com.ar\/radioquijano\/wp-json\/wp\/v2\/posts\/872","targetHints":{"allow":["GET"]}}],"collection":[{"href":"https:\/\/nahuelproducciones.com.ar\/radioquijano\/wp-json\/wp\/v2\/posts"}],"about":[{"href":"https:\/\/nahuelproducciones.com.ar\/radioquijano\/wp-json\/wp\/v2\/types\/post"}],"author":[{"embeddable":true,"href":"https:\/\/nahuelproducciones.com.ar\/radioquijano\/wp-json\/wp\/v2\/users\/8"}],"replies":[{"embeddable":true,"href":"https:\/\/nahuelproducciones.com.ar\/radioquijano\/wp-json\/wp\/v2\/comments?post=872"}],"version-history":[{"count":3,"href":"https:\/\/nahuelproducciones.com.ar\/radioquijano\/wp-json\/wp\/v2\/posts\/872\/revisions"}],"predecessor-version":[{"id":892,"href":"https:\/\/nahuelproducciones.com.ar\/radioquijano\/wp-json\/wp\/v2\/posts\/872\/revisions\/892"}],"wp:featuredmedia":[{"embeddable":true,"href":"https:\/\/nahuelproducciones.com.ar\/radioquijano\/wp-json\/wp\/v2\/media\/873"}],"wp:attachment":[{"href":"https:\/\/nahuelproducciones.com.ar\/radioquijano\/wp-json\/wp\/v2\/media?parent=872"}],"wp:term":[{"taxonomy":"category","embeddable":true,"href":"https:\/\/nahuelproducciones.com.ar\/radioquijano\/wp-json\/wp\/v2\/categories?post=872"},{"taxonomy":"post_tag","embeddable":true,"href":"https:\/\/nahuelproducciones.com.ar\/radioquijano\/wp-json\/wp\/v2\/tags?post=872"}],"curies":[{"name":"wp","href":"https:\/\/api.w.org\/{rel}","templated":true}]}}