{"id":8779,"date":"2024-08-23T03:30:02","date_gmt":"2024-08-23T06:30:02","guid":{"rendered":"https:\/\/nahuelproducciones.com.ar\/radioquijano\/?p=8779"},"modified":"2024-08-23T03:30:03","modified_gmt":"2024-08-23T06:30:03","slug":"suspension-de-sesion-del-concejo-deliberante-de-campo-quijano-por-falta-de-quorum","status":"publish","type":"post","link":"https:\/\/nahuelproducciones.com.ar\/radioquijano\/suspension-de-sesion-del-concejo-deliberante-de-campo-quijano-por-falta-de-quorum\/","title":{"rendered":"Suspensi\u00f3n de Sesi\u00f3n del Concejo Deliberante de Campo Quijano por Falta de Qu\u00f3rum"},"content":{"rendered":"\n<p>El Concejo Deliberante de Campo Quijano se vio obligado a suspender la sesi\u00f3n programada para el 22 de agosto de 2024 debido a la falta de qu\u00f3rum.<\/p>\n\n\n\n<p> La reuni\u00f3n, que deb\u00eda tener lugar en la sala de sesiones \u00ab2 de Abril\u00bb, no pudo llevarse a cabo debido a la inasistencia de varios concejales .<\/p>\n\n\n\n<p>A las 12:30 horas, y con la presencia solo de los concejales Lorena Torres, Mirta Copa y Nicol\u00e1s Montero, se comunic\u00f3 que no hab\u00eda suficiente qu\u00f3rum para iniciar la sesi\u00f3n ordinaria.<\/p>\n\n\n\n<p>El presidente del Concejo, Pablo Orosco, junto con los concejales Patricio Su\u00e1rez, Carlos Cruz y Cristina Ger\u00f3n, se encontraban participando en una mesa de trabajo en El Alfarcito, con el intendente y con la participaci\u00f3n de vecinos y representantes de las comunidades de la Quebrada del Toro.<\/p>\n\n\n\n<p>El presidente Orosco hab\u00eda informado a los concejales a \u00faltima hora del mi\u00e9rcoles anterior, a trav\u00e9s de un mensaje de WhatsApp, sobre la invitaci\u00f3n a la mesa de trabajo. La Concejal Copa dij\u00f3 que el \u00fanico concejal que hab\u00eda confirmado su presencia en la Quebrada del Toro fue Carlos Cruz. Esto dej\u00f3 a los concejales presentes en la sala de sesiones esperando la llegada de sus colegas, quienes no pudieron asistir a la sesi\u00f3n.<\/p>\n\n\n\n<p>En una entrevista telef\u00f3nica con Radio Quijano 99.9 MHz, la concejal Mirta Copa explic\u00f3 que no se recibi\u00f3 una invitaci\u00f3n formal para la sesi\u00f3n de hoy, a diferencia de la invitaci\u00f3n previa que se hizo para una mesa de trabajo en el paraje Las Cuevas, en la que participaron meses atr\u00e1s. <\/p>\n\n\n\n<p>La concejal Copa tambi\u00e9n abord\u00f3 las consultas de los oyentes, se\u00f1alando que hasta la fecha no han rendido cuenta  los presidentes anteriores del Concejo Deliberante.<\/p>\n\n\n\n<p>Adem\u00e1s, Copa critic\u00f3 la falta de respuesta del intendente al pedido de informes sobre el festival del pueblo y se\u00f1al\u00f3 la ausencia de un informe por parte del presidente del Concejo sobre las obras recientes, el estado de la cuenta presupuestaria y los costos asociados a los arreglos en el Concejo Deliberante.<\/p>\n\n\n\n<p>La suspensi\u00f3n de la sesi\u00f3n y la falta de claridad en la rendici\u00f3n de cuentas internas han generado preocupaci\u00f3n entre los ciudadanos, quienes esperan una pronta resoluci\u00f3n de estas cuestiones administrativas.<\/p>\n\n\n\n<p><em>Escucha la entrevista en la que habla de este y otros temas:<\/em><\/p>\n\n\n\n<figure class=\"wp-block-audio\"><audio controls src=\"https:\/\/nahuelproducciones.com.ar\/radioquijano\/wp-content\/uploads\/2024\/08\/22-08-2024-Concejal-MIRTA-COPA-TEMA-NO-HAY-SESION-EL-OFICIALISMO-SE-FUE-A-ALFARCITO-A-LA-MESA-DE-LA-QUEBRADA.mp3\"><\/audio><\/figure>\n\n\n\n<p>Imagen del Facebook del Concejo Deliberante de Campo Quijano 2024 de la transmisi\u00f3n en directo.<\/p>\n","protected":false},"excerpt":{"rendered":"<p>El Concejo Deliberante de Campo Quijano se vio obligado a suspender la sesi\u00f3n programada para el 22 de agosto de 2024 debido a la falta de qu\u00f3rum. La reuni\u00f3n, que deb\u00eda tener lugar en la sala de sesiones \u00ab2 de Abril\u00bb, no pudo llevarse a cabo debido a la inasistencia de varios concejales . A [&hellip;]<\/p>\n","protected":false},"author":8,"featured_media":8782,"comment_status":"open","ping_status":"open","sticky":false,"template":"","format":"standard","meta":{"_monsterinsights_skip_tracking":false,"_monsterinsights_sitenote_active":false,"_monsterinsights_sitenote_note":"","_monsterinsights_sitenote_category":0,"footnotes":""},"categories":[16],"tags":[1625,75,100],"class_list":["post-8779","post","type-post","status-publish","format-standard","has-post-thumbnail","hentry","category-noticias","tag-concejal-mirta-copa","tag-concejo-deliberante-de-campo-quijano","tag-municipio-de-campo-quijano"],"yoast_head":"<!-- This site is optimized with the Yoast SEO plugin v20.8 - https:\/\/yoast.com\/wordpress\/plugins\/seo\/ -->\n<title>Suspensi\u00f3n de Sesi\u00f3n del Concejo Deliberante de Campo Quijano por Falta de Qu\u00f3rum - RQ 99.9<\/title>\n<meta name=\"description\" content=\"La concejal Copa tambi\u00e9n abord\u00f3 las consultas de los oyentes.\" \/>\n<meta name=\"robots\" content=\"index, follow, max-snippet:-1, max-image-preview:large, max-video-preview:-1\" \/>\n<link rel=\"canonical\" href=\"https:\/\/nahuelproducciones.com.ar\/radioquijano\/suspension-de-sesion-del-concejo-deliberante-de-campo-quijano-por-falta-de-quorum\/\" \/>\n<meta property=\"og:locale\" content=\"es_ES\" \/>\n<meta property=\"og:type\" content=\"article\" \/>\n<meta property=\"og:title\" content=\"Suspensi\u00f3n de Sesi\u00f3n del Concejo Deliberante de Campo Quijano por Falta de Qu\u00f3rum - RQ 99.9\" \/>\n<meta property=\"og:description\" content=\"La concejal Copa tambi\u00e9n abord\u00f3 las consultas de los oyentes.\" \/>\n<meta property=\"og:url\" content=\"https:\/\/nahuelproducciones.com.ar\/radioquijano\/suspension-de-sesion-del-concejo-deliberante-de-campo-quijano-por-falta-de-quorum\/\" \/>\n<meta property=\"og:site_name\" content=\"RQ 99.9\" \/>\n<meta property=\"article:publisher\" content=\"https:\/\/www.facebook.com\/nahuelproducciones999\/\" \/>\n<meta property=\"article:published_time\" content=\"2024-08-23T06:30:02+00:00\" \/>\n<meta property=\"article:modified_time\" content=\"2024-08-23T06:30:03+00:00\" \/>\n<meta property=\"og:image\" content=\"https:\/\/nahuelproducciones.com.ar\/radioquijano\/wp-content\/uploads\/2024\/08\/WhatsApp-Image-2024-08-23-at-3.19.34-AM-e1724394459449.jpeg\" \/>\n\t<meta property=\"og:image:width\" content=\"700\" \/>\n\t<meta property=\"og:image:height\" content=\"372\" \/>\n\t<meta property=\"og:image:type\" content=\"image\/jpeg\" \/>\n<meta name=\"author\" content=\"Cecilia Pastrana\" \/>\n<meta name=\"twitter:card\" content=\"summary_large_image\" \/>\n<meta name=\"twitter:creator\" content=\"@nahuproduciones\" \/>\n<meta name=\"twitter:site\" content=\"@nahuproduciones\" \/>\n<meta name=\"twitter:label1\" content=\"Escrito por\" \/>\n\t<meta name=\"twitter:data1\" content=\"Cecilia Pastrana\" \/>\n\t<meta name=\"twitter:label2\" content=\"Tiempo de lectura\" \/>\n\t<meta name=\"twitter:data2\" content=\"2 minutos\" \/>\n<script type=\"application\/ld+json\" class=\"yoast-schema-graph\">{\"@context\":\"https:\/\/schema.org\",\"@graph\":[{\"@type\":\"WebPage\",\"@id\":\"https:\/\/nahuelproducciones.com.ar\/radioquijano\/suspension-de-sesion-del-concejo-deliberante-de-campo-quijano-por-falta-de-quorum\/\",\"url\":\"https:\/\/nahuelproducciones.com.ar\/radioquijano\/suspension-de-sesion-del-concejo-deliberante-de-campo-quijano-por-falta-de-quorum\/\",\"name\":\"Suspensi\u00f3n de Sesi\u00f3n del Concejo Deliberante de Campo Quijano por Falta de Qu\u00f3rum - RQ 99.9\",\"isPartOf\":{\"@id\":\"https:\/\/nahuelproducciones.com.ar\/radioquijano\/#website\"},\"datePublished\":\"2024-08-23T06:30:02+00:00\",\"dateModified\":\"2024-08-23T06:30:03+00:00\",\"author\":{\"@id\":\"https:\/\/nahuelproducciones.com.ar\/radioquijano\/#\/schema\/person\/e8a4f939e2cb487fe6d0c54042c9d32c\"},\"description\":\"La concejal Copa tambi\u00e9n abord\u00f3 las consultas de los oyentes.\",\"breadcrumb\":{\"@id\":\"https:\/\/nahuelproducciones.com.ar\/radioquijano\/suspension-de-sesion-del-concejo-deliberante-de-campo-quijano-por-falta-de-quorum\/#breadcrumb\"},\"inLanguage\":\"es\",\"potentialAction\":[{\"@type\":\"ReadAction\",\"target\":[\"https:\/\/nahuelproducciones.com.ar\/radioquijano\/suspension-de-sesion-del-concejo-deliberante-de-campo-quijano-por-falta-de-quorum\/\"]}]},{\"@type\":\"BreadcrumbList\",\"@id\":\"https:\/\/nahuelproducciones.com.ar\/radioquijano\/suspension-de-sesion-del-concejo-deliberante-de-campo-quijano-por-falta-de-quorum\/#breadcrumb\",\"itemListElement\":[{\"@type\":\"ListItem\",\"position\":1,\"name\":\"Portada\",\"item\":\"https:\/\/nahuelproducciones.com.ar\/radioquijano\/\"},{\"@type\":\"ListItem\",\"position\":2,\"name\":\"Suspensi\u00f3n de Sesi\u00f3n del Concejo Deliberante de Campo Quijano por Falta de Qu\u00f3rum\"}]},{\"@type\":\"WebSite\",\"@id\":\"https:\/\/nahuelproducciones.com.ar\/radioquijano\/#website\",\"url\":\"https:\/\/nahuelproducciones.com.ar\/radioquijano\/\",\"name\":\"RQ 99.9\",\"description\":\"Radio Quijano 99.9 MHz\",\"potentialAction\":[{\"@type\":\"SearchAction\",\"target\":{\"@type\":\"EntryPoint\",\"urlTemplate\":\"https:\/\/nahuelproducciones.com.ar\/radioquijano\/?s={search_term_string}\"},\"query-input\":\"required name=search_term_string\"}],\"inLanguage\":\"es\"},{\"@type\":\"Person\",\"@id\":\"https:\/\/nahuelproducciones.com.ar\/radioquijano\/#\/schema\/person\/e8a4f939e2cb487fe6d0c54042c9d32c\",\"name\":\"Cecilia Pastrana\",\"image\":{\"@type\":\"ImageObject\",\"inLanguage\":\"es\",\"@id\":\"https:\/\/nahuelproducciones.com.ar\/radioquijano\/#\/schema\/person\/image\/\",\"url\":\"https:\/\/secure.gravatar.com\/avatar\/661a3ef63a8488d4f2794ed44af8cf71420f7e106f3072c40125114df5157749?s=96&d=mm&r=g\",\"contentUrl\":\"https:\/\/secure.gravatar.com\/avatar\/661a3ef63a8488d4f2794ed44af8cf71420f7e106f3072c40125114df5157749?s=96&d=mm&r=g\",\"caption\":\"Cecilia Pastrana\"},\"sameAs\":[\"cecy\"],\"url\":\"https:\/\/nahuelproducciones.com.ar\/radioquijano\/author\/cecy\/\"}]}<\/script>\n<!-- \/ Yoast SEO plugin. -->","yoast_head_json":{"title":"Suspensi\u00f3n de Sesi\u00f3n del Concejo Deliberante de Campo Quijano por Falta de Qu\u00f3rum - RQ 99.9","description":"La concejal Copa tambi\u00e9n abord\u00f3 las consultas de los oyentes.","robots":{"index":"index","follow":"follow","max-snippet":"max-snippet:-1","max-image-preview":"max-image-preview:large","max-video-preview":"max-video-preview:-1"},"canonical":"https:\/\/nahuelproducciones.com.ar\/radioquijano\/suspension-de-sesion-del-concejo-deliberante-de-campo-quijano-por-falta-de-quorum\/","og_locale":"es_ES","og_type":"article","og_title":"Suspensi\u00f3n de Sesi\u00f3n del Concejo Deliberante de Campo Quijano por Falta de Qu\u00f3rum - RQ 99.9","og_description":"La concejal Copa tambi\u00e9n abord\u00f3 las consultas de los oyentes.","og_url":"https:\/\/nahuelproducciones.com.ar\/radioquijano\/suspension-de-sesion-del-concejo-deliberante-de-campo-quijano-por-falta-de-quorum\/","og_site_name":"RQ 99.9","article_publisher":"https:\/\/www.facebook.com\/nahuelproducciones999\/","article_published_time":"2024-08-23T06:30:02+00:00","article_modified_time":"2024-08-23T06:30:03+00:00","og_image":[{"width":700,"height":372,"url":"https:\/\/nahuelproducciones.com.ar\/radioquijano\/wp-content\/uploads\/2024\/08\/WhatsApp-Image-2024-08-23-at-3.19.34-AM-e1724394459449.jpeg","type":"image\/jpeg"}],"author":"Cecilia Pastrana","twitter_card":"summary_large_image","twitter_creator":"@nahuproduciones","twitter_site":"@nahuproduciones","twitter_misc":{"Escrito por":"Cecilia Pastrana","Tiempo de lectura":"2 minutos"},"schema":{"@context":"https:\/\/schema.org","@graph":[{"@type":"WebPage","@id":"https:\/\/nahuelproducciones.com.ar\/radioquijano\/suspension-de-sesion-del-concejo-deliberante-de-campo-quijano-por-falta-de-quorum\/","url":"https:\/\/nahuelproducciones.com.ar\/radioquijano\/suspension-de-sesion-del-concejo-deliberante-de-campo-quijano-por-falta-de-quorum\/","name":"Suspensi\u00f3n de Sesi\u00f3n del Concejo Deliberante de Campo Quijano por Falta de Qu\u00f3rum - RQ 99.9","isPartOf":{"@id":"https:\/\/nahuelproducciones.com.ar\/radioquijano\/#website"},"datePublished":"2024-08-23T06:30:02+00:00","dateModified":"2024-08-23T06:30:03+00:00","author":{"@id":"https:\/\/nahuelproducciones.com.ar\/radioquijano\/#\/schema\/person\/e8a4f939e2cb487fe6d0c54042c9d32c"},"description":"La concejal Copa tambi\u00e9n abord\u00f3 las consultas de los oyentes.","breadcrumb":{"@id":"https:\/\/nahuelproducciones.com.ar\/radioquijano\/suspension-de-sesion-del-concejo-deliberante-de-campo-quijano-por-falta-de-quorum\/#breadcrumb"},"inLanguage":"es","potentialAction":[{"@type":"ReadAction","target":["https:\/\/nahuelproducciones.com.ar\/radioquijano\/suspension-de-sesion-del-concejo-deliberante-de-campo-quijano-por-falta-de-quorum\/"]}]},{"@type":"BreadcrumbList","@id":"https:\/\/nahuelproducciones.com.ar\/radioquijano\/suspension-de-sesion-del-concejo-deliberante-de-campo-quijano-por-falta-de-quorum\/#breadcrumb","itemListElement":[{"@type":"ListItem","position":1,"name":"Portada","item":"https:\/\/nahuelproducciones.com.ar\/radioquijano\/"},{"@type":"ListItem","position":2,"name":"Suspensi\u00f3n de Sesi\u00f3n del Concejo Deliberante de Campo Quijano por Falta de Qu\u00f3rum"}]},{"@type":"WebSite","@id":"https:\/\/nahuelproducciones.com.ar\/radioquijano\/#website","url":"https:\/\/nahuelproducciones.com.ar\/radioquijano\/","name":"RQ 99.9","description":"Radio Quijano 99.9 MHz","potentialAction":[{"@type":"SearchAction","target":{"@type":"EntryPoint","urlTemplate":"https:\/\/nahuelproducciones.com.ar\/radioquijano\/?s={search_term_string}"},"query-input":"required name=search_term_string"}],"inLanguage":"es"},{"@type":"Person","@id":"https:\/\/nahuelproducciones.com.ar\/radioquijano\/#\/schema\/person\/e8a4f939e2cb487fe6d0c54042c9d32c","name":"Cecilia Pastrana","image":{"@type":"ImageObject","inLanguage":"es","@id":"https:\/\/nahuelproducciones.com.ar\/radioquijano\/#\/schema\/person\/image\/","url":"https:\/\/secure.gravatar.com\/avatar\/661a3ef63a8488d4f2794ed44af8cf71420f7e106f3072c40125114df5157749?s=96&d=mm&r=g","contentUrl":"https:\/\/secure.gravatar.com\/avatar\/661a3ef63a8488d4f2794ed44af8cf71420f7e106f3072c40125114df5157749?s=96&d=mm&r=g","caption":"Cecilia Pastrana"},"sameAs":["cecy"],"url":"https:\/\/nahuelproducciones.com.ar\/radioquijano\/author\/cecy\/"}]}},"_links":{"self":[{"href":"https:\/\/nahuelproducciones.com.ar\/radioquijano\/wp-json\/wp\/v2\/posts\/8779","targetHints":{"allow":["GET"]}}],"collection":[{"href":"https:\/\/nahuelproducciones.com.ar\/radioquijano\/wp-json\/wp\/v2\/posts"}],"about":[{"href":"https:\/\/nahuelproducciones.com.ar\/radioquijano\/wp-json\/wp\/v2\/types\/post"}],"author":[{"embeddable":true,"href":"https:\/\/nahuelproducciones.com.ar\/radioquijano\/wp-json\/wp\/v2\/users\/8"}],"replies":[{"embeddable":true,"href":"https:\/\/nahuelproducciones.com.ar\/radioquijano\/wp-json\/wp\/v2\/comments?post=8779"}],"version-history":[{"count":1,"href":"https:\/\/nahuelproducciones.com.ar\/radioquijano\/wp-json\/wp\/v2\/posts\/8779\/revisions"}],"predecessor-version":[{"id":8783,"href":"https:\/\/nahuelproducciones.com.ar\/radioquijano\/wp-json\/wp\/v2\/posts\/8779\/revisions\/8783"}],"wp:featuredmedia":[{"embeddable":true,"href":"https:\/\/nahuelproducciones.com.ar\/radioquijano\/wp-json\/wp\/v2\/media\/8782"}],"wp:attachment":[{"href":"https:\/\/nahuelproducciones.com.ar\/radioquijano\/wp-json\/wp\/v2\/media?parent=8779"}],"wp:term":[{"taxonomy":"category","embeddable":true,"href":"https:\/\/nahuelproducciones.com.ar\/radioquijano\/wp-json\/wp\/v2\/categories?post=8779"},{"taxonomy":"post_tag","embeddable":true,"href":"https:\/\/nahuelproducciones.com.ar\/radioquijano\/wp-json\/wp\/v2\/tags?post=8779"}],"curies":[{"name":"wp","href":"https:\/\/api.w.org\/{rel}","templated":true}]}}