{"id":8786,"date":"2024-08-25T19:00:41","date_gmt":"2024-08-25T22:00:41","guid":{"rendered":"https:\/\/nahuelproducciones.com.ar\/radioquijano\/?p=8786"},"modified":"2024-08-25T19:00:42","modified_gmt":"2024-08-25T22:00:42","slug":"alerta-a-la-comunidad-la-estrategia-de-los-trols-en-redes-sociales-una-amenaza-silenciosa","status":"publish","type":"post","link":"https:\/\/nahuelproducciones.com.ar\/radioquijano\/alerta-a-la-comunidad-la-estrategia-de-los-trols-en-redes-sociales-una-amenaza-silenciosa\/","title":{"rendered":"Alerta a la Comunidad: La Estrategia de los Trols en Redes Sociales, una Amenaza Silenciosa"},"content":{"rendered":"\n<p>En los \u00faltimos a\u00f1os, el fen\u00f3meno de los \u00abtrols\u00bb en Internet ha aumentado de manera alarmante, afectando cada vez m\u00e1s la calidad de las discusiones en l\u00ednea e incluso influyendo en la pol\u00edtica y el bienestar social. Estos individuos, protegidos por el anonimato que les proporciona la red, act\u00faan de manera irresponsable, sembrando odio, desinformaci\u00f3n y caos en las plataformas digitales.<\/p>\n\n\n\n<p>El anonimato en Internet les permite comportarse de una forma que jam\u00e1s adoptar\u00edan en su vida cotidiana. Se escudan detr\u00e1s de perfiles falsos para descargar frustraciones personales, atacar a otros usuarios e incluso manipular el debate pol\u00edtico. Su impunidad genera un entorno t\u00f3xico que perjudica tanto a individuos como a comunidades enteras.<\/p>\n\n\n\n<p>En respuesta, cada vez m\u00e1s p\u00e1ginas de Internet han adoptado medidas dr\u00e1sticas para controlar este fen\u00f3meno. Comentarios que anteriormente eran abiertos al p\u00fablico ahora pasan por un riguroso proceso de moderaci\u00f3n. Sin embargo, los trols siguen encontrando nuevas formas de eludir estos filtros y contin\u00faan interfiriendo en el flujo de informaci\u00f3n, lo que hace que la soluci\u00f3n no sea sencilla.<\/p>\n\n\n\n<p>Estos individuos no buscan solo atenci\u00f3n o desahogarse, sino tambi\u00e9n alimentar su ego sin asumir las consecuencias de sus actos. En algunos casos, sus acciones est\u00e1n organizadas y son remuneradas. Existen trols que trabajan para intereses pol\u00edticos, encargados de desestabilizar gobiernos, desacreditar a oponentes o ensalzar a figuras p\u00fablicas con el fin de imponer agendas particulares, ignorando el impacto negativo que su comportamiento tiene sobre la sociedad.<\/p>\n\n\n\n<h3 class=\"wp-block-heading\"><strong>Los Trols y sus T\u00e1cticas en Redes Sociales<\/strong><\/h3>\n\n\n\n<p>Los trols en redes sociales rara vez usan fotos reales o proporcionan datos aut\u00e9nticos en sus perfiles. En su lugar, crean cuentas falsas con im\u00e1genes gen\u00e9ricas o robadas, fabrican identidades ficticias y bloquean cualquier acceso a informaci\u00f3n que pueda revelar su verdadera identidad. Estos perfiles son desechables y suelen estar activos solo durante per\u00edodos concretos, especialmente en tiempos de crisis pol\u00edtica o electoral, cuando su capacidad de causar da\u00f1o es mayor.<\/p>\n\n\n\n<p>El da\u00f1o causado por los trols no solo recae sobre las personas atacadas, sino tambi\u00e9n en la confianza que la sociedad deposita en los espacios digitales. El discurso p\u00fablico se polariza, las noticias falsas proliferan y la desinformaci\u00f3n se convierte en un arma. La falta de remordimiento de estos individuos los convierte en una amenaza para la estabilidad social y pol\u00edtica. En lugar de contribuir al bienestar com\u00fan, fomentan el caos y la discordia, perjudicando al pueblo con sus intervenciones.<\/p>\n\n\n\n<h3 class=\"wp-block-heading\"><strong>La Actividad de los Trols en \u00c9pocas Pol\u00edticas<\/strong><\/h3>\n\n\n\n<p>Durante las campa\u00f1as electorales o en momentos de alta tensi\u00f3n pol\u00edtica, la actividad de los trols se intensifica notablemente. Aparecen en momentos clave para desestabilizar el ambiente, alimentar teor\u00edas conspirativas, atacar a l\u00edderes de la oposici\u00f3n o amplificar mensajes favorables a su candidato. Lo preocupante es que, en muchos casos, estas acciones est\u00e1n remuneradas, formando parte de campa\u00f1as coordinadas que operan en la sombra de las redes sociales. Aunque su manipulaci\u00f3n se oculta tras pantallas an\u00f3nimas, sus efectos pueden ser devastadores para la democracia y la opini\u00f3n p\u00fablica.<\/p>\n\n\n\n<h3 class=\"wp-block-heading\"><strong>\u00bfC\u00f3mo Podemos Combatir a los Trols?<\/strong><\/h3>\n\n\n\n<p>Los usuarios deben estar siempre atentos ante la aparici\u00f3n de perfiles sospechosos, especialmente aquellos que no muestran fotos reales o carecen de un historial de actividad coherente. Un signo com\u00fan de los trols es su repentina aparici\u00f3n en debates pol\u00edticos, repitiendo constantemente mensajes provocadores o sesgados. Bloquearlos o denunciarlos es una medida eficaz para reducir su influencia. Adem\u00e1s, es crucial verificar la autenticidad de la informaci\u00f3n antes de compartirla, evitando as\u00ed la propagaci\u00f3n de desinformaci\u00f3n.<\/p>\n\n\n\n<p>Las plataformas de redes sociales deben seguir mejorando sus medidas de seguridad, implementando verificaciones m\u00e1s rigurosas para los perfiles y sancionando a quienes violen sus pol\u00edticas. No obstante, la responsabilidad tambi\u00e9n recae en los usuarios, quienes deben aprender a identificar estas t\u00e1cticas y no caer en la trampa de la manipulaci\u00f3n y el odio.<\/p>\n\n\n\n<p>La comunidad en l\u00ednea tiene el poder de frenar a los trols si act\u00faa de manera consciente y solidaria. Proteger nuestros espacios digitales y evitar que estos individuos influyan en nuestras decisiones y debates requiere educaci\u00f3n digital y un esfuerzo colectivo para crear un entorno en Internet m\u00e1s seguro y aut\u00e9ntico.<\/p>\n\n\n\n<p>imagen de La Real Academia Espa\u00f1ola RAE<\/p>\n","protected":false},"excerpt":{"rendered":"<p>En los \u00faltimos a\u00f1os, el fen\u00f3meno de los \u00abtrols\u00bb en Internet ha aumentado de manera alarmante, afectando cada vez m\u00e1s la calidad de las discusiones en l\u00ednea e incluso influyendo en la pol\u00edtica y el bienestar social. Estos individuos, protegidos por el anonimato que les proporciona la red, act\u00faan de manera irresponsable, sembrando odio, desinformaci\u00f3n [&hellip;]<\/p>\n","protected":false},"author":8,"featured_media":8787,"comment_status":"open","ping_status":"open","sticky":false,"template":"","format":"standard","meta":{"_monsterinsights_skip_tracking":false,"_monsterinsights_sitenote_active":false,"_monsterinsights_sitenote_note":"","_monsterinsights_sitenote_category":0,"footnotes":""},"categories":[16],"tags":[100,1626],"class_list":["post-8786","post","type-post","status-publish","format-standard","has-post-thumbnail","hentry","category-noticias","tag-municipio-de-campo-quijano","tag-trols"],"yoast_head":"<!-- This site is optimized with the Yoast SEO plugin v20.8 - https:\/\/yoast.com\/wordpress\/plugins\/seo\/ -->\n<title>Alerta a la Comunidad: La Estrategia de los Trols en Redes Sociales, una Amenaza Silenciosa - RQ 99.9<\/title>\n<meta name=\"description\" content=\"La comunidad en l\u00ednea tiene el poder de frenar a los trols si act\u00faa de manera consciente y solidaria.\" \/>\n<meta name=\"robots\" content=\"index, follow, max-snippet:-1, max-image-preview:large, max-video-preview:-1\" \/>\n<link rel=\"canonical\" href=\"https:\/\/nahuelproducciones.com.ar\/radioquijano\/alerta-a-la-comunidad-la-estrategia-de-los-trols-en-redes-sociales-una-amenaza-silenciosa\/\" \/>\n<meta property=\"og:locale\" content=\"es_ES\" \/>\n<meta property=\"og:type\" content=\"article\" \/>\n<meta property=\"og:title\" content=\"Alerta a la Comunidad: La Estrategia de los Trols en Redes Sociales, una Amenaza Silenciosa - RQ 99.9\" \/>\n<meta property=\"og:description\" content=\"La comunidad en l\u00ednea tiene el poder de frenar a los trols si act\u00faa de manera consciente y solidaria.\" \/>\n<meta property=\"og:url\" content=\"https:\/\/nahuelproducciones.com.ar\/radioquijano\/alerta-a-la-comunidad-la-estrategia-de-los-trols-en-redes-sociales-una-amenaza-silenciosa\/\" \/>\n<meta property=\"og:site_name\" content=\"RQ 99.9\" \/>\n<meta property=\"article:publisher\" content=\"https:\/\/www.facebook.com\/nahuelproducciones999\/\" \/>\n<meta property=\"article:published_time\" content=\"2024-08-25T22:00:41+00:00\" \/>\n<meta property=\"article:modified_time\" content=\"2024-08-25T22:00:42+00:00\" \/>\n<meta property=\"og:image\" content=\"https:\/\/nahuelproducciones.com.ar\/radioquijano\/wp-content\/uploads\/2024\/08\/FG9J8s4XMAczdB-.jpeg\" \/>\n\t<meta property=\"og:image:width\" content=\"680\" \/>\n\t<meta property=\"og:image:height\" content=\"383\" \/>\n\t<meta property=\"og:image:type\" content=\"image\/jpeg\" \/>\n<meta name=\"author\" content=\"Cecilia Pastrana\" \/>\n<meta name=\"twitter:card\" content=\"summary_large_image\" \/>\n<meta name=\"twitter:creator\" content=\"@nahuproduciones\" \/>\n<meta name=\"twitter:site\" content=\"@nahuproduciones\" \/>\n<meta name=\"twitter:label1\" content=\"Escrito por\" \/>\n\t<meta name=\"twitter:data1\" content=\"Cecilia Pastrana\" \/>\n\t<meta name=\"twitter:label2\" content=\"Tiempo de lectura\" \/>\n\t<meta name=\"twitter:data2\" content=\"4 minutos\" \/>\n<script type=\"application\/ld+json\" class=\"yoast-schema-graph\">{\"@context\":\"https:\/\/schema.org\",\"@graph\":[{\"@type\":\"WebPage\",\"@id\":\"https:\/\/nahuelproducciones.com.ar\/radioquijano\/alerta-a-la-comunidad-la-estrategia-de-los-trols-en-redes-sociales-una-amenaza-silenciosa\/\",\"url\":\"https:\/\/nahuelproducciones.com.ar\/radioquijano\/alerta-a-la-comunidad-la-estrategia-de-los-trols-en-redes-sociales-una-amenaza-silenciosa\/\",\"name\":\"Alerta a la Comunidad: La Estrategia de los Trols en Redes Sociales, una Amenaza Silenciosa - RQ 99.9\",\"isPartOf\":{\"@id\":\"https:\/\/nahuelproducciones.com.ar\/radioquijano\/#website\"},\"datePublished\":\"2024-08-25T22:00:41+00:00\",\"dateModified\":\"2024-08-25T22:00:42+00:00\",\"author\":{\"@id\":\"https:\/\/nahuelproducciones.com.ar\/radioquijano\/#\/schema\/person\/e8a4f939e2cb487fe6d0c54042c9d32c\"},\"description\":\"La comunidad en l\u00ednea tiene el poder de frenar a los trols si act\u00faa de manera consciente y solidaria.\",\"breadcrumb\":{\"@id\":\"https:\/\/nahuelproducciones.com.ar\/radioquijano\/alerta-a-la-comunidad-la-estrategia-de-los-trols-en-redes-sociales-una-amenaza-silenciosa\/#breadcrumb\"},\"inLanguage\":\"es\",\"potentialAction\":[{\"@type\":\"ReadAction\",\"target\":[\"https:\/\/nahuelproducciones.com.ar\/radioquijano\/alerta-a-la-comunidad-la-estrategia-de-los-trols-en-redes-sociales-una-amenaza-silenciosa\/\"]}]},{\"@type\":\"BreadcrumbList\",\"@id\":\"https:\/\/nahuelproducciones.com.ar\/radioquijano\/alerta-a-la-comunidad-la-estrategia-de-los-trols-en-redes-sociales-una-amenaza-silenciosa\/#breadcrumb\",\"itemListElement\":[{\"@type\":\"ListItem\",\"position\":1,\"name\":\"Portada\",\"item\":\"https:\/\/nahuelproducciones.com.ar\/radioquijano\/\"},{\"@type\":\"ListItem\",\"position\":2,\"name\":\"Alerta a la Comunidad: La Estrategia de los Trols en Redes Sociales, una Amenaza Silenciosa\"}]},{\"@type\":\"WebSite\",\"@id\":\"https:\/\/nahuelproducciones.com.ar\/radioquijano\/#website\",\"url\":\"https:\/\/nahuelproducciones.com.ar\/radioquijano\/\",\"name\":\"RQ 99.9\",\"description\":\"Radio Quijano 99.9 MHz\",\"potentialAction\":[{\"@type\":\"SearchAction\",\"target\":{\"@type\":\"EntryPoint\",\"urlTemplate\":\"https:\/\/nahuelproducciones.com.ar\/radioquijano\/?s={search_term_string}\"},\"query-input\":\"required name=search_term_string\"}],\"inLanguage\":\"es\"},{\"@type\":\"Person\",\"@id\":\"https:\/\/nahuelproducciones.com.ar\/radioquijano\/#\/schema\/person\/e8a4f939e2cb487fe6d0c54042c9d32c\",\"name\":\"Cecilia Pastrana\",\"image\":{\"@type\":\"ImageObject\",\"inLanguage\":\"es\",\"@id\":\"https:\/\/nahuelproducciones.com.ar\/radioquijano\/#\/schema\/person\/image\/\",\"url\":\"https:\/\/secure.gravatar.com\/avatar\/661a3ef63a8488d4f2794ed44af8cf71420f7e106f3072c40125114df5157749?s=96&d=mm&r=g\",\"contentUrl\":\"https:\/\/secure.gravatar.com\/avatar\/661a3ef63a8488d4f2794ed44af8cf71420f7e106f3072c40125114df5157749?s=96&d=mm&r=g\",\"caption\":\"Cecilia Pastrana\"},\"sameAs\":[\"cecy\"],\"url\":\"https:\/\/nahuelproducciones.com.ar\/radioquijano\/author\/cecy\/\"}]}<\/script>\n<!-- \/ Yoast SEO plugin. -->","yoast_head_json":{"title":"Alerta a la Comunidad: La Estrategia de los Trols en Redes Sociales, una Amenaza Silenciosa - RQ 99.9","description":"La comunidad en l\u00ednea tiene el poder de frenar a los trols si act\u00faa de manera consciente y solidaria.","robots":{"index":"index","follow":"follow","max-snippet":"max-snippet:-1","max-image-preview":"max-image-preview:large","max-video-preview":"max-video-preview:-1"},"canonical":"https:\/\/nahuelproducciones.com.ar\/radioquijano\/alerta-a-la-comunidad-la-estrategia-de-los-trols-en-redes-sociales-una-amenaza-silenciosa\/","og_locale":"es_ES","og_type":"article","og_title":"Alerta a la Comunidad: La Estrategia de los Trols en Redes Sociales, una Amenaza Silenciosa - RQ 99.9","og_description":"La comunidad en l\u00ednea tiene el poder de frenar a los trols si act\u00faa de manera consciente y solidaria.","og_url":"https:\/\/nahuelproducciones.com.ar\/radioquijano\/alerta-a-la-comunidad-la-estrategia-de-los-trols-en-redes-sociales-una-amenaza-silenciosa\/","og_site_name":"RQ 99.9","article_publisher":"https:\/\/www.facebook.com\/nahuelproducciones999\/","article_published_time":"2024-08-25T22:00:41+00:00","article_modified_time":"2024-08-25T22:00:42+00:00","og_image":[{"width":680,"height":383,"url":"https:\/\/nahuelproducciones.com.ar\/radioquijano\/wp-content\/uploads\/2024\/08\/FG9J8s4XMAczdB-.jpeg","type":"image\/jpeg"}],"author":"Cecilia Pastrana","twitter_card":"summary_large_image","twitter_creator":"@nahuproduciones","twitter_site":"@nahuproduciones","twitter_misc":{"Escrito por":"Cecilia Pastrana","Tiempo de lectura":"4 minutos"},"schema":{"@context":"https:\/\/schema.org","@graph":[{"@type":"WebPage","@id":"https:\/\/nahuelproducciones.com.ar\/radioquijano\/alerta-a-la-comunidad-la-estrategia-de-los-trols-en-redes-sociales-una-amenaza-silenciosa\/","url":"https:\/\/nahuelproducciones.com.ar\/radioquijano\/alerta-a-la-comunidad-la-estrategia-de-los-trols-en-redes-sociales-una-amenaza-silenciosa\/","name":"Alerta a la Comunidad: La Estrategia de los Trols en Redes Sociales, una Amenaza Silenciosa - RQ 99.9","isPartOf":{"@id":"https:\/\/nahuelproducciones.com.ar\/radioquijano\/#website"},"datePublished":"2024-08-25T22:00:41+00:00","dateModified":"2024-08-25T22:00:42+00:00","author":{"@id":"https:\/\/nahuelproducciones.com.ar\/radioquijano\/#\/schema\/person\/e8a4f939e2cb487fe6d0c54042c9d32c"},"description":"La comunidad en l\u00ednea tiene el poder de frenar a los trols si act\u00faa de manera consciente y solidaria.","breadcrumb":{"@id":"https:\/\/nahuelproducciones.com.ar\/radioquijano\/alerta-a-la-comunidad-la-estrategia-de-los-trols-en-redes-sociales-una-amenaza-silenciosa\/#breadcrumb"},"inLanguage":"es","potentialAction":[{"@type":"ReadAction","target":["https:\/\/nahuelproducciones.com.ar\/radioquijano\/alerta-a-la-comunidad-la-estrategia-de-los-trols-en-redes-sociales-una-amenaza-silenciosa\/"]}]},{"@type":"BreadcrumbList","@id":"https:\/\/nahuelproducciones.com.ar\/radioquijano\/alerta-a-la-comunidad-la-estrategia-de-los-trols-en-redes-sociales-una-amenaza-silenciosa\/#breadcrumb","itemListElement":[{"@type":"ListItem","position":1,"name":"Portada","item":"https:\/\/nahuelproducciones.com.ar\/radioquijano\/"},{"@type":"ListItem","position":2,"name":"Alerta a la Comunidad: La Estrategia de los Trols en Redes Sociales, una Amenaza Silenciosa"}]},{"@type":"WebSite","@id":"https:\/\/nahuelproducciones.com.ar\/radioquijano\/#website","url":"https:\/\/nahuelproducciones.com.ar\/radioquijano\/","name":"RQ 99.9","description":"Radio Quijano 99.9 MHz","potentialAction":[{"@type":"SearchAction","target":{"@type":"EntryPoint","urlTemplate":"https:\/\/nahuelproducciones.com.ar\/radioquijano\/?s={search_term_string}"},"query-input":"required name=search_term_string"}],"inLanguage":"es"},{"@type":"Person","@id":"https:\/\/nahuelproducciones.com.ar\/radioquijano\/#\/schema\/person\/e8a4f939e2cb487fe6d0c54042c9d32c","name":"Cecilia Pastrana","image":{"@type":"ImageObject","inLanguage":"es","@id":"https:\/\/nahuelproducciones.com.ar\/radioquijano\/#\/schema\/person\/image\/","url":"https:\/\/secure.gravatar.com\/avatar\/661a3ef63a8488d4f2794ed44af8cf71420f7e106f3072c40125114df5157749?s=96&d=mm&r=g","contentUrl":"https:\/\/secure.gravatar.com\/avatar\/661a3ef63a8488d4f2794ed44af8cf71420f7e106f3072c40125114df5157749?s=96&d=mm&r=g","caption":"Cecilia Pastrana"},"sameAs":["cecy"],"url":"https:\/\/nahuelproducciones.com.ar\/radioquijano\/author\/cecy\/"}]}},"_links":{"self":[{"href":"https:\/\/nahuelproducciones.com.ar\/radioquijano\/wp-json\/wp\/v2\/posts\/8786","targetHints":{"allow":["GET"]}}],"collection":[{"href":"https:\/\/nahuelproducciones.com.ar\/radioquijano\/wp-json\/wp\/v2\/posts"}],"about":[{"href":"https:\/\/nahuelproducciones.com.ar\/radioquijano\/wp-json\/wp\/v2\/types\/post"}],"author":[{"embeddable":true,"href":"https:\/\/nahuelproducciones.com.ar\/radioquijano\/wp-json\/wp\/v2\/users\/8"}],"replies":[{"embeddable":true,"href":"https:\/\/nahuelproducciones.com.ar\/radioquijano\/wp-json\/wp\/v2\/comments?post=8786"}],"version-history":[{"count":1,"href":"https:\/\/nahuelproducciones.com.ar\/radioquijano\/wp-json\/wp\/v2\/posts\/8786\/revisions"}],"predecessor-version":[{"id":8788,"href":"https:\/\/nahuelproducciones.com.ar\/radioquijano\/wp-json\/wp\/v2\/posts\/8786\/revisions\/8788"}],"wp:featuredmedia":[{"embeddable":true,"href":"https:\/\/nahuelproducciones.com.ar\/radioquijano\/wp-json\/wp\/v2\/media\/8787"}],"wp:attachment":[{"href":"https:\/\/nahuelproducciones.com.ar\/radioquijano\/wp-json\/wp\/v2\/media?parent=8786"}],"wp:term":[{"taxonomy":"category","embeddable":true,"href":"https:\/\/nahuelproducciones.com.ar\/radioquijano\/wp-json\/wp\/v2\/categories?post=8786"},{"taxonomy":"post_tag","embeddable":true,"href":"https:\/\/nahuelproducciones.com.ar\/radioquijano\/wp-json\/wp\/v2\/tags?post=8786"}],"curies":[{"name":"wp","href":"https:\/\/api.w.org\/{rel}","templated":true}]}}