{"id":879,"date":"2021-05-23T13:12:40","date_gmt":"2021-05-23T16:12:40","guid":{"rendered":"https:\/\/nahuelproducciones.com.ar\/radioquijano\/?p=879"},"modified":"2021-05-23T13:39:30","modified_gmt":"2021-05-23T16:39:30","slug":"confinamiento-folloni-y-martinez-son-los-responsable-de-que-estemos-en-zona-roja","status":"publish","type":"post","link":"https:\/\/nahuelproducciones.com.ar\/radioquijano\/confinamiento-folloni-y-martinez-son-los-responsable-de-que-estemos-en-zona-roja\/","title":{"rendered":"Confinamiento. Folloni y Mart\u00ednez son los responsables de que estemos en Zona Roja."},"content":{"rendered":"\n<p>Estamos en confinamiento por varios factores, entre ellos nuestro comportamiento y el m\u00e1s importante, la inutilidad de quienes gobiernan los destinos de estos bellos pueblos. Estamos en&nbsp;<strong>Zona Roja y Confinados<\/strong>&nbsp;principalmente porque los&nbsp;<strong>Comit\u00e9s Operativos de Emergencia Municipales<\/strong>&nbsp;(<strong>COEm<\/strong>) fueron y son una excusa para tomar caf\u00e9 juntos y nunca sirvieron para nada.<br><br>La realidad de&nbsp;<strong>Rosario de Lerma<\/strong>&nbsp;y&nbsp;<strong>Campo Quijano<\/strong>&nbsp;se venia viendo desde principio de a\u00f1o. No hay que ser un especialista en an\u00e1lisis de \u00abcurvas\u00bb y \u00abcasos\u00bb para haberse dado cuenta que los guarismo ven\u00edan subiendo.Todos los medios reflejaron a diario la preocupaci\u00f3n por la suba de casos en el departamento.&nbsp;<strong>Y no hicieron nada<\/strong>. De echo duplicaron la apuesta y organizaron partidos de f\u00fatbol, campeonatos, encuentros infantiles, ferias de comidas, carreras de MTB, pe\u00f1as folcl\u00f3ricas en edificios municipales, trenes de la alegr\u00eda, Caminos al Centenario, ferias en las plazas, Artesanos y turistas, etc etc.<\/p>\n\n\n\n<p><strong>Hicieron todo mal.<\/strong>&nbsp;Y aqu\u00ed estamos en el d\u00eda uno del confinamiento decretado por e<strong>l Gobierno Nacional<\/strong>&nbsp;ante la inacci\u00f3n de los dirigentes locales.<\/p>\n\n\n\n<p>Cientos de im\u00e1genes en redes sociales saludando por el \u00ab<strong>D\u00eda del Arquero<\/strong>\u00bb o el aniversario del Coronel que era General, pero ninguno municipio pudo diagramar campa\u00f1as de concientizacion y prevenci\u00f3n claras contra el Covid19. Los&nbsp;<strong>term\u00f3metros digitales<\/strong>&nbsp;desaparecieron o se quedaron sin pilas como desapareci\u00f3 el&nbsp;<strong>Arco Desinfectante<\/strong>&nbsp;de la ruta y as\u00ed los controles. Hasta el&nbsp;<strong>Alcohol en Gel&nbsp;<\/strong>desapareci\u00f3 de los cajeros autom\u00e1ticos bancarios y&nbsp;<strong>ni eso pudieron controlar los COEm.<\/strong><\/p>\n\n\n\n<p><strong>Otro factor es la Campa\u00f1a.<\/strong>&nbsp;Desde inicio de a\u00f1o que en La comarca no se piensa en otra cosa que votar y elegir concejales y un Senador. Mantenerse en el poder o perpetuarse. Ning\u00fan pre candidato o candidato mostr\u00f3 preocupaci\u00f3n por la inacci\u00f3n permanente de los&nbsp;<strong>Comit\u00e9s Operativo de Emergencia Municipales<\/strong>. Tanto en&nbsp;<strong>Campo Quijano<\/strong>&nbsp;como en&nbsp;<strong>Rosario de Lerma<\/strong>&nbsp;las acciones puntuales de ambos comit\u00e9s se limitaron a un<strong>&nbsp;\u00abcopio y pego\u00bb<\/strong>&nbsp;de medidas provinciales o nacionales, desconociendo la realidad local, demostrando desinter\u00e9s por la situaci\u00f3n real y grave que enfrentamos.&nbsp;<strong>Ning\u00fan candidato tiene una idea para aportar.&nbsp;<\/strong>Y tampoco les interesa la pandemia, est\u00e1n preocupados por el \u00abarmado\u00bb, la oficializaci\u00f3n de las listas y si se vota o no el 4 de Julio.<\/p>\n\n\n\n<p>Para el problema sanitario, y a falta de vacunas por ahora<strong>, la receta medieval del confinamiento parecer ser la \u00fanica soluci\u00f3n<\/strong>. Es la \u00fanica idea.<br><br>Llama la atenci\u00f3n en este punto el bajo nivel de auto cr\u00edtica que tiene nuestra dirigencia local respecto de sus propios errores. Somos una sociedad que olvida las conductas amorales, y la falta de cumplimiento de las promesas electorales, sin importar qui\u00e9n las hizo.<br><br>Se atribuye a&nbsp;<strong>Winston Churchill<\/strong>&nbsp;la frase: \u201c<em><strong>La principal diferencia entre los humanos y los animales es que los animales nunca permiten que los lidere el m\u00e1s est\u00fapido de la manda<\/strong><\/em>\u201d. Nosotros los votamos.<br><br><strong>#QuedateEnCasa<\/strong><br><strong>-Mi amor \u00bfvos crees que yo soy inteligente?<\/strong><br><strong>-Si, pero asintom\u00e1tico\u2026<\/strong><br><br><strong>Willy Wilches<br><\/strong>@willywilches<\/p>\n\n\n\n<p>Radio Quijano 99.9 Entrevist\u00f3 a Willy Wilches. Escucha  la entrevista aqui:<\/p>\n\n\n\n<figure class=\"wp-block-audio\"><audio controls src=\"https:\/\/nahuelproducciones.com.ar\/radioquijano\/wp-content\/uploads\/2021\/05\/23-05-2021-willy-wilches-con-la-realidad-del-departamento.mp3\"><\/audio><\/figure>\n\n\n\n<p>Fuente: rosariodelerma.info<\/p>\n","protected":false},"excerpt":{"rendered":"<p>\u00abLa realidad de Rosario de Lerma y Campo Quijano se venia viendo desde principio de a\u00f1o. No hay que ser un especialista en an\u00e1lisis de curvas y casos para haberse dado cuenta que los guarismo ven\u00edan subiendo.Todos los medios reflejaron a diario la preocupaci\u00f3n por la suba de casos en el departamento. Y no hicieron nada.\u00bb<\/p>\n","protected":false},"author":6,"featured_media":880,"comment_status":"open","ping_status":"open","sticky":false,"template":"","format":"standard","meta":{"_monsterinsights_skip_tracking":false,"_monsterinsights_sitenote_active":false,"_monsterinsights_sitenote_note":"","_monsterinsights_sitenote_category":0,"footnotes":""},"categories":[18,16],"tags":[36,49,48,47],"class_list":["post-879","post","type-post","status-publish","format-standard","has-post-thumbnail","hentry","category-covid-19","category-noticias","tag-campo-quijano","tag-confinamiento","tag-covid-19","tag-rosario-de-lerma"],"yoast_head":"<!-- This site is optimized with the Yoast SEO plugin v20.8 - https:\/\/yoast.com\/wordpress\/plugins\/seo\/ -->\n<title>Confinamiento. Folloni y Mart\u00ednez son los responsables de que estemos en Zona Roja. - RQ 99.9<\/title>\n<meta name=\"description\" content=\"&quot;La realidad de Rosario de Lerma y Campo Quijano se venia viendo desde principio de a\u00f1o. No hay que ser un especialista en an\u00e1lisis de curvas y casos para haberse dado cuenta que los guarismo ven\u00edan subiendo.Todos los medios reflejaron a diario la preocupaci\u00f3n por la suba de casos en el departamento. Y no hicieron nada.&quot;\" \/>\n<meta name=\"robots\" content=\"index, follow, max-snippet:-1, max-image-preview:large, max-video-preview:-1\" \/>\n<link rel=\"canonical\" href=\"https:\/\/nahuelproducciones.com.ar\/radioquijano\/confinamiento-folloni-y-martinez-son-los-responsable-de-que-estemos-en-zona-roja\/\" \/>\n<meta property=\"og:locale\" content=\"es_ES\" \/>\n<meta property=\"og:type\" content=\"article\" \/>\n<meta property=\"og:title\" content=\"Confinamiento. Folloni y Mart\u00ednez son los responsables de que estemos en Zona Roja. - RQ 99.9\" \/>\n<meta property=\"og:description\" content=\"&quot;La realidad de Rosario de Lerma y Campo Quijano se venia viendo desde principio de a\u00f1o. No hay que ser un especialista en an\u00e1lisis de curvas y casos para haberse dado cuenta que los guarismo ven\u00edan subiendo.Todos los medios reflejaron a diario la preocupaci\u00f3n por la suba de casos en el departamento. Y no hicieron nada.&quot;\" \/>\n<meta property=\"og:url\" content=\"https:\/\/nahuelproducciones.com.ar\/radioquijano\/confinamiento-folloni-y-martinez-son-los-responsable-de-que-estemos-en-zona-roja\/\" \/>\n<meta property=\"og:site_name\" content=\"RQ 99.9\" \/>\n<meta property=\"article:publisher\" content=\"https:\/\/www.facebook.com\/nahuelproducciones999\/\" \/>\n<meta property=\"article:published_time\" content=\"2021-05-23T16:12:40+00:00\" \/>\n<meta property=\"article:modified_time\" content=\"2021-05-23T16:39:30+00:00\" \/>\n<meta property=\"og:image\" content=\"https:\/\/nahuelproducciones.com.ar\/radioquijano\/wp-content\/uploads\/2021\/05\/quijano-rosario-sin-coem.jpg\" \/>\n\t<meta property=\"og:image:width\" content=\"700\" \/>\n\t<meta property=\"og:image:height\" content=\"350\" \/>\n\t<meta property=\"og:image:type\" content=\"image\/jpeg\" \/>\n<meta name=\"author\" content=\"Ricardo Guzman\" \/>\n<meta name=\"twitter:card\" content=\"summary_large_image\" \/>\n<meta name=\"twitter:creator\" content=\"@nahuproduciones\" \/>\n<meta name=\"twitter:site\" content=\"@nahuproduciones\" \/>\n<meta name=\"twitter:label1\" content=\"Escrito por\" \/>\n\t<meta name=\"twitter:data1\" content=\"Ricardo Guzman\" \/>\n\t<meta name=\"twitter:label2\" content=\"Tiempo de lectura\" \/>\n\t<meta name=\"twitter:data2\" content=\"3 minutos\" \/>\n<script type=\"application\/ld+json\" class=\"yoast-schema-graph\">{\"@context\":\"https:\/\/schema.org\",\"@graph\":[{\"@type\":\"WebPage\",\"@id\":\"https:\/\/nahuelproducciones.com.ar\/radioquijano\/confinamiento-folloni-y-martinez-son-los-responsable-de-que-estemos-en-zona-roja\/\",\"url\":\"https:\/\/nahuelproducciones.com.ar\/radioquijano\/confinamiento-folloni-y-martinez-son-los-responsable-de-que-estemos-en-zona-roja\/\",\"name\":\"Confinamiento. Folloni y Mart\u00ednez son los responsables de que estemos en Zona Roja. - RQ 99.9\",\"isPartOf\":{\"@id\":\"https:\/\/nahuelproducciones.com.ar\/radioquijano\/#website\"},\"datePublished\":\"2021-05-23T16:12:40+00:00\",\"dateModified\":\"2021-05-23T16:39:30+00:00\",\"author\":{\"@id\":\"https:\/\/nahuelproducciones.com.ar\/radioquijano\/#\/schema\/person\/b9b81a110cbdf07949e2cd02d478ab9d\"},\"description\":\"\\\"La realidad de Rosario de Lerma y Campo Quijano se venia viendo desde principio de a\u00f1o. No hay que ser un especialista en an\u00e1lisis de curvas y casos para haberse dado cuenta que los guarismo ven\u00edan subiendo.Todos los medios reflejaron a diario la preocupaci\u00f3n por la suba de casos en el departamento. Y no hicieron nada.\\\"\",\"breadcrumb\":{\"@id\":\"https:\/\/nahuelproducciones.com.ar\/radioquijano\/confinamiento-folloni-y-martinez-son-los-responsable-de-que-estemos-en-zona-roja\/#breadcrumb\"},\"inLanguage\":\"es\",\"potentialAction\":[{\"@type\":\"ReadAction\",\"target\":[\"https:\/\/nahuelproducciones.com.ar\/radioquijano\/confinamiento-folloni-y-martinez-son-los-responsable-de-que-estemos-en-zona-roja\/\"]}]},{\"@type\":\"BreadcrumbList\",\"@id\":\"https:\/\/nahuelproducciones.com.ar\/radioquijano\/confinamiento-folloni-y-martinez-son-los-responsable-de-que-estemos-en-zona-roja\/#breadcrumb\",\"itemListElement\":[{\"@type\":\"ListItem\",\"position\":1,\"name\":\"Portada\",\"item\":\"https:\/\/nahuelproducciones.com.ar\/radioquijano\/\"},{\"@type\":\"ListItem\",\"position\":2,\"name\":\"Confinamiento. Folloni y Mart\u00ednez son los responsables de que estemos en Zona Roja.\"}]},{\"@type\":\"WebSite\",\"@id\":\"https:\/\/nahuelproducciones.com.ar\/radioquijano\/#website\",\"url\":\"https:\/\/nahuelproducciones.com.ar\/radioquijano\/\",\"name\":\"RQ 99.9\",\"description\":\"Radio Quijano 99.9 MHz\",\"potentialAction\":[{\"@type\":\"SearchAction\",\"target\":{\"@type\":\"EntryPoint\",\"urlTemplate\":\"https:\/\/nahuelproducciones.com.ar\/radioquijano\/?s={search_term_string}\"},\"query-input\":\"required name=search_term_string\"}],\"inLanguage\":\"es\"},{\"@type\":\"Person\",\"@id\":\"https:\/\/nahuelproducciones.com.ar\/radioquijano\/#\/schema\/person\/b9b81a110cbdf07949e2cd02d478ab9d\",\"name\":\"Ricardo Guzman\",\"image\":{\"@type\":\"ImageObject\",\"inLanguage\":\"es\",\"@id\":\"https:\/\/nahuelproducciones.com.ar\/radioquijano\/#\/schema\/person\/image\/\",\"url\":\"https:\/\/secure.gravatar.com\/avatar\/a5d582deda251f95dc882b72fc6e7b4854f88bb25c3154519210afffa7d706e8?s=96&d=mm&r=g\",\"contentUrl\":\"https:\/\/secure.gravatar.com\/avatar\/a5d582deda251f95dc882b72fc6e7b4854f88bb25c3154519210afffa7d706e8?s=96&d=mm&r=g\",\"caption\":\"Ricardo Guzman\"},\"url\":\"https:\/\/nahuelproducciones.com.ar\/radioquijano\/author\/cady\/\"}]}<\/script>\n<!-- \/ Yoast SEO plugin. -->","yoast_head_json":{"title":"Confinamiento. Folloni y Mart\u00ednez son los responsables de que estemos en Zona Roja. - RQ 99.9","description":"\"La realidad de Rosario de Lerma y Campo Quijano se venia viendo desde principio de a\u00f1o. No hay que ser un especialista en an\u00e1lisis de curvas y casos para haberse dado cuenta que los guarismo ven\u00edan subiendo.Todos los medios reflejaron a diario la preocupaci\u00f3n por la suba de casos en el departamento. Y no hicieron nada.\"","robots":{"index":"index","follow":"follow","max-snippet":"max-snippet:-1","max-image-preview":"max-image-preview:large","max-video-preview":"max-video-preview:-1"},"canonical":"https:\/\/nahuelproducciones.com.ar\/radioquijano\/confinamiento-folloni-y-martinez-son-los-responsable-de-que-estemos-en-zona-roja\/","og_locale":"es_ES","og_type":"article","og_title":"Confinamiento. Folloni y Mart\u00ednez son los responsables de que estemos en Zona Roja. - RQ 99.9","og_description":"\"La realidad de Rosario de Lerma y Campo Quijano se venia viendo desde principio de a\u00f1o. No hay que ser un especialista en an\u00e1lisis de curvas y casos para haberse dado cuenta que los guarismo ven\u00edan subiendo.Todos los medios reflejaron a diario la preocupaci\u00f3n por la suba de casos en el departamento. Y no hicieron nada.\"","og_url":"https:\/\/nahuelproducciones.com.ar\/radioquijano\/confinamiento-folloni-y-martinez-son-los-responsable-de-que-estemos-en-zona-roja\/","og_site_name":"RQ 99.9","article_publisher":"https:\/\/www.facebook.com\/nahuelproducciones999\/","article_published_time":"2021-05-23T16:12:40+00:00","article_modified_time":"2021-05-23T16:39:30+00:00","og_image":[{"width":700,"height":350,"url":"https:\/\/nahuelproducciones.com.ar\/radioquijano\/wp-content\/uploads\/2021\/05\/quijano-rosario-sin-coem.jpg","type":"image\/jpeg"}],"author":"Ricardo Guzman","twitter_card":"summary_large_image","twitter_creator":"@nahuproduciones","twitter_site":"@nahuproduciones","twitter_misc":{"Escrito por":"Ricardo Guzman","Tiempo de lectura":"3 minutos"},"schema":{"@context":"https:\/\/schema.org","@graph":[{"@type":"WebPage","@id":"https:\/\/nahuelproducciones.com.ar\/radioquijano\/confinamiento-folloni-y-martinez-son-los-responsable-de-que-estemos-en-zona-roja\/","url":"https:\/\/nahuelproducciones.com.ar\/radioquijano\/confinamiento-folloni-y-martinez-son-los-responsable-de-que-estemos-en-zona-roja\/","name":"Confinamiento. Folloni y Mart\u00ednez son los responsables de que estemos en Zona Roja. - RQ 99.9","isPartOf":{"@id":"https:\/\/nahuelproducciones.com.ar\/radioquijano\/#website"},"datePublished":"2021-05-23T16:12:40+00:00","dateModified":"2021-05-23T16:39:30+00:00","author":{"@id":"https:\/\/nahuelproducciones.com.ar\/radioquijano\/#\/schema\/person\/b9b81a110cbdf07949e2cd02d478ab9d"},"description":"\"La realidad de Rosario de Lerma y Campo Quijano se venia viendo desde principio de a\u00f1o. No hay que ser un especialista en an\u00e1lisis de curvas y casos para haberse dado cuenta que los guarismo ven\u00edan subiendo.Todos los medios reflejaron a diario la preocupaci\u00f3n por la suba de casos en el departamento. Y no hicieron nada.\"","breadcrumb":{"@id":"https:\/\/nahuelproducciones.com.ar\/radioquijano\/confinamiento-folloni-y-martinez-son-los-responsable-de-que-estemos-en-zona-roja\/#breadcrumb"},"inLanguage":"es","potentialAction":[{"@type":"ReadAction","target":["https:\/\/nahuelproducciones.com.ar\/radioquijano\/confinamiento-folloni-y-martinez-son-los-responsable-de-que-estemos-en-zona-roja\/"]}]},{"@type":"BreadcrumbList","@id":"https:\/\/nahuelproducciones.com.ar\/radioquijano\/confinamiento-folloni-y-martinez-son-los-responsable-de-que-estemos-en-zona-roja\/#breadcrumb","itemListElement":[{"@type":"ListItem","position":1,"name":"Portada","item":"https:\/\/nahuelproducciones.com.ar\/radioquijano\/"},{"@type":"ListItem","position":2,"name":"Confinamiento. Folloni y Mart\u00ednez son los responsables de que estemos en Zona Roja."}]},{"@type":"WebSite","@id":"https:\/\/nahuelproducciones.com.ar\/radioquijano\/#website","url":"https:\/\/nahuelproducciones.com.ar\/radioquijano\/","name":"RQ 99.9","description":"Radio Quijano 99.9 MHz","potentialAction":[{"@type":"SearchAction","target":{"@type":"EntryPoint","urlTemplate":"https:\/\/nahuelproducciones.com.ar\/radioquijano\/?s={search_term_string}"},"query-input":"required name=search_term_string"}],"inLanguage":"es"},{"@type":"Person","@id":"https:\/\/nahuelproducciones.com.ar\/radioquijano\/#\/schema\/person\/b9b81a110cbdf07949e2cd02d478ab9d","name":"Ricardo Guzman","image":{"@type":"ImageObject","inLanguage":"es","@id":"https:\/\/nahuelproducciones.com.ar\/radioquijano\/#\/schema\/person\/image\/","url":"https:\/\/secure.gravatar.com\/avatar\/a5d582deda251f95dc882b72fc6e7b4854f88bb25c3154519210afffa7d706e8?s=96&d=mm&r=g","contentUrl":"https:\/\/secure.gravatar.com\/avatar\/a5d582deda251f95dc882b72fc6e7b4854f88bb25c3154519210afffa7d706e8?s=96&d=mm&r=g","caption":"Ricardo Guzman"},"url":"https:\/\/nahuelproducciones.com.ar\/radioquijano\/author\/cady\/"}]}},"_links":{"self":[{"href":"https:\/\/nahuelproducciones.com.ar\/radioquijano\/wp-json\/wp\/v2\/posts\/879","targetHints":{"allow":["GET"]}}],"collection":[{"href":"https:\/\/nahuelproducciones.com.ar\/radioquijano\/wp-json\/wp\/v2\/posts"}],"about":[{"href":"https:\/\/nahuelproducciones.com.ar\/radioquijano\/wp-json\/wp\/v2\/types\/post"}],"author":[{"embeddable":true,"href":"https:\/\/nahuelproducciones.com.ar\/radioquijano\/wp-json\/wp\/v2\/users\/6"}],"replies":[{"embeddable":true,"href":"https:\/\/nahuelproducciones.com.ar\/radioquijano\/wp-json\/wp\/v2\/comments?post=879"}],"version-history":[{"count":5,"href":"https:\/\/nahuelproducciones.com.ar\/radioquijano\/wp-json\/wp\/v2\/posts\/879\/revisions"}],"predecessor-version":[{"id":896,"href":"https:\/\/nahuelproducciones.com.ar\/radioquijano\/wp-json\/wp\/v2\/posts\/879\/revisions\/896"}],"wp:featuredmedia":[{"embeddable":true,"href":"https:\/\/nahuelproducciones.com.ar\/radioquijano\/wp-json\/wp\/v2\/media\/880"}],"wp:attachment":[{"href":"https:\/\/nahuelproducciones.com.ar\/radioquijano\/wp-json\/wp\/v2\/media?parent=879"}],"wp:term":[{"taxonomy":"category","embeddable":true,"href":"https:\/\/nahuelproducciones.com.ar\/radioquijano\/wp-json\/wp\/v2\/categories?post=879"},{"taxonomy":"post_tag","embeddable":true,"href":"https:\/\/nahuelproducciones.com.ar\/radioquijano\/wp-json\/wp\/v2\/tags?post=879"}],"curies":[{"name":"wp","href":"https:\/\/api.w.org\/{rel}","templated":true}]}}