{"id":8796,"date":"2024-08-27T21:05:18","date_gmt":"2024-08-28T00:05:18","guid":{"rendered":"https:\/\/nahuelproducciones.com.ar\/radioquijano\/?p=8796"},"modified":"2024-08-27T21:15:40","modified_gmt":"2024-08-28T00:15:40","slug":"27-de-agosto-dia-de-la-radiofonia-argentina","status":"publish","type":"post","link":"https:\/\/nahuelproducciones.com.ar\/radioquijano\/27-de-agosto-dia-de-la-radiofonia-argentina\/","title":{"rendered":"27 de agosto, D\u00eda de la Radiofon\u00eda Argentina"},"content":{"rendered":"\n<p>La radiofon\u00eda, desde sus inicios a principios del siglo XX, ha sido un medio poderoso que trasciende fronteras geogr\u00e1ficas y culturales. A lo largo de las d\u00e9cadas, ha evolucionado y se ha adaptado a los cambios tecnol\u00f3gicos, pero su esencia sigue siendo la misma: <strong>conectar a las personas a trav\u00e9s de la palabra y el sonido.<\/strong><\/p>\n\n\n\n<p>Una de las virtudes m\u00e1s notables de la radio es su <strong>capacidad para acompa\u00f1ar a las personas en su cotidianidad, creando un espacio \u00edntimo y cercano<\/strong>. A diferencia de otros medios, la radio no demanda la atenci\u00f3n completa del oyente; en su lugar, se entrelaza con las actividades diarias, ofreciendo una compa\u00f1\u00eda constante y un acceso f\u00e1cil a la informaci\u00f3n, la m\u00fasica y el entretenimiento.<\/p>\n\n\n\n<p>Adem\u00e1s, la radio ha sido una <strong>herramienta crucial en la democratizaci\u00f3n del acceso a la informaci\u00f3n.<\/strong> En contextos donde el acceso a otros medios es limitado, la radio se ha convertido en una voz accesible y confiable, capaz de llegar a comunidades rurales y urbanas por igual, a menudo en su propio idioma. Esta capacidad para penetrar en \u00e1reas remotas y su asequibilidad han hecho de la radio un medio vital en la educaci\u00f3n, la difusi\u00f3n de la cultura y la cohesi\u00f3n social.<\/p>\n\n\n\n<p>En la actualidad, con la proliferaci\u00f3n de plataformas digitales, la radio ha sabido reinventarse, integr\u00e1ndose en nuevos formatos como los podcasts y la radio en l\u00ednea. Sin embargo, su magia sigue residiendo en la inmediatez y la calidez de la voz humana, en la creaci\u00f3n de una conexi\u00f3n invisible pero poderosa entre el emisor y el receptor. En un mundo cada vez m\u00e1s visual y acelerado, la radiofon\u00eda nos recuerda el poder del sonido y la palabra para evocar emociones, narrar historias y, sobre todo, para hacernos senti r acompa\u00f1ados, sin importar d\u00f3nde estemos.<\/p>\n\n\n\n<p>La radio, en su esencia, es un arte que combina la t\u00e9cnica con la empat\u00eda, la informaci\u00f3n con la emoci\u00f3n, y es esa combinaci\u00f3n lo que asegura que, incluso en un mundo dominado por lo visual, la radiofon\u00eda mantenga su relevancia y siga siendo una parte esencial de nuestras vidas.<\/p>\n","protected":false},"excerpt":{"rendered":"<p>La radiofon\u00eda, desde sus inicios a principios del siglo XX, ha sido un medio poderoso que trasciende fronteras geogr\u00e1ficas y culturales. A lo largo de las d\u00e9cadas, ha evolucionado y se ha adaptado a los cambios tecnol\u00f3gicos, pero su esencia sigue siendo la misma: conectar a las personas a trav\u00e9s de la palabra y el [&hellip;]<\/p>\n","protected":false},"author":6,"featured_media":8798,"comment_status":"open","ping_status":"open","sticky":false,"template":"","format":"standard","meta":{"_monsterinsights_skip_tracking":false,"_monsterinsights_sitenote_active":false,"_monsterinsights_sitenote_note":"","_monsterinsights_sitenote_category":0,"footnotes":""},"categories":[6],"tags":[73,36,58,75,63,84,71,100,47,62],"class_list":["post-8796","post","type-post","status-publish","format-standard","has-post-thumbnail","hentry","category-editorial","tag-ariel-gallardo","tag-campo-quijano","tag-carlos-folloni","tag-concejo-deliberante-de-campo-quijano","tag-lino-yonar","tag-manuel-cornejo","tag-municipalidad-de-campo-quijano","tag-municipio-de-campo-quijano","tag-rosario-de-lerma","tag-topo-ramos"],"yoast_head":"<!-- This site is optimized with the Yoast SEO plugin v20.8 - https:\/\/yoast.com\/wordpress\/plugins\/seo\/ -->\n<title>27 de agosto, D\u00eda de la Radiofon\u00eda Argentina - RQ 99.9<\/title>\n<meta name=\"robots\" content=\"index, follow, max-snippet:-1, max-image-preview:large, max-video-preview:-1\" \/>\n<link rel=\"canonical\" href=\"https:\/\/nahuelproducciones.com.ar\/radioquijano\/27-de-agosto-dia-de-la-radiofonia-argentina\/\" \/>\n<meta property=\"og:locale\" content=\"es_ES\" \/>\n<meta property=\"og:type\" content=\"article\" \/>\n<meta property=\"og:title\" content=\"27 de agosto, D\u00eda de la Radiofon\u00eda Argentina - RQ 99.9\" \/>\n<meta property=\"og:description\" content=\"La radiofon\u00eda, desde sus inicios a principios del siglo XX, ha sido un medio poderoso que trasciende fronteras geogr\u00e1ficas y culturales. A lo largo de las d\u00e9cadas, ha evolucionado y se ha adaptado a los cambios tecnol\u00f3gicos, pero su esencia sigue siendo la misma: conectar a las personas a trav\u00e9s de la palabra y el [&hellip;]\" \/>\n<meta property=\"og:url\" content=\"https:\/\/nahuelproducciones.com.ar\/radioquijano\/27-de-agosto-dia-de-la-radiofonia-argentina\/\" \/>\n<meta property=\"og:site_name\" content=\"RQ 99.9\" \/>\n<meta property=\"article:publisher\" content=\"https:\/\/www.facebook.com\/nahuelproducciones999\/\" \/>\n<meta property=\"article:published_time\" content=\"2024-08-28T00:05:18+00:00\" \/>\n<meta property=\"article:modified_time\" content=\"2024-08-28T00:15:40+00:00\" \/>\n<meta property=\"og:image\" content=\"https:\/\/nahuelproducciones.com.ar\/radioquijano\/wp-content\/uploads\/2024\/08\/Semana-Santa-en-Campo-Quijano.png\" \/>\n\t<meta property=\"og:image:width\" content=\"1920\" \/>\n\t<meta property=\"og:image:height\" content=\"1080\" \/>\n\t<meta property=\"og:image:type\" content=\"image\/png\" \/>\n<meta name=\"author\" content=\"Ricardo Guzman\" \/>\n<meta name=\"twitter:card\" content=\"summary_large_image\" \/>\n<meta name=\"twitter:creator\" content=\"@nahuproduciones\" \/>\n<meta name=\"twitter:site\" content=\"@nahuproduciones\" \/>\n<meta name=\"twitter:label1\" content=\"Escrito por\" \/>\n\t<meta name=\"twitter:data1\" content=\"Ricardo Guzman\" \/>\n\t<meta name=\"twitter:label2\" content=\"Tiempo de lectura\" \/>\n\t<meta name=\"twitter:data2\" content=\"2 minutos\" \/>\n<script type=\"application\/ld+json\" class=\"yoast-schema-graph\">{\"@context\":\"https:\/\/schema.org\",\"@graph\":[{\"@type\":\"WebPage\",\"@id\":\"https:\/\/nahuelproducciones.com.ar\/radioquijano\/27-de-agosto-dia-de-la-radiofonia-argentina\/\",\"url\":\"https:\/\/nahuelproducciones.com.ar\/radioquijano\/27-de-agosto-dia-de-la-radiofonia-argentina\/\",\"name\":\"27 de agosto, D\u00eda de la Radiofon\u00eda Argentina - RQ 99.9\",\"isPartOf\":{\"@id\":\"https:\/\/nahuelproducciones.com.ar\/radioquijano\/#website\"},\"datePublished\":\"2024-08-28T00:05:18+00:00\",\"dateModified\":\"2024-08-28T00:15:40+00:00\",\"author\":{\"@id\":\"https:\/\/nahuelproducciones.com.ar\/radioquijano\/#\/schema\/person\/b9b81a110cbdf07949e2cd02d478ab9d\"},\"breadcrumb\":{\"@id\":\"https:\/\/nahuelproducciones.com.ar\/radioquijano\/27-de-agosto-dia-de-la-radiofonia-argentina\/#breadcrumb\"},\"inLanguage\":\"es\",\"potentialAction\":[{\"@type\":\"ReadAction\",\"target\":[\"https:\/\/nahuelproducciones.com.ar\/radioquijano\/27-de-agosto-dia-de-la-radiofonia-argentina\/\"]}]},{\"@type\":\"BreadcrumbList\",\"@id\":\"https:\/\/nahuelproducciones.com.ar\/radioquijano\/27-de-agosto-dia-de-la-radiofonia-argentina\/#breadcrumb\",\"itemListElement\":[{\"@type\":\"ListItem\",\"position\":1,\"name\":\"Portada\",\"item\":\"https:\/\/nahuelproducciones.com.ar\/radioquijano\/\"},{\"@type\":\"ListItem\",\"position\":2,\"name\":\"27 de agosto, D\u00eda de la Radiofon\u00eda Argentina\"}]},{\"@type\":\"WebSite\",\"@id\":\"https:\/\/nahuelproducciones.com.ar\/radioquijano\/#website\",\"url\":\"https:\/\/nahuelproducciones.com.ar\/radioquijano\/\",\"name\":\"RQ 99.9\",\"description\":\"Radio Quijano 99.9 MHz\",\"potentialAction\":[{\"@type\":\"SearchAction\",\"target\":{\"@type\":\"EntryPoint\",\"urlTemplate\":\"https:\/\/nahuelproducciones.com.ar\/radioquijano\/?s={search_term_string}\"},\"query-input\":\"required name=search_term_string\"}],\"inLanguage\":\"es\"},{\"@type\":\"Person\",\"@id\":\"https:\/\/nahuelproducciones.com.ar\/radioquijano\/#\/schema\/person\/b9b81a110cbdf07949e2cd02d478ab9d\",\"name\":\"Ricardo Guzman\",\"image\":{\"@type\":\"ImageObject\",\"inLanguage\":\"es\",\"@id\":\"https:\/\/nahuelproducciones.com.ar\/radioquijano\/#\/schema\/person\/image\/\",\"url\":\"https:\/\/secure.gravatar.com\/avatar\/a5d582deda251f95dc882b72fc6e7b4854f88bb25c3154519210afffa7d706e8?s=96&d=mm&r=g\",\"contentUrl\":\"https:\/\/secure.gravatar.com\/avatar\/a5d582deda251f95dc882b72fc6e7b4854f88bb25c3154519210afffa7d706e8?s=96&d=mm&r=g\",\"caption\":\"Ricardo Guzman\"},\"url\":\"https:\/\/nahuelproducciones.com.ar\/radioquijano\/author\/cady\/\"}]}<\/script>\n<!-- \/ Yoast SEO plugin. -->","yoast_head_json":{"title":"27 de agosto, D\u00eda de la Radiofon\u00eda Argentina - RQ 99.9","robots":{"index":"index","follow":"follow","max-snippet":"max-snippet:-1","max-image-preview":"max-image-preview:large","max-video-preview":"max-video-preview:-1"},"canonical":"https:\/\/nahuelproducciones.com.ar\/radioquijano\/27-de-agosto-dia-de-la-radiofonia-argentina\/","og_locale":"es_ES","og_type":"article","og_title":"27 de agosto, D\u00eda de la Radiofon\u00eda Argentina - RQ 99.9","og_description":"La radiofon\u00eda, desde sus inicios a principios del siglo XX, ha sido un medio poderoso que trasciende fronteras geogr\u00e1ficas y culturales. A lo largo de las d\u00e9cadas, ha evolucionado y se ha adaptado a los cambios tecnol\u00f3gicos, pero su esencia sigue siendo la misma: conectar a las personas a trav\u00e9s de la palabra y el [&hellip;]","og_url":"https:\/\/nahuelproducciones.com.ar\/radioquijano\/27-de-agosto-dia-de-la-radiofonia-argentina\/","og_site_name":"RQ 99.9","article_publisher":"https:\/\/www.facebook.com\/nahuelproducciones999\/","article_published_time":"2024-08-28T00:05:18+00:00","article_modified_time":"2024-08-28T00:15:40+00:00","og_image":[{"width":1920,"height":1080,"url":"https:\/\/nahuelproducciones.com.ar\/radioquijano\/wp-content\/uploads\/2024\/08\/Semana-Santa-en-Campo-Quijano.png","type":"image\/png"}],"author":"Ricardo Guzman","twitter_card":"summary_large_image","twitter_creator":"@nahuproduciones","twitter_site":"@nahuproduciones","twitter_misc":{"Escrito por":"Ricardo Guzman","Tiempo de lectura":"2 minutos"},"schema":{"@context":"https:\/\/schema.org","@graph":[{"@type":"WebPage","@id":"https:\/\/nahuelproducciones.com.ar\/radioquijano\/27-de-agosto-dia-de-la-radiofonia-argentina\/","url":"https:\/\/nahuelproducciones.com.ar\/radioquijano\/27-de-agosto-dia-de-la-radiofonia-argentina\/","name":"27 de agosto, D\u00eda de la Radiofon\u00eda Argentina - RQ 99.9","isPartOf":{"@id":"https:\/\/nahuelproducciones.com.ar\/radioquijano\/#website"},"datePublished":"2024-08-28T00:05:18+00:00","dateModified":"2024-08-28T00:15:40+00:00","author":{"@id":"https:\/\/nahuelproducciones.com.ar\/radioquijano\/#\/schema\/person\/b9b81a110cbdf07949e2cd02d478ab9d"},"breadcrumb":{"@id":"https:\/\/nahuelproducciones.com.ar\/radioquijano\/27-de-agosto-dia-de-la-radiofonia-argentina\/#breadcrumb"},"inLanguage":"es","potentialAction":[{"@type":"ReadAction","target":["https:\/\/nahuelproducciones.com.ar\/radioquijano\/27-de-agosto-dia-de-la-radiofonia-argentina\/"]}]},{"@type":"BreadcrumbList","@id":"https:\/\/nahuelproducciones.com.ar\/radioquijano\/27-de-agosto-dia-de-la-radiofonia-argentina\/#breadcrumb","itemListElement":[{"@type":"ListItem","position":1,"name":"Portada","item":"https:\/\/nahuelproducciones.com.ar\/radioquijano\/"},{"@type":"ListItem","position":2,"name":"27 de agosto, D\u00eda de la Radiofon\u00eda Argentina"}]},{"@type":"WebSite","@id":"https:\/\/nahuelproducciones.com.ar\/radioquijano\/#website","url":"https:\/\/nahuelproducciones.com.ar\/radioquijano\/","name":"RQ 99.9","description":"Radio Quijano 99.9 MHz","potentialAction":[{"@type":"SearchAction","target":{"@type":"EntryPoint","urlTemplate":"https:\/\/nahuelproducciones.com.ar\/radioquijano\/?s={search_term_string}"},"query-input":"required name=search_term_string"}],"inLanguage":"es"},{"@type":"Person","@id":"https:\/\/nahuelproducciones.com.ar\/radioquijano\/#\/schema\/person\/b9b81a110cbdf07949e2cd02d478ab9d","name":"Ricardo Guzman","image":{"@type":"ImageObject","inLanguage":"es","@id":"https:\/\/nahuelproducciones.com.ar\/radioquijano\/#\/schema\/person\/image\/","url":"https:\/\/secure.gravatar.com\/avatar\/a5d582deda251f95dc882b72fc6e7b4854f88bb25c3154519210afffa7d706e8?s=96&d=mm&r=g","contentUrl":"https:\/\/secure.gravatar.com\/avatar\/a5d582deda251f95dc882b72fc6e7b4854f88bb25c3154519210afffa7d706e8?s=96&d=mm&r=g","caption":"Ricardo Guzman"},"url":"https:\/\/nahuelproducciones.com.ar\/radioquijano\/author\/cady\/"}]}},"_links":{"self":[{"href":"https:\/\/nahuelproducciones.com.ar\/radioquijano\/wp-json\/wp\/v2\/posts\/8796","targetHints":{"allow":["GET"]}}],"collection":[{"href":"https:\/\/nahuelproducciones.com.ar\/radioquijano\/wp-json\/wp\/v2\/posts"}],"about":[{"href":"https:\/\/nahuelproducciones.com.ar\/radioquijano\/wp-json\/wp\/v2\/types\/post"}],"author":[{"embeddable":true,"href":"https:\/\/nahuelproducciones.com.ar\/radioquijano\/wp-json\/wp\/v2\/users\/6"}],"replies":[{"embeddable":true,"href":"https:\/\/nahuelproducciones.com.ar\/radioquijano\/wp-json\/wp\/v2\/comments?post=8796"}],"version-history":[{"count":1,"href":"https:\/\/nahuelproducciones.com.ar\/radioquijano\/wp-json\/wp\/v2\/posts\/8796\/revisions"}],"predecessor-version":[{"id":8797,"href":"https:\/\/nahuelproducciones.com.ar\/radioquijano\/wp-json\/wp\/v2\/posts\/8796\/revisions\/8797"}],"wp:featuredmedia":[{"embeddable":true,"href":"https:\/\/nahuelproducciones.com.ar\/radioquijano\/wp-json\/wp\/v2\/media\/8798"}],"wp:attachment":[{"href":"https:\/\/nahuelproducciones.com.ar\/radioquijano\/wp-json\/wp\/v2\/media?parent=8796"}],"wp:term":[{"taxonomy":"category","embeddable":true,"href":"https:\/\/nahuelproducciones.com.ar\/radioquijano\/wp-json\/wp\/v2\/categories?post=8796"},{"taxonomy":"post_tag","embeddable":true,"href":"https:\/\/nahuelproducciones.com.ar\/radioquijano\/wp-json\/wp\/v2\/tags?post=8796"}],"curies":[{"name":"wp","href":"https:\/\/api.w.org\/{rel}","templated":true}]}}