{"id":8846,"date":"2024-09-02T09:00:42","date_gmt":"2024-09-02T12:00:42","guid":{"rendered":"https:\/\/nahuelproducciones.com.ar\/radioquijano\/?p=8846"},"modified":"2024-09-02T09:00:43","modified_gmt":"2024-09-02T12:00:43","slug":"2-y-3-de-septiembre-atienden-en-el-camion-oncologico","status":"publish","type":"post","link":"https:\/\/nahuelproducciones.com.ar\/radioquijano\/2-y-3-de-septiembre-atienden-en-el-camion-oncologico\/","title":{"rendered":"2 y 3 de septiembre atienden en el cami\u00f3n oncol\u00f3gico."},"content":{"rendered":"\n<p>El cami\u00f3n oncol\u00f3gico del Ministerio de Salud P\u00fablica prestar\u00e1  servicios, durante dos d\u00edas, en el municipio de Campo Quijano.<\/p>\n\n\n\n<p>Dentro de la unidad se realizar\u00e1n mamograf\u00edas. Las interesadas en acceder a los estudios deben solicitar un turno e informaci\u00f3n en el Hospital Dr.Fco Herrera.<\/p>\n\n\n\n<p>Se entregar\u00e1n 30 turnos diarios -a mujeres mayores de 40 a\u00f1os y a aquellas que tengan antecedentes familiares de c\u00e1ncer de mama, en ambos casos que no cuenten con obra social.<\/p>\n\n\n\n<p><strong>Sobre la mamograf\u00eda<\/strong><\/p>\n\n\n\n<p>La mamograf\u00eda es un tipo espec\u00edfico de im\u00e1genes que utiliza un sistema de dosis baja de rayos X para examinar las mamas.<\/p>\n\n\n\n<p>Es utilizada como una herramienta de exploraci\u00f3n para detectar de manera temprana el c\u00e1ncer de mama en quienes no presentan s\u00edntomas (mamograf\u00eda de exploraci\u00f3n) y para detectar y diagnosticar enfermedades mamarias en personas que tienen s\u00edntomas: tumoraci\u00f3n, dolor o secreci\u00f3n del pez\u00f3n (mamograf\u00eda diagn\u00f3stica).<\/p>\n\n\n<div class=\"wp-block-image\">\n<figure class=\"aligncenter size-large is-resized\"><img loading=\"lazy\" decoding=\"async\" src=\"https:\/\/nahuelproducciones.com.ar\/radioquijano\/wp-content\/uploads\/2024\/09\/WhatsApp-Image-2024-08-29-at-7.28.12-PM-1-576x1024.jpeg\" alt=\"\" class=\"wp-image-8848\" width=\"399\" height=\"710\" srcset=\"https:\/\/nahuelproducciones.com.ar\/radioquijano\/wp-content\/uploads\/2024\/09\/WhatsApp-Image-2024-08-29-at-7.28.12-PM-1-576x1024.jpeg 576w, https:\/\/nahuelproducciones.com.ar\/radioquijano\/wp-content\/uploads\/2024\/09\/WhatsApp-Image-2024-08-29-at-7.28.12-PM-1-169x300.jpeg 169w, https:\/\/nahuelproducciones.com.ar\/radioquijano\/wp-content\/uploads\/2024\/09\/WhatsApp-Image-2024-08-29-at-7.28.12-PM-1-768x1365.jpeg 768w, https:\/\/nahuelproducciones.com.ar\/radioquijano\/wp-content\/uploads\/2024\/09\/WhatsApp-Image-2024-08-29-at-7.28.12-PM-1-864x1536.jpeg 864w, https:\/\/nahuelproducciones.com.ar\/radioquijano\/wp-content\/uploads\/2024\/09\/WhatsApp-Image-2024-08-29-at-7.28.12-PM-1-150x267.jpeg 150w, https:\/\/nahuelproducciones.com.ar\/radioquijano\/wp-content\/uploads\/2024\/09\/WhatsApp-Image-2024-08-29-at-7.28.12-PM-1.jpeg 900w\" sizes=\"auto, (max-width: 399px) 100vw, 399px\" \/><\/figure><\/div>","protected":false},"excerpt":{"rendered":"<p>El cami\u00f3n oncol\u00f3gico del Ministerio de Salud P\u00fablica prestar\u00e1 servicios, durante dos d\u00edas, en el municipio de Campo Quijano. Dentro de la unidad se realizar\u00e1n mamograf\u00edas. Las interesadas en acceder a los estudios deben solicitar un turno e informaci\u00f3n en el Hospital Dr.Fco Herrera. Se entregar\u00e1n 30 turnos diarios -a mujeres mayores de 40 a\u00f1os [&hellip;]<\/p>\n","protected":false},"author":8,"featured_media":8847,"comment_status":"open","ping_status":"open","sticky":false,"template":"","format":"standard","meta":{"_monsterinsights_skip_tracking":false,"_monsterinsights_sitenote_active":false,"_monsterinsights_sitenote_note":"","_monsterinsights_sitenote_category":0,"footnotes":""},"categories":[16],"tags":[],"class_list":["post-8846","post","type-post","status-publish","format-standard","has-post-thumbnail","hentry","category-noticias"],"yoast_head":"<!-- This site is optimized with the Yoast SEO plugin v20.8 - https:\/\/yoast.com\/wordpress\/plugins\/seo\/ -->\n<title>2 y 3 de septiembre atienden en el cami\u00f3n oncol\u00f3gico. - RQ 99.9<\/title>\n<meta name=\"description\" content=\"El cami\u00f3n oncol\u00f3gico estar\u00e1 hoy en la Estaci\u00f3n del Tren.\" \/>\n<meta name=\"robots\" content=\"index, follow, max-snippet:-1, max-image-preview:large, max-video-preview:-1\" \/>\n<link rel=\"canonical\" href=\"https:\/\/nahuelproducciones.com.ar\/radioquijano\/2-y-3-de-septiembre-atienden-en-el-camion-oncologico\/\" \/>\n<meta property=\"og:locale\" content=\"es_ES\" \/>\n<meta property=\"og:type\" content=\"article\" \/>\n<meta property=\"og:title\" content=\"2 y 3 de septiembre atienden en el cami\u00f3n oncol\u00f3gico. - RQ 99.9\" \/>\n<meta property=\"og:description\" content=\"El cami\u00f3n oncol\u00f3gico estar\u00e1 hoy en la Estaci\u00f3n del Tren.\" \/>\n<meta property=\"og:url\" content=\"https:\/\/nahuelproducciones.com.ar\/radioquijano\/2-y-3-de-septiembre-atienden-en-el-camion-oncologico\/\" \/>\n<meta property=\"og:site_name\" content=\"RQ 99.9\" \/>\n<meta property=\"article:publisher\" content=\"https:\/\/www.facebook.com\/nahuelproducciones999\/\" \/>\n<meta property=\"article:published_time\" content=\"2024-09-02T12:00:42+00:00\" \/>\n<meta property=\"article:modified_time\" content=\"2024-09-02T12:00:43+00:00\" \/>\n<meta property=\"og:image\" content=\"https:\/\/nahuelproducciones.com.ar\/radioquijano\/wp-content\/uploads\/2024\/09\/WhatsApp-Image-2024-08-29-at-7.28.12-PM-e1725277999884.jpeg\" \/>\n\t<meta property=\"og:image:width\" content=\"700\" \/>\n\t<meta property=\"og:image:height\" content=\"1244\" \/>\n\t<meta property=\"og:image:type\" content=\"image\/jpeg\" \/>\n<meta name=\"author\" content=\"Cecilia Pastrana\" \/>\n<meta name=\"twitter:card\" content=\"summary_large_image\" \/>\n<meta name=\"twitter:creator\" content=\"@nahuproduciones\" \/>\n<meta name=\"twitter:site\" content=\"@nahuproduciones\" \/>\n<meta name=\"twitter:label1\" content=\"Escrito por\" \/>\n\t<meta name=\"twitter:data1\" content=\"Cecilia Pastrana\" \/>\n\t<meta name=\"twitter:label2\" content=\"Tiempo de lectura\" \/>\n\t<meta name=\"twitter:data2\" content=\"1 minuto\" \/>\n<script type=\"application\/ld+json\" class=\"yoast-schema-graph\">{\"@context\":\"https:\/\/schema.org\",\"@graph\":[{\"@type\":\"WebPage\",\"@id\":\"https:\/\/nahuelproducciones.com.ar\/radioquijano\/2-y-3-de-septiembre-atienden-en-el-camion-oncologico\/\",\"url\":\"https:\/\/nahuelproducciones.com.ar\/radioquijano\/2-y-3-de-septiembre-atienden-en-el-camion-oncologico\/\",\"name\":\"2 y 3 de septiembre atienden en el cami\u00f3n oncol\u00f3gico. - RQ 99.9\",\"isPartOf\":{\"@id\":\"https:\/\/nahuelproducciones.com.ar\/radioquijano\/#website\"},\"datePublished\":\"2024-09-02T12:00:42+00:00\",\"dateModified\":\"2024-09-02T12:00:43+00:00\",\"author\":{\"@id\":\"https:\/\/nahuelproducciones.com.ar\/radioquijano\/#\/schema\/person\/e8a4f939e2cb487fe6d0c54042c9d32c\"},\"description\":\"El cami\u00f3n oncol\u00f3gico estar\u00e1 hoy en la Estaci\u00f3n del Tren.\",\"breadcrumb\":{\"@id\":\"https:\/\/nahuelproducciones.com.ar\/radioquijano\/2-y-3-de-septiembre-atienden-en-el-camion-oncologico\/#breadcrumb\"},\"inLanguage\":\"es\",\"potentialAction\":[{\"@type\":\"ReadAction\",\"target\":[\"https:\/\/nahuelproducciones.com.ar\/radioquijano\/2-y-3-de-septiembre-atienden-en-el-camion-oncologico\/\"]}]},{\"@type\":\"BreadcrumbList\",\"@id\":\"https:\/\/nahuelproducciones.com.ar\/radioquijano\/2-y-3-de-septiembre-atienden-en-el-camion-oncologico\/#breadcrumb\",\"itemListElement\":[{\"@type\":\"ListItem\",\"position\":1,\"name\":\"Portada\",\"item\":\"https:\/\/nahuelproducciones.com.ar\/radioquijano\/\"},{\"@type\":\"ListItem\",\"position\":2,\"name\":\"2 y 3 de septiembre atienden en el cami\u00f3n oncol\u00f3gico.\"}]},{\"@type\":\"WebSite\",\"@id\":\"https:\/\/nahuelproducciones.com.ar\/radioquijano\/#website\",\"url\":\"https:\/\/nahuelproducciones.com.ar\/radioquijano\/\",\"name\":\"RQ 99.9\",\"description\":\"Radio Quijano 99.9 MHz\",\"potentialAction\":[{\"@type\":\"SearchAction\",\"target\":{\"@type\":\"EntryPoint\",\"urlTemplate\":\"https:\/\/nahuelproducciones.com.ar\/radioquijano\/?s={search_term_string}\"},\"query-input\":\"required name=search_term_string\"}],\"inLanguage\":\"es\"},{\"@type\":\"Person\",\"@id\":\"https:\/\/nahuelproducciones.com.ar\/radioquijano\/#\/schema\/person\/e8a4f939e2cb487fe6d0c54042c9d32c\",\"name\":\"Cecilia Pastrana\",\"image\":{\"@type\":\"ImageObject\",\"inLanguage\":\"es\",\"@id\":\"https:\/\/nahuelproducciones.com.ar\/radioquijano\/#\/schema\/person\/image\/\",\"url\":\"https:\/\/secure.gravatar.com\/avatar\/661a3ef63a8488d4f2794ed44af8cf71420f7e106f3072c40125114df5157749?s=96&d=mm&r=g\",\"contentUrl\":\"https:\/\/secure.gravatar.com\/avatar\/661a3ef63a8488d4f2794ed44af8cf71420f7e106f3072c40125114df5157749?s=96&d=mm&r=g\",\"caption\":\"Cecilia Pastrana\"},\"sameAs\":[\"cecy\"],\"url\":\"https:\/\/nahuelproducciones.com.ar\/radioquijano\/author\/cecy\/\"}]}<\/script>\n<!-- \/ Yoast SEO plugin. -->","yoast_head_json":{"title":"2 y 3 de septiembre atienden en el cami\u00f3n oncol\u00f3gico. - RQ 99.9","description":"El cami\u00f3n oncol\u00f3gico estar\u00e1 hoy en la Estaci\u00f3n del Tren.","robots":{"index":"index","follow":"follow","max-snippet":"max-snippet:-1","max-image-preview":"max-image-preview:large","max-video-preview":"max-video-preview:-1"},"canonical":"https:\/\/nahuelproducciones.com.ar\/radioquijano\/2-y-3-de-septiembre-atienden-en-el-camion-oncologico\/","og_locale":"es_ES","og_type":"article","og_title":"2 y 3 de septiembre atienden en el cami\u00f3n oncol\u00f3gico. - RQ 99.9","og_description":"El cami\u00f3n oncol\u00f3gico estar\u00e1 hoy en la Estaci\u00f3n del Tren.","og_url":"https:\/\/nahuelproducciones.com.ar\/radioquijano\/2-y-3-de-septiembre-atienden-en-el-camion-oncologico\/","og_site_name":"RQ 99.9","article_publisher":"https:\/\/www.facebook.com\/nahuelproducciones999\/","article_published_time":"2024-09-02T12:00:42+00:00","article_modified_time":"2024-09-02T12:00:43+00:00","og_image":[{"width":700,"height":1244,"url":"https:\/\/nahuelproducciones.com.ar\/radioquijano\/wp-content\/uploads\/2024\/09\/WhatsApp-Image-2024-08-29-at-7.28.12-PM-e1725277999884.jpeg","type":"image\/jpeg"}],"author":"Cecilia Pastrana","twitter_card":"summary_large_image","twitter_creator":"@nahuproduciones","twitter_site":"@nahuproduciones","twitter_misc":{"Escrito por":"Cecilia Pastrana","Tiempo de lectura":"1 minuto"},"schema":{"@context":"https:\/\/schema.org","@graph":[{"@type":"WebPage","@id":"https:\/\/nahuelproducciones.com.ar\/radioquijano\/2-y-3-de-septiembre-atienden-en-el-camion-oncologico\/","url":"https:\/\/nahuelproducciones.com.ar\/radioquijano\/2-y-3-de-septiembre-atienden-en-el-camion-oncologico\/","name":"2 y 3 de septiembre atienden en el cami\u00f3n oncol\u00f3gico. - RQ 99.9","isPartOf":{"@id":"https:\/\/nahuelproducciones.com.ar\/radioquijano\/#website"},"datePublished":"2024-09-02T12:00:42+00:00","dateModified":"2024-09-02T12:00:43+00:00","author":{"@id":"https:\/\/nahuelproducciones.com.ar\/radioquijano\/#\/schema\/person\/e8a4f939e2cb487fe6d0c54042c9d32c"},"description":"El cami\u00f3n oncol\u00f3gico estar\u00e1 hoy en la Estaci\u00f3n del Tren.","breadcrumb":{"@id":"https:\/\/nahuelproducciones.com.ar\/radioquijano\/2-y-3-de-septiembre-atienden-en-el-camion-oncologico\/#breadcrumb"},"inLanguage":"es","potentialAction":[{"@type":"ReadAction","target":["https:\/\/nahuelproducciones.com.ar\/radioquijano\/2-y-3-de-septiembre-atienden-en-el-camion-oncologico\/"]}]},{"@type":"BreadcrumbList","@id":"https:\/\/nahuelproducciones.com.ar\/radioquijano\/2-y-3-de-septiembre-atienden-en-el-camion-oncologico\/#breadcrumb","itemListElement":[{"@type":"ListItem","position":1,"name":"Portada","item":"https:\/\/nahuelproducciones.com.ar\/radioquijano\/"},{"@type":"ListItem","position":2,"name":"2 y 3 de septiembre atienden en el cami\u00f3n oncol\u00f3gico."}]},{"@type":"WebSite","@id":"https:\/\/nahuelproducciones.com.ar\/radioquijano\/#website","url":"https:\/\/nahuelproducciones.com.ar\/radioquijano\/","name":"RQ 99.9","description":"Radio Quijano 99.9 MHz","potentialAction":[{"@type":"SearchAction","target":{"@type":"EntryPoint","urlTemplate":"https:\/\/nahuelproducciones.com.ar\/radioquijano\/?s={search_term_string}"},"query-input":"required name=search_term_string"}],"inLanguage":"es"},{"@type":"Person","@id":"https:\/\/nahuelproducciones.com.ar\/radioquijano\/#\/schema\/person\/e8a4f939e2cb487fe6d0c54042c9d32c","name":"Cecilia Pastrana","image":{"@type":"ImageObject","inLanguage":"es","@id":"https:\/\/nahuelproducciones.com.ar\/radioquijano\/#\/schema\/person\/image\/","url":"https:\/\/secure.gravatar.com\/avatar\/661a3ef63a8488d4f2794ed44af8cf71420f7e106f3072c40125114df5157749?s=96&d=mm&r=g","contentUrl":"https:\/\/secure.gravatar.com\/avatar\/661a3ef63a8488d4f2794ed44af8cf71420f7e106f3072c40125114df5157749?s=96&d=mm&r=g","caption":"Cecilia Pastrana"},"sameAs":["cecy"],"url":"https:\/\/nahuelproducciones.com.ar\/radioquijano\/author\/cecy\/"}]}},"_links":{"self":[{"href":"https:\/\/nahuelproducciones.com.ar\/radioquijano\/wp-json\/wp\/v2\/posts\/8846","targetHints":{"allow":["GET"]}}],"collection":[{"href":"https:\/\/nahuelproducciones.com.ar\/radioquijano\/wp-json\/wp\/v2\/posts"}],"about":[{"href":"https:\/\/nahuelproducciones.com.ar\/radioquijano\/wp-json\/wp\/v2\/types\/post"}],"author":[{"embeddable":true,"href":"https:\/\/nahuelproducciones.com.ar\/radioquijano\/wp-json\/wp\/v2\/users\/8"}],"replies":[{"embeddable":true,"href":"https:\/\/nahuelproducciones.com.ar\/radioquijano\/wp-json\/wp\/v2\/comments?post=8846"}],"version-history":[{"count":1,"href":"https:\/\/nahuelproducciones.com.ar\/radioquijano\/wp-json\/wp\/v2\/posts\/8846\/revisions"}],"predecessor-version":[{"id":8849,"href":"https:\/\/nahuelproducciones.com.ar\/radioquijano\/wp-json\/wp\/v2\/posts\/8846\/revisions\/8849"}],"wp:featuredmedia":[{"embeddable":true,"href":"https:\/\/nahuelproducciones.com.ar\/radioquijano\/wp-json\/wp\/v2\/media\/8847"}],"wp:attachment":[{"href":"https:\/\/nahuelproducciones.com.ar\/radioquijano\/wp-json\/wp\/v2\/media?parent=8846"}],"wp:term":[{"taxonomy":"category","embeddable":true,"href":"https:\/\/nahuelproducciones.com.ar\/radioquijano\/wp-json\/wp\/v2\/categories?post=8846"},{"taxonomy":"post_tag","embeddable":true,"href":"https:\/\/nahuelproducciones.com.ar\/radioquijano\/wp-json\/wp\/v2\/tags?post=8846"}],"curies":[{"name":"wp","href":"https:\/\/api.w.org\/{rel}","templated":true}]}}