{"id":8852,"date":"2024-09-02T21:20:12","date_gmt":"2024-09-03T00:20:12","guid":{"rendered":"https:\/\/nahuelproducciones.com.ar\/radioquijano\/?p=8852"},"modified":"2024-09-02T21:23:28","modified_gmt":"2024-09-03T00:23:28","slug":"12-peregrinacion-quebrada-del-toro","status":"publish","type":"post","link":"https:\/\/nahuelproducciones.com.ar\/radioquijano\/12-peregrinacion-quebrada-del-toro\/","title":{"rendered":"12\u00b0 Peregrinacion Quebrada del Toro"},"content":{"rendered":"\n<p>A dias de comenzar la peregrinaci\u00f3n, caminamos un a\u00f1o mas hacia los pies de nuestros patronos el Se\u00f1or y Virgen del Milagro.<\/p>\n\n\n\n<div class=\"wp-block-columns is-layout-flex wp-container-core-columns-is-layout-9d6595d7 wp-block-columns-is-layout-flex\">\n<div class=\"wp-block-column is-layout-flow wp-block-column-is-layout-flow\" style=\"flex-basis:25%\"><\/div>\n\n\n\n<div class=\"wp-block-column is-layout-flow wp-block-column-is-layout-flow\" style=\"flex-basis:50%\">\n<figure class=\"wp-block-image size-large is-resized\"><img loading=\"lazy\" decoding=\"async\" src=\"https:\/\/nahuelproducciones.com.ar\/radioquijano\/wp-content\/uploads\/2024\/09\/455031015_7469439796495720_6711710290520876445_n-1-1024x1024.jpg\" alt=\"\" class=\"wp-image-8854\" width=\"383\" height=\"383\" srcset=\"https:\/\/nahuelproducciones.com.ar\/radioquijano\/wp-content\/uploads\/2024\/09\/455031015_7469439796495720_6711710290520876445_n-1-1024x1024.jpg 1024w, https:\/\/nahuelproducciones.com.ar\/radioquijano\/wp-content\/uploads\/2024\/09\/455031015_7469439796495720_6711710290520876445_n-1-300x300.jpg 300w, https:\/\/nahuelproducciones.com.ar\/radioquijano\/wp-content\/uploads\/2024\/09\/455031015_7469439796495720_6711710290520876445_n-1-768x768.jpg 768w, https:\/\/nahuelproducciones.com.ar\/radioquijano\/wp-content\/uploads\/2024\/09\/455031015_7469439796495720_6711710290520876445_n-1-96x96.jpg 96w, https:\/\/nahuelproducciones.com.ar\/radioquijano\/wp-content\/uploads\/2024\/09\/455031015_7469439796495720_6711710290520876445_n-1-150x150.jpg 150w, https:\/\/nahuelproducciones.com.ar\/radioquijano\/wp-content\/uploads\/2024\/09\/455031015_7469439796495720_6711710290520876445_n-1.jpg 1080w\" sizes=\"auto, (max-width: 383px) 100vw, 383px\" \/><\/figure>\n<\/div>\n\n\n\n<div class=\"wp-block-column is-layout-flow wp-block-column-is-layout-flow\" style=\"flex-basis:25%\"><\/div>\n<\/div>\n\n\n\n<p>A quienes quieran ser parte de este caminar. Partimos el dia 9 de septiembre, a los que estan interesados en acompa\u00f1ar la 12\u00b0 <a href=\"https:\/\/www.facebook.com\/profile.php?id=100009845296609&amp;__cft__[0]=AZUfRS1lIGgG4XwERWxa3Htc6CrYijGVFN5ztAEC398_vsXZ-yXaWf6WQDwkkD4PdkkD8SKkfVIbsrQF-tHDvUKJy1MGkO1V8bKOV8xgL6E8PbrlzHmFPY5XrPidIl-Ujzs0ZC9o_E_tdZqYs2vvUOnmpCkd07HTIrKAIweSrzylG00x5mzvRrkdIRs9UpfKT2iCiJJAMOvu2fqJd-u-J_Dl&amp;__tn__=-]K-R\">Peregrinacion Quebrada del Toro<\/a> por favor comunicarse a los tel\u00e9fonos que estan al final de el cronograma para obtener mas informaci\u00f3n, esperamos sus solicitudes.<\/p>\n\n\n\n<figure class=\"wp-block-image size-large\"><img loading=\"lazy\" decoding=\"async\" width=\"724\" height=\"1024\" src=\"https:\/\/nahuelproducciones.com.ar\/radioquijano\/wp-content\/uploads\/2024\/09\/455011442_7469440376495662_3966811355875489362_n-724x1024.jpg\" alt=\"\" class=\"wp-image-8855\" srcset=\"https:\/\/nahuelproducciones.com.ar\/radioquijano\/wp-content\/uploads\/2024\/09\/455011442_7469440376495662_3966811355875489362_n-724x1024.jpg 724w, https:\/\/nahuelproducciones.com.ar\/radioquijano\/wp-content\/uploads\/2024\/09\/455011442_7469440376495662_3966811355875489362_n-212x300.jpg 212w, https:\/\/nahuelproducciones.com.ar\/radioquijano\/wp-content\/uploads\/2024\/09\/455011442_7469440376495662_3966811355875489362_n-768x1086.jpg 768w, https:\/\/nahuelproducciones.com.ar\/radioquijano\/wp-content\/uploads\/2024\/09\/455011442_7469440376495662_3966811355875489362_n-1087x1536.jpg 1087w, https:\/\/nahuelproducciones.com.ar\/radioquijano\/wp-content\/uploads\/2024\/09\/455011442_7469440376495662_3966811355875489362_n-150x212.jpg 150w, https:\/\/nahuelproducciones.com.ar\/radioquijano\/wp-content\/uploads\/2024\/09\/455011442_7469440376495662_3966811355875489362_n.jpg 1132w\" sizes=\"auto, (max-width: 724px) 100vw, 724px\" \/><\/figure>\n\n\n\n<p><\/p>\n","protected":false},"excerpt":{"rendered":"<p>A dias de comenzar la peregrinaci\u00f3n, caminamos un a\u00f1o mas hacia los pies de nuestros patronos el Se\u00f1or y Virgen del Milagro. A quienes quieran ser parte de este caminar. Partimos el dia 9 de septiembre, a los que estan interesados en acompa\u00f1ar la 12\u00b0 Peregrinacion Quebrada del Toro por favor comunicarse a los tel\u00e9fonos [&hellip;]<\/p>\n","protected":false},"author":6,"featured_media":8857,"comment_status":"open","ping_status":"open","sticky":false,"template":"","format":"standard","meta":{"_monsterinsights_skip_tracking":false,"_monsterinsights_sitenote_active":false,"_monsterinsights_sitenote_note":"","_monsterinsights_sitenote_category":0,"footnotes":""},"categories":[16],"tags":[1629,73,36,58,75,63,84,71,100,47,62],"class_list":["post-8852","post","type-post","status-publish","format-standard","has-post-thumbnail","hentry","category-noticias","tag-12-peregrinacion-quebrada-del-toro","tag-ariel-gallardo","tag-campo-quijano","tag-carlos-folloni","tag-concejo-deliberante-de-campo-quijano","tag-lino-yonar","tag-manuel-cornejo","tag-municipalidad-de-campo-quijano","tag-municipio-de-campo-quijano","tag-rosario-de-lerma","tag-topo-ramos"],"yoast_head":"<!-- This site is optimized with the Yoast SEO plugin v20.8 - https:\/\/yoast.com\/wordpress\/plugins\/seo\/ -->\n<title>12\u00b0 Peregrinacion Quebrada del Toro - RQ 99.9<\/title>\n<meta name=\"robots\" content=\"index, follow, max-snippet:-1, max-image-preview:large, max-video-preview:-1\" \/>\n<link rel=\"canonical\" href=\"https:\/\/nahuelproducciones.com.ar\/radioquijano\/12-peregrinacion-quebrada-del-toro\/\" \/>\n<meta property=\"og:locale\" content=\"es_ES\" \/>\n<meta property=\"og:type\" content=\"article\" \/>\n<meta property=\"og:title\" content=\"12\u00b0 Peregrinacion Quebrada del Toro - RQ 99.9\" \/>\n<meta property=\"og:description\" content=\"A dias de comenzar la peregrinaci\u00f3n, caminamos un a\u00f1o mas hacia los pies de nuestros patronos el Se\u00f1or y Virgen del Milagro. A quienes quieran ser parte de este caminar. Partimos el dia 9 de septiembre, a los que estan interesados en acompa\u00f1ar la 12\u00b0 Peregrinacion Quebrada del Toro por favor comunicarse a los tel\u00e9fonos [&hellip;]\" \/>\n<meta property=\"og:url\" content=\"https:\/\/nahuelproducciones.com.ar\/radioquijano\/12-peregrinacion-quebrada-del-toro\/\" \/>\n<meta property=\"og:site_name\" content=\"RQ 99.9\" \/>\n<meta property=\"article:publisher\" content=\"https:\/\/www.facebook.com\/nahuelproducciones999\/\" \/>\n<meta property=\"article:published_time\" content=\"2024-09-03T00:20:12+00:00\" \/>\n<meta property=\"article:modified_time\" content=\"2024-09-03T00:23:28+00:00\" \/>\n<meta property=\"og:image\" content=\"https:\/\/nahuelproducciones.com.ar\/radioquijano\/wp-content\/uploads\/2024\/09\/458167269_2325372414467579_9043492775835595806_n.jpg\" \/>\n\t<meta property=\"og:image:width\" content=\"955\" \/>\n\t<meta property=\"og:image:height\" content=\"506\" \/>\n\t<meta property=\"og:image:type\" content=\"image\/jpeg\" \/>\n<meta name=\"author\" content=\"Ricardo Guzman\" \/>\n<meta name=\"twitter:card\" content=\"summary_large_image\" \/>\n<meta name=\"twitter:creator\" content=\"@nahuproduciones\" \/>\n<meta name=\"twitter:site\" content=\"@nahuproduciones\" \/>\n<meta name=\"twitter:label1\" content=\"Escrito por\" \/>\n\t<meta name=\"twitter:data1\" content=\"Ricardo Guzman\" \/>\n\t<meta name=\"twitter:label2\" content=\"Tiempo de lectura\" \/>\n\t<meta name=\"twitter:data2\" content=\"1 minuto\" \/>\n<script type=\"application\/ld+json\" class=\"yoast-schema-graph\">{\"@context\":\"https:\/\/schema.org\",\"@graph\":[{\"@type\":\"WebPage\",\"@id\":\"https:\/\/nahuelproducciones.com.ar\/radioquijano\/12-peregrinacion-quebrada-del-toro\/\",\"url\":\"https:\/\/nahuelproducciones.com.ar\/radioquijano\/12-peregrinacion-quebrada-del-toro\/\",\"name\":\"12\u00b0 Peregrinacion Quebrada del Toro - RQ 99.9\",\"isPartOf\":{\"@id\":\"https:\/\/nahuelproducciones.com.ar\/radioquijano\/#website\"},\"datePublished\":\"2024-09-03T00:20:12+00:00\",\"dateModified\":\"2024-09-03T00:23:28+00:00\",\"author\":{\"@id\":\"https:\/\/nahuelproducciones.com.ar\/radioquijano\/#\/schema\/person\/b9b81a110cbdf07949e2cd02d478ab9d\"},\"breadcrumb\":{\"@id\":\"https:\/\/nahuelproducciones.com.ar\/radioquijano\/12-peregrinacion-quebrada-del-toro\/#breadcrumb\"},\"inLanguage\":\"es\",\"potentialAction\":[{\"@type\":\"ReadAction\",\"target\":[\"https:\/\/nahuelproducciones.com.ar\/radioquijano\/12-peregrinacion-quebrada-del-toro\/\"]}]},{\"@type\":\"BreadcrumbList\",\"@id\":\"https:\/\/nahuelproducciones.com.ar\/radioquijano\/12-peregrinacion-quebrada-del-toro\/#breadcrumb\",\"itemListElement\":[{\"@type\":\"ListItem\",\"position\":1,\"name\":\"Portada\",\"item\":\"https:\/\/nahuelproducciones.com.ar\/radioquijano\/\"},{\"@type\":\"ListItem\",\"position\":2,\"name\":\"12\u00b0 Peregrinacion Quebrada del Toro\"}]},{\"@type\":\"WebSite\",\"@id\":\"https:\/\/nahuelproducciones.com.ar\/radioquijano\/#website\",\"url\":\"https:\/\/nahuelproducciones.com.ar\/radioquijano\/\",\"name\":\"RQ 99.9\",\"description\":\"Radio Quijano 99.9 MHz\",\"potentialAction\":[{\"@type\":\"SearchAction\",\"target\":{\"@type\":\"EntryPoint\",\"urlTemplate\":\"https:\/\/nahuelproducciones.com.ar\/radioquijano\/?s={search_term_string}\"},\"query-input\":\"required name=search_term_string\"}],\"inLanguage\":\"es\"},{\"@type\":\"Person\",\"@id\":\"https:\/\/nahuelproducciones.com.ar\/radioquijano\/#\/schema\/person\/b9b81a110cbdf07949e2cd02d478ab9d\",\"name\":\"Ricardo Guzman\",\"image\":{\"@type\":\"ImageObject\",\"inLanguage\":\"es\",\"@id\":\"https:\/\/nahuelproducciones.com.ar\/radioquijano\/#\/schema\/person\/image\/\",\"url\":\"https:\/\/secure.gravatar.com\/avatar\/a5d582deda251f95dc882b72fc6e7b4854f88bb25c3154519210afffa7d706e8?s=96&d=mm&r=g\",\"contentUrl\":\"https:\/\/secure.gravatar.com\/avatar\/a5d582deda251f95dc882b72fc6e7b4854f88bb25c3154519210afffa7d706e8?s=96&d=mm&r=g\",\"caption\":\"Ricardo Guzman\"},\"url\":\"https:\/\/nahuelproducciones.com.ar\/radioquijano\/author\/cady\/\"}]}<\/script>\n<!-- \/ Yoast SEO plugin. -->","yoast_head_json":{"title":"12\u00b0 Peregrinacion Quebrada del Toro - RQ 99.9","robots":{"index":"index","follow":"follow","max-snippet":"max-snippet:-1","max-image-preview":"max-image-preview:large","max-video-preview":"max-video-preview:-1"},"canonical":"https:\/\/nahuelproducciones.com.ar\/radioquijano\/12-peregrinacion-quebrada-del-toro\/","og_locale":"es_ES","og_type":"article","og_title":"12\u00b0 Peregrinacion Quebrada del Toro - RQ 99.9","og_description":"A dias de comenzar la peregrinaci\u00f3n, caminamos un a\u00f1o mas hacia los pies de nuestros patronos el Se\u00f1or y Virgen del Milagro. A quienes quieran ser parte de este caminar. Partimos el dia 9 de septiembre, a los que estan interesados en acompa\u00f1ar la 12\u00b0 Peregrinacion Quebrada del Toro por favor comunicarse a los tel\u00e9fonos [&hellip;]","og_url":"https:\/\/nahuelproducciones.com.ar\/radioquijano\/12-peregrinacion-quebrada-del-toro\/","og_site_name":"RQ 99.9","article_publisher":"https:\/\/www.facebook.com\/nahuelproducciones999\/","article_published_time":"2024-09-03T00:20:12+00:00","article_modified_time":"2024-09-03T00:23:28+00:00","og_image":[{"width":955,"height":506,"url":"https:\/\/nahuelproducciones.com.ar\/radioquijano\/wp-content\/uploads\/2024\/09\/458167269_2325372414467579_9043492775835595806_n.jpg","type":"image\/jpeg"}],"author":"Ricardo Guzman","twitter_card":"summary_large_image","twitter_creator":"@nahuproduciones","twitter_site":"@nahuproduciones","twitter_misc":{"Escrito por":"Ricardo Guzman","Tiempo de lectura":"1 minuto"},"schema":{"@context":"https:\/\/schema.org","@graph":[{"@type":"WebPage","@id":"https:\/\/nahuelproducciones.com.ar\/radioquijano\/12-peregrinacion-quebrada-del-toro\/","url":"https:\/\/nahuelproducciones.com.ar\/radioquijano\/12-peregrinacion-quebrada-del-toro\/","name":"12\u00b0 Peregrinacion Quebrada del Toro - RQ 99.9","isPartOf":{"@id":"https:\/\/nahuelproducciones.com.ar\/radioquijano\/#website"},"datePublished":"2024-09-03T00:20:12+00:00","dateModified":"2024-09-03T00:23:28+00:00","author":{"@id":"https:\/\/nahuelproducciones.com.ar\/radioquijano\/#\/schema\/person\/b9b81a110cbdf07949e2cd02d478ab9d"},"breadcrumb":{"@id":"https:\/\/nahuelproducciones.com.ar\/radioquijano\/12-peregrinacion-quebrada-del-toro\/#breadcrumb"},"inLanguage":"es","potentialAction":[{"@type":"ReadAction","target":["https:\/\/nahuelproducciones.com.ar\/radioquijano\/12-peregrinacion-quebrada-del-toro\/"]}]},{"@type":"BreadcrumbList","@id":"https:\/\/nahuelproducciones.com.ar\/radioquijano\/12-peregrinacion-quebrada-del-toro\/#breadcrumb","itemListElement":[{"@type":"ListItem","position":1,"name":"Portada","item":"https:\/\/nahuelproducciones.com.ar\/radioquijano\/"},{"@type":"ListItem","position":2,"name":"12\u00b0 Peregrinacion Quebrada del Toro"}]},{"@type":"WebSite","@id":"https:\/\/nahuelproducciones.com.ar\/radioquijano\/#website","url":"https:\/\/nahuelproducciones.com.ar\/radioquijano\/","name":"RQ 99.9","description":"Radio Quijano 99.9 MHz","potentialAction":[{"@type":"SearchAction","target":{"@type":"EntryPoint","urlTemplate":"https:\/\/nahuelproducciones.com.ar\/radioquijano\/?s={search_term_string}"},"query-input":"required name=search_term_string"}],"inLanguage":"es"},{"@type":"Person","@id":"https:\/\/nahuelproducciones.com.ar\/radioquijano\/#\/schema\/person\/b9b81a110cbdf07949e2cd02d478ab9d","name":"Ricardo Guzman","image":{"@type":"ImageObject","inLanguage":"es","@id":"https:\/\/nahuelproducciones.com.ar\/radioquijano\/#\/schema\/person\/image\/","url":"https:\/\/secure.gravatar.com\/avatar\/a5d582deda251f95dc882b72fc6e7b4854f88bb25c3154519210afffa7d706e8?s=96&d=mm&r=g","contentUrl":"https:\/\/secure.gravatar.com\/avatar\/a5d582deda251f95dc882b72fc6e7b4854f88bb25c3154519210afffa7d706e8?s=96&d=mm&r=g","caption":"Ricardo Guzman"},"url":"https:\/\/nahuelproducciones.com.ar\/radioquijano\/author\/cady\/"}]}},"_links":{"self":[{"href":"https:\/\/nahuelproducciones.com.ar\/radioquijano\/wp-json\/wp\/v2\/posts\/8852","targetHints":{"allow":["GET"]}}],"collection":[{"href":"https:\/\/nahuelproducciones.com.ar\/radioquijano\/wp-json\/wp\/v2\/posts"}],"about":[{"href":"https:\/\/nahuelproducciones.com.ar\/radioquijano\/wp-json\/wp\/v2\/types\/post"}],"author":[{"embeddable":true,"href":"https:\/\/nahuelproducciones.com.ar\/radioquijano\/wp-json\/wp\/v2\/users\/6"}],"replies":[{"embeddable":true,"href":"https:\/\/nahuelproducciones.com.ar\/radioquijano\/wp-json\/wp\/v2\/comments?post=8852"}],"version-history":[{"count":1,"href":"https:\/\/nahuelproducciones.com.ar\/radioquijano\/wp-json\/wp\/v2\/posts\/8852\/revisions"}],"predecessor-version":[{"id":8856,"href":"https:\/\/nahuelproducciones.com.ar\/radioquijano\/wp-json\/wp\/v2\/posts\/8852\/revisions\/8856"}],"wp:featuredmedia":[{"embeddable":true,"href":"https:\/\/nahuelproducciones.com.ar\/radioquijano\/wp-json\/wp\/v2\/media\/8857"}],"wp:attachment":[{"href":"https:\/\/nahuelproducciones.com.ar\/radioquijano\/wp-json\/wp\/v2\/media?parent=8852"}],"wp:term":[{"taxonomy":"category","embeddable":true,"href":"https:\/\/nahuelproducciones.com.ar\/radioquijano\/wp-json\/wp\/v2\/categories?post=8852"},{"taxonomy":"post_tag","embeddable":true,"href":"https:\/\/nahuelproducciones.com.ar\/radioquijano\/wp-json\/wp\/v2\/tags?post=8852"}],"curies":[{"name":"wp","href":"https:\/\/api.w.org\/{rel}","templated":true}]}}