{"id":8858,"date":"2024-09-03T10:11:06","date_gmt":"2024-09-03T13:11:06","guid":{"rendered":"https:\/\/nahuelproducciones.com.ar\/radioquijano\/?p=8858"},"modified":"2024-09-03T10:11:07","modified_gmt":"2024-09-03T13:11:07","slug":"bypass-vial-en-campo-quijano-continua-la-obra-que-agilizara-el-transito-pesado-en-la-zona","status":"publish","type":"post","link":"https:\/\/nahuelproducciones.com.ar\/radioquijano\/bypass-vial-en-campo-quijano-continua-la-obra-que-agilizara-el-transito-pesado-en-la-zona\/","title":{"rendered":"Bypass vial en Campo Quijano: contin\u00faa la obra que agilizar\u00e1 el tr\u00e1nsito pesado en la zona"},"content":{"rendered":"\n<p>El Gobierno de la Provincia contin\u00faa ejecutando el Plan de Conectividad Vial en todo el territorio. Una de estas iniciativas consiste en la construcci\u00f3n de un bypass vial en Campo Quijano, que cuenta con un avance aproximado del 45% y evitar\u00e1 la circulaci\u00f3n del tr\u00e1nsito pesado por el centro del pueblo.<\/p>\n\n\n\n<p>Con personal y maquinaria de Vialidad de Salta y financiamiento de Recursos Energ\u00e9ticos y Mineros de Salta (REMSa), se ejecuta una primera etapa de seis kil\u00f3metros entre la ruta nacional 51 y la ruta provincial 36 con tareas de liberaci\u00f3n de traza, ensanchamiento de calzada, alcantarillas y obras de arte.<\/p>\n\n\n\n<p>Est\u00e1 previsto que el pr\u00f3ximo a\u00f1o se efect\u00fae una segunda etapa, entre la RP 36 y la RP 24 para alcanzar una extensi\u00f3n total aproximada a los 12 km.<\/p>\n\n\n\n<p>Esta iniciativa impulsada por el gobernador&nbsp;<strong>Gustavo S\u00e1enz<\/strong>&nbsp;ser\u00e1 de gran importancia para brindar mayor seguridad vial e impulsar el desarrollo del sector minero y actividades afines ya que agilizar\u00e1 el tr\u00e1nsito pesado al crearse un corredor entre la RN 9 \u2013 Circunvalaci\u00f3n Noroeste\/Oeste &#8211; RP 24 &#8211; Bypass \u2013 RP 36 &#8211; Bypass &#8211; RN 51.<\/p>\n\n\n\n<h2 class=\"wp-block-heading\">Galer\u00eda de Fotos<\/h2>\n\n\n<div class=\"wp-block-image\">\n<figure class=\"aligncenter size-full\"><img loading=\"lazy\" decoding=\"async\" width=\"560\" height=\"315\" src=\"https:\/\/nahuelproducciones.com.ar\/radioquijano\/wp-content\/uploads\/2024\/09\/image.png\" alt=\"\" class=\"wp-image-8860\" srcset=\"https:\/\/nahuelproducciones.com.ar\/radioquijano\/wp-content\/uploads\/2024\/09\/image.png 560w, https:\/\/nahuelproducciones.com.ar\/radioquijano\/wp-content\/uploads\/2024\/09\/image-300x169.png 300w, https:\/\/nahuelproducciones.com.ar\/radioquijano\/wp-content\/uploads\/2024\/09\/image-150x84.png 150w\" sizes=\"auto, (max-width: 560px) 100vw, 560px\" \/><\/figure><\/div>\n\n<div class=\"wp-block-image\">\n<figure class=\"aligncenter size-full\"><img loading=\"lazy\" decoding=\"async\" width=\"560\" height=\"315\" src=\"https:\/\/nahuelproducciones.com.ar\/radioquijano\/wp-content\/uploads\/2024\/09\/image-1.png\" alt=\"\" class=\"wp-image-8861\" srcset=\"https:\/\/nahuelproducciones.com.ar\/radioquijano\/wp-content\/uploads\/2024\/09\/image-1.png 560w, https:\/\/nahuelproducciones.com.ar\/radioquijano\/wp-content\/uploads\/2024\/09\/image-1-300x169.png 300w, https:\/\/nahuelproducciones.com.ar\/radioquijano\/wp-content\/uploads\/2024\/09\/image-1-150x84.png 150w\" sizes=\"auto, (max-width: 560px) 100vw, 560px\" \/><\/figure><\/div>\n\n<div class=\"wp-block-image\">\n<figure class=\"aligncenter size-large is-resized\"><img loading=\"lazy\" decoding=\"async\" src=\"https:\/\/nahuelproducciones.com.ar\/radioquijano\/wp-content\/uploads\/2024\/09\/image-2-1024x576.png\" alt=\"\" class=\"wp-image-8862\" width=\"561\" height=\"315\" srcset=\"https:\/\/nahuelproducciones.com.ar\/radioquijano\/wp-content\/uploads\/2024\/09\/image-2-1024x576.png 1024w, https:\/\/nahuelproducciones.com.ar\/radioquijano\/wp-content\/uploads\/2024\/09\/image-2-300x169.png 300w, https:\/\/nahuelproducciones.com.ar\/radioquijano\/wp-content\/uploads\/2024\/09\/image-2-768x432.png 768w, https:\/\/nahuelproducciones.com.ar\/radioquijano\/wp-content\/uploads\/2024\/09\/image-2-150x84.png 150w, https:\/\/nahuelproducciones.com.ar\/radioquijano\/wp-content\/uploads\/2024\/09\/image-2.png 1066w\" sizes=\"auto, (max-width: 561px) 100vw, 561px\" \/><\/figure><\/div>\n\n\n<p><a href=\"https:\/\/www.salta.gob.ar\/public\/images\/noticias\/fotos\/8069-trabajos.jpg\"><\/a><\/p>\n\n\n\n<p><a href=\"https:\/\/www.salta.gob.ar\/public\/images\/noticias\/fotos\/8070-trabajos.jpg\"><\/a><\/p>\n\n\n\n<p><a href=\"https:\/\/www.salta.gob.ar\/public\/images\/noticias\/fotos\/8071-trabajos.jpg\"><\/a><\/p>\n\n\n\n<hr class=\"wp-block-separator has-alpha-channel-opacity\"\/>\n\n\n\n<h2 class=\"wp-block-heading\">Video Relacionado<\/h2>\n\n\n\n<hr class=\"wp-block-separator has-alpha-channel-opacity\"\/>\n\n\n\n<figure class=\"wp-block-embed is-type-rich is-provider-gestor-del-servicio wp-block-embed-gestor-del-servicio wp-embed-aspect-16-9 wp-has-aspect-ratio\"><div class=\"wp-block-embed__wrapper\">\n<iframe loading=\"lazy\" title=\"Bypass vial en Campo Quijano: contin\u00faa la obra que agilizar\u00e1 el tr\u00e1nsito pesado en la zona\" width=\"640\" height=\"360\" src=\"https:\/\/www.youtube.com\/embed\/fjnVm-UHboE?feature=oembed\" frameborder=\"0\" allow=\"accelerometer; autoplay; clipboard-write; encrypted-media; gyroscope; picture-in-picture; web-share\" referrerpolicy=\"strict-origin-when-cross-origin\" allowfullscreen><\/iframe>\n<\/div><\/figure>\n\n\n\n<hr class=\"wp-block-separator has-alpha-channel-opacity\"\/>\n\n\n\n<p>Fuente:&nbsp;<strong>Secretar\u00eda de Prensa y Comunicaci\u00f3n<\/strong><\/p>\n","protected":false},"excerpt":{"rendered":"<p>El Gobierno de la Provincia contin\u00faa ejecutando el Plan de Conectividad Vial en todo el territorio. Una de estas iniciativas consiste en la construcci\u00f3n de un bypass vial en Campo Quijano, que cuenta con un avance aproximado del 45% y evitar\u00e1 la circulaci\u00f3n del tr\u00e1nsito pesado por el centro del pueblo. Con personal y maquinaria [&hellip;]<\/p>\n","protected":false},"author":8,"featured_media":8863,"comment_status":"open","ping_status":"open","sticky":false,"template":"","format":"standard","meta":{"_monsterinsights_skip_tracking":false,"_monsterinsights_sitenote_active":false,"_monsterinsights_sitenote_note":"","_monsterinsights_sitenote_category":0,"footnotes":""},"categories":[16],"tags":[1254,100],"class_list":["post-8858","post","type-post","status-publish","format-standard","has-post-thumbnail","hentry","category-noticias","tag-bypass-rn51","tag-municipio-de-campo-quijano"],"yoast_head":"<!-- This site is optimized with the Yoast SEO plugin v20.8 - https:\/\/yoast.com\/wordpress\/plugins\/seo\/ -->\n<title>Bypass vial en Campo Quijano: contin\u00faa la obra que agilizar\u00e1 el tr\u00e1nsito pesado en la zona - RQ 99.9<\/title>\n<meta name=\"description\" content=\"Los trabajos en una primera etapa se extienden por seis kil\u00f3metros, entre la RN 51 y la RP 36. Las obras registran un avance aproximado al 45%.\" \/>\n<meta name=\"robots\" content=\"index, follow, max-snippet:-1, max-image-preview:large, max-video-preview:-1\" \/>\n<link rel=\"canonical\" href=\"https:\/\/nahuelproducciones.com.ar\/radioquijano\/bypass-vial-en-campo-quijano-continua-la-obra-que-agilizara-el-transito-pesado-en-la-zona\/\" \/>\n<meta property=\"og:locale\" content=\"es_ES\" \/>\n<meta property=\"og:type\" content=\"article\" \/>\n<meta property=\"og:title\" content=\"Bypass vial en Campo Quijano: contin\u00faa la obra que agilizar\u00e1 el tr\u00e1nsito pesado en la zona - RQ 99.9\" \/>\n<meta property=\"og:description\" content=\"Los trabajos en una primera etapa se extienden por seis kil\u00f3metros, entre la RN 51 y la RP 36. Las obras registran un avance aproximado al 45%.\" \/>\n<meta property=\"og:url\" content=\"https:\/\/nahuelproducciones.com.ar\/radioquijano\/bypass-vial-en-campo-quijano-continua-la-obra-que-agilizara-el-transito-pesado-en-la-zona\/\" \/>\n<meta property=\"og:site_name\" content=\"RQ 99.9\" \/>\n<meta property=\"article:publisher\" content=\"https:\/\/www.facebook.com\/nahuelproducciones999\/\" \/>\n<meta property=\"article:published_time\" content=\"2024-09-03T13:11:06+00:00\" \/>\n<meta property=\"article:modified_time\" content=\"2024-09-03T13:11:07+00:00\" \/>\n<meta property=\"og:image\" content=\"https:\/\/nahuelproducciones.com.ar\/radioquijano\/wp-content\/uploads\/2024\/09\/97561-bypass-vial-en-campo-quijano-continua-la-obra-que-agilizara-el-transito-pesado-en-la-zona.jpg\" \/>\n\t<meta property=\"og:image:width\" content=\"560\" \/>\n\t<meta property=\"og:image:height\" content=\"315\" \/>\n\t<meta property=\"og:image:type\" content=\"image\/jpeg\" \/>\n<meta name=\"author\" content=\"Cecilia Pastrana\" \/>\n<meta name=\"twitter:card\" content=\"summary_large_image\" \/>\n<meta name=\"twitter:creator\" content=\"@nahuproduciones\" \/>\n<meta name=\"twitter:site\" content=\"@nahuproduciones\" \/>\n<meta name=\"twitter:label1\" content=\"Escrito por\" \/>\n\t<meta name=\"twitter:data1\" content=\"Cecilia Pastrana\" \/>\n\t<meta name=\"twitter:label2\" content=\"Tiempo de lectura\" \/>\n\t<meta name=\"twitter:data2\" content=\"2 minutos\" \/>\n<script type=\"application\/ld+json\" class=\"yoast-schema-graph\">{\"@context\":\"https:\/\/schema.org\",\"@graph\":[{\"@type\":\"WebPage\",\"@id\":\"https:\/\/nahuelproducciones.com.ar\/radioquijano\/bypass-vial-en-campo-quijano-continua-la-obra-que-agilizara-el-transito-pesado-en-la-zona\/\",\"url\":\"https:\/\/nahuelproducciones.com.ar\/radioquijano\/bypass-vial-en-campo-quijano-continua-la-obra-que-agilizara-el-transito-pesado-en-la-zona\/\",\"name\":\"Bypass vial en Campo Quijano: contin\u00faa la obra que agilizar\u00e1 el tr\u00e1nsito pesado en la zona - RQ 99.9\",\"isPartOf\":{\"@id\":\"https:\/\/nahuelproducciones.com.ar\/radioquijano\/#website\"},\"datePublished\":\"2024-09-03T13:11:06+00:00\",\"dateModified\":\"2024-09-03T13:11:07+00:00\",\"author\":{\"@id\":\"https:\/\/nahuelproducciones.com.ar\/radioquijano\/#\/schema\/person\/e8a4f939e2cb487fe6d0c54042c9d32c\"},\"description\":\"Los trabajos en una primera etapa se extienden por seis kil\u00f3metros, entre la RN 51 y la RP 36. Las obras registran un avance aproximado al 45%.\",\"breadcrumb\":{\"@id\":\"https:\/\/nahuelproducciones.com.ar\/radioquijano\/bypass-vial-en-campo-quijano-continua-la-obra-que-agilizara-el-transito-pesado-en-la-zona\/#breadcrumb\"},\"inLanguage\":\"es\",\"potentialAction\":[{\"@type\":\"ReadAction\",\"target\":[\"https:\/\/nahuelproducciones.com.ar\/radioquijano\/bypass-vial-en-campo-quijano-continua-la-obra-que-agilizara-el-transito-pesado-en-la-zona\/\"]}]},{\"@type\":\"BreadcrumbList\",\"@id\":\"https:\/\/nahuelproducciones.com.ar\/radioquijano\/bypass-vial-en-campo-quijano-continua-la-obra-que-agilizara-el-transito-pesado-en-la-zona\/#breadcrumb\",\"itemListElement\":[{\"@type\":\"ListItem\",\"position\":1,\"name\":\"Portada\",\"item\":\"https:\/\/nahuelproducciones.com.ar\/radioquijano\/\"},{\"@type\":\"ListItem\",\"position\":2,\"name\":\"Bypass vial en Campo Quijano: contin\u00faa la obra que agilizar\u00e1 el tr\u00e1nsito pesado en la zona\"}]},{\"@type\":\"WebSite\",\"@id\":\"https:\/\/nahuelproducciones.com.ar\/radioquijano\/#website\",\"url\":\"https:\/\/nahuelproducciones.com.ar\/radioquijano\/\",\"name\":\"RQ 99.9\",\"description\":\"Radio Quijano 99.9 MHz\",\"potentialAction\":[{\"@type\":\"SearchAction\",\"target\":{\"@type\":\"EntryPoint\",\"urlTemplate\":\"https:\/\/nahuelproducciones.com.ar\/radioquijano\/?s={search_term_string}\"},\"query-input\":\"required name=search_term_string\"}],\"inLanguage\":\"es\"},{\"@type\":\"Person\",\"@id\":\"https:\/\/nahuelproducciones.com.ar\/radioquijano\/#\/schema\/person\/e8a4f939e2cb487fe6d0c54042c9d32c\",\"name\":\"Cecilia Pastrana\",\"image\":{\"@type\":\"ImageObject\",\"inLanguage\":\"es\",\"@id\":\"https:\/\/nahuelproducciones.com.ar\/radioquijano\/#\/schema\/person\/image\/\",\"url\":\"https:\/\/secure.gravatar.com\/avatar\/661a3ef63a8488d4f2794ed44af8cf71420f7e106f3072c40125114df5157749?s=96&d=mm&r=g\",\"contentUrl\":\"https:\/\/secure.gravatar.com\/avatar\/661a3ef63a8488d4f2794ed44af8cf71420f7e106f3072c40125114df5157749?s=96&d=mm&r=g\",\"caption\":\"Cecilia Pastrana\"},\"sameAs\":[\"cecy\"],\"url\":\"https:\/\/nahuelproducciones.com.ar\/radioquijano\/author\/cecy\/\"}]}<\/script>\n<!-- \/ Yoast SEO plugin. -->","yoast_head_json":{"title":"Bypass vial en Campo Quijano: contin\u00faa la obra que agilizar\u00e1 el tr\u00e1nsito pesado en la zona - RQ 99.9","description":"Los trabajos en una primera etapa se extienden por seis kil\u00f3metros, entre la RN 51 y la RP 36. Las obras registran un avance aproximado al 45%.","robots":{"index":"index","follow":"follow","max-snippet":"max-snippet:-1","max-image-preview":"max-image-preview:large","max-video-preview":"max-video-preview:-1"},"canonical":"https:\/\/nahuelproducciones.com.ar\/radioquijano\/bypass-vial-en-campo-quijano-continua-la-obra-que-agilizara-el-transito-pesado-en-la-zona\/","og_locale":"es_ES","og_type":"article","og_title":"Bypass vial en Campo Quijano: contin\u00faa la obra que agilizar\u00e1 el tr\u00e1nsito pesado en la zona - RQ 99.9","og_description":"Los trabajos en una primera etapa se extienden por seis kil\u00f3metros, entre la RN 51 y la RP 36. Las obras registran un avance aproximado al 45%.","og_url":"https:\/\/nahuelproducciones.com.ar\/radioquijano\/bypass-vial-en-campo-quijano-continua-la-obra-que-agilizara-el-transito-pesado-en-la-zona\/","og_site_name":"RQ 99.9","article_publisher":"https:\/\/www.facebook.com\/nahuelproducciones999\/","article_published_time":"2024-09-03T13:11:06+00:00","article_modified_time":"2024-09-03T13:11:07+00:00","og_image":[{"width":560,"height":315,"url":"https:\/\/nahuelproducciones.com.ar\/radioquijano\/wp-content\/uploads\/2024\/09\/97561-bypass-vial-en-campo-quijano-continua-la-obra-que-agilizara-el-transito-pesado-en-la-zona.jpg","type":"image\/jpeg"}],"author":"Cecilia Pastrana","twitter_card":"summary_large_image","twitter_creator":"@nahuproduciones","twitter_site":"@nahuproduciones","twitter_misc":{"Escrito por":"Cecilia Pastrana","Tiempo de lectura":"2 minutos"},"schema":{"@context":"https:\/\/schema.org","@graph":[{"@type":"WebPage","@id":"https:\/\/nahuelproducciones.com.ar\/radioquijano\/bypass-vial-en-campo-quijano-continua-la-obra-que-agilizara-el-transito-pesado-en-la-zona\/","url":"https:\/\/nahuelproducciones.com.ar\/radioquijano\/bypass-vial-en-campo-quijano-continua-la-obra-que-agilizara-el-transito-pesado-en-la-zona\/","name":"Bypass vial en Campo Quijano: contin\u00faa la obra que agilizar\u00e1 el tr\u00e1nsito pesado en la zona - RQ 99.9","isPartOf":{"@id":"https:\/\/nahuelproducciones.com.ar\/radioquijano\/#website"},"datePublished":"2024-09-03T13:11:06+00:00","dateModified":"2024-09-03T13:11:07+00:00","author":{"@id":"https:\/\/nahuelproducciones.com.ar\/radioquijano\/#\/schema\/person\/e8a4f939e2cb487fe6d0c54042c9d32c"},"description":"Los trabajos en una primera etapa se extienden por seis kil\u00f3metros, entre la RN 51 y la RP 36. Las obras registran un avance aproximado al 45%.","breadcrumb":{"@id":"https:\/\/nahuelproducciones.com.ar\/radioquijano\/bypass-vial-en-campo-quijano-continua-la-obra-que-agilizara-el-transito-pesado-en-la-zona\/#breadcrumb"},"inLanguage":"es","potentialAction":[{"@type":"ReadAction","target":["https:\/\/nahuelproducciones.com.ar\/radioquijano\/bypass-vial-en-campo-quijano-continua-la-obra-que-agilizara-el-transito-pesado-en-la-zona\/"]}]},{"@type":"BreadcrumbList","@id":"https:\/\/nahuelproducciones.com.ar\/radioquijano\/bypass-vial-en-campo-quijano-continua-la-obra-que-agilizara-el-transito-pesado-en-la-zona\/#breadcrumb","itemListElement":[{"@type":"ListItem","position":1,"name":"Portada","item":"https:\/\/nahuelproducciones.com.ar\/radioquijano\/"},{"@type":"ListItem","position":2,"name":"Bypass vial en Campo Quijano: contin\u00faa la obra que agilizar\u00e1 el tr\u00e1nsito pesado en la zona"}]},{"@type":"WebSite","@id":"https:\/\/nahuelproducciones.com.ar\/radioquijano\/#website","url":"https:\/\/nahuelproducciones.com.ar\/radioquijano\/","name":"RQ 99.9","description":"Radio Quijano 99.9 MHz","potentialAction":[{"@type":"SearchAction","target":{"@type":"EntryPoint","urlTemplate":"https:\/\/nahuelproducciones.com.ar\/radioquijano\/?s={search_term_string}"},"query-input":"required name=search_term_string"}],"inLanguage":"es"},{"@type":"Person","@id":"https:\/\/nahuelproducciones.com.ar\/radioquijano\/#\/schema\/person\/e8a4f939e2cb487fe6d0c54042c9d32c","name":"Cecilia Pastrana","image":{"@type":"ImageObject","inLanguage":"es","@id":"https:\/\/nahuelproducciones.com.ar\/radioquijano\/#\/schema\/person\/image\/","url":"https:\/\/secure.gravatar.com\/avatar\/661a3ef63a8488d4f2794ed44af8cf71420f7e106f3072c40125114df5157749?s=96&d=mm&r=g","contentUrl":"https:\/\/secure.gravatar.com\/avatar\/661a3ef63a8488d4f2794ed44af8cf71420f7e106f3072c40125114df5157749?s=96&d=mm&r=g","caption":"Cecilia Pastrana"},"sameAs":["cecy"],"url":"https:\/\/nahuelproducciones.com.ar\/radioquijano\/author\/cecy\/"}]}},"_links":{"self":[{"href":"https:\/\/nahuelproducciones.com.ar\/radioquijano\/wp-json\/wp\/v2\/posts\/8858","targetHints":{"allow":["GET"]}}],"collection":[{"href":"https:\/\/nahuelproducciones.com.ar\/radioquijano\/wp-json\/wp\/v2\/posts"}],"about":[{"href":"https:\/\/nahuelproducciones.com.ar\/radioquijano\/wp-json\/wp\/v2\/types\/post"}],"author":[{"embeddable":true,"href":"https:\/\/nahuelproducciones.com.ar\/radioquijano\/wp-json\/wp\/v2\/users\/8"}],"replies":[{"embeddable":true,"href":"https:\/\/nahuelproducciones.com.ar\/radioquijano\/wp-json\/wp\/v2\/comments?post=8858"}],"version-history":[{"count":1,"href":"https:\/\/nahuelproducciones.com.ar\/radioquijano\/wp-json\/wp\/v2\/posts\/8858\/revisions"}],"predecessor-version":[{"id":8864,"href":"https:\/\/nahuelproducciones.com.ar\/radioquijano\/wp-json\/wp\/v2\/posts\/8858\/revisions\/8864"}],"wp:featuredmedia":[{"embeddable":true,"href":"https:\/\/nahuelproducciones.com.ar\/radioquijano\/wp-json\/wp\/v2\/media\/8863"}],"wp:attachment":[{"href":"https:\/\/nahuelproducciones.com.ar\/radioquijano\/wp-json\/wp\/v2\/media?parent=8858"}],"wp:term":[{"taxonomy":"category","embeddable":true,"href":"https:\/\/nahuelproducciones.com.ar\/radioquijano\/wp-json\/wp\/v2\/categories?post=8858"},{"taxonomy":"post_tag","embeddable":true,"href":"https:\/\/nahuelproducciones.com.ar\/radioquijano\/wp-json\/wp\/v2\/tags?post=8858"}],"curies":[{"name":"wp","href":"https:\/\/api.w.org\/{rel}","templated":true}]}}