{"id":8865,"date":"2024-09-03T11:12:48","date_gmt":"2024-09-03T14:12:48","guid":{"rendered":"https:\/\/nahuelproducciones.com.ar\/radioquijano\/?p=8865"},"modified":"2024-09-03T11:12:48","modified_gmt":"2024-09-03T14:12:48","slug":"los-registros-automotores-ya-no-actuaran-como-agentes-de-retencion","status":"publish","type":"post","link":"https:\/\/nahuelproducciones.com.ar\/radioquijano\/los-registros-automotores-ya-no-actuaran-como-agentes-de-retencion\/","title":{"rendered":"Los Registros Automotores ya no actuar\u00e1n como agentes de retenci\u00f3n."},"content":{"rendered":"\n<p>A partir de ahora, los Registros Automotores solo cobrar\u00e1n los aranceles de sus propios tr\u00e1mites.<\/p>\n\n\n\n<h4 class=\"wp-block-heading\" id=\":r3rd:\">El <strong>Ministerio de Justicia<\/strong> dice que el objetivo es lograr un sistema transparente, por lo cual los Registros ya no actuar\u00e1n como agentes de retenci\u00f3n para las provincias y los municipios.<\/h4>\n\n\n<div class=\"wp-block-image\">\n<figure class=\"aligncenter size-full is-resized\"><img loading=\"lazy\" decoding=\"async\" src=\"https:\/\/nahuelproducciones.com.ar\/radioquijano\/wp-content\/uploads\/2024\/09\/image-3.png\" alt=\"\" class=\"wp-image-8866\" width=\"368\" height=\"459\" srcset=\"https:\/\/nahuelproducciones.com.ar\/radioquijano\/wp-content\/uploads\/2024\/09\/image-3.png 512w, https:\/\/nahuelproducciones.com.ar\/radioquijano\/wp-content\/uploads\/2024\/09\/image-3-240x300.png 240w, https:\/\/nahuelproducciones.com.ar\/radioquijano\/wp-content\/uploads\/2024\/09\/image-3-150x188.png 150w\" sizes=\"auto, (max-width: 368px) 100vw, 368px\" \/><\/figure><\/div>","protected":false},"excerpt":{"rendered":"<p>A partir de ahora, los Registros Automotores solo cobrar\u00e1n los aranceles de sus propios tr\u00e1mites. El Ministerio de Justicia dice que el objetivo es lograr un sistema transparente, por lo cual los Registros ya no actuar\u00e1n como agentes de retenci\u00f3n para las provincias y los municipios.<\/p>\n","protected":false},"author":8,"featured_media":8867,"comment_status":"open","ping_status":"open","sticky":false,"template":"","format":"standard","meta":{"_monsterinsights_skip_tracking":false,"_monsterinsights_sitenote_active":false,"_monsterinsights_sitenote_note":"","_monsterinsights_sitenote_category":0,"footnotes":""},"categories":[16],"tags":[100,1630],"class_list":["post-8865","post","type-post","status-publish","format-standard","has-post-thumbnail","hentry","category-noticias","tag-municipio-de-campo-quijano","tag-registros-automotores"],"yoast_head":"<!-- This site is optimized with the Yoast SEO plugin v20.8 - https:\/\/yoast.com\/wordpress\/plugins\/seo\/ -->\n<title>Los Registros Automotores ya no actuar\u00e1n como agentes de retenci\u00f3n. - RQ 99.9<\/title>\n<meta name=\"description\" content=\"los Registros Automotores solo cobrar\u00e1n los aranceles de sus propios tr\u00e1mites\" \/>\n<meta name=\"robots\" content=\"index, follow, max-snippet:-1, max-image-preview:large, max-video-preview:-1\" \/>\n<link rel=\"canonical\" href=\"https:\/\/nahuelproducciones.com.ar\/radioquijano\/los-registros-automotores-ya-no-actuaran-como-agentes-de-retencion\/\" \/>\n<meta property=\"og:locale\" content=\"es_ES\" \/>\n<meta property=\"og:type\" content=\"article\" \/>\n<meta property=\"og:title\" content=\"Los Registros Automotores ya no actuar\u00e1n como agentes de retenci\u00f3n. - RQ 99.9\" \/>\n<meta property=\"og:description\" content=\"los Registros Automotores solo cobrar\u00e1n los aranceles de sus propios tr\u00e1mites\" \/>\n<meta property=\"og:url\" content=\"https:\/\/nahuelproducciones.com.ar\/radioquijano\/los-registros-automotores-ya-no-actuaran-como-agentes-de-retencion\/\" \/>\n<meta property=\"og:site_name\" content=\"RQ 99.9\" \/>\n<meta property=\"article:publisher\" content=\"https:\/\/www.facebook.com\/nahuelproducciones999\/\" \/>\n<meta property=\"article:published_time\" content=\"2024-09-03T14:12:48+00:00\" \/>\n<meta property=\"og:image\" content=\"https:\/\/nahuelproducciones.com.ar\/radioquijano\/wp-content\/uploads\/2024\/09\/GWjinv9XwAEzPvk.jpeg\" \/>\n\t<meta property=\"og:image:width\" content=\"680\" \/>\n\t<meta property=\"og:image:height\" content=\"383\" \/>\n\t<meta property=\"og:image:type\" content=\"image\/jpeg\" \/>\n<meta name=\"author\" content=\"Cecilia Pastrana\" \/>\n<meta name=\"twitter:card\" content=\"summary_large_image\" \/>\n<meta name=\"twitter:creator\" content=\"@nahuproduciones\" \/>\n<meta name=\"twitter:site\" content=\"@nahuproduciones\" \/>\n<meta name=\"twitter:label1\" content=\"Escrito por\" \/>\n\t<meta name=\"twitter:data1\" content=\"Cecilia Pastrana\" \/>\n\t<meta name=\"twitter:label2\" content=\"Tiempo de lectura\" \/>\n\t<meta name=\"twitter:data2\" content=\"1 minuto\" \/>\n<script type=\"application\/ld+json\" class=\"yoast-schema-graph\">{\"@context\":\"https:\/\/schema.org\",\"@graph\":[{\"@type\":\"WebPage\",\"@id\":\"https:\/\/nahuelproducciones.com.ar\/radioquijano\/los-registros-automotores-ya-no-actuaran-como-agentes-de-retencion\/\",\"url\":\"https:\/\/nahuelproducciones.com.ar\/radioquijano\/los-registros-automotores-ya-no-actuaran-como-agentes-de-retencion\/\",\"name\":\"Los Registros Automotores ya no actuar\u00e1n como agentes de retenci\u00f3n. - RQ 99.9\",\"isPartOf\":{\"@id\":\"https:\/\/nahuelproducciones.com.ar\/radioquijano\/#website\"},\"datePublished\":\"2024-09-03T14:12:48+00:00\",\"dateModified\":\"2024-09-03T14:12:48+00:00\",\"author\":{\"@id\":\"https:\/\/nahuelproducciones.com.ar\/radioquijano\/#\/schema\/person\/e8a4f939e2cb487fe6d0c54042c9d32c\"},\"description\":\"los Registros Automotores solo cobrar\u00e1n los aranceles de sus propios tr\u00e1mites\",\"breadcrumb\":{\"@id\":\"https:\/\/nahuelproducciones.com.ar\/radioquijano\/los-registros-automotores-ya-no-actuaran-como-agentes-de-retencion\/#breadcrumb\"},\"inLanguage\":\"es\",\"potentialAction\":[{\"@type\":\"ReadAction\",\"target\":[\"https:\/\/nahuelproducciones.com.ar\/radioquijano\/los-registros-automotores-ya-no-actuaran-como-agentes-de-retencion\/\"]}]},{\"@type\":\"BreadcrumbList\",\"@id\":\"https:\/\/nahuelproducciones.com.ar\/radioquijano\/los-registros-automotores-ya-no-actuaran-como-agentes-de-retencion\/#breadcrumb\",\"itemListElement\":[{\"@type\":\"ListItem\",\"position\":1,\"name\":\"Portada\",\"item\":\"https:\/\/nahuelproducciones.com.ar\/radioquijano\/\"},{\"@type\":\"ListItem\",\"position\":2,\"name\":\"Los Registros Automotores ya no actuar\u00e1n como agentes de retenci\u00f3n.\"}]},{\"@type\":\"WebSite\",\"@id\":\"https:\/\/nahuelproducciones.com.ar\/radioquijano\/#website\",\"url\":\"https:\/\/nahuelproducciones.com.ar\/radioquijano\/\",\"name\":\"RQ 99.9\",\"description\":\"Radio Quijano 99.9 MHz\",\"potentialAction\":[{\"@type\":\"SearchAction\",\"target\":{\"@type\":\"EntryPoint\",\"urlTemplate\":\"https:\/\/nahuelproducciones.com.ar\/radioquijano\/?s={search_term_string}\"},\"query-input\":\"required name=search_term_string\"}],\"inLanguage\":\"es\"},{\"@type\":\"Person\",\"@id\":\"https:\/\/nahuelproducciones.com.ar\/radioquijano\/#\/schema\/person\/e8a4f939e2cb487fe6d0c54042c9d32c\",\"name\":\"Cecilia Pastrana\",\"image\":{\"@type\":\"ImageObject\",\"inLanguage\":\"es\",\"@id\":\"https:\/\/nahuelproducciones.com.ar\/radioquijano\/#\/schema\/person\/image\/\",\"url\":\"https:\/\/secure.gravatar.com\/avatar\/661a3ef63a8488d4f2794ed44af8cf71420f7e106f3072c40125114df5157749?s=96&d=mm&r=g\",\"contentUrl\":\"https:\/\/secure.gravatar.com\/avatar\/661a3ef63a8488d4f2794ed44af8cf71420f7e106f3072c40125114df5157749?s=96&d=mm&r=g\",\"caption\":\"Cecilia Pastrana\"},\"sameAs\":[\"cecy\"],\"url\":\"https:\/\/nahuelproducciones.com.ar\/radioquijano\/author\/cecy\/\"}]}<\/script>\n<!-- \/ Yoast SEO plugin. -->","yoast_head_json":{"title":"Los Registros Automotores ya no actuar\u00e1n como agentes de retenci\u00f3n. - RQ 99.9","description":"los Registros Automotores solo cobrar\u00e1n los aranceles de sus propios tr\u00e1mites","robots":{"index":"index","follow":"follow","max-snippet":"max-snippet:-1","max-image-preview":"max-image-preview:large","max-video-preview":"max-video-preview:-1"},"canonical":"https:\/\/nahuelproducciones.com.ar\/radioquijano\/los-registros-automotores-ya-no-actuaran-como-agentes-de-retencion\/","og_locale":"es_ES","og_type":"article","og_title":"Los Registros Automotores ya no actuar\u00e1n como agentes de retenci\u00f3n. - RQ 99.9","og_description":"los Registros Automotores solo cobrar\u00e1n los aranceles de sus propios tr\u00e1mites","og_url":"https:\/\/nahuelproducciones.com.ar\/radioquijano\/los-registros-automotores-ya-no-actuaran-como-agentes-de-retencion\/","og_site_name":"RQ 99.9","article_publisher":"https:\/\/www.facebook.com\/nahuelproducciones999\/","article_published_time":"2024-09-03T14:12:48+00:00","og_image":[{"width":680,"height":383,"url":"https:\/\/nahuelproducciones.com.ar\/radioquijano\/wp-content\/uploads\/2024\/09\/GWjinv9XwAEzPvk.jpeg","type":"image\/jpeg"}],"author":"Cecilia Pastrana","twitter_card":"summary_large_image","twitter_creator":"@nahuproduciones","twitter_site":"@nahuproduciones","twitter_misc":{"Escrito por":"Cecilia Pastrana","Tiempo de lectura":"1 minuto"},"schema":{"@context":"https:\/\/schema.org","@graph":[{"@type":"WebPage","@id":"https:\/\/nahuelproducciones.com.ar\/radioquijano\/los-registros-automotores-ya-no-actuaran-como-agentes-de-retencion\/","url":"https:\/\/nahuelproducciones.com.ar\/radioquijano\/los-registros-automotores-ya-no-actuaran-como-agentes-de-retencion\/","name":"Los Registros Automotores ya no actuar\u00e1n como agentes de retenci\u00f3n. - RQ 99.9","isPartOf":{"@id":"https:\/\/nahuelproducciones.com.ar\/radioquijano\/#website"},"datePublished":"2024-09-03T14:12:48+00:00","dateModified":"2024-09-03T14:12:48+00:00","author":{"@id":"https:\/\/nahuelproducciones.com.ar\/radioquijano\/#\/schema\/person\/e8a4f939e2cb487fe6d0c54042c9d32c"},"description":"los Registros Automotores solo cobrar\u00e1n los aranceles de sus propios tr\u00e1mites","breadcrumb":{"@id":"https:\/\/nahuelproducciones.com.ar\/radioquijano\/los-registros-automotores-ya-no-actuaran-como-agentes-de-retencion\/#breadcrumb"},"inLanguage":"es","potentialAction":[{"@type":"ReadAction","target":["https:\/\/nahuelproducciones.com.ar\/radioquijano\/los-registros-automotores-ya-no-actuaran-como-agentes-de-retencion\/"]}]},{"@type":"BreadcrumbList","@id":"https:\/\/nahuelproducciones.com.ar\/radioquijano\/los-registros-automotores-ya-no-actuaran-como-agentes-de-retencion\/#breadcrumb","itemListElement":[{"@type":"ListItem","position":1,"name":"Portada","item":"https:\/\/nahuelproducciones.com.ar\/radioquijano\/"},{"@type":"ListItem","position":2,"name":"Los Registros Automotores ya no actuar\u00e1n como agentes de retenci\u00f3n."}]},{"@type":"WebSite","@id":"https:\/\/nahuelproducciones.com.ar\/radioquijano\/#website","url":"https:\/\/nahuelproducciones.com.ar\/radioquijano\/","name":"RQ 99.9","description":"Radio Quijano 99.9 MHz","potentialAction":[{"@type":"SearchAction","target":{"@type":"EntryPoint","urlTemplate":"https:\/\/nahuelproducciones.com.ar\/radioquijano\/?s={search_term_string}"},"query-input":"required name=search_term_string"}],"inLanguage":"es"},{"@type":"Person","@id":"https:\/\/nahuelproducciones.com.ar\/radioquijano\/#\/schema\/person\/e8a4f939e2cb487fe6d0c54042c9d32c","name":"Cecilia Pastrana","image":{"@type":"ImageObject","inLanguage":"es","@id":"https:\/\/nahuelproducciones.com.ar\/radioquijano\/#\/schema\/person\/image\/","url":"https:\/\/secure.gravatar.com\/avatar\/661a3ef63a8488d4f2794ed44af8cf71420f7e106f3072c40125114df5157749?s=96&d=mm&r=g","contentUrl":"https:\/\/secure.gravatar.com\/avatar\/661a3ef63a8488d4f2794ed44af8cf71420f7e106f3072c40125114df5157749?s=96&d=mm&r=g","caption":"Cecilia Pastrana"},"sameAs":["cecy"],"url":"https:\/\/nahuelproducciones.com.ar\/radioquijano\/author\/cecy\/"}]}},"_links":{"self":[{"href":"https:\/\/nahuelproducciones.com.ar\/radioquijano\/wp-json\/wp\/v2\/posts\/8865","targetHints":{"allow":["GET"]}}],"collection":[{"href":"https:\/\/nahuelproducciones.com.ar\/radioquijano\/wp-json\/wp\/v2\/posts"}],"about":[{"href":"https:\/\/nahuelproducciones.com.ar\/radioquijano\/wp-json\/wp\/v2\/types\/post"}],"author":[{"embeddable":true,"href":"https:\/\/nahuelproducciones.com.ar\/radioquijano\/wp-json\/wp\/v2\/users\/8"}],"replies":[{"embeddable":true,"href":"https:\/\/nahuelproducciones.com.ar\/radioquijano\/wp-json\/wp\/v2\/comments?post=8865"}],"version-history":[{"count":1,"href":"https:\/\/nahuelproducciones.com.ar\/radioquijano\/wp-json\/wp\/v2\/posts\/8865\/revisions"}],"predecessor-version":[{"id":8868,"href":"https:\/\/nahuelproducciones.com.ar\/radioquijano\/wp-json\/wp\/v2\/posts\/8865\/revisions\/8868"}],"wp:featuredmedia":[{"embeddable":true,"href":"https:\/\/nahuelproducciones.com.ar\/radioquijano\/wp-json\/wp\/v2\/media\/8867"}],"wp:attachment":[{"href":"https:\/\/nahuelproducciones.com.ar\/radioquijano\/wp-json\/wp\/v2\/media?parent=8865"}],"wp:term":[{"taxonomy":"category","embeddable":true,"href":"https:\/\/nahuelproducciones.com.ar\/radioquijano\/wp-json\/wp\/v2\/categories?post=8865"},{"taxonomy":"post_tag","embeddable":true,"href":"https:\/\/nahuelproducciones.com.ar\/radioquijano\/wp-json\/wp\/v2\/tags?post=8865"}],"curies":[{"name":"wp","href":"https:\/\/api.w.org\/{rel}","templated":true}]}}