{"id":8869,"date":"2024-09-03T12:01:20","date_gmt":"2024-09-03T15:01:20","guid":{"rendered":"https:\/\/nahuelproducciones.com.ar\/radioquijano\/?p=8869"},"modified":"2024-09-03T20:32:01","modified_gmt":"2024-09-03T23:32:01","slug":"el-camion-oncologico-ira-el-miercoles-4-de-septiembre","status":"publish","type":"post","link":"https:\/\/nahuelproducciones.com.ar\/radioquijano\/el-camion-oncologico-ira-el-miercoles-4-de-septiembre\/","title":{"rendered":"\u00a0El cami\u00f3n oncol\u00f3gico ir\u00e1 el mi\u00e9rcoles 4 de septiembre."},"content":{"rendered":"\n<p>El cami\u00f3n oncol\u00f3gico del Ministerio de Salud P\u00fablica continuar\u00e1 recorriendo diferentes municipios del Valle de Lerma, en la pr\u00f3xima semana, prestando servicios a la poblaci\u00f3n.<\/p>\n\n\n\n<p>Dentro de la unidad se realizar\u00e1n mamograf\u00edas a:<\/p>\n\n\n\n<p>Mayores de 40 a\u00f1os<\/p>\n\n\n\n<p>Sin obra social<\/p>\n\n\n\n<p>No estar amamantando<\/p>\n\n\n\n<p>Menores de 40 a\u00f1os, \u00fanicamente con pedido m\u00e9dico de un ginec\u00f3logo.<\/p>\n\n\n\n<p>Asistir con D.N.I.<\/p>\n\n\n\n<p>La Directora de la Oficina de mujer y diversidad de genero, Valeria Tolaba en Comunicaci\u00f3n con RQ99.9Mhz\u00a0cont\u00f3 que los ex\u00e1menes se hicieron en Campo Quijano: lunes 2 y martes 3 de septiembre<\/p>\n\n\n\n<p>Estar\u00e1 tambi\u00e9n en La Silleta: mi\u00e9rcoles 4<\/p>\n\n\n\n<p>En la Delegaci\u00f3n San Luis: jueves 5 y viernes 6<\/p>\n\n\n\n<p> Escucha la entrevista:<\/p>\n\n\n\n<figure class=\"wp-block-audio\"><audio controls src=\"https:\/\/nahuelproducciones.com.ar\/radioquijano\/wp-content\/uploads\/2024\/09\/3-09-2024-valeria-tolaba-direcion-de-la-mujer-tema-camion-oncologico-mamografia.mp3\"><\/audio><\/figure>\n\n\n\n<figure class=\"wp-block-image size-large\"><img loading=\"lazy\" decoding=\"async\" width=\"1024\" height=\"576\" src=\"https:\/\/nahuelproducciones.com.ar\/radioquijano\/wp-content\/uploads\/2024\/09\/image-4-1024x576.png\" alt=\"\" class=\"wp-image-8870\" srcset=\"https:\/\/nahuelproducciones.com.ar\/radioquijano\/wp-content\/uploads\/2024\/09\/image-4-1024x576.png 1024w, https:\/\/nahuelproducciones.com.ar\/radioquijano\/wp-content\/uploads\/2024\/09\/image-4-300x169.png 300w, https:\/\/nahuelproducciones.com.ar\/radioquijano\/wp-content\/uploads\/2024\/09\/image-4-768x432.png 768w, https:\/\/nahuelproducciones.com.ar\/radioquijano\/wp-content\/uploads\/2024\/09\/image-4-1536x864.png 1536w, https:\/\/nahuelproducciones.com.ar\/radioquijano\/wp-content\/uploads\/2024\/09\/image-4-150x84.png 150w, https:\/\/nahuelproducciones.com.ar\/radioquijano\/wp-content\/uploads\/2024\/09\/image-4.png 1920w\" sizes=\"auto, (max-width: 1024px) 100vw, 1024px\" \/><\/figure>\n","protected":false},"excerpt":{"rendered":"<p>El cami\u00f3n oncol\u00f3gico del Ministerio de Salud P\u00fablica continuar\u00e1 recorriendo diferentes municipios del Valle de Lerma, en la pr\u00f3xima semana, prestando servicios a la poblaci\u00f3n. Dentro de la unidad se realizar\u00e1n mamograf\u00edas a: Mayores de 40 a\u00f1os Sin obra social No estar amamantando Menores de 40 a\u00f1os, \u00fanicamente con pedido m\u00e9dico de un ginec\u00f3logo. Asistir [&hellip;]<\/p>\n","protected":false},"author":8,"featured_media":8870,"comment_status":"open","ping_status":"open","sticky":false,"template":"","format":"standard","meta":{"_monsterinsights_skip_tracking":false,"_monsterinsights_sitenote_active":false,"_monsterinsights_sitenote_note":"","_monsterinsights_sitenote_category":0,"footnotes":""},"categories":[16],"tags":[77,100],"class_list":["post-8869","post","type-post","status-publish","format-standard","has-post-thumbnail","hentry","category-noticias","tag-la-silleta","tag-municipio-de-campo-quijano"],"yoast_head":"<!-- This site is optimized with the Yoast SEO plugin v20.8 - https:\/\/yoast.com\/wordpress\/plugins\/seo\/ -->\n<title>\u00a0El cami\u00f3n oncol\u00f3gico ir\u00e1 el mi\u00e9rcoles 4 de septiembre. - RQ 99.9<\/title>\n<meta name=\"description\" content=\"Estar\u00e1 tambi\u00e9n en La Silleta: mi\u00e9rcoles 4\" \/>\n<meta name=\"robots\" content=\"index, follow, max-snippet:-1, max-image-preview:large, max-video-preview:-1\" \/>\n<link rel=\"canonical\" href=\"https:\/\/nahuelproducciones.com.ar\/radioquijano\/el-camion-oncologico-ira-el-miercoles-4-de-septiembre\/\" \/>\n<meta property=\"og:locale\" content=\"es_ES\" \/>\n<meta property=\"og:type\" content=\"article\" \/>\n<meta property=\"og:title\" content=\"\u00a0El cami\u00f3n oncol\u00f3gico ir\u00e1 el mi\u00e9rcoles 4 de septiembre. - RQ 99.9\" \/>\n<meta property=\"og:description\" content=\"Estar\u00e1 tambi\u00e9n en La Silleta: mi\u00e9rcoles 4\" \/>\n<meta property=\"og:url\" content=\"https:\/\/nahuelproducciones.com.ar\/radioquijano\/el-camion-oncologico-ira-el-miercoles-4-de-septiembre\/\" \/>\n<meta property=\"og:site_name\" content=\"RQ 99.9\" \/>\n<meta property=\"article:publisher\" content=\"https:\/\/www.facebook.com\/nahuelproducciones999\/\" \/>\n<meta property=\"article:published_time\" content=\"2024-09-03T15:01:20+00:00\" \/>\n<meta property=\"article:modified_time\" content=\"2024-09-03T23:32:01+00:00\" \/>\n<meta property=\"og:image\" content=\"https:\/\/nahuelproducciones.com.ar\/radioquijano\/wp-content\/uploads\/2024\/09\/image-4-1024x576.png\" \/>\n\t<meta property=\"og:image:width\" content=\"1024\" \/>\n\t<meta property=\"og:image:height\" content=\"576\" \/>\n\t<meta property=\"og:image:type\" content=\"image\/png\" \/>\n<meta name=\"author\" content=\"Cecilia Pastrana\" \/>\n<meta name=\"twitter:card\" content=\"summary_large_image\" \/>\n<meta name=\"twitter:creator\" content=\"@nahuproduciones\" \/>\n<meta name=\"twitter:site\" content=\"@nahuproduciones\" \/>\n<meta name=\"twitter:label1\" content=\"Escrito por\" \/>\n\t<meta name=\"twitter:data1\" content=\"Cecilia Pastrana\" \/>\n\t<meta name=\"twitter:label2\" content=\"Tiempo de lectura\" \/>\n\t<meta name=\"twitter:data2\" content=\"1 minuto\" \/>\n<script type=\"application\/ld+json\" class=\"yoast-schema-graph\">{\"@context\":\"https:\/\/schema.org\",\"@graph\":[{\"@type\":\"WebPage\",\"@id\":\"https:\/\/nahuelproducciones.com.ar\/radioquijano\/el-camion-oncologico-ira-el-miercoles-4-de-septiembre\/\",\"url\":\"https:\/\/nahuelproducciones.com.ar\/radioquijano\/el-camion-oncologico-ira-el-miercoles-4-de-septiembre\/\",\"name\":\"\u00a0El cami\u00f3n oncol\u00f3gico ir\u00e1 el mi\u00e9rcoles 4 de septiembre. - RQ 99.9\",\"isPartOf\":{\"@id\":\"https:\/\/nahuelproducciones.com.ar\/radioquijano\/#website\"},\"datePublished\":\"2024-09-03T15:01:20+00:00\",\"dateModified\":\"2024-09-03T23:32:01+00:00\",\"author\":{\"@id\":\"https:\/\/nahuelproducciones.com.ar\/radioquijano\/#\/schema\/person\/e8a4f939e2cb487fe6d0c54042c9d32c\"},\"description\":\"Estar\u00e1 tambi\u00e9n en La Silleta: mi\u00e9rcoles 4\",\"breadcrumb\":{\"@id\":\"https:\/\/nahuelproducciones.com.ar\/radioquijano\/el-camion-oncologico-ira-el-miercoles-4-de-septiembre\/#breadcrumb\"},\"inLanguage\":\"es\",\"potentialAction\":[{\"@type\":\"ReadAction\",\"target\":[\"https:\/\/nahuelproducciones.com.ar\/radioquijano\/el-camion-oncologico-ira-el-miercoles-4-de-septiembre\/\"]}]},{\"@type\":\"BreadcrumbList\",\"@id\":\"https:\/\/nahuelproducciones.com.ar\/radioquijano\/el-camion-oncologico-ira-el-miercoles-4-de-septiembre\/#breadcrumb\",\"itemListElement\":[{\"@type\":\"ListItem\",\"position\":1,\"name\":\"Portada\",\"item\":\"https:\/\/nahuelproducciones.com.ar\/radioquijano\/\"},{\"@type\":\"ListItem\",\"position\":2,\"name\":\"\u00a0El cami\u00f3n oncol\u00f3gico ir\u00e1 el mi\u00e9rcoles 4 de septiembre.\"}]},{\"@type\":\"WebSite\",\"@id\":\"https:\/\/nahuelproducciones.com.ar\/radioquijano\/#website\",\"url\":\"https:\/\/nahuelproducciones.com.ar\/radioquijano\/\",\"name\":\"RQ 99.9\",\"description\":\"Radio Quijano 99.9 MHz\",\"potentialAction\":[{\"@type\":\"SearchAction\",\"target\":{\"@type\":\"EntryPoint\",\"urlTemplate\":\"https:\/\/nahuelproducciones.com.ar\/radioquijano\/?s={search_term_string}\"},\"query-input\":\"required name=search_term_string\"}],\"inLanguage\":\"es\"},{\"@type\":\"Person\",\"@id\":\"https:\/\/nahuelproducciones.com.ar\/radioquijano\/#\/schema\/person\/e8a4f939e2cb487fe6d0c54042c9d32c\",\"name\":\"Cecilia Pastrana\",\"image\":{\"@type\":\"ImageObject\",\"inLanguage\":\"es\",\"@id\":\"https:\/\/nahuelproducciones.com.ar\/radioquijano\/#\/schema\/person\/image\/\",\"url\":\"https:\/\/secure.gravatar.com\/avatar\/661a3ef63a8488d4f2794ed44af8cf71420f7e106f3072c40125114df5157749?s=96&d=mm&r=g\",\"contentUrl\":\"https:\/\/secure.gravatar.com\/avatar\/661a3ef63a8488d4f2794ed44af8cf71420f7e106f3072c40125114df5157749?s=96&d=mm&r=g\",\"caption\":\"Cecilia Pastrana\"},\"sameAs\":[\"cecy\"],\"url\":\"https:\/\/nahuelproducciones.com.ar\/radioquijano\/author\/cecy\/\"}]}<\/script>\n<!-- \/ Yoast SEO plugin. -->","yoast_head_json":{"title":"\u00a0El cami\u00f3n oncol\u00f3gico ir\u00e1 el mi\u00e9rcoles 4 de septiembre. - RQ 99.9","description":"Estar\u00e1 tambi\u00e9n en La Silleta: mi\u00e9rcoles 4","robots":{"index":"index","follow":"follow","max-snippet":"max-snippet:-1","max-image-preview":"max-image-preview:large","max-video-preview":"max-video-preview:-1"},"canonical":"https:\/\/nahuelproducciones.com.ar\/radioquijano\/el-camion-oncologico-ira-el-miercoles-4-de-septiembre\/","og_locale":"es_ES","og_type":"article","og_title":"\u00a0El cami\u00f3n oncol\u00f3gico ir\u00e1 el mi\u00e9rcoles 4 de septiembre. - RQ 99.9","og_description":"Estar\u00e1 tambi\u00e9n en La Silleta: mi\u00e9rcoles 4","og_url":"https:\/\/nahuelproducciones.com.ar\/radioquijano\/el-camion-oncologico-ira-el-miercoles-4-de-septiembre\/","og_site_name":"RQ 99.9","article_publisher":"https:\/\/www.facebook.com\/nahuelproducciones999\/","article_published_time":"2024-09-03T15:01:20+00:00","article_modified_time":"2024-09-03T23:32:01+00:00","og_image":[{"width":1024,"height":576,"url":"https:\/\/nahuelproducciones.com.ar\/radioquijano\/wp-content\/uploads\/2024\/09\/image-4-1024x576.png","type":"image\/png"}],"author":"Cecilia Pastrana","twitter_card":"summary_large_image","twitter_creator":"@nahuproduciones","twitter_site":"@nahuproduciones","twitter_misc":{"Escrito por":"Cecilia Pastrana","Tiempo de lectura":"1 minuto"},"schema":{"@context":"https:\/\/schema.org","@graph":[{"@type":"WebPage","@id":"https:\/\/nahuelproducciones.com.ar\/radioquijano\/el-camion-oncologico-ira-el-miercoles-4-de-septiembre\/","url":"https:\/\/nahuelproducciones.com.ar\/radioquijano\/el-camion-oncologico-ira-el-miercoles-4-de-septiembre\/","name":"\u00a0El cami\u00f3n oncol\u00f3gico ir\u00e1 el mi\u00e9rcoles 4 de septiembre. - RQ 99.9","isPartOf":{"@id":"https:\/\/nahuelproducciones.com.ar\/radioquijano\/#website"},"datePublished":"2024-09-03T15:01:20+00:00","dateModified":"2024-09-03T23:32:01+00:00","author":{"@id":"https:\/\/nahuelproducciones.com.ar\/radioquijano\/#\/schema\/person\/e8a4f939e2cb487fe6d0c54042c9d32c"},"description":"Estar\u00e1 tambi\u00e9n en La Silleta: mi\u00e9rcoles 4","breadcrumb":{"@id":"https:\/\/nahuelproducciones.com.ar\/radioquijano\/el-camion-oncologico-ira-el-miercoles-4-de-septiembre\/#breadcrumb"},"inLanguage":"es","potentialAction":[{"@type":"ReadAction","target":["https:\/\/nahuelproducciones.com.ar\/radioquijano\/el-camion-oncologico-ira-el-miercoles-4-de-septiembre\/"]}]},{"@type":"BreadcrumbList","@id":"https:\/\/nahuelproducciones.com.ar\/radioquijano\/el-camion-oncologico-ira-el-miercoles-4-de-septiembre\/#breadcrumb","itemListElement":[{"@type":"ListItem","position":1,"name":"Portada","item":"https:\/\/nahuelproducciones.com.ar\/radioquijano\/"},{"@type":"ListItem","position":2,"name":"\u00a0El cami\u00f3n oncol\u00f3gico ir\u00e1 el mi\u00e9rcoles 4 de septiembre."}]},{"@type":"WebSite","@id":"https:\/\/nahuelproducciones.com.ar\/radioquijano\/#website","url":"https:\/\/nahuelproducciones.com.ar\/radioquijano\/","name":"RQ 99.9","description":"Radio Quijano 99.9 MHz","potentialAction":[{"@type":"SearchAction","target":{"@type":"EntryPoint","urlTemplate":"https:\/\/nahuelproducciones.com.ar\/radioquijano\/?s={search_term_string}"},"query-input":"required name=search_term_string"}],"inLanguage":"es"},{"@type":"Person","@id":"https:\/\/nahuelproducciones.com.ar\/radioquijano\/#\/schema\/person\/e8a4f939e2cb487fe6d0c54042c9d32c","name":"Cecilia Pastrana","image":{"@type":"ImageObject","inLanguage":"es","@id":"https:\/\/nahuelproducciones.com.ar\/radioquijano\/#\/schema\/person\/image\/","url":"https:\/\/secure.gravatar.com\/avatar\/661a3ef63a8488d4f2794ed44af8cf71420f7e106f3072c40125114df5157749?s=96&d=mm&r=g","contentUrl":"https:\/\/secure.gravatar.com\/avatar\/661a3ef63a8488d4f2794ed44af8cf71420f7e106f3072c40125114df5157749?s=96&d=mm&r=g","caption":"Cecilia Pastrana"},"sameAs":["cecy"],"url":"https:\/\/nahuelproducciones.com.ar\/radioquijano\/author\/cecy\/"}]}},"_links":{"self":[{"href":"https:\/\/nahuelproducciones.com.ar\/radioquijano\/wp-json\/wp\/v2\/posts\/8869","targetHints":{"allow":["GET"]}}],"collection":[{"href":"https:\/\/nahuelproducciones.com.ar\/radioquijano\/wp-json\/wp\/v2\/posts"}],"about":[{"href":"https:\/\/nahuelproducciones.com.ar\/radioquijano\/wp-json\/wp\/v2\/types\/post"}],"author":[{"embeddable":true,"href":"https:\/\/nahuelproducciones.com.ar\/radioquijano\/wp-json\/wp\/v2\/users\/8"}],"replies":[{"embeddable":true,"href":"https:\/\/nahuelproducciones.com.ar\/radioquijano\/wp-json\/wp\/v2\/comments?post=8869"}],"version-history":[{"count":2,"href":"https:\/\/nahuelproducciones.com.ar\/radioquijano\/wp-json\/wp\/v2\/posts\/8869\/revisions"}],"predecessor-version":[{"id":8874,"href":"https:\/\/nahuelproducciones.com.ar\/radioquijano\/wp-json\/wp\/v2\/posts\/8869\/revisions\/8874"}],"wp:featuredmedia":[{"embeddable":true,"href":"https:\/\/nahuelproducciones.com.ar\/radioquijano\/wp-json\/wp\/v2\/media\/8870"}],"wp:attachment":[{"href":"https:\/\/nahuelproducciones.com.ar\/radioquijano\/wp-json\/wp\/v2\/media?parent=8869"}],"wp:term":[{"taxonomy":"category","embeddable":true,"href":"https:\/\/nahuelproducciones.com.ar\/radioquijano\/wp-json\/wp\/v2\/categories?post=8869"},{"taxonomy":"post_tag","embeddable":true,"href":"https:\/\/nahuelproducciones.com.ar\/radioquijano\/wp-json\/wp\/v2\/tags?post=8869"}],"curies":[{"name":"wp","href":"https:\/\/api.w.org\/{rel}","templated":true}]}}