{"id":8879,"date":"2024-09-06T17:46:48","date_gmt":"2024-09-06T20:46:48","guid":{"rendered":"https:\/\/nahuelproducciones.com.ar\/radioquijano\/?p=8879"},"modified":"2024-09-06T17:51:25","modified_gmt":"2024-09-06T20:51:25","slug":"convocatoria-para-enfermero-a-en-puesto-sanitario-en-area-rural","status":"publish","type":"post","link":"https:\/\/nahuelproducciones.com.ar\/radioquijano\/convocatoria-para-enfermero-a-en-puesto-sanitario-en-area-rural\/","title":{"rendered":"Convocatoria para Enfermero\/a en Puesto Sanitario en \u00c1rea Rural"},"content":{"rendered":"\n<p>El Hospital Dr. Francisco Herrera AO 46 ha abierto una convocatoria para cubrir un (1) cargo de Enfermero\/a en un Puesto Sanitario del \u00c1rea Rural. La fecha de difusi\u00f3n es el 5 de septiembre de 2024, y la recepci\u00f3n de postulaciones se realizar\u00e1 hasta el 9 de septiembre de 2024. La evaluaci\u00f3n de los postulantes est\u00e1 programada para el 10 de septiembre de 2024, en el hospital, ubicado en la calle Ant\u00e1rtida Argentina S\/N.<\/p>\n\n\n\n<h2 class=\"wp-block-heading\">Requisitos:<\/h2>\n\n\n\n<ul class=\"wp-block-list\">\n<li>Ser Licenciado\/a en Enfermer\u00eda, Enfermero\/a Universitario\/a o Enfermero\/a Profesional con matr\u00edcula profesional vigente, avalada por el Colegio Profesional de Enfermeros de Salta.<\/li>\n\n\n\n<li>No tener sanciones disciplinarias ni suspensi\u00f3n en los \u00faltimos tres a\u00f1os, con certificaci\u00f3n del Colegio de Enfermeros.<\/li>\n\n\n\n<li>Contar con disponibilidad horaria y estar dispuesto a desplazarse por el \u00e1rea de influencia del puesto sanitario.<\/li>\n\n\n\n<li>No ocupar cargos en el sistema p\u00fablico o privado, a nivel nacional, provincial o municipal.<\/li>\n\n\n\n<li>Ser residente de Campo Quijano, sin excepci\u00f3n.<\/li>\n\n\n\n<li>Solicitud dirigida al Gerente General del hospital.<\/li>\n\n\n\n<li><strong><em>Documentaci\u00f3n Requerida:<\/em><\/strong><\/li>\n\n\n\n<li>Certificado de antecedentes provinciales y nacionales.<\/li>\n\n\n\n<li>Fotocopias del DNI, matr\u00edcula profesional y t\u00edtulo de enfermer\u00eda.<\/li>\n\n\n\n<li>Curriculum Vitae nominal ordenado cronol\u00f3gicamente.<\/li>\n\n\n\n<li>La selecci\u00f3n se realizar\u00e1 mediante una entrevista personal con una junta evaluadora que valorar\u00e1 tanto el perfil personal como laboral de los postulantes, centr\u00e1ndose en t\u00edtulos y antecedentes relacionados con la profesi\u00f3n.<\/li>\n<\/ul>\n\n\n\n<p>Esta es una excelente oportunidad para profesionales de la enfermer\u00eda interesados en trabajar en el \u00e1rea rural y contribuir a la atenci\u00f3n sanitaria en la regi\u00f3n.<\/p>\n\n\n\n<figure class=\"wp-block-image size-large is-resized\"><img loading=\"lazy\" decoding=\"async\" src=\"https:\/\/nahuelproducciones.com.ar\/radioquijano\/wp-content\/uploads\/2024\/09\/WhatsApp-Image-2024-09-05-at-09.04.34-656x1024.jpeg\" alt=\"\" class=\"wp-image-8880\" width=\"839\" height=\"1309\" srcset=\"https:\/\/nahuelproducciones.com.ar\/radioquijano\/wp-content\/uploads\/2024\/09\/WhatsApp-Image-2024-09-05-at-09.04.34-656x1024.jpeg 656w, https:\/\/nahuelproducciones.com.ar\/radioquijano\/wp-content\/uploads\/2024\/09\/WhatsApp-Image-2024-09-05-at-09.04.34-192x300.jpeg 192w, https:\/\/nahuelproducciones.com.ar\/radioquijano\/wp-content\/uploads\/2024\/09\/WhatsApp-Image-2024-09-05-at-09.04.34-768x1198.jpeg 768w, https:\/\/nahuelproducciones.com.ar\/radioquijano\/wp-content\/uploads\/2024\/09\/WhatsApp-Image-2024-09-05-at-09.04.34-150x234.jpeg 150w, https:\/\/nahuelproducciones.com.ar\/radioquijano\/wp-content\/uploads\/2024\/09\/WhatsApp-Image-2024-09-05-at-09.04.34.jpeg 932w\" sizes=\"auto, (max-width: 839px) 100vw, 839px\" \/><\/figure>\n","protected":false},"excerpt":{"rendered":"<p>Convocatoria para Enfermero en Puesto Sanitario en \u00c1rea Rural<\/p>\n","protected":false},"author":6,"featured_media":3855,"comment_status":"open","ping_status":"open","sticky":false,"template":"","format":"standard","meta":{"_monsterinsights_skip_tracking":false,"_monsterinsights_sitenote_active":false,"_monsterinsights_sitenote_note":"","_monsterinsights_sitenote_category":0,"footnotes":""},"categories":[16],"tags":[73,36,58,75,63,84,71,100,47,62],"class_list":["post-8879","post","type-post","status-publish","format-standard","has-post-thumbnail","hentry","category-noticias","tag-ariel-gallardo","tag-campo-quijano","tag-carlos-folloni","tag-concejo-deliberante-de-campo-quijano","tag-lino-yonar","tag-manuel-cornejo","tag-municipalidad-de-campo-quijano","tag-municipio-de-campo-quijano","tag-rosario-de-lerma","tag-topo-ramos"],"yoast_head":"<!-- This site is optimized with the Yoast SEO plugin v20.8 - https:\/\/yoast.com\/wordpress\/plugins\/seo\/ -->\n<title>Convocatoria para Enfermero\/a en Puesto Sanitario en \u00c1rea Rural - RQ 99.9<\/title>\n<meta name=\"robots\" content=\"index, follow, max-snippet:-1, max-image-preview:large, max-video-preview:-1\" \/>\n<link rel=\"canonical\" href=\"https:\/\/nahuelproducciones.com.ar\/radioquijano\/convocatoria-para-enfermero-a-en-puesto-sanitario-en-area-rural\/\" \/>\n<meta property=\"og:locale\" content=\"es_ES\" \/>\n<meta property=\"og:type\" content=\"article\" \/>\n<meta property=\"og:title\" content=\"Convocatoria para Enfermero\/a en Puesto Sanitario en \u00c1rea Rural - RQ 99.9\" \/>\n<meta property=\"og:description\" content=\"Convocatoria para Enfermero en Puesto Sanitario en \u00c1rea Rural\" \/>\n<meta property=\"og:url\" content=\"https:\/\/nahuelproducciones.com.ar\/radioquijano\/convocatoria-para-enfermero-a-en-puesto-sanitario-en-area-rural\/\" \/>\n<meta property=\"og:site_name\" content=\"RQ 99.9\" \/>\n<meta property=\"article:publisher\" content=\"https:\/\/www.facebook.com\/nahuelproducciones999\/\" \/>\n<meta property=\"article:published_time\" content=\"2024-09-06T20:46:48+00:00\" \/>\n<meta property=\"article:modified_time\" content=\"2024-09-06T20:51:25+00:00\" \/>\n<meta property=\"og:image\" content=\"https:\/\/nahuelproducciones.com.ar\/radioquijano\/wp-content\/uploads\/2022\/11\/HOSP-DR-FRANC-HERRERA-1.jpg\" \/>\n\t<meta property=\"og:image:width\" content=\"620\" \/>\n\t<meta property=\"og:image:height\" content=\"372\" \/>\n\t<meta property=\"og:image:type\" content=\"image\/jpeg\" \/>\n<meta name=\"author\" content=\"Ricardo Guzman\" \/>\n<meta name=\"twitter:card\" content=\"summary_large_image\" \/>\n<meta name=\"twitter:creator\" content=\"@nahuproduciones\" \/>\n<meta name=\"twitter:site\" content=\"@nahuproduciones\" \/>\n<meta name=\"twitter:label1\" content=\"Escrito por\" \/>\n\t<meta name=\"twitter:data1\" content=\"Ricardo Guzman\" \/>\n\t<meta name=\"twitter:label2\" content=\"Tiempo de lectura\" \/>\n\t<meta name=\"twitter:data2\" content=\"2 minutos\" \/>\n<script type=\"application\/ld+json\" class=\"yoast-schema-graph\">{\"@context\":\"https:\/\/schema.org\",\"@graph\":[{\"@type\":\"WebPage\",\"@id\":\"https:\/\/nahuelproducciones.com.ar\/radioquijano\/convocatoria-para-enfermero-a-en-puesto-sanitario-en-area-rural\/\",\"url\":\"https:\/\/nahuelproducciones.com.ar\/radioquijano\/convocatoria-para-enfermero-a-en-puesto-sanitario-en-area-rural\/\",\"name\":\"Convocatoria para Enfermero\/a en Puesto Sanitario en \u00c1rea Rural - RQ 99.9\",\"isPartOf\":{\"@id\":\"https:\/\/nahuelproducciones.com.ar\/radioquijano\/#website\"},\"datePublished\":\"2024-09-06T20:46:48+00:00\",\"dateModified\":\"2024-09-06T20:51:25+00:00\",\"author\":{\"@id\":\"https:\/\/nahuelproducciones.com.ar\/radioquijano\/#\/schema\/person\/b9b81a110cbdf07949e2cd02d478ab9d\"},\"breadcrumb\":{\"@id\":\"https:\/\/nahuelproducciones.com.ar\/radioquijano\/convocatoria-para-enfermero-a-en-puesto-sanitario-en-area-rural\/#breadcrumb\"},\"inLanguage\":\"es\",\"potentialAction\":[{\"@type\":\"ReadAction\",\"target\":[\"https:\/\/nahuelproducciones.com.ar\/radioquijano\/convocatoria-para-enfermero-a-en-puesto-sanitario-en-area-rural\/\"]}]},{\"@type\":\"BreadcrumbList\",\"@id\":\"https:\/\/nahuelproducciones.com.ar\/radioquijano\/convocatoria-para-enfermero-a-en-puesto-sanitario-en-area-rural\/#breadcrumb\",\"itemListElement\":[{\"@type\":\"ListItem\",\"position\":1,\"name\":\"Portada\",\"item\":\"https:\/\/nahuelproducciones.com.ar\/radioquijano\/\"},{\"@type\":\"ListItem\",\"position\":2,\"name\":\"Convocatoria para Enfermero\/a en Puesto Sanitario en \u00c1rea Rural\"}]},{\"@type\":\"WebSite\",\"@id\":\"https:\/\/nahuelproducciones.com.ar\/radioquijano\/#website\",\"url\":\"https:\/\/nahuelproducciones.com.ar\/radioquijano\/\",\"name\":\"RQ 99.9\",\"description\":\"Radio Quijano 99.9 MHz\",\"potentialAction\":[{\"@type\":\"SearchAction\",\"target\":{\"@type\":\"EntryPoint\",\"urlTemplate\":\"https:\/\/nahuelproducciones.com.ar\/radioquijano\/?s={search_term_string}\"},\"query-input\":\"required name=search_term_string\"}],\"inLanguage\":\"es\"},{\"@type\":\"Person\",\"@id\":\"https:\/\/nahuelproducciones.com.ar\/radioquijano\/#\/schema\/person\/b9b81a110cbdf07949e2cd02d478ab9d\",\"name\":\"Ricardo Guzman\",\"image\":{\"@type\":\"ImageObject\",\"inLanguage\":\"es\",\"@id\":\"https:\/\/nahuelproducciones.com.ar\/radioquijano\/#\/schema\/person\/image\/\",\"url\":\"https:\/\/secure.gravatar.com\/avatar\/a5d582deda251f95dc882b72fc6e7b4854f88bb25c3154519210afffa7d706e8?s=96&d=mm&r=g\",\"contentUrl\":\"https:\/\/secure.gravatar.com\/avatar\/a5d582deda251f95dc882b72fc6e7b4854f88bb25c3154519210afffa7d706e8?s=96&d=mm&r=g\",\"caption\":\"Ricardo Guzman\"},\"url\":\"https:\/\/nahuelproducciones.com.ar\/radioquijano\/author\/cady\/\"}]}<\/script>\n<!-- \/ Yoast SEO plugin. -->","yoast_head_json":{"title":"Convocatoria para Enfermero\/a en Puesto Sanitario en \u00c1rea Rural - RQ 99.9","robots":{"index":"index","follow":"follow","max-snippet":"max-snippet:-1","max-image-preview":"max-image-preview:large","max-video-preview":"max-video-preview:-1"},"canonical":"https:\/\/nahuelproducciones.com.ar\/radioquijano\/convocatoria-para-enfermero-a-en-puesto-sanitario-en-area-rural\/","og_locale":"es_ES","og_type":"article","og_title":"Convocatoria para Enfermero\/a en Puesto Sanitario en \u00c1rea Rural - RQ 99.9","og_description":"Convocatoria para Enfermero en Puesto Sanitario en \u00c1rea Rural","og_url":"https:\/\/nahuelproducciones.com.ar\/radioquijano\/convocatoria-para-enfermero-a-en-puesto-sanitario-en-area-rural\/","og_site_name":"RQ 99.9","article_publisher":"https:\/\/www.facebook.com\/nahuelproducciones999\/","article_published_time":"2024-09-06T20:46:48+00:00","article_modified_time":"2024-09-06T20:51:25+00:00","og_image":[{"width":620,"height":372,"url":"https:\/\/nahuelproducciones.com.ar\/radioquijano\/wp-content\/uploads\/2022\/11\/HOSP-DR-FRANC-HERRERA-1.jpg","type":"image\/jpeg"}],"author":"Ricardo Guzman","twitter_card":"summary_large_image","twitter_creator":"@nahuproduciones","twitter_site":"@nahuproduciones","twitter_misc":{"Escrito por":"Ricardo Guzman","Tiempo de lectura":"2 minutos"},"schema":{"@context":"https:\/\/schema.org","@graph":[{"@type":"WebPage","@id":"https:\/\/nahuelproducciones.com.ar\/radioquijano\/convocatoria-para-enfermero-a-en-puesto-sanitario-en-area-rural\/","url":"https:\/\/nahuelproducciones.com.ar\/radioquijano\/convocatoria-para-enfermero-a-en-puesto-sanitario-en-area-rural\/","name":"Convocatoria para Enfermero\/a en Puesto Sanitario en \u00c1rea Rural - RQ 99.9","isPartOf":{"@id":"https:\/\/nahuelproducciones.com.ar\/radioquijano\/#website"},"datePublished":"2024-09-06T20:46:48+00:00","dateModified":"2024-09-06T20:51:25+00:00","author":{"@id":"https:\/\/nahuelproducciones.com.ar\/radioquijano\/#\/schema\/person\/b9b81a110cbdf07949e2cd02d478ab9d"},"breadcrumb":{"@id":"https:\/\/nahuelproducciones.com.ar\/radioquijano\/convocatoria-para-enfermero-a-en-puesto-sanitario-en-area-rural\/#breadcrumb"},"inLanguage":"es","potentialAction":[{"@type":"ReadAction","target":["https:\/\/nahuelproducciones.com.ar\/radioquijano\/convocatoria-para-enfermero-a-en-puesto-sanitario-en-area-rural\/"]}]},{"@type":"BreadcrumbList","@id":"https:\/\/nahuelproducciones.com.ar\/radioquijano\/convocatoria-para-enfermero-a-en-puesto-sanitario-en-area-rural\/#breadcrumb","itemListElement":[{"@type":"ListItem","position":1,"name":"Portada","item":"https:\/\/nahuelproducciones.com.ar\/radioquijano\/"},{"@type":"ListItem","position":2,"name":"Convocatoria para Enfermero\/a en Puesto Sanitario en \u00c1rea Rural"}]},{"@type":"WebSite","@id":"https:\/\/nahuelproducciones.com.ar\/radioquijano\/#website","url":"https:\/\/nahuelproducciones.com.ar\/radioquijano\/","name":"RQ 99.9","description":"Radio Quijano 99.9 MHz","potentialAction":[{"@type":"SearchAction","target":{"@type":"EntryPoint","urlTemplate":"https:\/\/nahuelproducciones.com.ar\/radioquijano\/?s={search_term_string}"},"query-input":"required name=search_term_string"}],"inLanguage":"es"},{"@type":"Person","@id":"https:\/\/nahuelproducciones.com.ar\/radioquijano\/#\/schema\/person\/b9b81a110cbdf07949e2cd02d478ab9d","name":"Ricardo Guzman","image":{"@type":"ImageObject","inLanguage":"es","@id":"https:\/\/nahuelproducciones.com.ar\/radioquijano\/#\/schema\/person\/image\/","url":"https:\/\/secure.gravatar.com\/avatar\/a5d582deda251f95dc882b72fc6e7b4854f88bb25c3154519210afffa7d706e8?s=96&d=mm&r=g","contentUrl":"https:\/\/secure.gravatar.com\/avatar\/a5d582deda251f95dc882b72fc6e7b4854f88bb25c3154519210afffa7d706e8?s=96&d=mm&r=g","caption":"Ricardo Guzman"},"url":"https:\/\/nahuelproducciones.com.ar\/radioquijano\/author\/cady\/"}]}},"_links":{"self":[{"href":"https:\/\/nahuelproducciones.com.ar\/radioquijano\/wp-json\/wp\/v2\/posts\/8879","targetHints":{"allow":["GET"]}}],"collection":[{"href":"https:\/\/nahuelproducciones.com.ar\/radioquijano\/wp-json\/wp\/v2\/posts"}],"about":[{"href":"https:\/\/nahuelproducciones.com.ar\/radioquijano\/wp-json\/wp\/v2\/types\/post"}],"author":[{"embeddable":true,"href":"https:\/\/nahuelproducciones.com.ar\/radioquijano\/wp-json\/wp\/v2\/users\/6"}],"replies":[{"embeddable":true,"href":"https:\/\/nahuelproducciones.com.ar\/radioquijano\/wp-json\/wp\/v2\/comments?post=8879"}],"version-history":[{"count":2,"href":"https:\/\/nahuelproducciones.com.ar\/radioquijano\/wp-json\/wp\/v2\/posts\/8879\/revisions"}],"predecessor-version":[{"id":8882,"href":"https:\/\/nahuelproducciones.com.ar\/radioquijano\/wp-json\/wp\/v2\/posts\/8879\/revisions\/8882"}],"wp:featuredmedia":[{"embeddable":true,"href":"https:\/\/nahuelproducciones.com.ar\/radioquijano\/wp-json\/wp\/v2\/media\/3855"}],"wp:attachment":[{"href":"https:\/\/nahuelproducciones.com.ar\/radioquijano\/wp-json\/wp\/v2\/media?parent=8879"}],"wp:term":[{"taxonomy":"category","embeddable":true,"href":"https:\/\/nahuelproducciones.com.ar\/radioquijano\/wp-json\/wp\/v2\/categories?post=8879"},{"taxonomy":"post_tag","embeddable":true,"href":"https:\/\/nahuelproducciones.com.ar\/radioquijano\/wp-json\/wp\/v2\/tags?post=8879"}],"curies":[{"name":"wp","href":"https:\/\/api.w.org\/{rel}","templated":true}]}}