{"id":8883,"date":"2024-09-08T21:35:20","date_gmt":"2024-09-09T00:35:20","guid":{"rendered":"https:\/\/nahuelproducciones.com.ar\/radioquijano\/?p=8883"},"modified":"2024-09-08T22:04:46","modified_gmt":"2024-09-09T01:04:46","slug":"campo-quijano-capital-provincial-de-la-tradicion","status":"publish","type":"post","link":"https:\/\/nahuelproducciones.com.ar\/radioquijano\/campo-quijano-capital-provincial-de-la-tradicion\/","title":{"rendered":"Campo Quijano: Capital provincial de la Tradici\u00f3n"},"content":{"rendered":"\n<p><strong>\u00bfDe qui\u00e9n es el proyecto?<\/strong><\/p>\n\n\n\n<p>En la sesi\u00f3n ordinaria del d\u00eda martes 3 de septiembre, de la c\u00e1mara de diputados de la provincia se present\u00f3 el proyecto de ley para que el muniipio de Campo Quijano sea Capital Provincial de la tradici\u00f3n, de hecho el proyecto fue aprobado. Al respecto el diputado Nicol\u00e1s Taibo, quien presenta el proyecto en la c\u00e1mara bajo se refiri\u00f3 sin dejar mayores detalles de la significacia de la tradici\u00f3n en el puebllo<\/p>\n\n\n\n<iframe loading=\"lazy\" width=\"681\" height=\"383\" src=\"https:\/\/www.youtube.com\/embed\/utDrmvfisew\" title=\"Declarar \u201cCapital Provincial de la Tradici\u00f3n\u201d al municipio Campo Quijano\" frameborder=\"0\" allow=\"accelerometer; autoplay; clipboard-write; encrypted-media; gyroscope; picture-in-picture; web-share\" referrerpolicy=\"strict-origin-when-cross-origin\" allowfullscreen><\/iframe>\n\n\n\n<figure class=\"wp-block-video\"><\/figure>\n\n\n\n<p>Sin embargo el presidente del Rodeo Antenor S\u00e1nchez, Don Pedro Bautista dio m\u00e1s detalles dejando en claro tambi\u00e9n que el proyecto se trabaj\u00f3 bajo su gesti\u00f3n como presidente desde mucho tiempo atr\u00e1s y que uno de los principales fudamentos son los 62 a\u00f1os que lleva adelante el Rodeo Antenor S\u00e1nchez realizando esta fiesta. Son m\u00e1s 30 fortines que apoyan la propuesta presentada por la entidad madre en el Departamento Rosario de Lerma.<\/p>\n\n\n\n<p>Escuch\u00e1 la entrevista en Radio Quijano 99.9 MHz.<\/p>\n\n\n\n<figure class=\"wp-block-audio\"><audio controls src=\"https:\/\/nahuelproducciones.com.ar\/radioquijano\/wp-content\/uploads\/2024\/09\/03-09-2024-pedro-bautista-rodeo-antenor-sanchez.mp3\"><\/audio><\/figure>\n","protected":false},"excerpt":{"rendered":"<p>\u00bfDe qui\u00e9n es el proyecto? En la sesi\u00f3n ordinaria del d\u00eda martes 3 de septiembre, de la c\u00e1mara de diputados de la provincia se present\u00f3 el proyecto de ley para que el muniipio de Campo Quijano sea Capital Provincial de la tradici\u00f3n, de hecho el proyecto fue aprobado. Al respecto el diputado Nicol\u00e1s Taibo, quien [&hellip;]<\/p>\n","protected":false},"author":6,"featured_media":8890,"comment_status":"open","ping_status":"open","sticky":false,"template":"","format":"standard","meta":{"_monsterinsights_skip_tracking":false,"_monsterinsights_sitenote_active":false,"_monsterinsights_sitenote_note":"","_monsterinsights_sitenote_category":0,"footnotes":""},"categories":[16],"tags":[73,36,58,75,63,84,71,100,47,62],"class_list":["post-8883","post","type-post","status-publish","format-standard","has-post-thumbnail","hentry","category-noticias","tag-ariel-gallardo","tag-campo-quijano","tag-carlos-folloni","tag-concejo-deliberante-de-campo-quijano","tag-lino-yonar","tag-manuel-cornejo","tag-municipalidad-de-campo-quijano","tag-municipio-de-campo-quijano","tag-rosario-de-lerma","tag-topo-ramos"],"yoast_head":"<!-- This site is optimized with the Yoast SEO plugin v20.8 - https:\/\/yoast.com\/wordpress\/plugins\/seo\/ -->\n<title>Campo Quijano: Capital provincial de la Tradici\u00f3n - RQ 99.9<\/title>\n<meta name=\"robots\" content=\"index, follow, max-snippet:-1, max-image-preview:large, max-video-preview:-1\" \/>\n<link rel=\"canonical\" href=\"https:\/\/nahuelproducciones.com.ar\/radioquijano\/campo-quijano-capital-provincial-de-la-tradicion\/\" \/>\n<meta property=\"og:locale\" content=\"es_ES\" \/>\n<meta property=\"og:type\" content=\"article\" \/>\n<meta property=\"og:title\" content=\"Campo Quijano: Capital provincial de la Tradici\u00f3n - RQ 99.9\" \/>\n<meta property=\"og:description\" content=\"\u00bfDe qui\u00e9n es el proyecto? En la sesi\u00f3n ordinaria del d\u00eda martes 3 de septiembre, de la c\u00e1mara de diputados de la provincia se present\u00f3 el proyecto de ley para que el muniipio de Campo Quijano sea Capital Provincial de la tradici\u00f3n, de hecho el proyecto fue aprobado. Al respecto el diputado Nicol\u00e1s Taibo, quien [&hellip;]\" \/>\n<meta property=\"og:url\" content=\"https:\/\/nahuelproducciones.com.ar\/radioquijano\/campo-quijano-capital-provincial-de-la-tradicion\/\" \/>\n<meta property=\"og:site_name\" content=\"RQ 99.9\" \/>\n<meta property=\"article:publisher\" content=\"https:\/\/www.facebook.com\/nahuelproducciones999\/\" \/>\n<meta property=\"article:published_time\" content=\"2024-09-09T00:35:20+00:00\" \/>\n<meta property=\"article:modified_time\" content=\"2024-09-09T01:04:46+00:00\" \/>\n<meta property=\"og:image\" content=\"https:\/\/nahuelproducciones.com.ar\/radioquijano\/wp-content\/uploads\/2024\/09\/pedro-bautista-presenttacion-del-proyecto.jpg\" \/>\n\t<meta property=\"og:image:width\" content=\"800\" \/>\n\t<meta property=\"og:image:height\" content=\"500\" \/>\n\t<meta property=\"og:image:type\" content=\"image\/jpeg\" \/>\n<meta name=\"author\" content=\"Ricardo Guzman\" \/>\n<meta name=\"twitter:card\" content=\"summary_large_image\" \/>\n<meta name=\"twitter:creator\" content=\"@nahuproduciones\" \/>\n<meta name=\"twitter:site\" content=\"@nahuproduciones\" \/>\n<meta name=\"twitter:label1\" content=\"Escrito por\" \/>\n\t<meta name=\"twitter:data1\" content=\"Ricardo Guzman\" \/>\n\t<meta name=\"twitter:label2\" content=\"Tiempo de lectura\" \/>\n\t<meta name=\"twitter:data2\" content=\"1 minuto\" \/>\n<script type=\"application\/ld+json\" class=\"yoast-schema-graph\">{\"@context\":\"https:\/\/schema.org\",\"@graph\":[{\"@type\":\"WebPage\",\"@id\":\"https:\/\/nahuelproducciones.com.ar\/radioquijano\/campo-quijano-capital-provincial-de-la-tradicion\/\",\"url\":\"https:\/\/nahuelproducciones.com.ar\/radioquijano\/campo-quijano-capital-provincial-de-la-tradicion\/\",\"name\":\"Campo Quijano: Capital provincial de la Tradici\u00f3n - RQ 99.9\",\"isPartOf\":{\"@id\":\"https:\/\/nahuelproducciones.com.ar\/radioquijano\/#website\"},\"datePublished\":\"2024-09-09T00:35:20+00:00\",\"dateModified\":\"2024-09-09T01:04:46+00:00\",\"author\":{\"@id\":\"https:\/\/nahuelproducciones.com.ar\/radioquijano\/#\/schema\/person\/b9b81a110cbdf07949e2cd02d478ab9d\"},\"breadcrumb\":{\"@id\":\"https:\/\/nahuelproducciones.com.ar\/radioquijano\/campo-quijano-capital-provincial-de-la-tradicion\/#breadcrumb\"},\"inLanguage\":\"es\",\"potentialAction\":[{\"@type\":\"ReadAction\",\"target\":[\"https:\/\/nahuelproducciones.com.ar\/radioquijano\/campo-quijano-capital-provincial-de-la-tradicion\/\"]}]},{\"@type\":\"BreadcrumbList\",\"@id\":\"https:\/\/nahuelproducciones.com.ar\/radioquijano\/campo-quijano-capital-provincial-de-la-tradicion\/#breadcrumb\",\"itemListElement\":[{\"@type\":\"ListItem\",\"position\":1,\"name\":\"Portada\",\"item\":\"https:\/\/nahuelproducciones.com.ar\/radioquijano\/\"},{\"@type\":\"ListItem\",\"position\":2,\"name\":\"Campo Quijano: Capital provincial de la Tradici\u00f3n\"}]},{\"@type\":\"WebSite\",\"@id\":\"https:\/\/nahuelproducciones.com.ar\/radioquijano\/#website\",\"url\":\"https:\/\/nahuelproducciones.com.ar\/radioquijano\/\",\"name\":\"RQ 99.9\",\"description\":\"Radio Quijano 99.9 MHz\",\"potentialAction\":[{\"@type\":\"SearchAction\",\"target\":{\"@type\":\"EntryPoint\",\"urlTemplate\":\"https:\/\/nahuelproducciones.com.ar\/radioquijano\/?s={search_term_string}\"},\"query-input\":\"required name=search_term_string\"}],\"inLanguage\":\"es\"},{\"@type\":\"Person\",\"@id\":\"https:\/\/nahuelproducciones.com.ar\/radioquijano\/#\/schema\/person\/b9b81a110cbdf07949e2cd02d478ab9d\",\"name\":\"Ricardo Guzman\",\"image\":{\"@type\":\"ImageObject\",\"inLanguage\":\"es\",\"@id\":\"https:\/\/nahuelproducciones.com.ar\/radioquijano\/#\/schema\/person\/image\/\",\"url\":\"https:\/\/secure.gravatar.com\/avatar\/a5d582deda251f95dc882b72fc6e7b4854f88bb25c3154519210afffa7d706e8?s=96&d=mm&r=g\",\"contentUrl\":\"https:\/\/secure.gravatar.com\/avatar\/a5d582deda251f95dc882b72fc6e7b4854f88bb25c3154519210afffa7d706e8?s=96&d=mm&r=g\",\"caption\":\"Ricardo Guzman\"},\"url\":\"https:\/\/nahuelproducciones.com.ar\/radioquijano\/author\/cady\/\"}]}<\/script>\n<!-- \/ Yoast SEO plugin. -->","yoast_head_json":{"title":"Campo Quijano: Capital provincial de la Tradici\u00f3n - RQ 99.9","robots":{"index":"index","follow":"follow","max-snippet":"max-snippet:-1","max-image-preview":"max-image-preview:large","max-video-preview":"max-video-preview:-1"},"canonical":"https:\/\/nahuelproducciones.com.ar\/radioquijano\/campo-quijano-capital-provincial-de-la-tradicion\/","og_locale":"es_ES","og_type":"article","og_title":"Campo Quijano: Capital provincial de la Tradici\u00f3n - RQ 99.9","og_description":"\u00bfDe qui\u00e9n es el proyecto? En la sesi\u00f3n ordinaria del d\u00eda martes 3 de septiembre, de la c\u00e1mara de diputados de la provincia se present\u00f3 el proyecto de ley para que el muniipio de Campo Quijano sea Capital Provincial de la tradici\u00f3n, de hecho el proyecto fue aprobado. Al respecto el diputado Nicol\u00e1s Taibo, quien [&hellip;]","og_url":"https:\/\/nahuelproducciones.com.ar\/radioquijano\/campo-quijano-capital-provincial-de-la-tradicion\/","og_site_name":"RQ 99.9","article_publisher":"https:\/\/www.facebook.com\/nahuelproducciones999\/","article_published_time":"2024-09-09T00:35:20+00:00","article_modified_time":"2024-09-09T01:04:46+00:00","og_image":[{"width":800,"height":500,"url":"https:\/\/nahuelproducciones.com.ar\/radioquijano\/wp-content\/uploads\/2024\/09\/pedro-bautista-presenttacion-del-proyecto.jpg","type":"image\/jpeg"}],"author":"Ricardo Guzman","twitter_card":"summary_large_image","twitter_creator":"@nahuproduciones","twitter_site":"@nahuproduciones","twitter_misc":{"Escrito por":"Ricardo Guzman","Tiempo de lectura":"1 minuto"},"schema":{"@context":"https:\/\/schema.org","@graph":[{"@type":"WebPage","@id":"https:\/\/nahuelproducciones.com.ar\/radioquijano\/campo-quijano-capital-provincial-de-la-tradicion\/","url":"https:\/\/nahuelproducciones.com.ar\/radioquijano\/campo-quijano-capital-provincial-de-la-tradicion\/","name":"Campo Quijano: Capital provincial de la Tradici\u00f3n - RQ 99.9","isPartOf":{"@id":"https:\/\/nahuelproducciones.com.ar\/radioquijano\/#website"},"datePublished":"2024-09-09T00:35:20+00:00","dateModified":"2024-09-09T01:04:46+00:00","author":{"@id":"https:\/\/nahuelproducciones.com.ar\/radioquijano\/#\/schema\/person\/b9b81a110cbdf07949e2cd02d478ab9d"},"breadcrumb":{"@id":"https:\/\/nahuelproducciones.com.ar\/radioquijano\/campo-quijano-capital-provincial-de-la-tradicion\/#breadcrumb"},"inLanguage":"es","potentialAction":[{"@type":"ReadAction","target":["https:\/\/nahuelproducciones.com.ar\/radioquijano\/campo-quijano-capital-provincial-de-la-tradicion\/"]}]},{"@type":"BreadcrumbList","@id":"https:\/\/nahuelproducciones.com.ar\/radioquijano\/campo-quijano-capital-provincial-de-la-tradicion\/#breadcrumb","itemListElement":[{"@type":"ListItem","position":1,"name":"Portada","item":"https:\/\/nahuelproducciones.com.ar\/radioquijano\/"},{"@type":"ListItem","position":2,"name":"Campo Quijano: Capital provincial de la Tradici\u00f3n"}]},{"@type":"WebSite","@id":"https:\/\/nahuelproducciones.com.ar\/radioquijano\/#website","url":"https:\/\/nahuelproducciones.com.ar\/radioquijano\/","name":"RQ 99.9","description":"Radio Quijano 99.9 MHz","potentialAction":[{"@type":"SearchAction","target":{"@type":"EntryPoint","urlTemplate":"https:\/\/nahuelproducciones.com.ar\/radioquijano\/?s={search_term_string}"},"query-input":"required name=search_term_string"}],"inLanguage":"es"},{"@type":"Person","@id":"https:\/\/nahuelproducciones.com.ar\/radioquijano\/#\/schema\/person\/b9b81a110cbdf07949e2cd02d478ab9d","name":"Ricardo Guzman","image":{"@type":"ImageObject","inLanguage":"es","@id":"https:\/\/nahuelproducciones.com.ar\/radioquijano\/#\/schema\/person\/image\/","url":"https:\/\/secure.gravatar.com\/avatar\/a5d582deda251f95dc882b72fc6e7b4854f88bb25c3154519210afffa7d706e8?s=96&d=mm&r=g","contentUrl":"https:\/\/secure.gravatar.com\/avatar\/a5d582deda251f95dc882b72fc6e7b4854f88bb25c3154519210afffa7d706e8?s=96&d=mm&r=g","caption":"Ricardo Guzman"},"url":"https:\/\/nahuelproducciones.com.ar\/radioquijano\/author\/cady\/"}]}},"_links":{"self":[{"href":"https:\/\/nahuelproducciones.com.ar\/radioquijano\/wp-json\/wp\/v2\/posts\/8883","targetHints":{"allow":["GET"]}}],"collection":[{"href":"https:\/\/nahuelproducciones.com.ar\/radioquijano\/wp-json\/wp\/v2\/posts"}],"about":[{"href":"https:\/\/nahuelproducciones.com.ar\/radioquijano\/wp-json\/wp\/v2\/types\/post"}],"author":[{"embeddable":true,"href":"https:\/\/nahuelproducciones.com.ar\/radioquijano\/wp-json\/wp\/v2\/users\/6"}],"replies":[{"embeddable":true,"href":"https:\/\/nahuelproducciones.com.ar\/radioquijano\/wp-json\/wp\/v2\/comments?post=8883"}],"version-history":[{"count":4,"href":"https:\/\/nahuelproducciones.com.ar\/radioquijano\/wp-json\/wp\/v2\/posts\/8883\/revisions"}],"predecessor-version":[{"id":8889,"href":"https:\/\/nahuelproducciones.com.ar\/radioquijano\/wp-json\/wp\/v2\/posts\/8883\/revisions\/8889"}],"wp:featuredmedia":[{"embeddable":true,"href":"https:\/\/nahuelproducciones.com.ar\/radioquijano\/wp-json\/wp\/v2\/media\/8890"}],"wp:attachment":[{"href":"https:\/\/nahuelproducciones.com.ar\/radioquijano\/wp-json\/wp\/v2\/media?parent=8883"}],"wp:term":[{"taxonomy":"category","embeddable":true,"href":"https:\/\/nahuelproducciones.com.ar\/radioquijano\/wp-json\/wp\/v2\/categories?post=8883"},{"taxonomy":"post_tag","embeddable":true,"href":"https:\/\/nahuelproducciones.com.ar\/radioquijano\/wp-json\/wp\/v2\/tags?post=8883"}],"curies":[{"name":"wp","href":"https:\/\/api.w.org\/{rel}","templated":true}]}}