{"id":8898,"date":"2024-09-18T02:26:33","date_gmt":"2024-09-18T05:26:33","guid":{"rendered":"https:\/\/nahuelproducciones.com.ar\/radioquijano\/?p=8898"},"modified":"2024-09-18T02:33:20","modified_gmt":"2024-09-18T05:33:20","slug":"cd-de-campo-quijano-sigue-sin-reglamento-interno","status":"publish","type":"post","link":"https:\/\/nahuelproducciones.com.ar\/radioquijano\/cd-de-campo-quijano-sigue-sin-reglamento-interno\/","title":{"rendered":"Concejo Deliberante de Campo Quijano sigue sin Reglamento Interno"},"content":{"rendered":"\n<p><strong>Situaci\u00f3n del Reglamento Interno en el Concejo Deliberante de Campo Quijano<\/strong><\/p>\n\n\n\n<p>Desde la gesti\u00f3n anterior, el Concejo Deliberante de Campo Quijano sigue careciendo de un Reglamento Interno, a pesar de las repetidas promesas tanto del presidente del Concejo, Pablo Orosco, como del concejal Lupy Cruz. En diversas ocasiones, especialmente durante las sesiones ordinarias, ambos han utilizado su espacio para anunciar que presentar\u00e1n el proyecto correspondiente. Sin embargo, hasta la fecha, no se ha concretado ninguna acci\u00f3n al respecto.<\/p>\n\n\n\n<p>La ausencia de este Reglamento se vuelve particularmente relevante ante la falta de qu\u00f3rum recurrente para realizar las Reuniones de Comisi\u00f3n. Estas reuniones son esenciales para el debate y la b\u00fasqueda de consensos que permitan la creaci\u00f3n de normativas en beneficio del pueblo.<\/p>\n\n\n\n<p>A lo largo de estos nueve meses de gesti\u00f3n, Campo Quijano a\u00fan no ha visto la promulgaci\u00f3n de ordenanzas de impacto significativo que contribuyan de manera tangible a nuestra comunidad.<\/p>\n\n\n\n<p>No obstante, no todo est\u00e1 perdido. Desde abril de este a\u00f1o, se encuentra ingresado en los expedientes del Concejo un proyecto de Reglamento Interno, presentado por la concejal Lorena Torres. Este proyecto permanece en la Comisi\u00f3n, pendiente de estudio, debate, consenso y eventual promulgaci\u00f3n.<\/p>\n\n\n\n<p>Es fundamental que se aceleren los tr\u00e1mites necesarios para que el Concejo cuente con un Reglamento Interno que ordene su funcionamiento. Esto no solo facilitar\u00e1 un debate m\u00e1s eficiente y productivo, sino que tambi\u00e9n garantizar\u00e1 una mayor transparencia en la toma de decisiones que afecten a los vecinos de Campo Quijano.<\/p>\n\n\n\n<p>Escucha la entrevista a la concejal Lorena Torres por RQ99.9<\/p>\n\n\n\n<figure class=\"wp-block-audio\"><audio controls src=\"https:\/\/nahuelproducciones.com.ar\/radioquijano\/wp-content\/uploads\/2024\/09\/17-09-2024-lorena-torres-reglamento-interno.mp3\"><\/audio><\/figure>\n","protected":false},"excerpt":{"rendered":"<p>Situaci\u00f3n del Reglamento Interno en el Concejo Deliberante de Campo Quijano<\/p>\n","protected":false},"author":6,"featured_media":8900,"comment_status":"open","ping_status":"open","sticky":false,"template":"","format":"standard","meta":{"_monsterinsights_skip_tracking":false,"_monsterinsights_sitenote_active":false,"_monsterinsights_sitenote_note":"","_monsterinsights_sitenote_category":0,"footnotes":""},"categories":[1552],"tags":[73,36,58,75,63,1582,84,71,100,47,62],"class_list":["post-8898","post","type-post","status-publish","format-standard","has-post-thumbnail","hentry","category-concejo-deliberante","tag-ariel-gallardo","tag-campo-quijano","tag-carlos-folloni","tag-concejo-deliberante-de-campo-quijano","tag-lino-yonar","tag-lorena-torres","tag-manuel-cornejo","tag-municipalidad-de-campo-quijano","tag-municipio-de-campo-quijano","tag-rosario-de-lerma","tag-topo-ramos"],"yoast_head":"<!-- This site is optimized with the Yoast SEO plugin v20.8 - https:\/\/yoast.com\/wordpress\/plugins\/seo\/ -->\n<title>Concejo Deliberante de Campo Quijano sigue sin Reglamento Interno - RQ 99.9<\/title>\n<meta name=\"robots\" content=\"index, follow, max-snippet:-1, max-image-preview:large, max-video-preview:-1\" \/>\n<link rel=\"canonical\" href=\"https:\/\/nahuelproducciones.com.ar\/radioquijano\/cd-de-campo-quijano-sigue-sin-reglamento-interno\/\" \/>\n<meta property=\"og:locale\" content=\"es_ES\" \/>\n<meta property=\"og:type\" content=\"article\" \/>\n<meta property=\"og:title\" content=\"Concejo Deliberante de Campo Quijano sigue sin Reglamento Interno - RQ 99.9\" \/>\n<meta property=\"og:description\" content=\"Situaci\u00f3n del Reglamento Interno en el Concejo Deliberante de Campo Quijano\" \/>\n<meta property=\"og:url\" content=\"https:\/\/nahuelproducciones.com.ar\/radioquijano\/cd-de-campo-quijano-sigue-sin-reglamento-interno\/\" \/>\n<meta property=\"og:site_name\" content=\"RQ 99.9\" \/>\n<meta property=\"article:publisher\" content=\"https:\/\/www.facebook.com\/nahuelproducciones999\/\" \/>\n<meta property=\"article:published_time\" content=\"2024-09-18T05:26:33+00:00\" \/>\n<meta property=\"article:modified_time\" content=\"2024-09-18T05:33:20+00:00\" \/>\n<meta property=\"og:image\" content=\"https:\/\/nahuelproducciones.com.ar\/radioquijano\/wp-content\/uploads\/2024\/09\/concejal-lorena-torres.jpg\" \/>\n\t<meta property=\"og:image:width\" content=\"700\" \/>\n\t<meta property=\"og:image:height\" content=\"400\" \/>\n\t<meta property=\"og:image:type\" content=\"image\/jpeg\" \/>\n<meta name=\"author\" content=\"Ricardo Guzman\" \/>\n<meta name=\"twitter:card\" content=\"summary_large_image\" \/>\n<meta name=\"twitter:creator\" content=\"@nahuproduciones\" \/>\n<meta name=\"twitter:site\" content=\"@nahuproduciones\" \/>\n<meta name=\"twitter:label1\" content=\"Escrito por\" \/>\n\t<meta name=\"twitter:data1\" content=\"Ricardo Guzman\" \/>\n\t<meta name=\"twitter:label2\" content=\"Tiempo de lectura\" \/>\n\t<meta name=\"twitter:data2\" content=\"2 minutos\" \/>\n<script type=\"application\/ld+json\" class=\"yoast-schema-graph\">{\"@context\":\"https:\/\/schema.org\",\"@graph\":[{\"@type\":\"WebPage\",\"@id\":\"https:\/\/nahuelproducciones.com.ar\/radioquijano\/cd-de-campo-quijano-sigue-sin-reglamento-interno\/\",\"url\":\"https:\/\/nahuelproducciones.com.ar\/radioquijano\/cd-de-campo-quijano-sigue-sin-reglamento-interno\/\",\"name\":\"Concejo Deliberante de Campo Quijano sigue sin Reglamento Interno - RQ 99.9\",\"isPartOf\":{\"@id\":\"https:\/\/nahuelproducciones.com.ar\/radioquijano\/#website\"},\"datePublished\":\"2024-09-18T05:26:33+00:00\",\"dateModified\":\"2024-09-18T05:33:20+00:00\",\"author\":{\"@id\":\"https:\/\/nahuelproducciones.com.ar\/radioquijano\/#\/schema\/person\/b9b81a110cbdf07949e2cd02d478ab9d\"},\"breadcrumb\":{\"@id\":\"https:\/\/nahuelproducciones.com.ar\/radioquijano\/cd-de-campo-quijano-sigue-sin-reglamento-interno\/#breadcrumb\"},\"inLanguage\":\"es\",\"potentialAction\":[{\"@type\":\"ReadAction\",\"target\":[\"https:\/\/nahuelproducciones.com.ar\/radioquijano\/cd-de-campo-quijano-sigue-sin-reglamento-interno\/\"]}]},{\"@type\":\"BreadcrumbList\",\"@id\":\"https:\/\/nahuelproducciones.com.ar\/radioquijano\/cd-de-campo-quijano-sigue-sin-reglamento-interno\/#breadcrumb\",\"itemListElement\":[{\"@type\":\"ListItem\",\"position\":1,\"name\":\"Portada\",\"item\":\"https:\/\/nahuelproducciones.com.ar\/radioquijano\/\"},{\"@type\":\"ListItem\",\"position\":2,\"name\":\"Concejo Deliberante de Campo Quijano sigue sin Reglamento Interno\"}]},{\"@type\":\"WebSite\",\"@id\":\"https:\/\/nahuelproducciones.com.ar\/radioquijano\/#website\",\"url\":\"https:\/\/nahuelproducciones.com.ar\/radioquijano\/\",\"name\":\"RQ 99.9\",\"description\":\"Radio Quijano 99.9 MHz\",\"potentialAction\":[{\"@type\":\"SearchAction\",\"target\":{\"@type\":\"EntryPoint\",\"urlTemplate\":\"https:\/\/nahuelproducciones.com.ar\/radioquijano\/?s={search_term_string}\"},\"query-input\":\"required name=search_term_string\"}],\"inLanguage\":\"es\"},{\"@type\":\"Person\",\"@id\":\"https:\/\/nahuelproducciones.com.ar\/radioquijano\/#\/schema\/person\/b9b81a110cbdf07949e2cd02d478ab9d\",\"name\":\"Ricardo Guzman\",\"image\":{\"@type\":\"ImageObject\",\"inLanguage\":\"es\",\"@id\":\"https:\/\/nahuelproducciones.com.ar\/radioquijano\/#\/schema\/person\/image\/\",\"url\":\"https:\/\/secure.gravatar.com\/avatar\/a5d582deda251f95dc882b72fc6e7b4854f88bb25c3154519210afffa7d706e8?s=96&d=mm&r=g\",\"contentUrl\":\"https:\/\/secure.gravatar.com\/avatar\/a5d582deda251f95dc882b72fc6e7b4854f88bb25c3154519210afffa7d706e8?s=96&d=mm&r=g\",\"caption\":\"Ricardo Guzman\"},\"url\":\"https:\/\/nahuelproducciones.com.ar\/radioquijano\/author\/cady\/\"}]}<\/script>\n<!-- \/ Yoast SEO plugin. -->","yoast_head_json":{"title":"Concejo Deliberante de Campo Quijano sigue sin Reglamento Interno - RQ 99.9","robots":{"index":"index","follow":"follow","max-snippet":"max-snippet:-1","max-image-preview":"max-image-preview:large","max-video-preview":"max-video-preview:-1"},"canonical":"https:\/\/nahuelproducciones.com.ar\/radioquijano\/cd-de-campo-quijano-sigue-sin-reglamento-interno\/","og_locale":"es_ES","og_type":"article","og_title":"Concejo Deliberante de Campo Quijano sigue sin Reglamento Interno - RQ 99.9","og_description":"Situaci\u00f3n del Reglamento Interno en el Concejo Deliberante de Campo Quijano","og_url":"https:\/\/nahuelproducciones.com.ar\/radioquijano\/cd-de-campo-quijano-sigue-sin-reglamento-interno\/","og_site_name":"RQ 99.9","article_publisher":"https:\/\/www.facebook.com\/nahuelproducciones999\/","article_published_time":"2024-09-18T05:26:33+00:00","article_modified_time":"2024-09-18T05:33:20+00:00","og_image":[{"width":700,"height":400,"url":"https:\/\/nahuelproducciones.com.ar\/radioquijano\/wp-content\/uploads\/2024\/09\/concejal-lorena-torres.jpg","type":"image\/jpeg"}],"author":"Ricardo Guzman","twitter_card":"summary_large_image","twitter_creator":"@nahuproduciones","twitter_site":"@nahuproduciones","twitter_misc":{"Escrito por":"Ricardo Guzman","Tiempo de lectura":"2 minutos"},"schema":{"@context":"https:\/\/schema.org","@graph":[{"@type":"WebPage","@id":"https:\/\/nahuelproducciones.com.ar\/radioquijano\/cd-de-campo-quijano-sigue-sin-reglamento-interno\/","url":"https:\/\/nahuelproducciones.com.ar\/radioquijano\/cd-de-campo-quijano-sigue-sin-reglamento-interno\/","name":"Concejo Deliberante de Campo Quijano sigue sin Reglamento Interno - RQ 99.9","isPartOf":{"@id":"https:\/\/nahuelproducciones.com.ar\/radioquijano\/#website"},"datePublished":"2024-09-18T05:26:33+00:00","dateModified":"2024-09-18T05:33:20+00:00","author":{"@id":"https:\/\/nahuelproducciones.com.ar\/radioquijano\/#\/schema\/person\/b9b81a110cbdf07949e2cd02d478ab9d"},"breadcrumb":{"@id":"https:\/\/nahuelproducciones.com.ar\/radioquijano\/cd-de-campo-quijano-sigue-sin-reglamento-interno\/#breadcrumb"},"inLanguage":"es","potentialAction":[{"@type":"ReadAction","target":["https:\/\/nahuelproducciones.com.ar\/radioquijano\/cd-de-campo-quijano-sigue-sin-reglamento-interno\/"]}]},{"@type":"BreadcrumbList","@id":"https:\/\/nahuelproducciones.com.ar\/radioquijano\/cd-de-campo-quijano-sigue-sin-reglamento-interno\/#breadcrumb","itemListElement":[{"@type":"ListItem","position":1,"name":"Portada","item":"https:\/\/nahuelproducciones.com.ar\/radioquijano\/"},{"@type":"ListItem","position":2,"name":"Concejo Deliberante de Campo Quijano sigue sin Reglamento Interno"}]},{"@type":"WebSite","@id":"https:\/\/nahuelproducciones.com.ar\/radioquijano\/#website","url":"https:\/\/nahuelproducciones.com.ar\/radioquijano\/","name":"RQ 99.9","description":"Radio Quijano 99.9 MHz","potentialAction":[{"@type":"SearchAction","target":{"@type":"EntryPoint","urlTemplate":"https:\/\/nahuelproducciones.com.ar\/radioquijano\/?s={search_term_string}"},"query-input":"required name=search_term_string"}],"inLanguage":"es"},{"@type":"Person","@id":"https:\/\/nahuelproducciones.com.ar\/radioquijano\/#\/schema\/person\/b9b81a110cbdf07949e2cd02d478ab9d","name":"Ricardo Guzman","image":{"@type":"ImageObject","inLanguage":"es","@id":"https:\/\/nahuelproducciones.com.ar\/radioquijano\/#\/schema\/person\/image\/","url":"https:\/\/secure.gravatar.com\/avatar\/a5d582deda251f95dc882b72fc6e7b4854f88bb25c3154519210afffa7d706e8?s=96&d=mm&r=g","contentUrl":"https:\/\/secure.gravatar.com\/avatar\/a5d582deda251f95dc882b72fc6e7b4854f88bb25c3154519210afffa7d706e8?s=96&d=mm&r=g","caption":"Ricardo Guzman"},"url":"https:\/\/nahuelproducciones.com.ar\/radioquijano\/author\/cady\/"}]}},"_links":{"self":[{"href":"https:\/\/nahuelproducciones.com.ar\/radioquijano\/wp-json\/wp\/v2\/posts\/8898","targetHints":{"allow":["GET"]}}],"collection":[{"href":"https:\/\/nahuelproducciones.com.ar\/radioquijano\/wp-json\/wp\/v2\/posts"}],"about":[{"href":"https:\/\/nahuelproducciones.com.ar\/radioquijano\/wp-json\/wp\/v2\/types\/post"}],"author":[{"embeddable":true,"href":"https:\/\/nahuelproducciones.com.ar\/radioquijano\/wp-json\/wp\/v2\/users\/6"}],"replies":[{"embeddable":true,"href":"https:\/\/nahuelproducciones.com.ar\/radioquijano\/wp-json\/wp\/v2\/comments?post=8898"}],"version-history":[{"count":2,"href":"https:\/\/nahuelproducciones.com.ar\/radioquijano\/wp-json\/wp\/v2\/posts\/8898\/revisions"}],"predecessor-version":[{"id":8902,"href":"https:\/\/nahuelproducciones.com.ar\/radioquijano\/wp-json\/wp\/v2\/posts\/8898\/revisions\/8902"}],"wp:featuredmedia":[{"embeddable":true,"href":"https:\/\/nahuelproducciones.com.ar\/radioquijano\/wp-json\/wp\/v2\/media\/8900"}],"wp:attachment":[{"href":"https:\/\/nahuelproducciones.com.ar\/radioquijano\/wp-json\/wp\/v2\/media?parent=8898"}],"wp:term":[{"taxonomy":"category","embeddable":true,"href":"https:\/\/nahuelproducciones.com.ar\/radioquijano\/wp-json\/wp\/v2\/categories?post=8898"},{"taxonomy":"post_tag","embeddable":true,"href":"https:\/\/nahuelproducciones.com.ar\/radioquijano\/wp-json\/wp\/v2\/tags?post=8898"}],"curies":[{"name":"wp","href":"https:\/\/api.w.org\/{rel}","templated":true}]}}