{"id":8906,"date":"2024-09-25T11:34:35","date_gmt":"2024-09-25T14:34:35","guid":{"rendered":"https:\/\/nahuelproducciones.com.ar\/radioquijano\/?p=8906"},"modified":"2024-09-26T09:09:24","modified_gmt":"2024-09-26T12:09:24","slug":"la-amt-convoca-a-una-audiencia-publica-por-el-pedido-de-readecuacion-tarifaria-de-saeta","status":"publish","type":"post","link":"https:\/\/nahuelproducciones.com.ar\/radioquijano\/la-amt-convoca-a-una-audiencia-publica-por-el-pedido-de-readecuacion-tarifaria-de-saeta\/","title":{"rendered":"La AMT convoca a una audiencia p\u00fablica para el 3 de octubre."},"content":{"rendered":"\n<p>La Autoridad Metropolitana de Transporte (AMT) convoca a una audiencia p\u00fablica con el objeto de dar tratamiento a la propuesta presentada por SAETA S.A., respecto de la readecuaci\u00f3n del Cuadro Tarifario del Servicio de Transporte Masivo de la Regi\u00f3n Metropolitana de Salta.<br>\u00a0<br>Cabe resaltar que Saeta fundament\u00f3 el pedido a la AMT por la \u00a0readecuaci\u00f3n de la tarifa debido al \u00a0incremento de los costos: principalmente el gasoil y salarios; tambi\u00e9n por la quita de subsidios nacionales, entre otros.<br>\u00a0<br>El acto de la audiencia se realizar\u00e1 el \u00a0d\u00eda jueves 3 de octubre, a partir de las 8 de la ma\u00f1ana, en el Sindicato Obreros del Tabaco (SOT), ubicado en calle General Belgrano 465 del \u00a0municipio de El Carril.<br>\u00a0<br>Quienes quieran hacer vista del expediente y empezar a inscribirse podr\u00e1n hacerlo a partir del pr\u00f3ximo martes 17 de septiembre, en la sede de la AMT, de calle Santiago del Estero N\u00b0 2245, 4to Piso, Oficina 28, de la Ciudad de Salta, en el horario de 8 a 13 horas.<\/p>\n\n\n\n<blockquote class=\"wp-block-quote is-layout-flow wp-block-quote-is-layout-flow\">\n<p> El plazo final para inscribirse, ser\u00e1 hasta el lunes 30 septiembre.<br>\u00a0<br>Por \u00faltimo, cabe mencionar que, desde la AMT se hizo extensiva la invitaci\u00f3n a participar de esta audiencia, al Defensor del Pueblo de la ciudad de Salta, a los responsables de la Secretar\u00eda de Defensa del Consumidor de la Provincia, miembros de las C\u00e1maras Legislativas de la Provincia, como as\u00ed tambi\u00e9n de los municipios que integran la Regi\u00f3n Metropolitana de Salta.<\/p>\n<\/blockquote>\n\n\n\n<hr class=\"wp-block-separator has-alpha-channel-opacity\"\/>\n\n\n\n<h2 class=\"wp-block-heading\">Video Relacionado<\/h2>\n\n\n\n<hr class=\"wp-block-separator has-alpha-channel-opacity\"\/>\n\n\n\n<figure class=\"wp-block-embed is-type-rich is-provider-gestor-del-servicio wp-block-embed-gestor-del-servicio wp-embed-aspect-16-9 wp-has-aspect-ratio\"><div class=\"wp-block-embed__wrapper\">\n<iframe loading=\"lazy\" title=\"La AMT convoca a una audiencia p\u00fablica por el pedido de readecuaci\u00f3n tarifaria de Saeta\" width=\"640\" height=\"360\" src=\"https:\/\/www.youtube.com\/embed\/JKFltw49TRE?feature=oembed\" frameborder=\"0\" allow=\"accelerometer; autoplay; clipboard-write; encrypted-media; gyroscope; picture-in-picture; web-share\" referrerpolicy=\"strict-origin-when-cross-origin\" allowfullscreen><\/iframe>\n<\/div><\/figure>\n\n\n\n<hr class=\"wp-block-separator has-alpha-channel-opacity\"\/>\n\n\n\n<p>Fuente:&nbsp;<strong>Secretaria de Prensa y Comunicaci\u00f3n<\/strong><\/p>\n","protected":false},"excerpt":{"rendered":"<p>La Autoridad Metropolitana de Transporte (AMT) convoca a una audiencia p\u00fablica con el objeto de dar tratamiento a la propuesta presentada por SAETA S.A., respecto de la readecuaci\u00f3n del Cuadro Tarifario del Servicio de Transporte Masivo de la Regi\u00f3n Metropolitana de Salta.\u00a0Cabe resaltar que Saeta fundament\u00f3 el pedido a la AMT por la \u00a0readecuaci\u00f3n de [&hellip;]<\/p>\n","protected":false},"author":8,"featured_media":8908,"comment_status":"open","ping_status":"open","sticky":false,"template":"","format":"standard","meta":{"_monsterinsights_skip_tracking":false,"_monsterinsights_sitenote_active":false,"_monsterinsights_sitenote_note":"","_monsterinsights_sitenote_category":0,"footnotes":""},"categories":[16],"tags":[573,100,404],"class_list":["post-8906","post","type-post","status-publish","format-standard","has-post-thumbnail","hentry","category-noticias","tag-amt","tag-municipio-de-campo-quijano","tag-saeta"],"yoast_head":"<!-- This site is optimized with the Yoast SEO plugin v20.8 - https:\/\/yoast.com\/wordpress\/plugins\/seo\/ -->\n<title>La AMT convoca a una audiencia p\u00fablica para el 3 de octubre. - RQ 99.9<\/title>\n<meta name=\"description\" content=\"El plazo final para inscribirse, ser\u00e1 hasta el lunes 30 septiembre.\" \/>\n<meta name=\"robots\" content=\"index, follow, max-snippet:-1, max-image-preview:large, max-video-preview:-1\" \/>\n<link rel=\"canonical\" href=\"https:\/\/nahuelproducciones.com.ar\/radioquijano\/la-amt-convoca-a-una-audiencia-publica-por-el-pedido-de-readecuacion-tarifaria-de-saeta\/\" \/>\n<meta property=\"og:locale\" content=\"es_ES\" \/>\n<meta property=\"og:type\" content=\"article\" \/>\n<meta property=\"og:title\" content=\"La AMT convoca a una audiencia p\u00fablica para el 3 de octubre. - RQ 99.9\" \/>\n<meta property=\"og:description\" content=\"El plazo final para inscribirse, ser\u00e1 hasta el lunes 30 septiembre.\" \/>\n<meta property=\"og:url\" content=\"https:\/\/nahuelproducciones.com.ar\/radioquijano\/la-amt-convoca-a-una-audiencia-publica-por-el-pedido-de-readecuacion-tarifaria-de-saeta\/\" \/>\n<meta property=\"og:site_name\" content=\"RQ 99.9\" \/>\n<meta property=\"article:publisher\" content=\"https:\/\/www.facebook.com\/nahuelproducciones999\/\" \/>\n<meta property=\"article:published_time\" content=\"2024-09-25T14:34:35+00:00\" \/>\n<meta property=\"article:modified_time\" content=\"2024-09-26T12:09:24+00:00\" \/>\n<meta property=\"og:image\" content=\"https:\/\/nahuelproducciones.com.ar\/radioquijano\/wp-content\/uploads\/2024\/09\/97694-la-amt-convoca-a-una-audiencia-publica-por-el-pedido-de-readecuacion-tarifaria-de-saeta-20240911130104.jpg\" \/>\n\t<meta property=\"og:image:width\" content=\"1054\" \/>\n\t<meta property=\"og:image:height\" content=\"600\" \/>\n\t<meta property=\"og:image:type\" content=\"image\/jpeg\" \/>\n<meta name=\"author\" content=\"Cecilia Pastrana\" \/>\n<meta name=\"twitter:card\" content=\"summary_large_image\" \/>\n<meta name=\"twitter:creator\" content=\"@nahuproduciones\" \/>\n<meta name=\"twitter:site\" content=\"@nahuproduciones\" \/>\n<meta name=\"twitter:label1\" content=\"Escrito por\" \/>\n\t<meta name=\"twitter:data1\" content=\"Cecilia Pastrana\" \/>\n\t<meta name=\"twitter:label2\" content=\"Tiempo de lectura\" \/>\n\t<meta name=\"twitter:data2\" content=\"2 minutos\" \/>\n<script type=\"application\/ld+json\" class=\"yoast-schema-graph\">{\"@context\":\"https:\/\/schema.org\",\"@graph\":[{\"@type\":\"WebPage\",\"@id\":\"https:\/\/nahuelproducciones.com.ar\/radioquijano\/la-amt-convoca-a-una-audiencia-publica-por-el-pedido-de-readecuacion-tarifaria-de-saeta\/\",\"url\":\"https:\/\/nahuelproducciones.com.ar\/radioquijano\/la-amt-convoca-a-una-audiencia-publica-por-el-pedido-de-readecuacion-tarifaria-de-saeta\/\",\"name\":\"La AMT convoca a una audiencia p\u00fablica para el 3 de octubre. - RQ 99.9\",\"isPartOf\":{\"@id\":\"https:\/\/nahuelproducciones.com.ar\/radioquijano\/#website\"},\"datePublished\":\"2024-09-25T14:34:35+00:00\",\"dateModified\":\"2024-09-26T12:09:24+00:00\",\"author\":{\"@id\":\"https:\/\/nahuelproducciones.com.ar\/radioquijano\/#\/schema\/person\/e8a4f939e2cb487fe6d0c54042c9d32c\"},\"description\":\"El plazo final para inscribirse, ser\u00e1 hasta el lunes 30 septiembre.\",\"breadcrumb\":{\"@id\":\"https:\/\/nahuelproducciones.com.ar\/radioquijano\/la-amt-convoca-a-una-audiencia-publica-por-el-pedido-de-readecuacion-tarifaria-de-saeta\/#breadcrumb\"},\"inLanguage\":\"es\",\"potentialAction\":[{\"@type\":\"ReadAction\",\"target\":[\"https:\/\/nahuelproducciones.com.ar\/radioquijano\/la-amt-convoca-a-una-audiencia-publica-por-el-pedido-de-readecuacion-tarifaria-de-saeta\/\"]}]},{\"@type\":\"BreadcrumbList\",\"@id\":\"https:\/\/nahuelproducciones.com.ar\/radioquijano\/la-amt-convoca-a-una-audiencia-publica-por-el-pedido-de-readecuacion-tarifaria-de-saeta\/#breadcrumb\",\"itemListElement\":[{\"@type\":\"ListItem\",\"position\":1,\"name\":\"Portada\",\"item\":\"https:\/\/nahuelproducciones.com.ar\/radioquijano\/\"},{\"@type\":\"ListItem\",\"position\":2,\"name\":\"La AMT convoca a una audiencia p\u00fablica para el 3 de octubre.\"}]},{\"@type\":\"WebSite\",\"@id\":\"https:\/\/nahuelproducciones.com.ar\/radioquijano\/#website\",\"url\":\"https:\/\/nahuelproducciones.com.ar\/radioquijano\/\",\"name\":\"RQ 99.9\",\"description\":\"Radio Quijano 99.9 MHz\",\"potentialAction\":[{\"@type\":\"SearchAction\",\"target\":{\"@type\":\"EntryPoint\",\"urlTemplate\":\"https:\/\/nahuelproducciones.com.ar\/radioquijano\/?s={search_term_string}\"},\"query-input\":\"required name=search_term_string\"}],\"inLanguage\":\"es\"},{\"@type\":\"Person\",\"@id\":\"https:\/\/nahuelproducciones.com.ar\/radioquijano\/#\/schema\/person\/e8a4f939e2cb487fe6d0c54042c9d32c\",\"name\":\"Cecilia Pastrana\",\"image\":{\"@type\":\"ImageObject\",\"inLanguage\":\"es\",\"@id\":\"https:\/\/nahuelproducciones.com.ar\/radioquijano\/#\/schema\/person\/image\/\",\"url\":\"https:\/\/secure.gravatar.com\/avatar\/661a3ef63a8488d4f2794ed44af8cf71420f7e106f3072c40125114df5157749?s=96&d=mm&r=g\",\"contentUrl\":\"https:\/\/secure.gravatar.com\/avatar\/661a3ef63a8488d4f2794ed44af8cf71420f7e106f3072c40125114df5157749?s=96&d=mm&r=g\",\"caption\":\"Cecilia Pastrana\"},\"sameAs\":[\"cecy\"],\"url\":\"https:\/\/nahuelproducciones.com.ar\/radioquijano\/author\/cecy\/\"}]}<\/script>\n<!-- \/ Yoast SEO plugin. -->","yoast_head_json":{"title":"La AMT convoca a una audiencia p\u00fablica para el 3 de octubre. - RQ 99.9","description":"El plazo final para inscribirse, ser\u00e1 hasta el lunes 30 septiembre.","robots":{"index":"index","follow":"follow","max-snippet":"max-snippet:-1","max-image-preview":"max-image-preview:large","max-video-preview":"max-video-preview:-1"},"canonical":"https:\/\/nahuelproducciones.com.ar\/radioquijano\/la-amt-convoca-a-una-audiencia-publica-por-el-pedido-de-readecuacion-tarifaria-de-saeta\/","og_locale":"es_ES","og_type":"article","og_title":"La AMT convoca a una audiencia p\u00fablica para el 3 de octubre. - RQ 99.9","og_description":"El plazo final para inscribirse, ser\u00e1 hasta el lunes 30 septiembre.","og_url":"https:\/\/nahuelproducciones.com.ar\/radioquijano\/la-amt-convoca-a-una-audiencia-publica-por-el-pedido-de-readecuacion-tarifaria-de-saeta\/","og_site_name":"RQ 99.9","article_publisher":"https:\/\/www.facebook.com\/nahuelproducciones999\/","article_published_time":"2024-09-25T14:34:35+00:00","article_modified_time":"2024-09-26T12:09:24+00:00","og_image":[{"width":1054,"height":600,"url":"https:\/\/nahuelproducciones.com.ar\/radioquijano\/wp-content\/uploads\/2024\/09\/97694-la-amt-convoca-a-una-audiencia-publica-por-el-pedido-de-readecuacion-tarifaria-de-saeta-20240911130104.jpg","type":"image\/jpeg"}],"author":"Cecilia Pastrana","twitter_card":"summary_large_image","twitter_creator":"@nahuproduciones","twitter_site":"@nahuproduciones","twitter_misc":{"Escrito por":"Cecilia Pastrana","Tiempo de lectura":"2 minutos"},"schema":{"@context":"https:\/\/schema.org","@graph":[{"@type":"WebPage","@id":"https:\/\/nahuelproducciones.com.ar\/radioquijano\/la-amt-convoca-a-una-audiencia-publica-por-el-pedido-de-readecuacion-tarifaria-de-saeta\/","url":"https:\/\/nahuelproducciones.com.ar\/radioquijano\/la-amt-convoca-a-una-audiencia-publica-por-el-pedido-de-readecuacion-tarifaria-de-saeta\/","name":"La AMT convoca a una audiencia p\u00fablica para el 3 de octubre. - RQ 99.9","isPartOf":{"@id":"https:\/\/nahuelproducciones.com.ar\/radioquijano\/#website"},"datePublished":"2024-09-25T14:34:35+00:00","dateModified":"2024-09-26T12:09:24+00:00","author":{"@id":"https:\/\/nahuelproducciones.com.ar\/radioquijano\/#\/schema\/person\/e8a4f939e2cb487fe6d0c54042c9d32c"},"description":"El plazo final para inscribirse, ser\u00e1 hasta el lunes 30 septiembre.","breadcrumb":{"@id":"https:\/\/nahuelproducciones.com.ar\/radioquijano\/la-amt-convoca-a-una-audiencia-publica-por-el-pedido-de-readecuacion-tarifaria-de-saeta\/#breadcrumb"},"inLanguage":"es","potentialAction":[{"@type":"ReadAction","target":["https:\/\/nahuelproducciones.com.ar\/radioquijano\/la-amt-convoca-a-una-audiencia-publica-por-el-pedido-de-readecuacion-tarifaria-de-saeta\/"]}]},{"@type":"BreadcrumbList","@id":"https:\/\/nahuelproducciones.com.ar\/radioquijano\/la-amt-convoca-a-una-audiencia-publica-por-el-pedido-de-readecuacion-tarifaria-de-saeta\/#breadcrumb","itemListElement":[{"@type":"ListItem","position":1,"name":"Portada","item":"https:\/\/nahuelproducciones.com.ar\/radioquijano\/"},{"@type":"ListItem","position":2,"name":"La AMT convoca a una audiencia p\u00fablica para el 3 de octubre."}]},{"@type":"WebSite","@id":"https:\/\/nahuelproducciones.com.ar\/radioquijano\/#website","url":"https:\/\/nahuelproducciones.com.ar\/radioquijano\/","name":"RQ 99.9","description":"Radio Quijano 99.9 MHz","potentialAction":[{"@type":"SearchAction","target":{"@type":"EntryPoint","urlTemplate":"https:\/\/nahuelproducciones.com.ar\/radioquijano\/?s={search_term_string}"},"query-input":"required name=search_term_string"}],"inLanguage":"es"},{"@type":"Person","@id":"https:\/\/nahuelproducciones.com.ar\/radioquijano\/#\/schema\/person\/e8a4f939e2cb487fe6d0c54042c9d32c","name":"Cecilia Pastrana","image":{"@type":"ImageObject","inLanguage":"es","@id":"https:\/\/nahuelproducciones.com.ar\/radioquijano\/#\/schema\/person\/image\/","url":"https:\/\/secure.gravatar.com\/avatar\/661a3ef63a8488d4f2794ed44af8cf71420f7e106f3072c40125114df5157749?s=96&d=mm&r=g","contentUrl":"https:\/\/secure.gravatar.com\/avatar\/661a3ef63a8488d4f2794ed44af8cf71420f7e106f3072c40125114df5157749?s=96&d=mm&r=g","caption":"Cecilia Pastrana"},"sameAs":["cecy"],"url":"https:\/\/nahuelproducciones.com.ar\/radioquijano\/author\/cecy\/"}]}},"_links":{"self":[{"href":"https:\/\/nahuelproducciones.com.ar\/radioquijano\/wp-json\/wp\/v2\/posts\/8906","targetHints":{"allow":["GET"]}}],"collection":[{"href":"https:\/\/nahuelproducciones.com.ar\/radioquijano\/wp-json\/wp\/v2\/posts"}],"about":[{"href":"https:\/\/nahuelproducciones.com.ar\/radioquijano\/wp-json\/wp\/v2\/types\/post"}],"author":[{"embeddable":true,"href":"https:\/\/nahuelproducciones.com.ar\/radioquijano\/wp-json\/wp\/v2\/users\/8"}],"replies":[{"embeddable":true,"href":"https:\/\/nahuelproducciones.com.ar\/radioquijano\/wp-json\/wp\/v2\/comments?post=8906"}],"version-history":[{"count":2,"href":"https:\/\/nahuelproducciones.com.ar\/radioquijano\/wp-json\/wp\/v2\/posts\/8906\/revisions"}],"predecessor-version":[{"id":8910,"href":"https:\/\/nahuelproducciones.com.ar\/radioquijano\/wp-json\/wp\/v2\/posts\/8906\/revisions\/8910"}],"wp:featuredmedia":[{"embeddable":true,"href":"https:\/\/nahuelproducciones.com.ar\/radioquijano\/wp-json\/wp\/v2\/media\/8908"}],"wp:attachment":[{"href":"https:\/\/nahuelproducciones.com.ar\/radioquijano\/wp-json\/wp\/v2\/media?parent=8906"}],"wp:term":[{"taxonomy":"category","embeddable":true,"href":"https:\/\/nahuelproducciones.com.ar\/radioquijano\/wp-json\/wp\/v2\/categories?post=8906"},{"taxonomy":"post_tag","embeddable":true,"href":"https:\/\/nahuelproducciones.com.ar\/radioquijano\/wp-json\/wp\/v2\/tags?post=8906"}],"curies":[{"name":"wp","href":"https:\/\/api.w.org\/{rel}","templated":true}]}}