{"id":8911,"date":"2024-09-26T09:31:02","date_gmt":"2024-09-26T12:31:02","guid":{"rendered":"https:\/\/nahuelproducciones.com.ar\/radioquijano\/?p=8911"},"modified":"2024-09-26T09:31:03","modified_gmt":"2024-09-26T12:31:03","slug":"desaparecen-transmisiones-de-sesiones-ordinarias-del-concejo-deliberante-de-campo-quijano","status":"publish","type":"post","link":"https:\/\/nahuelproducciones.com.ar\/radioquijano\/desaparecen-transmisiones-de-sesiones-ordinarias-del-concejo-deliberante-de-campo-quijano\/","title":{"rendered":"Desaparecen Transmisiones de Sesiones Ordinarias del Concejo Deliberante de Campo Quijano"},"content":{"rendered":"\n<p>En un hecho ins\u00f3lito, las transmisiones en vivo de las sesiones ordinarias del Concejo Deliberante de Campo Quijano han desaparecido de las plataformas digitales. Solo est\u00e1n disponibles desde la sesi\u00f3n ordinaria n\u00b019 hasta la n\u00b021, mientras que todas las anteriores han sido eliminadas .<\/p>\n\n\n\n<p>La concejal Lorena Torres, en di\u00e1logo con Radio Quijano, advirti\u00f3 sobre esta situaci\u00f3n hace un tiempo. Torres destac\u00f3 que, al ser consultadas las autoridades del Concejo, estas afirmaron que Facebook elimina las transmisiones, una justificaci\u00f3n que ha generado dudas, ya que no es cierto que la plataforma borre autom\u00e1ticamente los videos.<\/p>\n\n\n\n<p>Esta situaci\u00f3n genera preocupaci\u00f3n, ya que las sesiones del Concejo Deliberante son un espacio p\u00fablico donde se deben garantizar la transparencia y el acceso a la informaci\u00f3n para los ciudadanos. La comunidad espera que las autoridades ofrezcan una explicaci\u00f3n clara y tomen medidas para restablecer el acceso a las sesiones eliminadas.<\/p>\n\n\n\n<p>Escucha la entrevista con la Concejal Lorena Torres que se refiri\u00f3 a este y otros temas: <\/p>\n\n\n\n<figure class=\"wp-block-audio\"><audio controls src=\"https:\/\/nahuelproducciones.com.ar\/radioquijano\/wp-content\/uploads\/2024\/09\/25-09-2024-CONCEJAL-LORENA-TORRES-VIDEOS-DE-SESIONES-ELIMINADOS-POR-EL-CONCEJO.mp3\"><\/audio><\/figure>\n","protected":false},"excerpt":{"rendered":"<p>En un hecho ins\u00f3lito, las transmisiones en vivo de las sesiones ordinarias del Concejo Deliberante de Campo Quijano han desaparecido de las plataformas digitales. Solo est\u00e1n disponibles desde la sesi\u00f3n ordinaria n\u00b019 hasta la n\u00b021, mientras que todas las anteriores han sido eliminadas . La concejal Lorena Torres, en di\u00e1logo con Radio Quijano, advirti\u00f3 sobre [&hellip;]<\/p>\n","protected":false},"author":8,"featured_media":8913,"comment_status":"open","ping_status":"open","sticky":false,"template":"","format":"standard","meta":{"_monsterinsights_skip_tracking":false,"_monsterinsights_sitenote_active":false,"_monsterinsights_sitenote_note":"","_monsterinsights_sitenote_category":0,"footnotes":""},"categories":[16],"tags":[75,100,1632],"class_list":["post-8911","post","type-post","status-publish","format-standard","has-post-thumbnail","hentry","category-noticias","tag-concejo-deliberante-de-campo-quijano","tag-municipio-de-campo-quijano","tag-sesiones-ordinarias"],"yoast_head":"<!-- This site is optimized with the Yoast SEO plugin v20.8 - https:\/\/yoast.com\/wordpress\/plugins\/seo\/ -->\n<title>Desaparecen Transmisiones de Sesiones Ordinarias del Concejo Deliberante de Campo Quijano - RQ 99.9<\/title>\n<meta name=\"description\" content=\"Solo est\u00e1n disponibles desde la sesi\u00f3n ordinaria n\u00b019 hasta la n\u00b021, mientras que todas las anteriores han sido eliminadas .\" \/>\n<meta name=\"robots\" content=\"index, follow, max-snippet:-1, max-image-preview:large, max-video-preview:-1\" \/>\n<link rel=\"canonical\" href=\"https:\/\/nahuelproducciones.com.ar\/radioquijano\/desaparecen-transmisiones-de-sesiones-ordinarias-del-concejo-deliberante-de-campo-quijano\/\" \/>\n<meta property=\"og:locale\" content=\"es_ES\" \/>\n<meta property=\"og:type\" content=\"article\" \/>\n<meta property=\"og:title\" content=\"Desaparecen Transmisiones de Sesiones Ordinarias del Concejo Deliberante de Campo Quijano - RQ 99.9\" \/>\n<meta property=\"og:description\" content=\"Solo est\u00e1n disponibles desde la sesi\u00f3n ordinaria n\u00b019 hasta la n\u00b021, mientras que todas las anteriores han sido eliminadas .\" \/>\n<meta property=\"og:url\" content=\"https:\/\/nahuelproducciones.com.ar\/radioquijano\/desaparecen-transmisiones-de-sesiones-ordinarias-del-concejo-deliberante-de-campo-quijano\/\" \/>\n<meta property=\"og:site_name\" content=\"RQ 99.9\" \/>\n<meta property=\"article:publisher\" content=\"https:\/\/www.facebook.com\/nahuelproducciones999\/\" \/>\n<meta property=\"article:published_time\" content=\"2024-09-26T12:31:02+00:00\" \/>\n<meta property=\"article:modified_time\" content=\"2024-09-26T12:31:03+00:00\" \/>\n<meta property=\"og:image\" content=\"https:\/\/nahuelproducciones.com.ar\/radioquijano\/wp-content\/uploads\/2024\/09\/461317109_3637546923224706_8153077204702263713_n.jpg\" \/>\n\t<meta property=\"og:image:width\" content=\"674\" \/>\n\t<meta property=\"og:image:height\" content=\"731\" \/>\n\t<meta property=\"og:image:type\" content=\"image\/jpeg\" \/>\n<meta name=\"author\" content=\"Cecilia Pastrana\" \/>\n<meta name=\"twitter:card\" content=\"summary_large_image\" \/>\n<meta name=\"twitter:creator\" content=\"@nahuproduciones\" \/>\n<meta name=\"twitter:site\" content=\"@nahuproduciones\" \/>\n<meta name=\"twitter:label1\" content=\"Escrito por\" \/>\n\t<meta name=\"twitter:data1\" content=\"Cecilia Pastrana\" \/>\n\t<meta name=\"twitter:label2\" content=\"Tiempo de lectura\" \/>\n\t<meta name=\"twitter:data2\" content=\"1 minuto\" \/>\n<script type=\"application\/ld+json\" class=\"yoast-schema-graph\">{\"@context\":\"https:\/\/schema.org\",\"@graph\":[{\"@type\":\"WebPage\",\"@id\":\"https:\/\/nahuelproducciones.com.ar\/radioquijano\/desaparecen-transmisiones-de-sesiones-ordinarias-del-concejo-deliberante-de-campo-quijano\/\",\"url\":\"https:\/\/nahuelproducciones.com.ar\/radioquijano\/desaparecen-transmisiones-de-sesiones-ordinarias-del-concejo-deliberante-de-campo-quijano\/\",\"name\":\"Desaparecen Transmisiones de Sesiones Ordinarias del Concejo Deliberante de Campo Quijano - RQ 99.9\",\"isPartOf\":{\"@id\":\"https:\/\/nahuelproducciones.com.ar\/radioquijano\/#website\"},\"datePublished\":\"2024-09-26T12:31:02+00:00\",\"dateModified\":\"2024-09-26T12:31:03+00:00\",\"author\":{\"@id\":\"https:\/\/nahuelproducciones.com.ar\/radioquijano\/#\/schema\/person\/e8a4f939e2cb487fe6d0c54042c9d32c\"},\"description\":\"Solo est\u00e1n disponibles desde la sesi\u00f3n ordinaria n\u00b019 hasta la n\u00b021, mientras que todas las anteriores han sido eliminadas .\",\"breadcrumb\":{\"@id\":\"https:\/\/nahuelproducciones.com.ar\/radioquijano\/desaparecen-transmisiones-de-sesiones-ordinarias-del-concejo-deliberante-de-campo-quijano\/#breadcrumb\"},\"inLanguage\":\"es\",\"potentialAction\":[{\"@type\":\"ReadAction\",\"target\":[\"https:\/\/nahuelproducciones.com.ar\/radioquijano\/desaparecen-transmisiones-de-sesiones-ordinarias-del-concejo-deliberante-de-campo-quijano\/\"]}]},{\"@type\":\"BreadcrumbList\",\"@id\":\"https:\/\/nahuelproducciones.com.ar\/radioquijano\/desaparecen-transmisiones-de-sesiones-ordinarias-del-concejo-deliberante-de-campo-quijano\/#breadcrumb\",\"itemListElement\":[{\"@type\":\"ListItem\",\"position\":1,\"name\":\"Portada\",\"item\":\"https:\/\/nahuelproducciones.com.ar\/radioquijano\/\"},{\"@type\":\"ListItem\",\"position\":2,\"name\":\"Desaparecen Transmisiones de Sesiones Ordinarias del Concejo Deliberante de Campo Quijano\"}]},{\"@type\":\"WebSite\",\"@id\":\"https:\/\/nahuelproducciones.com.ar\/radioquijano\/#website\",\"url\":\"https:\/\/nahuelproducciones.com.ar\/radioquijano\/\",\"name\":\"RQ 99.9\",\"description\":\"Radio Quijano 99.9 MHz\",\"potentialAction\":[{\"@type\":\"SearchAction\",\"target\":{\"@type\":\"EntryPoint\",\"urlTemplate\":\"https:\/\/nahuelproducciones.com.ar\/radioquijano\/?s={search_term_string}\"},\"query-input\":\"required name=search_term_string\"}],\"inLanguage\":\"es\"},{\"@type\":\"Person\",\"@id\":\"https:\/\/nahuelproducciones.com.ar\/radioquijano\/#\/schema\/person\/e8a4f939e2cb487fe6d0c54042c9d32c\",\"name\":\"Cecilia Pastrana\",\"image\":{\"@type\":\"ImageObject\",\"inLanguage\":\"es\",\"@id\":\"https:\/\/nahuelproducciones.com.ar\/radioquijano\/#\/schema\/person\/image\/\",\"url\":\"https:\/\/secure.gravatar.com\/avatar\/661a3ef63a8488d4f2794ed44af8cf71420f7e106f3072c40125114df5157749?s=96&d=mm&r=g\",\"contentUrl\":\"https:\/\/secure.gravatar.com\/avatar\/661a3ef63a8488d4f2794ed44af8cf71420f7e106f3072c40125114df5157749?s=96&d=mm&r=g\",\"caption\":\"Cecilia Pastrana\"},\"sameAs\":[\"cecy\"],\"url\":\"https:\/\/nahuelproducciones.com.ar\/radioquijano\/author\/cecy\/\"}]}<\/script>\n<!-- \/ Yoast SEO plugin. -->","yoast_head_json":{"title":"Desaparecen Transmisiones de Sesiones Ordinarias del Concejo Deliberante de Campo Quijano - RQ 99.9","description":"Solo est\u00e1n disponibles desde la sesi\u00f3n ordinaria n\u00b019 hasta la n\u00b021, mientras que todas las anteriores han sido eliminadas .","robots":{"index":"index","follow":"follow","max-snippet":"max-snippet:-1","max-image-preview":"max-image-preview:large","max-video-preview":"max-video-preview:-1"},"canonical":"https:\/\/nahuelproducciones.com.ar\/radioquijano\/desaparecen-transmisiones-de-sesiones-ordinarias-del-concejo-deliberante-de-campo-quijano\/","og_locale":"es_ES","og_type":"article","og_title":"Desaparecen Transmisiones de Sesiones Ordinarias del Concejo Deliberante de Campo Quijano - RQ 99.9","og_description":"Solo est\u00e1n disponibles desde la sesi\u00f3n ordinaria n\u00b019 hasta la n\u00b021, mientras que todas las anteriores han sido eliminadas .","og_url":"https:\/\/nahuelproducciones.com.ar\/radioquijano\/desaparecen-transmisiones-de-sesiones-ordinarias-del-concejo-deliberante-de-campo-quijano\/","og_site_name":"RQ 99.9","article_publisher":"https:\/\/www.facebook.com\/nahuelproducciones999\/","article_published_time":"2024-09-26T12:31:02+00:00","article_modified_time":"2024-09-26T12:31:03+00:00","og_image":[{"width":674,"height":731,"url":"https:\/\/nahuelproducciones.com.ar\/radioquijano\/wp-content\/uploads\/2024\/09\/461317109_3637546923224706_8153077204702263713_n.jpg","type":"image\/jpeg"}],"author":"Cecilia Pastrana","twitter_card":"summary_large_image","twitter_creator":"@nahuproduciones","twitter_site":"@nahuproduciones","twitter_misc":{"Escrito por":"Cecilia Pastrana","Tiempo de lectura":"1 minuto"},"schema":{"@context":"https:\/\/schema.org","@graph":[{"@type":"WebPage","@id":"https:\/\/nahuelproducciones.com.ar\/radioquijano\/desaparecen-transmisiones-de-sesiones-ordinarias-del-concejo-deliberante-de-campo-quijano\/","url":"https:\/\/nahuelproducciones.com.ar\/radioquijano\/desaparecen-transmisiones-de-sesiones-ordinarias-del-concejo-deliberante-de-campo-quijano\/","name":"Desaparecen Transmisiones de Sesiones Ordinarias del Concejo Deliberante de Campo Quijano - RQ 99.9","isPartOf":{"@id":"https:\/\/nahuelproducciones.com.ar\/radioquijano\/#website"},"datePublished":"2024-09-26T12:31:02+00:00","dateModified":"2024-09-26T12:31:03+00:00","author":{"@id":"https:\/\/nahuelproducciones.com.ar\/radioquijano\/#\/schema\/person\/e8a4f939e2cb487fe6d0c54042c9d32c"},"description":"Solo est\u00e1n disponibles desde la sesi\u00f3n ordinaria n\u00b019 hasta la n\u00b021, mientras que todas las anteriores han sido eliminadas .","breadcrumb":{"@id":"https:\/\/nahuelproducciones.com.ar\/radioquijano\/desaparecen-transmisiones-de-sesiones-ordinarias-del-concejo-deliberante-de-campo-quijano\/#breadcrumb"},"inLanguage":"es","potentialAction":[{"@type":"ReadAction","target":["https:\/\/nahuelproducciones.com.ar\/radioquijano\/desaparecen-transmisiones-de-sesiones-ordinarias-del-concejo-deliberante-de-campo-quijano\/"]}]},{"@type":"BreadcrumbList","@id":"https:\/\/nahuelproducciones.com.ar\/radioquijano\/desaparecen-transmisiones-de-sesiones-ordinarias-del-concejo-deliberante-de-campo-quijano\/#breadcrumb","itemListElement":[{"@type":"ListItem","position":1,"name":"Portada","item":"https:\/\/nahuelproducciones.com.ar\/radioquijano\/"},{"@type":"ListItem","position":2,"name":"Desaparecen Transmisiones de Sesiones Ordinarias del Concejo Deliberante de Campo Quijano"}]},{"@type":"WebSite","@id":"https:\/\/nahuelproducciones.com.ar\/radioquijano\/#website","url":"https:\/\/nahuelproducciones.com.ar\/radioquijano\/","name":"RQ 99.9","description":"Radio Quijano 99.9 MHz","potentialAction":[{"@type":"SearchAction","target":{"@type":"EntryPoint","urlTemplate":"https:\/\/nahuelproducciones.com.ar\/radioquijano\/?s={search_term_string}"},"query-input":"required name=search_term_string"}],"inLanguage":"es"},{"@type":"Person","@id":"https:\/\/nahuelproducciones.com.ar\/radioquijano\/#\/schema\/person\/e8a4f939e2cb487fe6d0c54042c9d32c","name":"Cecilia Pastrana","image":{"@type":"ImageObject","inLanguage":"es","@id":"https:\/\/nahuelproducciones.com.ar\/radioquijano\/#\/schema\/person\/image\/","url":"https:\/\/secure.gravatar.com\/avatar\/661a3ef63a8488d4f2794ed44af8cf71420f7e106f3072c40125114df5157749?s=96&d=mm&r=g","contentUrl":"https:\/\/secure.gravatar.com\/avatar\/661a3ef63a8488d4f2794ed44af8cf71420f7e106f3072c40125114df5157749?s=96&d=mm&r=g","caption":"Cecilia Pastrana"},"sameAs":["cecy"],"url":"https:\/\/nahuelproducciones.com.ar\/radioquijano\/author\/cecy\/"}]}},"_links":{"self":[{"href":"https:\/\/nahuelproducciones.com.ar\/radioquijano\/wp-json\/wp\/v2\/posts\/8911","targetHints":{"allow":["GET"]}}],"collection":[{"href":"https:\/\/nahuelproducciones.com.ar\/radioquijano\/wp-json\/wp\/v2\/posts"}],"about":[{"href":"https:\/\/nahuelproducciones.com.ar\/radioquijano\/wp-json\/wp\/v2\/types\/post"}],"author":[{"embeddable":true,"href":"https:\/\/nahuelproducciones.com.ar\/radioquijano\/wp-json\/wp\/v2\/users\/8"}],"replies":[{"embeddable":true,"href":"https:\/\/nahuelproducciones.com.ar\/radioquijano\/wp-json\/wp\/v2\/comments?post=8911"}],"version-history":[{"count":1,"href":"https:\/\/nahuelproducciones.com.ar\/radioquijano\/wp-json\/wp\/v2\/posts\/8911\/revisions"}],"predecessor-version":[{"id":8914,"href":"https:\/\/nahuelproducciones.com.ar\/radioquijano\/wp-json\/wp\/v2\/posts\/8911\/revisions\/8914"}],"wp:featuredmedia":[{"embeddable":true,"href":"https:\/\/nahuelproducciones.com.ar\/radioquijano\/wp-json\/wp\/v2\/media\/8913"}],"wp:attachment":[{"href":"https:\/\/nahuelproducciones.com.ar\/radioquijano\/wp-json\/wp\/v2\/media?parent=8911"}],"wp:term":[{"taxonomy":"category","embeddable":true,"href":"https:\/\/nahuelproducciones.com.ar\/radioquijano\/wp-json\/wp\/v2\/categories?post=8911"},{"taxonomy":"post_tag","embeddable":true,"href":"https:\/\/nahuelproducciones.com.ar\/radioquijano\/wp-json\/wp\/v2\/tags?post=8911"}],"curies":[{"name":"wp","href":"https:\/\/api.w.org\/{rel}","templated":true}]}}