{"id":8915,"date":"2024-09-26T09:47:40","date_gmt":"2024-09-26T12:47:40","guid":{"rendered":"https:\/\/nahuelproducciones.com.ar\/radioquijano\/?p=8915"},"modified":"2024-09-26T09:50:16","modified_gmt":"2024-09-26T12:50:16","slug":"los-precios-de-los-combustibles-bajaran-un-3-a-partir-del-lunes","status":"publish","type":"post","link":"https:\/\/nahuelproducciones.com.ar\/radioquijano\/los-precios-de-los-combustibles-bajaran-un-3-a-partir-del-lunes\/","title":{"rendered":"Los precios de los combustibles bajar\u00e1n un 3% a partir del lunes"},"content":{"rendered":"\n<p>En las \u00faltimas horas se confirm\u00f3 que desde&nbsp;<strong>el 1\u00ba de octubre (martes que viene), los precios de los combustibles bajar\u00e1n hasta 3% por la ca\u00edda de la cotizaci\u00f3n internacional del petr\u00f3leo Brent<\/strong>, que se utiliza de referencia en el mercado argentino.<\/p>\n\n\n\n<p>Seg\u00fan confirmaron fuentes del sector al portal especializado Energy Report,<strong>&nbsp;los precios de YPF bajar\u00e1n un 3% promedio para las dos versiones del gasoil, mientras que las naftas premium y s\u00faper descender\u00e1n 1,5%.<\/strong><\/p>\n\n\n\n<p>Si bien la petrolera de bandera dar\u00e1 el puntapi\u00e9,&nbsp;<strong>se espera que el resto de las competidoras (Axion, Shell -Ra\u00edzen- y Puma, entre otras), sigan el mismo sendero descendente<\/strong>&nbsp;la semana que viene.<\/p>\n\n\n\n<p>La noticia hab\u00eda sido adelantada por<strong>&nbsp;Horacio Marin, CEO de YPF&nbsp;<\/strong>el s\u00e1bado pasado. Seg\u00fan indic\u00f3, el an\u00e1lisis se basa en que el precio del barril baj\u00f3 U$S 10 (en la \u00faltima semana subi\u00f3 U$S 4), por lo que prometi\u00f3 que esta semana habr\u00eda una definici\u00f3n.<\/p>\n\n\n\n<blockquote class=\"wp-block-quote is-layout-flow wp-block-quote-is-layout-flow\">\n<p>\u201cEl precio del combustible depende del petr\u00f3leo. Si sube, el precio del combustible tiene que subir. Si baja, tiene que bajar. En YPF, si el precio del petr\u00f3leo baja, los usuarios no tienen que subvencionar a YPF porque no es justo que nosotros tomemos una ganancia arriba de lo l\u00f3gico que tiene que tener la venta de combustibles\u201d, resalt\u00f3.<\/p>\n<\/blockquote>\n\n\n\n<p>\u201cAs\u00ed tampoco cuando suba nosotros no podemos subir el precio de combustibles porque si no hay una subvenci\u00f3n de YPF a los usuarios. El precio del barril baj\u00f3 U$S 10 y la \u00faltima semana subi\u00f3 U$S 4. Estamos analiz\u00e1ndolo y te prometo que la semana que viene vamos a tener una definici\u00f3n. Puede ser que lo bajemos\u201d, dijo en declaraciones period\u00edsticas el viernes pasado.<\/p>\n\n\n\n<p><strong>\u201cLo l\u00f3gico ser\u00eda que bajara, porque baj\u00f3 mucho el precio del petr\u00f3leo\u201d,<\/strong>&nbsp;explic\u00f3&nbsp;<strong>Ra\u00fal Castellano, de la C\u00e1mara de Empresarios del Combustible,<\/strong>&nbsp;pero advirti\u00f3 que \u201cest\u00e1 pesando que hay mucho el atrasado de la actualizaci\u00f3n en los impuestos que gravan el combustible\u201d.<\/p>\n\n\n\n<blockquote class=\"wp-block-quote is-layout-flow wp-block-quote-is-layout-flow\">\n<p>\u201cSeg\u00fan el Presupuesto del a\u00f1o que viene, aumentar\u00edan los impuestos un 155% m\u00e1s o menos. De manera que, si bien la chance est\u00e1 de que bajen, lo m\u00e1s probable es que el precio no se mueva, o que suba un porcentaje no mayor al 1%\u201d, agreg\u00f3.<\/p>\n<\/blockquote>\n\n\n\n<p><em>Fuente: DIB.<\/em><\/p>\n","protected":false},"excerpt":{"rendered":"<p>En las \u00faltimas horas se confirm\u00f3 que desde&nbsp;el 1\u00ba de octubre (martes que viene), los precios de los combustibles bajar\u00e1n hasta 3% por la ca\u00edda de la cotizaci\u00f3n internacional del petr\u00f3leo Brent, que se utiliza de referencia en el mercado argentino. Seg\u00fan confirmaron fuentes del sector al portal especializado Energy Report,&nbsp;los precios de YPF bajar\u00e1n [&hellip;]<\/p>\n","protected":false},"author":8,"featured_media":8916,"comment_status":"open","ping_status":"open","sticky":false,"template":"","format":"standard","meta":{"_monsterinsights_skip_tracking":false,"_monsterinsights_sitenote_active":false,"_monsterinsights_sitenote_note":"","_monsterinsights_sitenote_category":0,"footnotes":""},"categories":[16],"tags":[1633,100,1634],"class_list":["post-8915","post","type-post","status-publish","format-standard","has-post-thumbnail","hentry","category-noticias","tag-combustibles","tag-municipio-de-campo-quijano","tag-ypf"],"yoast_head":"<!-- This site is optimized with the Yoast SEO plugin v20.8 - https:\/\/yoast.com\/wordpress\/plugins\/seo\/ -->\n<title>Los precios de los combustibles bajar\u00e1n un 3% a partir del lunes - RQ 99.9<\/title>\n<meta name=\"description\" content=\"Ocurre por el abaratamiento del petr\u00f3leo. No se daba desde 2019. Comenzar\u00e1 YPF y se estima que despu\u00e9s sigan el resto de las petroleras.\" \/>\n<meta name=\"robots\" content=\"index, follow, max-snippet:-1, max-image-preview:large, max-video-preview:-1\" \/>\n<link rel=\"canonical\" href=\"https:\/\/nahuelproducciones.com.ar\/radioquijano\/los-precios-de-los-combustibles-bajaran-un-3-a-partir-del-lunes\/\" \/>\n<meta property=\"og:locale\" content=\"es_ES\" \/>\n<meta property=\"og:type\" content=\"article\" \/>\n<meta property=\"og:title\" content=\"Los precios de los combustibles bajar\u00e1n un 3% a partir del lunes - RQ 99.9\" \/>\n<meta property=\"og:description\" content=\"Ocurre por el abaratamiento del petr\u00f3leo. No se daba desde 2019. Comenzar\u00e1 YPF y se estima que despu\u00e9s sigan el resto de las petroleras.\" \/>\n<meta property=\"og:url\" content=\"https:\/\/nahuelproducciones.com.ar\/radioquijano\/los-precios-de-los-combustibles-bajaran-un-3-a-partir-del-lunes\/\" \/>\n<meta property=\"og:site_name\" content=\"RQ 99.9\" \/>\n<meta property=\"article:publisher\" content=\"https:\/\/www.facebook.com\/nahuelproducciones999\/\" \/>\n<meta property=\"article:published_time\" content=\"2024-09-26T12:47:40+00:00\" \/>\n<meta property=\"article:modified_time\" content=\"2024-09-26T12:50:16+00:00\" \/>\n<meta property=\"og:image\" content=\"https:\/\/nahuelproducciones.com.ar\/radioquijano\/wp-content\/uploads\/2024\/09\/foto1-17.jpg\" \/>\n\t<meta property=\"og:image:width\" content=\"750\" \/>\n\t<meta property=\"og:image:height\" content=\"420\" \/>\n\t<meta property=\"og:image:type\" content=\"image\/jpeg\" \/>\n<meta name=\"author\" content=\"Cecilia Pastrana\" \/>\n<meta name=\"twitter:card\" content=\"summary_large_image\" \/>\n<meta name=\"twitter:creator\" content=\"@nahuproduciones\" \/>\n<meta name=\"twitter:site\" content=\"@nahuproduciones\" \/>\n<meta name=\"twitter:label1\" content=\"Escrito por\" \/>\n\t<meta name=\"twitter:data1\" content=\"Cecilia Pastrana\" \/>\n\t<meta name=\"twitter:label2\" content=\"Tiempo de lectura\" \/>\n\t<meta name=\"twitter:data2\" content=\"2 minutos\" \/>\n<script type=\"application\/ld+json\" class=\"yoast-schema-graph\">{\"@context\":\"https:\/\/schema.org\",\"@graph\":[{\"@type\":\"WebPage\",\"@id\":\"https:\/\/nahuelproducciones.com.ar\/radioquijano\/los-precios-de-los-combustibles-bajaran-un-3-a-partir-del-lunes\/\",\"url\":\"https:\/\/nahuelproducciones.com.ar\/radioquijano\/los-precios-de-los-combustibles-bajaran-un-3-a-partir-del-lunes\/\",\"name\":\"Los precios de los combustibles bajar\u00e1n un 3% a partir del lunes - RQ 99.9\",\"isPartOf\":{\"@id\":\"https:\/\/nahuelproducciones.com.ar\/radioquijano\/#website\"},\"datePublished\":\"2024-09-26T12:47:40+00:00\",\"dateModified\":\"2024-09-26T12:50:16+00:00\",\"author\":{\"@id\":\"https:\/\/nahuelproducciones.com.ar\/radioquijano\/#\/schema\/person\/e8a4f939e2cb487fe6d0c54042c9d32c\"},\"description\":\"Ocurre por el abaratamiento del petr\u00f3leo. No se daba desde 2019. Comenzar\u00e1 YPF y se estima que despu\u00e9s sigan el resto de las petroleras.\",\"breadcrumb\":{\"@id\":\"https:\/\/nahuelproducciones.com.ar\/radioquijano\/los-precios-de-los-combustibles-bajaran-un-3-a-partir-del-lunes\/#breadcrumb\"},\"inLanguage\":\"es\",\"potentialAction\":[{\"@type\":\"ReadAction\",\"target\":[\"https:\/\/nahuelproducciones.com.ar\/radioquijano\/los-precios-de-los-combustibles-bajaran-un-3-a-partir-del-lunes\/\"]}]},{\"@type\":\"BreadcrumbList\",\"@id\":\"https:\/\/nahuelproducciones.com.ar\/radioquijano\/los-precios-de-los-combustibles-bajaran-un-3-a-partir-del-lunes\/#breadcrumb\",\"itemListElement\":[{\"@type\":\"ListItem\",\"position\":1,\"name\":\"Portada\",\"item\":\"https:\/\/nahuelproducciones.com.ar\/radioquijano\/\"},{\"@type\":\"ListItem\",\"position\":2,\"name\":\"Los precios de los combustibles bajar\u00e1n un 3% a partir del lunes\"}]},{\"@type\":\"WebSite\",\"@id\":\"https:\/\/nahuelproducciones.com.ar\/radioquijano\/#website\",\"url\":\"https:\/\/nahuelproducciones.com.ar\/radioquijano\/\",\"name\":\"RQ 99.9\",\"description\":\"Radio Quijano 99.9 MHz\",\"potentialAction\":[{\"@type\":\"SearchAction\",\"target\":{\"@type\":\"EntryPoint\",\"urlTemplate\":\"https:\/\/nahuelproducciones.com.ar\/radioquijano\/?s={search_term_string}\"},\"query-input\":\"required name=search_term_string\"}],\"inLanguage\":\"es\"},{\"@type\":\"Person\",\"@id\":\"https:\/\/nahuelproducciones.com.ar\/radioquijano\/#\/schema\/person\/e8a4f939e2cb487fe6d0c54042c9d32c\",\"name\":\"Cecilia Pastrana\",\"image\":{\"@type\":\"ImageObject\",\"inLanguage\":\"es\",\"@id\":\"https:\/\/nahuelproducciones.com.ar\/radioquijano\/#\/schema\/person\/image\/\",\"url\":\"https:\/\/secure.gravatar.com\/avatar\/661a3ef63a8488d4f2794ed44af8cf71420f7e106f3072c40125114df5157749?s=96&d=mm&r=g\",\"contentUrl\":\"https:\/\/secure.gravatar.com\/avatar\/661a3ef63a8488d4f2794ed44af8cf71420f7e106f3072c40125114df5157749?s=96&d=mm&r=g\",\"caption\":\"Cecilia Pastrana\"},\"sameAs\":[\"cecy\"],\"url\":\"https:\/\/nahuelproducciones.com.ar\/radioquijano\/author\/cecy\/\"}]}<\/script>\n<!-- \/ Yoast SEO plugin. -->","yoast_head_json":{"title":"Los precios de los combustibles bajar\u00e1n un 3% a partir del lunes - RQ 99.9","description":"Ocurre por el abaratamiento del petr\u00f3leo. No se daba desde 2019. Comenzar\u00e1 YPF y se estima que despu\u00e9s sigan el resto de las petroleras.","robots":{"index":"index","follow":"follow","max-snippet":"max-snippet:-1","max-image-preview":"max-image-preview:large","max-video-preview":"max-video-preview:-1"},"canonical":"https:\/\/nahuelproducciones.com.ar\/radioquijano\/los-precios-de-los-combustibles-bajaran-un-3-a-partir-del-lunes\/","og_locale":"es_ES","og_type":"article","og_title":"Los precios de los combustibles bajar\u00e1n un 3% a partir del lunes - RQ 99.9","og_description":"Ocurre por el abaratamiento del petr\u00f3leo. No se daba desde 2019. Comenzar\u00e1 YPF y se estima que despu\u00e9s sigan el resto de las petroleras.","og_url":"https:\/\/nahuelproducciones.com.ar\/radioquijano\/los-precios-de-los-combustibles-bajaran-un-3-a-partir-del-lunes\/","og_site_name":"RQ 99.9","article_publisher":"https:\/\/www.facebook.com\/nahuelproducciones999\/","article_published_time":"2024-09-26T12:47:40+00:00","article_modified_time":"2024-09-26T12:50:16+00:00","og_image":[{"width":750,"height":420,"url":"https:\/\/nahuelproducciones.com.ar\/radioquijano\/wp-content\/uploads\/2024\/09\/foto1-17.jpg","type":"image\/jpeg"}],"author":"Cecilia Pastrana","twitter_card":"summary_large_image","twitter_creator":"@nahuproduciones","twitter_site":"@nahuproduciones","twitter_misc":{"Escrito por":"Cecilia Pastrana","Tiempo de lectura":"2 minutos"},"schema":{"@context":"https:\/\/schema.org","@graph":[{"@type":"WebPage","@id":"https:\/\/nahuelproducciones.com.ar\/radioquijano\/los-precios-de-los-combustibles-bajaran-un-3-a-partir-del-lunes\/","url":"https:\/\/nahuelproducciones.com.ar\/radioquijano\/los-precios-de-los-combustibles-bajaran-un-3-a-partir-del-lunes\/","name":"Los precios de los combustibles bajar\u00e1n un 3% a partir del lunes - RQ 99.9","isPartOf":{"@id":"https:\/\/nahuelproducciones.com.ar\/radioquijano\/#website"},"datePublished":"2024-09-26T12:47:40+00:00","dateModified":"2024-09-26T12:50:16+00:00","author":{"@id":"https:\/\/nahuelproducciones.com.ar\/radioquijano\/#\/schema\/person\/e8a4f939e2cb487fe6d0c54042c9d32c"},"description":"Ocurre por el abaratamiento del petr\u00f3leo. No se daba desde 2019. Comenzar\u00e1 YPF y se estima que despu\u00e9s sigan el resto de las petroleras.","breadcrumb":{"@id":"https:\/\/nahuelproducciones.com.ar\/radioquijano\/los-precios-de-los-combustibles-bajaran-un-3-a-partir-del-lunes\/#breadcrumb"},"inLanguage":"es","potentialAction":[{"@type":"ReadAction","target":["https:\/\/nahuelproducciones.com.ar\/radioquijano\/los-precios-de-los-combustibles-bajaran-un-3-a-partir-del-lunes\/"]}]},{"@type":"BreadcrumbList","@id":"https:\/\/nahuelproducciones.com.ar\/radioquijano\/los-precios-de-los-combustibles-bajaran-un-3-a-partir-del-lunes\/#breadcrumb","itemListElement":[{"@type":"ListItem","position":1,"name":"Portada","item":"https:\/\/nahuelproducciones.com.ar\/radioquijano\/"},{"@type":"ListItem","position":2,"name":"Los precios de los combustibles bajar\u00e1n un 3% a partir del lunes"}]},{"@type":"WebSite","@id":"https:\/\/nahuelproducciones.com.ar\/radioquijano\/#website","url":"https:\/\/nahuelproducciones.com.ar\/radioquijano\/","name":"RQ 99.9","description":"Radio Quijano 99.9 MHz","potentialAction":[{"@type":"SearchAction","target":{"@type":"EntryPoint","urlTemplate":"https:\/\/nahuelproducciones.com.ar\/radioquijano\/?s={search_term_string}"},"query-input":"required name=search_term_string"}],"inLanguage":"es"},{"@type":"Person","@id":"https:\/\/nahuelproducciones.com.ar\/radioquijano\/#\/schema\/person\/e8a4f939e2cb487fe6d0c54042c9d32c","name":"Cecilia Pastrana","image":{"@type":"ImageObject","inLanguage":"es","@id":"https:\/\/nahuelproducciones.com.ar\/radioquijano\/#\/schema\/person\/image\/","url":"https:\/\/secure.gravatar.com\/avatar\/661a3ef63a8488d4f2794ed44af8cf71420f7e106f3072c40125114df5157749?s=96&d=mm&r=g","contentUrl":"https:\/\/secure.gravatar.com\/avatar\/661a3ef63a8488d4f2794ed44af8cf71420f7e106f3072c40125114df5157749?s=96&d=mm&r=g","caption":"Cecilia Pastrana"},"sameAs":["cecy"],"url":"https:\/\/nahuelproducciones.com.ar\/radioquijano\/author\/cecy\/"}]}},"_links":{"self":[{"href":"https:\/\/nahuelproducciones.com.ar\/radioquijano\/wp-json\/wp\/v2\/posts\/8915","targetHints":{"allow":["GET"]}}],"collection":[{"href":"https:\/\/nahuelproducciones.com.ar\/radioquijano\/wp-json\/wp\/v2\/posts"}],"about":[{"href":"https:\/\/nahuelproducciones.com.ar\/radioquijano\/wp-json\/wp\/v2\/types\/post"}],"author":[{"embeddable":true,"href":"https:\/\/nahuelproducciones.com.ar\/radioquijano\/wp-json\/wp\/v2\/users\/8"}],"replies":[{"embeddable":true,"href":"https:\/\/nahuelproducciones.com.ar\/radioquijano\/wp-json\/wp\/v2\/comments?post=8915"}],"version-history":[{"count":2,"href":"https:\/\/nahuelproducciones.com.ar\/radioquijano\/wp-json\/wp\/v2\/posts\/8915\/revisions"}],"predecessor-version":[{"id":8918,"href":"https:\/\/nahuelproducciones.com.ar\/radioquijano\/wp-json\/wp\/v2\/posts\/8915\/revisions\/8918"}],"wp:featuredmedia":[{"embeddable":true,"href":"https:\/\/nahuelproducciones.com.ar\/radioquijano\/wp-json\/wp\/v2\/media\/8916"}],"wp:attachment":[{"href":"https:\/\/nahuelproducciones.com.ar\/radioquijano\/wp-json\/wp\/v2\/media?parent=8915"}],"wp:term":[{"taxonomy":"category","embeddable":true,"href":"https:\/\/nahuelproducciones.com.ar\/radioquijano\/wp-json\/wp\/v2\/categories?post=8915"},{"taxonomy":"post_tag","embeddable":true,"href":"https:\/\/nahuelproducciones.com.ar\/radioquijano\/wp-json\/wp\/v2\/tags?post=8915"}],"curies":[{"name":"wp","href":"https:\/\/api.w.org\/{rel}","templated":true}]}}