{"id":8919,"date":"2024-09-30T22:07:28","date_gmt":"2024-10-01T01:07:28","guid":{"rendered":"https:\/\/nahuelproducciones.com.ar\/radioquijano\/?p=8919"},"modified":"2024-10-01T11:01:23","modified_gmt":"2024-10-01T14:01:23","slug":"expo-artistica-tierra-viva-en-casa-de-la-cultura-de-campo-quijano","status":"publish","type":"post","link":"https:\/\/nahuelproducciones.com.ar\/radioquijano\/expo-artistica-tierra-viva-en-casa-de-la-cultura-de-campo-quijano\/","title":{"rendered":"Expo Art\u00edstica: \u00abTIERRA VIVA\u00bb en Casa de la Cultura de Campo Quijano."},"content":{"rendered":"\n<p>El Director de Cultura , Javier Gonz\u00e1lez , en comunicaci\u00f3n con RQ99.9Mhz, anunci\u00f3 la apertura de la Expo Art\u00edstica el d\u00eda 28 de septiembre desde las 19:30hs.<\/p>\n\n\n\n<p>El director cont\u00f3 que en la semana del 30 de septiembre al 5 de octubre esperan a todos a visitarla  en el horario de 8:00hs  a 13:00 hs y de 14:00hs a 20:00hs.<\/p>\n\n\n\n<p>El Colectivo Tierra y vida est\u00e1 visitando distintas provincias y municipios llevando su arte y dando a conocer el arte de artesanos y artistas pl\u00e1sticos.<\/p>\n\n\n\n<p>El lema de este a\u00f1o es \u00abPaisaje de Salta\u00bb y se concreta la llegada gracias al artista de Campo Quijano, Pablo Farf\u00e1n y por el visto bueno del Intendente Ing. Lino Yonar.<\/p>\n\n\n\n<p>\u00abTierra Viva\u00bb invita a la comunidad en general a participar de las Exposiciones Colectivas que se realizan integrando a los artesanos y artistas locales. <\/p>\n\n\n\n<p>En este camino colmado de vivencias, con el coraz\u00f3n abierto a los saberes que nos brinda cada contexto, el arte es el nexo fundamental entre artesanos y artistas pl\u00e1sticos que buscan expresar emociones, sensaciones, pensamientos, siempre creando . De este modo nacen fuertes v\u00ednculos y sue\u00f1os, que con el paso del tiempo no s\u00f3lo crecen sino que se concretan y fortalecen\u2026<\/p>\n\n\n\n<p>Seguimos en el camino motivados, porque el arte nos une, nos integra, y nos renueva el amor a nuestra Tiene Viva .<\/p>\n\n\n\n<p>Escucha la entrevista:<\/p>\n\n\n\n<figure class=\"wp-block-audio\"><audio controls src=\"https:\/\/nahuelproducciones.com.ar\/radioquijano\/wp-content\/uploads\/2024\/09\/26-09-2024-DIRECTOR-DE-CULTURA-JAVIER-GONZALEZ-TEMA-MUESTRA-DE-ARTE-COLECTIVA-PAISAJE-DE-SALTA-.mp3\"><\/audio><\/figure>\n\n\n\n<figure class=\"wp-block-gallery has-nested-images columns-default is-cropped wp-block-gallery-1 is-layout-flex wp-block-gallery-is-layout-flex\">\n<figure class=\"wp-block-image size-large\"><img loading=\"lazy\" decoding=\"async\" width=\"902\" height=\"491\" data-id=\"8921\" src=\"https:\/\/nahuelproducciones.com.ar\/radioquijano\/wp-content\/uploads\/2024\/09\/WhatsApp-Image-2024-09-30-at-9.25.01-PM.jpeg\" alt=\"\" class=\"wp-image-8921\" srcset=\"https:\/\/nahuelproducciones.com.ar\/radioquijano\/wp-content\/uploads\/2024\/09\/WhatsApp-Image-2024-09-30-at-9.25.01-PM.jpeg 902w, https:\/\/nahuelproducciones.com.ar\/radioquijano\/wp-content\/uploads\/2024\/09\/WhatsApp-Image-2024-09-30-at-9.25.01-PM-300x163.jpeg 300w, https:\/\/nahuelproducciones.com.ar\/radioquijano\/wp-content\/uploads\/2024\/09\/WhatsApp-Image-2024-09-30-at-9.25.01-PM-768x418.jpeg 768w, https:\/\/nahuelproducciones.com.ar\/radioquijano\/wp-content\/uploads\/2024\/09\/WhatsApp-Image-2024-09-30-at-9.25.01-PM-150x82.jpeg 150w\" sizes=\"auto, (max-width: 902px) 100vw, 902px\" \/><\/figure>\n<\/figure>\n\n\n\n<p>Imagen gentileza de Casa de la Cultura.<\/p>\n","protected":false},"excerpt":{"rendered":"<p>El Director de Cultura , Javier Gonz\u00e1lez , en comunicaci\u00f3n con RQ99.9Mhz, anunci\u00f3 la apertura de la Expo Art\u00edstica el d\u00eda 28 de septiembre desde las 19:30hs. El director cont\u00f3 que en la semana del 30 de septiembre al 5 de octubre esperan a todos a visitarla en el horario de 8:00hs a 13:00 hs [&hellip;]<\/p>\n","protected":false},"author":8,"featured_media":8922,"comment_status":"open","ping_status":"open","sticky":false,"template":"","format":"standard","meta":{"_monsterinsights_skip_tracking":false,"_monsterinsights_sitenote_active":false,"_monsterinsights_sitenote_note":"","_monsterinsights_sitenote_category":0,"footnotes":""},"categories":[16],"tags":[1447,100,1635],"class_list":["post-8919","post","type-post","status-publish","format-standard","has-post-thumbnail","hentry","category-noticias","tag-director-de-cultura-del-municipio-de-campo-quijano","tag-municipio-de-campo-quijano","tag-tierra-viva"],"yoast_head":"<!-- This site is optimized with the Yoast SEO plugin v20.8 - https:\/\/yoast.com\/wordpress\/plugins\/seo\/ -->\n<title>Expo Art\u00edstica: &quot;TIERRA VIVA&quot; en Casa de la Cultura de Campo Quijano. - RQ 99.9<\/title>\n<meta name=\"description\" content=\"Hasta el 5 de octubre esperan a todos a visitarla en el horario de 8:00hs a 13:00 hs y de 14:00hs a 20:00hs.\" \/>\n<meta name=\"robots\" content=\"index, follow, max-snippet:-1, max-image-preview:large, max-video-preview:-1\" \/>\n<link rel=\"canonical\" href=\"https:\/\/nahuelproducciones.com.ar\/radioquijano\/expo-artistica-tierra-viva-en-casa-de-la-cultura-de-campo-quijano\/\" \/>\n<meta property=\"og:locale\" content=\"es_ES\" \/>\n<meta property=\"og:type\" content=\"article\" \/>\n<meta property=\"og:title\" content=\"Expo Art\u00edstica: &quot;TIERRA VIVA&quot; en Casa de la Cultura de Campo Quijano. - RQ 99.9\" \/>\n<meta property=\"og:description\" content=\"Hasta el 5 de octubre esperan a todos a visitarla en el horario de 8:00hs a 13:00 hs y de 14:00hs a 20:00hs.\" \/>\n<meta property=\"og:url\" content=\"https:\/\/nahuelproducciones.com.ar\/radioquijano\/expo-artistica-tierra-viva-en-casa-de-la-cultura-de-campo-quijano\/\" \/>\n<meta property=\"og:site_name\" content=\"RQ 99.9\" \/>\n<meta property=\"article:publisher\" content=\"https:\/\/www.facebook.com\/nahuelproducciones999\/\" \/>\n<meta property=\"article:published_time\" content=\"2024-10-01T01:07:28+00:00\" \/>\n<meta property=\"article:modified_time\" content=\"2024-10-01T14:01:23+00:00\" \/>\n<meta property=\"og:image\" content=\"https:\/\/nahuelproducciones.com.ar\/radioquijano\/wp-content\/uploads\/2024\/09\/5c805b57-ba92-422c-885b-18499fae318e.jpeg\" \/>\n\t<meta property=\"og:image:width\" content=\"893\" \/>\n\t<meta property=\"og:image:height\" content=\"1245\" \/>\n\t<meta property=\"og:image:type\" content=\"image\/jpeg\" \/>\n<meta name=\"author\" content=\"Cecilia Pastrana\" \/>\n<meta name=\"twitter:card\" content=\"summary_large_image\" \/>\n<meta name=\"twitter:creator\" content=\"@nahuproduciones\" \/>\n<meta name=\"twitter:site\" content=\"@nahuproduciones\" \/>\n<meta name=\"twitter:label1\" content=\"Escrito por\" \/>\n\t<meta name=\"twitter:data1\" content=\"Cecilia Pastrana\" \/>\n\t<meta name=\"twitter:label2\" content=\"Tiempo de lectura\" \/>\n\t<meta name=\"twitter:data2\" content=\"2 minutos\" \/>\n<script type=\"application\/ld+json\" class=\"yoast-schema-graph\">{\"@context\":\"https:\/\/schema.org\",\"@graph\":[{\"@type\":\"WebPage\",\"@id\":\"https:\/\/nahuelproducciones.com.ar\/radioquijano\/expo-artistica-tierra-viva-en-casa-de-la-cultura-de-campo-quijano\/\",\"url\":\"https:\/\/nahuelproducciones.com.ar\/radioquijano\/expo-artistica-tierra-viva-en-casa-de-la-cultura-de-campo-quijano\/\",\"name\":\"Expo Art\u00edstica: \\\"TIERRA VIVA\\\" en Casa de la Cultura de Campo Quijano. - RQ 99.9\",\"isPartOf\":{\"@id\":\"https:\/\/nahuelproducciones.com.ar\/radioquijano\/#website\"},\"datePublished\":\"2024-10-01T01:07:28+00:00\",\"dateModified\":\"2024-10-01T14:01:23+00:00\",\"author\":{\"@id\":\"https:\/\/nahuelproducciones.com.ar\/radioquijano\/#\/schema\/person\/e8a4f939e2cb487fe6d0c54042c9d32c\"},\"description\":\"Hasta el 5 de octubre esperan a todos a visitarla en el horario de 8:00hs a 13:00 hs y de 14:00hs a 20:00hs.\",\"breadcrumb\":{\"@id\":\"https:\/\/nahuelproducciones.com.ar\/radioquijano\/expo-artistica-tierra-viva-en-casa-de-la-cultura-de-campo-quijano\/#breadcrumb\"},\"inLanguage\":\"es\",\"potentialAction\":[{\"@type\":\"ReadAction\",\"target\":[\"https:\/\/nahuelproducciones.com.ar\/radioquijano\/expo-artistica-tierra-viva-en-casa-de-la-cultura-de-campo-quijano\/\"]}]},{\"@type\":\"BreadcrumbList\",\"@id\":\"https:\/\/nahuelproducciones.com.ar\/radioquijano\/expo-artistica-tierra-viva-en-casa-de-la-cultura-de-campo-quijano\/#breadcrumb\",\"itemListElement\":[{\"@type\":\"ListItem\",\"position\":1,\"name\":\"Portada\",\"item\":\"https:\/\/nahuelproducciones.com.ar\/radioquijano\/\"},{\"@type\":\"ListItem\",\"position\":2,\"name\":\"Expo Art\u00edstica: &#8220;TIERRA VIVA&#8221; en Casa de la Cultura de Campo Quijano.\"}]},{\"@type\":\"WebSite\",\"@id\":\"https:\/\/nahuelproducciones.com.ar\/radioquijano\/#website\",\"url\":\"https:\/\/nahuelproducciones.com.ar\/radioquijano\/\",\"name\":\"RQ 99.9\",\"description\":\"Radio Quijano 99.9 MHz\",\"potentialAction\":[{\"@type\":\"SearchAction\",\"target\":{\"@type\":\"EntryPoint\",\"urlTemplate\":\"https:\/\/nahuelproducciones.com.ar\/radioquijano\/?s={search_term_string}\"},\"query-input\":\"required name=search_term_string\"}],\"inLanguage\":\"es\"},{\"@type\":\"Person\",\"@id\":\"https:\/\/nahuelproducciones.com.ar\/radioquijano\/#\/schema\/person\/e8a4f939e2cb487fe6d0c54042c9d32c\",\"name\":\"Cecilia Pastrana\",\"image\":{\"@type\":\"ImageObject\",\"inLanguage\":\"es\",\"@id\":\"https:\/\/nahuelproducciones.com.ar\/radioquijano\/#\/schema\/person\/image\/\",\"url\":\"https:\/\/secure.gravatar.com\/avatar\/661a3ef63a8488d4f2794ed44af8cf71420f7e106f3072c40125114df5157749?s=96&d=mm&r=g\",\"contentUrl\":\"https:\/\/secure.gravatar.com\/avatar\/661a3ef63a8488d4f2794ed44af8cf71420f7e106f3072c40125114df5157749?s=96&d=mm&r=g\",\"caption\":\"Cecilia Pastrana\"},\"sameAs\":[\"cecy\"],\"url\":\"https:\/\/nahuelproducciones.com.ar\/radioquijano\/author\/cecy\/\"}]}<\/script>\n<!-- \/ Yoast SEO plugin. -->","yoast_head_json":{"title":"Expo Art\u00edstica: \"TIERRA VIVA\" en Casa de la Cultura de Campo Quijano. - RQ 99.9","description":"Hasta el 5 de octubre esperan a todos a visitarla en el horario de 8:00hs a 13:00 hs y de 14:00hs a 20:00hs.","robots":{"index":"index","follow":"follow","max-snippet":"max-snippet:-1","max-image-preview":"max-image-preview:large","max-video-preview":"max-video-preview:-1"},"canonical":"https:\/\/nahuelproducciones.com.ar\/radioquijano\/expo-artistica-tierra-viva-en-casa-de-la-cultura-de-campo-quijano\/","og_locale":"es_ES","og_type":"article","og_title":"Expo Art\u00edstica: \"TIERRA VIVA\" en Casa de la Cultura de Campo Quijano. - RQ 99.9","og_description":"Hasta el 5 de octubre esperan a todos a visitarla en el horario de 8:00hs a 13:00 hs y de 14:00hs a 20:00hs.","og_url":"https:\/\/nahuelproducciones.com.ar\/radioquijano\/expo-artistica-tierra-viva-en-casa-de-la-cultura-de-campo-quijano\/","og_site_name":"RQ 99.9","article_publisher":"https:\/\/www.facebook.com\/nahuelproducciones999\/","article_published_time":"2024-10-01T01:07:28+00:00","article_modified_time":"2024-10-01T14:01:23+00:00","og_image":[{"width":893,"height":1245,"url":"https:\/\/nahuelproducciones.com.ar\/radioquijano\/wp-content\/uploads\/2024\/09\/5c805b57-ba92-422c-885b-18499fae318e.jpeg","type":"image\/jpeg"}],"author":"Cecilia Pastrana","twitter_card":"summary_large_image","twitter_creator":"@nahuproduciones","twitter_site":"@nahuproduciones","twitter_misc":{"Escrito por":"Cecilia Pastrana","Tiempo de lectura":"2 minutos"},"schema":{"@context":"https:\/\/schema.org","@graph":[{"@type":"WebPage","@id":"https:\/\/nahuelproducciones.com.ar\/radioquijano\/expo-artistica-tierra-viva-en-casa-de-la-cultura-de-campo-quijano\/","url":"https:\/\/nahuelproducciones.com.ar\/radioquijano\/expo-artistica-tierra-viva-en-casa-de-la-cultura-de-campo-quijano\/","name":"Expo Art\u00edstica: \"TIERRA VIVA\" en Casa de la Cultura de Campo Quijano. - RQ 99.9","isPartOf":{"@id":"https:\/\/nahuelproducciones.com.ar\/radioquijano\/#website"},"datePublished":"2024-10-01T01:07:28+00:00","dateModified":"2024-10-01T14:01:23+00:00","author":{"@id":"https:\/\/nahuelproducciones.com.ar\/radioquijano\/#\/schema\/person\/e8a4f939e2cb487fe6d0c54042c9d32c"},"description":"Hasta el 5 de octubre esperan a todos a visitarla en el horario de 8:00hs a 13:00 hs y de 14:00hs a 20:00hs.","breadcrumb":{"@id":"https:\/\/nahuelproducciones.com.ar\/radioquijano\/expo-artistica-tierra-viva-en-casa-de-la-cultura-de-campo-quijano\/#breadcrumb"},"inLanguage":"es","potentialAction":[{"@type":"ReadAction","target":["https:\/\/nahuelproducciones.com.ar\/radioquijano\/expo-artistica-tierra-viva-en-casa-de-la-cultura-de-campo-quijano\/"]}]},{"@type":"BreadcrumbList","@id":"https:\/\/nahuelproducciones.com.ar\/radioquijano\/expo-artistica-tierra-viva-en-casa-de-la-cultura-de-campo-quijano\/#breadcrumb","itemListElement":[{"@type":"ListItem","position":1,"name":"Portada","item":"https:\/\/nahuelproducciones.com.ar\/radioquijano\/"},{"@type":"ListItem","position":2,"name":"Expo Art\u00edstica: &#8220;TIERRA VIVA&#8221; en Casa de la Cultura de Campo Quijano."}]},{"@type":"WebSite","@id":"https:\/\/nahuelproducciones.com.ar\/radioquijano\/#website","url":"https:\/\/nahuelproducciones.com.ar\/radioquijano\/","name":"RQ 99.9","description":"Radio Quijano 99.9 MHz","potentialAction":[{"@type":"SearchAction","target":{"@type":"EntryPoint","urlTemplate":"https:\/\/nahuelproducciones.com.ar\/radioquijano\/?s={search_term_string}"},"query-input":"required name=search_term_string"}],"inLanguage":"es"},{"@type":"Person","@id":"https:\/\/nahuelproducciones.com.ar\/radioquijano\/#\/schema\/person\/e8a4f939e2cb487fe6d0c54042c9d32c","name":"Cecilia Pastrana","image":{"@type":"ImageObject","inLanguage":"es","@id":"https:\/\/nahuelproducciones.com.ar\/radioquijano\/#\/schema\/person\/image\/","url":"https:\/\/secure.gravatar.com\/avatar\/661a3ef63a8488d4f2794ed44af8cf71420f7e106f3072c40125114df5157749?s=96&d=mm&r=g","contentUrl":"https:\/\/secure.gravatar.com\/avatar\/661a3ef63a8488d4f2794ed44af8cf71420f7e106f3072c40125114df5157749?s=96&d=mm&r=g","caption":"Cecilia Pastrana"},"sameAs":["cecy"],"url":"https:\/\/nahuelproducciones.com.ar\/radioquijano\/author\/cecy\/"}]}},"_links":{"self":[{"href":"https:\/\/nahuelproducciones.com.ar\/radioquijano\/wp-json\/wp\/v2\/posts\/8919","targetHints":{"allow":["GET"]}}],"collection":[{"href":"https:\/\/nahuelproducciones.com.ar\/radioquijano\/wp-json\/wp\/v2\/posts"}],"about":[{"href":"https:\/\/nahuelproducciones.com.ar\/radioquijano\/wp-json\/wp\/v2\/types\/post"}],"author":[{"embeddable":true,"href":"https:\/\/nahuelproducciones.com.ar\/radioquijano\/wp-json\/wp\/v2\/users\/8"}],"replies":[{"embeddable":true,"href":"https:\/\/nahuelproducciones.com.ar\/radioquijano\/wp-json\/wp\/v2\/comments?post=8919"}],"version-history":[{"count":3,"href":"https:\/\/nahuelproducciones.com.ar\/radioquijano\/wp-json\/wp\/v2\/posts\/8919\/revisions"}],"predecessor-version":[{"id":8937,"href":"https:\/\/nahuelproducciones.com.ar\/radioquijano\/wp-json\/wp\/v2\/posts\/8919\/revisions\/8937"}],"wp:featuredmedia":[{"embeddable":true,"href":"https:\/\/nahuelproducciones.com.ar\/radioquijano\/wp-json\/wp\/v2\/media\/8922"}],"wp:attachment":[{"href":"https:\/\/nahuelproducciones.com.ar\/radioquijano\/wp-json\/wp\/v2\/media?parent=8919"}],"wp:term":[{"taxonomy":"category","embeddable":true,"href":"https:\/\/nahuelproducciones.com.ar\/radioquijano\/wp-json\/wp\/v2\/categories?post=8919"},{"taxonomy":"post_tag","embeddable":true,"href":"https:\/\/nahuelproducciones.com.ar\/radioquijano\/wp-json\/wp\/v2\/tags?post=8919"}],"curies":[{"name":"wp","href":"https:\/\/api.w.org\/{rel}","templated":true}]}}