{"id":8929,"date":"2024-10-01T01:23:08","date_gmt":"2024-10-01T04:23:08","guid":{"rendered":"https:\/\/nahuelproducciones.com.ar\/radioquijano\/?p=8929"},"modified":"2024-10-01T01:28:14","modified_gmt":"2024-10-01T04:28:14","slug":"director-de-transito-operativos-durante-el-fin-de-semana","status":"publish","type":"post","link":"https:\/\/nahuelproducciones.com.ar\/radioquijano\/director-de-transito-operativos-durante-el-fin-de-semana\/","title":{"rendered":"Director de tr\u00e1nsito: operativos durante el fin de semana"},"content":{"rendered":"\n<p>En comunicaci\u00f3n telef\u00f3nica con RQ9.9Mhz, el Director De Tr\u00e1nsito Dr. Cristian Farf\u00e1n cont\u00f3 que se realiz\u00f3 un operativo de control de tr\u00e1nsito en el fin de semana con el objetivo de resguardar la seguridad de los conductores.<\/p>\n\n\n\n<p>Farf\u00e1n mencion\u00f3 que los operativos se realizaron durante el fin de semana en distintos puntos del municipio. Como resultado demoraron motos y realizaron infracciones.<\/p>\n\n\n\n<p> Los motivos fueron:<\/p>\n\n\n\n<p><img loading=\"lazy\" decoding=\"async\" height=\"16\" width=\"16\" alt=\"&#x27a1;&#xfe0f;\" src=\"https:\/\/static.xx.fbcdn.net\/images\/emoji.php\/v9\/t9e\/1\/16\/27a1.png\">falta de documentaci\u00f3n del motoveh\u00edculo<\/p>\n\n\n\n<p><a><\/a><img loading=\"lazy\" decoding=\"async\" height=\"16\" width=\"16\" alt=\"&#x27a1;&#xfe0f;\" src=\"https:\/\/static.xx.fbcdn.net\/images\/emoji.php\/v9\/t9e\/1\/16\/27a1.png\">sin licencia de conducir<\/p>\n\n\n\n<p><img loading=\"lazy\" decoding=\"async\" height=\"16\" width=\"16\" alt=\"&#x27a1;&#xfe0f;\" src=\"https:\/\/static.xx.fbcdn.net\/images\/emoji.php\/v9\/t9e\/1\/16\/27a1.png\">manejo por parte de menores de edad<\/p>\n\n\n\n<p><img loading=\"lazy\" decoding=\"async\" height=\"16\" width=\"16\" alt=\"&#x27a1;&#xfe0f;\" src=\"https:\/\/static.xx.fbcdn.net\/images\/emoji.php\/v9\/t9e\/1\/16\/27a1.png\">falta de casco y seguro<\/p>\n\n\n\n<p>El director manifest\u00f3 que con estas acciones buscamos prevenir accidentes y generar conciencia sobre las normas de tr\u00e1nsito. La seguridad vial es responsabilidad de todos.<\/p>\n\n\n\n<p>En Campo Quijano no tenemos ordenanza para prohibir <strong>circulaci\u00f3n de motocicletas<\/strong>\u00a0que no posean ca\u00f1o de escape homologado o que el mismo haya sido modificado, as\u00ed como aquellos que produzcan<strong>\u00a0ruido de impacto<\/strong>\u00a0por aceleraci\u00f3n, desgaste, estar defectuosos, carecer de silenciador u otros mecanismos.<\/p>\n\n\n\n<p>Escucha la entrevista:<\/p>\n\n\n\n<figure class=\"wp-block-audio\"><audio controls src=\"https:\/\/nahuelproducciones.com.ar\/radioquijano\/wp-content\/uploads\/2024\/10\/28-09-2024Directord-de-transito-tema-motos-y-control-vehicular.mp3\"><\/audio><\/figure>\n\n\n\n<figure class=\"wp-block-video\"><video controls src=\"https:\/\/nahuelproducciones.com.ar\/radioquijano\/wp-content\/uploads\/2024\/10\/AQPWJbhOIimTXnKJUBG2rs9v1NKfERkXuPSj-9RlvAkV3-XLoQ1iFyyOKapqlY3U28RSyYPfQ_IGbZspltHAerxc.mp4\"><\/video><\/figure>\n\n\n\n<p>Im\u00e1genes gentileza de Prensa municipal<\/p>\n\n\n\n<p> <\/p>\n","protected":false},"excerpt":{"rendered":"<p>En comunicaci\u00f3n telef\u00f3nica con RQ9.9Mhz, el Director De Tr\u00e1nsito Dr. Cristian Farf\u00e1n cont\u00f3 que se realiz\u00f3 un operativo de control de tr\u00e1nsito en el fin de semana con el objetivo de resguardar la seguridad de los conductores. Farf\u00e1n mencion\u00f3 que los operativos se realizaron durante el fin de semana en distintos puntos del municipio. Como [&hellip;]<\/p>\n","protected":false},"author":8,"featured_media":8932,"comment_status":"open","ping_status":"open","sticky":false,"template":"","format":"standard","meta":{"_monsterinsights_skip_tracking":false,"_monsterinsights_sitenote_active":false,"_monsterinsights_sitenote_note":"","_monsterinsights_sitenote_category":0,"footnotes":""},"categories":[16],"tags":[1637,100],"class_list":["post-8929","post","type-post","status-publish","format-standard","has-post-thumbnail","hentry","category-noticias","tag-control-vehicular","tag-municipio-de-campo-quijano"],"yoast_head":"<!-- This site is optimized with the Yoast SEO plugin v20.8 - https:\/\/yoast.com\/wordpress\/plugins\/seo\/ -->\n<title>Director de tr\u00e1nsito: operativos durante el fin de semana - RQ 99.9<\/title>\n<meta name=\"description\" content=\"Desde la Direcci\u00f3n de Tr\u00e1nsito les recuerda a los conductores que la seguridad vial es responsabilidad de todos.\" \/>\n<meta name=\"robots\" content=\"index, follow, max-snippet:-1, max-image-preview:large, max-video-preview:-1\" \/>\n<link rel=\"canonical\" href=\"https:\/\/nahuelproducciones.com.ar\/radioquijano\/director-de-transito-operativos-durante-el-fin-de-semana\/\" \/>\n<meta property=\"og:locale\" content=\"es_ES\" \/>\n<meta property=\"og:type\" content=\"article\" \/>\n<meta property=\"og:title\" content=\"Director de tr\u00e1nsito: operativos durante el fin de semana - RQ 99.9\" \/>\n<meta property=\"og:description\" content=\"Desde la Direcci\u00f3n de Tr\u00e1nsito les recuerda a los conductores que la seguridad vial es responsabilidad de todos.\" \/>\n<meta property=\"og:url\" content=\"https:\/\/nahuelproducciones.com.ar\/radioquijano\/director-de-transito-operativos-durante-el-fin-de-semana\/\" \/>\n<meta property=\"og:site_name\" content=\"RQ 99.9\" \/>\n<meta property=\"article:publisher\" content=\"https:\/\/www.facebook.com\/nahuelproducciones999\/\" \/>\n<meta property=\"article:published_time\" content=\"2024-10-01T04:23:08+00:00\" \/>\n<meta property=\"article:modified_time\" content=\"2024-10-01T04:28:14+00:00\" \/>\n<meta property=\"og:image\" content=\"https:\/\/nahuelproducciones.com.ar\/radioquijano\/wp-content\/uploads\/2024\/10\/WhatsApp-Image-2024-10-01-at-1.13.01-AM.jpeg\" \/>\n\t<meta property=\"og:image:width\" content=\"331\" \/>\n\t<meta property=\"og:image:height\" content=\"524\" \/>\n\t<meta property=\"og:image:type\" content=\"image\/jpeg\" \/>\n<meta name=\"author\" content=\"Cecilia Pastrana\" \/>\n<meta name=\"twitter:card\" content=\"summary_large_image\" \/>\n<meta name=\"twitter:creator\" content=\"@nahuproduciones\" \/>\n<meta name=\"twitter:site\" content=\"@nahuproduciones\" \/>\n<meta name=\"twitter:label1\" content=\"Escrito por\" \/>\n\t<meta name=\"twitter:data1\" content=\"Cecilia Pastrana\" \/>\n\t<meta name=\"twitter:label2\" content=\"Tiempo de lectura\" \/>\n\t<meta name=\"twitter:data2\" content=\"2 minutos\" \/>\n<script type=\"application\/ld+json\" class=\"yoast-schema-graph\">{\"@context\":\"https:\/\/schema.org\",\"@graph\":[{\"@type\":\"WebPage\",\"@id\":\"https:\/\/nahuelproducciones.com.ar\/radioquijano\/director-de-transito-operativos-durante-el-fin-de-semana\/\",\"url\":\"https:\/\/nahuelproducciones.com.ar\/radioquijano\/director-de-transito-operativos-durante-el-fin-de-semana\/\",\"name\":\"Director de tr\u00e1nsito: operativos durante el fin de semana - RQ 99.9\",\"isPartOf\":{\"@id\":\"https:\/\/nahuelproducciones.com.ar\/radioquijano\/#website\"},\"datePublished\":\"2024-10-01T04:23:08+00:00\",\"dateModified\":\"2024-10-01T04:28:14+00:00\",\"author\":{\"@id\":\"https:\/\/nahuelproducciones.com.ar\/radioquijano\/#\/schema\/person\/e8a4f939e2cb487fe6d0c54042c9d32c\"},\"description\":\"Desde la Direcci\u00f3n de Tr\u00e1nsito les recuerda a los conductores que la seguridad vial es responsabilidad de todos.\",\"breadcrumb\":{\"@id\":\"https:\/\/nahuelproducciones.com.ar\/radioquijano\/director-de-transito-operativos-durante-el-fin-de-semana\/#breadcrumb\"},\"inLanguage\":\"es\",\"potentialAction\":[{\"@type\":\"ReadAction\",\"target\":[\"https:\/\/nahuelproducciones.com.ar\/radioquijano\/director-de-transito-operativos-durante-el-fin-de-semana\/\"]}]},{\"@type\":\"BreadcrumbList\",\"@id\":\"https:\/\/nahuelproducciones.com.ar\/radioquijano\/director-de-transito-operativos-durante-el-fin-de-semana\/#breadcrumb\",\"itemListElement\":[{\"@type\":\"ListItem\",\"position\":1,\"name\":\"Portada\",\"item\":\"https:\/\/nahuelproducciones.com.ar\/radioquijano\/\"},{\"@type\":\"ListItem\",\"position\":2,\"name\":\"Director de tr\u00e1nsito: operativos durante el fin de semana\"}]},{\"@type\":\"WebSite\",\"@id\":\"https:\/\/nahuelproducciones.com.ar\/radioquijano\/#website\",\"url\":\"https:\/\/nahuelproducciones.com.ar\/radioquijano\/\",\"name\":\"RQ 99.9\",\"description\":\"Radio Quijano 99.9 MHz\",\"potentialAction\":[{\"@type\":\"SearchAction\",\"target\":{\"@type\":\"EntryPoint\",\"urlTemplate\":\"https:\/\/nahuelproducciones.com.ar\/radioquijano\/?s={search_term_string}\"},\"query-input\":\"required name=search_term_string\"}],\"inLanguage\":\"es\"},{\"@type\":\"Person\",\"@id\":\"https:\/\/nahuelproducciones.com.ar\/radioquijano\/#\/schema\/person\/e8a4f939e2cb487fe6d0c54042c9d32c\",\"name\":\"Cecilia Pastrana\",\"image\":{\"@type\":\"ImageObject\",\"inLanguage\":\"es\",\"@id\":\"https:\/\/nahuelproducciones.com.ar\/radioquijano\/#\/schema\/person\/image\/\",\"url\":\"https:\/\/secure.gravatar.com\/avatar\/661a3ef63a8488d4f2794ed44af8cf71420f7e106f3072c40125114df5157749?s=96&d=mm&r=g\",\"contentUrl\":\"https:\/\/secure.gravatar.com\/avatar\/661a3ef63a8488d4f2794ed44af8cf71420f7e106f3072c40125114df5157749?s=96&d=mm&r=g\",\"caption\":\"Cecilia Pastrana\"},\"sameAs\":[\"cecy\"],\"url\":\"https:\/\/nahuelproducciones.com.ar\/radioquijano\/author\/cecy\/\"}]}<\/script>\n<!-- \/ Yoast SEO plugin. -->","yoast_head_json":{"title":"Director de tr\u00e1nsito: operativos durante el fin de semana - RQ 99.9","description":"Desde la Direcci\u00f3n de Tr\u00e1nsito les recuerda a los conductores que la seguridad vial es responsabilidad de todos.","robots":{"index":"index","follow":"follow","max-snippet":"max-snippet:-1","max-image-preview":"max-image-preview:large","max-video-preview":"max-video-preview:-1"},"canonical":"https:\/\/nahuelproducciones.com.ar\/radioquijano\/director-de-transito-operativos-durante-el-fin-de-semana\/","og_locale":"es_ES","og_type":"article","og_title":"Director de tr\u00e1nsito: operativos durante el fin de semana - RQ 99.9","og_description":"Desde la Direcci\u00f3n de Tr\u00e1nsito les recuerda a los conductores que la seguridad vial es responsabilidad de todos.","og_url":"https:\/\/nahuelproducciones.com.ar\/radioquijano\/director-de-transito-operativos-durante-el-fin-de-semana\/","og_site_name":"RQ 99.9","article_publisher":"https:\/\/www.facebook.com\/nahuelproducciones999\/","article_published_time":"2024-10-01T04:23:08+00:00","article_modified_time":"2024-10-01T04:28:14+00:00","og_image":[{"width":331,"height":524,"url":"https:\/\/nahuelproducciones.com.ar\/radioquijano\/wp-content\/uploads\/2024\/10\/WhatsApp-Image-2024-10-01-at-1.13.01-AM.jpeg","type":"image\/jpeg"}],"author":"Cecilia Pastrana","twitter_card":"summary_large_image","twitter_creator":"@nahuproduciones","twitter_site":"@nahuproduciones","twitter_misc":{"Escrito por":"Cecilia Pastrana","Tiempo de lectura":"2 minutos"},"schema":{"@context":"https:\/\/schema.org","@graph":[{"@type":"WebPage","@id":"https:\/\/nahuelproducciones.com.ar\/radioquijano\/director-de-transito-operativos-durante-el-fin-de-semana\/","url":"https:\/\/nahuelproducciones.com.ar\/radioquijano\/director-de-transito-operativos-durante-el-fin-de-semana\/","name":"Director de tr\u00e1nsito: operativos durante el fin de semana - RQ 99.9","isPartOf":{"@id":"https:\/\/nahuelproducciones.com.ar\/radioquijano\/#website"},"datePublished":"2024-10-01T04:23:08+00:00","dateModified":"2024-10-01T04:28:14+00:00","author":{"@id":"https:\/\/nahuelproducciones.com.ar\/radioquijano\/#\/schema\/person\/e8a4f939e2cb487fe6d0c54042c9d32c"},"description":"Desde la Direcci\u00f3n de Tr\u00e1nsito les recuerda a los conductores que la seguridad vial es responsabilidad de todos.","breadcrumb":{"@id":"https:\/\/nahuelproducciones.com.ar\/radioquijano\/director-de-transito-operativos-durante-el-fin-de-semana\/#breadcrumb"},"inLanguage":"es","potentialAction":[{"@type":"ReadAction","target":["https:\/\/nahuelproducciones.com.ar\/radioquijano\/director-de-transito-operativos-durante-el-fin-de-semana\/"]}]},{"@type":"BreadcrumbList","@id":"https:\/\/nahuelproducciones.com.ar\/radioquijano\/director-de-transito-operativos-durante-el-fin-de-semana\/#breadcrumb","itemListElement":[{"@type":"ListItem","position":1,"name":"Portada","item":"https:\/\/nahuelproducciones.com.ar\/radioquijano\/"},{"@type":"ListItem","position":2,"name":"Director de tr\u00e1nsito: operativos durante el fin de semana"}]},{"@type":"WebSite","@id":"https:\/\/nahuelproducciones.com.ar\/radioquijano\/#website","url":"https:\/\/nahuelproducciones.com.ar\/radioquijano\/","name":"RQ 99.9","description":"Radio Quijano 99.9 MHz","potentialAction":[{"@type":"SearchAction","target":{"@type":"EntryPoint","urlTemplate":"https:\/\/nahuelproducciones.com.ar\/radioquijano\/?s={search_term_string}"},"query-input":"required name=search_term_string"}],"inLanguage":"es"},{"@type":"Person","@id":"https:\/\/nahuelproducciones.com.ar\/radioquijano\/#\/schema\/person\/e8a4f939e2cb487fe6d0c54042c9d32c","name":"Cecilia Pastrana","image":{"@type":"ImageObject","inLanguage":"es","@id":"https:\/\/nahuelproducciones.com.ar\/radioquijano\/#\/schema\/person\/image\/","url":"https:\/\/secure.gravatar.com\/avatar\/661a3ef63a8488d4f2794ed44af8cf71420f7e106f3072c40125114df5157749?s=96&d=mm&r=g","contentUrl":"https:\/\/secure.gravatar.com\/avatar\/661a3ef63a8488d4f2794ed44af8cf71420f7e106f3072c40125114df5157749?s=96&d=mm&r=g","caption":"Cecilia Pastrana"},"sameAs":["cecy"],"url":"https:\/\/nahuelproducciones.com.ar\/radioquijano\/author\/cecy\/"}]}},"_links":{"self":[{"href":"https:\/\/nahuelproducciones.com.ar\/radioquijano\/wp-json\/wp\/v2\/posts\/8929","targetHints":{"allow":["GET"]}}],"collection":[{"href":"https:\/\/nahuelproducciones.com.ar\/radioquijano\/wp-json\/wp\/v2\/posts"}],"about":[{"href":"https:\/\/nahuelproducciones.com.ar\/radioquijano\/wp-json\/wp\/v2\/types\/post"}],"author":[{"embeddable":true,"href":"https:\/\/nahuelproducciones.com.ar\/radioquijano\/wp-json\/wp\/v2\/users\/8"}],"replies":[{"embeddable":true,"href":"https:\/\/nahuelproducciones.com.ar\/radioquijano\/wp-json\/wp\/v2\/comments?post=8929"}],"version-history":[{"count":2,"href":"https:\/\/nahuelproducciones.com.ar\/radioquijano\/wp-json\/wp\/v2\/posts\/8929\/revisions"}],"predecessor-version":[{"id":8935,"href":"https:\/\/nahuelproducciones.com.ar\/radioquijano\/wp-json\/wp\/v2\/posts\/8929\/revisions\/8935"}],"wp:featuredmedia":[{"embeddable":true,"href":"https:\/\/nahuelproducciones.com.ar\/radioquijano\/wp-json\/wp\/v2\/media\/8932"}],"wp:attachment":[{"href":"https:\/\/nahuelproducciones.com.ar\/radioquijano\/wp-json\/wp\/v2\/media?parent=8929"}],"wp:term":[{"taxonomy":"category","embeddable":true,"href":"https:\/\/nahuelproducciones.com.ar\/radioquijano\/wp-json\/wp\/v2\/categories?post=8929"},{"taxonomy":"post_tag","embeddable":true,"href":"https:\/\/nahuelproducciones.com.ar\/radioquijano\/wp-json\/wp\/v2\/tags?post=8929"}],"curies":[{"name":"wp","href":"https:\/\/api.w.org\/{rel}","templated":true}]}}