{"id":897,"date":"2021-05-23T19:12:15","date_gmt":"2021-05-23T22:12:15","guid":{"rendered":"https:\/\/nahuelproducciones.com.ar\/radioquijano\/?p=897"},"modified":"2021-05-23T20:02:54","modified_gmt":"2021-05-23T23:02:54","slug":"el-confinamiento-y-sus-dudas-en-campo-quijano","status":"publish","type":"post","link":"https:\/\/nahuelproducciones.com.ar\/radioquijano\/el-confinamiento-y-sus-dudas-en-campo-quijano\/","title":{"rendered":"El confinamiento y sus dudas en Campo Quijano"},"content":{"rendered":"\n<p>Este domingo 23 de mayo, RQ 99.9 entrevist\u00f3 al director de Tr\u00e1nsito de la municipalidad de Campo Quijano, en vista a las nuevas directivas declaradas a nivel nacional y provincial, debido al estado de confinamiento en el que se encuentra nuestro departamento.<\/p>\n\n\n\n<p>Al respecto el funcionario fue consultado dadas la falta de informaci\u00f3n por parte del intendente Carlos Folloni qui\u00e9n adem\u00e1s se encuentra aislado por padecer s\u00edntomas compatibles con covid-19.<\/p>\n\n\n\n<p>Dado el estado de crisis total, seg\u00fan lo declarado por el director todav\u00eda se est\u00e1 procesando la informaci\u00f3n desde el ejecutivo municipal, en cuanto a la situaci\u00f3n del transporte p\u00fablico impropio denominado remises, Farf\u00e1n indica que no deben salir a trabajar y que no hay nada determinado en ese tema todav\u00eda.<\/p>\n\n\n\n<p>Las personas exceptuadas solo deben movilizarse en el colectivo que es el transporte p\u00fablico, en cuanto al tr\u00e1nsito entre municipios del departamento el abogado indica que no se puede salir, por lo tanto no se puede cargar combustible. Ni los remiseros pueden estar en las calles.<\/p>\n\n\n\n<p>Adem\u00e1s indic\u00f3 que el intendente Carlos Folloni, tiene la constancia de que ya no tiene COVID-19.<\/p>\n\n\n\n<p>Escuch\u00e1 la entrevista aqu\u00ed:<\/p>\n\n\n\n<figure class=\"wp-block-audio\"><audio controls src=\"https:\/\/nahuelproducciones.com.ar\/radioquijano\/wp-content\/uploads\/2021\/05\/23-05-2021-Dra-Farfan-no-circula-nadie.mp3\"><\/audio><\/figure>\n\n\n\n<p><\/p>\n","protected":false},"excerpt":{"rendered":"<p>Este domingo 23 de mayo, RQ 99.9 entrevist\u00f3 al director de Tr\u00e1nsito de la municipalidad de Campo Quijano, en vista a las nuevas directivas declaradas a nivel nacional y provincial, debido al estado de confinamiento en el que se encuentra nuestro departamento. Al respecto el funcionario fue consultado dadas la falta de informaci\u00f3n por parte [&hellip;]<\/p>\n","protected":false},"author":6,"featured_media":900,"comment_status":"open","ping_status":"open","sticky":false,"template":"","format":"standard","meta":{"_monsterinsights_skip_tracking":false,"_monsterinsights_sitenote_active":false,"_monsterinsights_sitenote_note":"","_monsterinsights_sitenote_category":0,"footnotes":""},"categories":[18,16],"tags":[36,58,59],"class_list":["post-897","post","type-post","status-publish","format-standard","has-post-thumbnail","hentry","category-covid-19","category-noticias","tag-campo-quijano","tag-carlos-folloni","tag-transito-muncipal"],"yoast_head":"<!-- This site is optimized with the Yoast SEO plugin v20.8 - https:\/\/yoast.com\/wordpress\/plugins\/seo\/ -->\n<title>El confinamiento y sus dudas en Campo Quijano - RQ 99.9<\/title>\n<meta name=\"description\" content=\"Muchas dudas a causa de la ausencia del intendente Carlos Folloni RQ 99.9\" \/>\n<meta name=\"robots\" content=\"index, follow, max-snippet:-1, max-image-preview:large, max-video-preview:-1\" \/>\n<link rel=\"canonical\" href=\"https:\/\/nahuelproducciones.com.ar\/radioquijano\/el-confinamiento-y-sus-dudas-en-campo-quijano\/\" \/>\n<meta property=\"og:locale\" content=\"es_ES\" \/>\n<meta property=\"og:type\" content=\"article\" \/>\n<meta property=\"og:title\" content=\"El confinamiento y sus dudas en Campo Quijano - RQ 99.9\" \/>\n<meta property=\"og:description\" content=\"Muchas dudas a causa de la ausencia del intendente Carlos Folloni RQ 99.9\" \/>\n<meta property=\"og:url\" content=\"https:\/\/nahuelproducciones.com.ar\/radioquijano\/el-confinamiento-y-sus-dudas-en-campo-quijano\/\" \/>\n<meta property=\"og:site_name\" content=\"RQ 99.9\" \/>\n<meta property=\"article:publisher\" content=\"https:\/\/www.facebook.com\/nahuelproducciones999\/\" \/>\n<meta property=\"article:published_time\" content=\"2021-05-23T22:12:15+00:00\" \/>\n<meta property=\"article:modified_time\" content=\"2021-05-23T23:02:54+00:00\" \/>\n<meta property=\"og:image\" content=\"https:\/\/nahuelproducciones.com.ar\/radioquijano\/wp-content\/uploads\/2021\/05\/remisis-campo-quijano.jpg\" \/>\n\t<meta property=\"og:image:width\" content=\"700\" \/>\n\t<meta property=\"og:image:height\" content=\"350\" \/>\n\t<meta property=\"og:image:type\" content=\"image\/jpeg\" \/>\n<meta name=\"author\" content=\"Ricardo Guzman\" \/>\n<meta name=\"twitter:card\" content=\"summary_large_image\" \/>\n<meta name=\"twitter:creator\" content=\"@nahuproduciones\" \/>\n<meta name=\"twitter:site\" content=\"@nahuproduciones\" \/>\n<meta name=\"twitter:label1\" content=\"Escrito por\" \/>\n\t<meta name=\"twitter:data1\" content=\"Ricardo Guzman\" \/>\n\t<meta name=\"twitter:label2\" content=\"Tiempo de lectura\" \/>\n\t<meta name=\"twitter:data2\" content=\"1 minuto\" \/>\n<script type=\"application\/ld+json\" class=\"yoast-schema-graph\">{\"@context\":\"https:\/\/schema.org\",\"@graph\":[{\"@type\":\"WebPage\",\"@id\":\"https:\/\/nahuelproducciones.com.ar\/radioquijano\/el-confinamiento-y-sus-dudas-en-campo-quijano\/\",\"url\":\"https:\/\/nahuelproducciones.com.ar\/radioquijano\/el-confinamiento-y-sus-dudas-en-campo-quijano\/\",\"name\":\"El confinamiento y sus dudas en Campo Quijano - RQ 99.9\",\"isPartOf\":{\"@id\":\"https:\/\/nahuelproducciones.com.ar\/radioquijano\/#website\"},\"datePublished\":\"2021-05-23T22:12:15+00:00\",\"dateModified\":\"2021-05-23T23:02:54+00:00\",\"author\":{\"@id\":\"https:\/\/nahuelproducciones.com.ar\/radioquijano\/#\/schema\/person\/b9b81a110cbdf07949e2cd02d478ab9d\"},\"description\":\"Muchas dudas a causa de la ausencia del intendente Carlos Folloni RQ 99.9\",\"breadcrumb\":{\"@id\":\"https:\/\/nahuelproducciones.com.ar\/radioquijano\/el-confinamiento-y-sus-dudas-en-campo-quijano\/#breadcrumb\"},\"inLanguage\":\"es\",\"potentialAction\":[{\"@type\":\"ReadAction\",\"target\":[\"https:\/\/nahuelproducciones.com.ar\/radioquijano\/el-confinamiento-y-sus-dudas-en-campo-quijano\/\"]}]},{\"@type\":\"BreadcrumbList\",\"@id\":\"https:\/\/nahuelproducciones.com.ar\/radioquijano\/el-confinamiento-y-sus-dudas-en-campo-quijano\/#breadcrumb\",\"itemListElement\":[{\"@type\":\"ListItem\",\"position\":1,\"name\":\"Portada\",\"item\":\"https:\/\/nahuelproducciones.com.ar\/radioquijano\/\"},{\"@type\":\"ListItem\",\"position\":2,\"name\":\"El confinamiento y sus dudas en Campo Quijano\"}]},{\"@type\":\"WebSite\",\"@id\":\"https:\/\/nahuelproducciones.com.ar\/radioquijano\/#website\",\"url\":\"https:\/\/nahuelproducciones.com.ar\/radioquijano\/\",\"name\":\"RQ 99.9\",\"description\":\"Radio Quijano 99.9 MHz\",\"potentialAction\":[{\"@type\":\"SearchAction\",\"target\":{\"@type\":\"EntryPoint\",\"urlTemplate\":\"https:\/\/nahuelproducciones.com.ar\/radioquijano\/?s={search_term_string}\"},\"query-input\":\"required name=search_term_string\"}],\"inLanguage\":\"es\"},{\"@type\":\"Person\",\"@id\":\"https:\/\/nahuelproducciones.com.ar\/radioquijano\/#\/schema\/person\/b9b81a110cbdf07949e2cd02d478ab9d\",\"name\":\"Ricardo Guzman\",\"image\":{\"@type\":\"ImageObject\",\"inLanguage\":\"es\",\"@id\":\"https:\/\/nahuelproducciones.com.ar\/radioquijano\/#\/schema\/person\/image\/\",\"url\":\"https:\/\/secure.gravatar.com\/avatar\/a5d582deda251f95dc882b72fc6e7b4854f88bb25c3154519210afffa7d706e8?s=96&d=mm&r=g\",\"contentUrl\":\"https:\/\/secure.gravatar.com\/avatar\/a5d582deda251f95dc882b72fc6e7b4854f88bb25c3154519210afffa7d706e8?s=96&d=mm&r=g\",\"caption\":\"Ricardo Guzman\"},\"url\":\"https:\/\/nahuelproducciones.com.ar\/radioquijano\/author\/cady\/\"}]}<\/script>\n<!-- \/ Yoast SEO plugin. -->","yoast_head_json":{"title":"El confinamiento y sus dudas en Campo Quijano - RQ 99.9","description":"Muchas dudas a causa de la ausencia del intendente Carlos Folloni RQ 99.9","robots":{"index":"index","follow":"follow","max-snippet":"max-snippet:-1","max-image-preview":"max-image-preview:large","max-video-preview":"max-video-preview:-1"},"canonical":"https:\/\/nahuelproducciones.com.ar\/radioquijano\/el-confinamiento-y-sus-dudas-en-campo-quijano\/","og_locale":"es_ES","og_type":"article","og_title":"El confinamiento y sus dudas en Campo Quijano - RQ 99.9","og_description":"Muchas dudas a causa de la ausencia del intendente Carlos Folloni RQ 99.9","og_url":"https:\/\/nahuelproducciones.com.ar\/radioquijano\/el-confinamiento-y-sus-dudas-en-campo-quijano\/","og_site_name":"RQ 99.9","article_publisher":"https:\/\/www.facebook.com\/nahuelproducciones999\/","article_published_time":"2021-05-23T22:12:15+00:00","article_modified_time":"2021-05-23T23:02:54+00:00","og_image":[{"width":700,"height":350,"url":"https:\/\/nahuelproducciones.com.ar\/radioquijano\/wp-content\/uploads\/2021\/05\/remisis-campo-quijano.jpg","type":"image\/jpeg"}],"author":"Ricardo Guzman","twitter_card":"summary_large_image","twitter_creator":"@nahuproduciones","twitter_site":"@nahuproduciones","twitter_misc":{"Escrito por":"Ricardo Guzman","Tiempo de lectura":"1 minuto"},"schema":{"@context":"https:\/\/schema.org","@graph":[{"@type":"WebPage","@id":"https:\/\/nahuelproducciones.com.ar\/radioquijano\/el-confinamiento-y-sus-dudas-en-campo-quijano\/","url":"https:\/\/nahuelproducciones.com.ar\/radioquijano\/el-confinamiento-y-sus-dudas-en-campo-quijano\/","name":"El confinamiento y sus dudas en Campo Quijano - RQ 99.9","isPartOf":{"@id":"https:\/\/nahuelproducciones.com.ar\/radioquijano\/#website"},"datePublished":"2021-05-23T22:12:15+00:00","dateModified":"2021-05-23T23:02:54+00:00","author":{"@id":"https:\/\/nahuelproducciones.com.ar\/radioquijano\/#\/schema\/person\/b9b81a110cbdf07949e2cd02d478ab9d"},"description":"Muchas dudas a causa de la ausencia del intendente Carlos Folloni RQ 99.9","breadcrumb":{"@id":"https:\/\/nahuelproducciones.com.ar\/radioquijano\/el-confinamiento-y-sus-dudas-en-campo-quijano\/#breadcrumb"},"inLanguage":"es","potentialAction":[{"@type":"ReadAction","target":["https:\/\/nahuelproducciones.com.ar\/radioquijano\/el-confinamiento-y-sus-dudas-en-campo-quijano\/"]}]},{"@type":"BreadcrumbList","@id":"https:\/\/nahuelproducciones.com.ar\/radioquijano\/el-confinamiento-y-sus-dudas-en-campo-quijano\/#breadcrumb","itemListElement":[{"@type":"ListItem","position":1,"name":"Portada","item":"https:\/\/nahuelproducciones.com.ar\/radioquijano\/"},{"@type":"ListItem","position":2,"name":"El confinamiento y sus dudas en Campo Quijano"}]},{"@type":"WebSite","@id":"https:\/\/nahuelproducciones.com.ar\/radioquijano\/#website","url":"https:\/\/nahuelproducciones.com.ar\/radioquijano\/","name":"RQ 99.9","description":"Radio Quijano 99.9 MHz","potentialAction":[{"@type":"SearchAction","target":{"@type":"EntryPoint","urlTemplate":"https:\/\/nahuelproducciones.com.ar\/radioquijano\/?s={search_term_string}"},"query-input":"required name=search_term_string"}],"inLanguage":"es"},{"@type":"Person","@id":"https:\/\/nahuelproducciones.com.ar\/radioquijano\/#\/schema\/person\/b9b81a110cbdf07949e2cd02d478ab9d","name":"Ricardo Guzman","image":{"@type":"ImageObject","inLanguage":"es","@id":"https:\/\/nahuelproducciones.com.ar\/radioquijano\/#\/schema\/person\/image\/","url":"https:\/\/secure.gravatar.com\/avatar\/a5d582deda251f95dc882b72fc6e7b4854f88bb25c3154519210afffa7d706e8?s=96&d=mm&r=g","contentUrl":"https:\/\/secure.gravatar.com\/avatar\/a5d582deda251f95dc882b72fc6e7b4854f88bb25c3154519210afffa7d706e8?s=96&d=mm&r=g","caption":"Ricardo Guzman"},"url":"https:\/\/nahuelproducciones.com.ar\/radioquijano\/author\/cady\/"}]}},"_links":{"self":[{"href":"https:\/\/nahuelproducciones.com.ar\/radioquijano\/wp-json\/wp\/v2\/posts\/897","targetHints":{"allow":["GET"]}}],"collection":[{"href":"https:\/\/nahuelproducciones.com.ar\/radioquijano\/wp-json\/wp\/v2\/posts"}],"about":[{"href":"https:\/\/nahuelproducciones.com.ar\/radioquijano\/wp-json\/wp\/v2\/types\/post"}],"author":[{"embeddable":true,"href":"https:\/\/nahuelproducciones.com.ar\/radioquijano\/wp-json\/wp\/v2\/users\/6"}],"replies":[{"embeddable":true,"href":"https:\/\/nahuelproducciones.com.ar\/radioquijano\/wp-json\/wp\/v2\/comments?post=897"}],"version-history":[{"count":1,"href":"https:\/\/nahuelproducciones.com.ar\/radioquijano\/wp-json\/wp\/v2\/posts\/897\/revisions"}],"predecessor-version":[{"id":899,"href":"https:\/\/nahuelproducciones.com.ar\/radioquijano\/wp-json\/wp\/v2\/posts\/897\/revisions\/899"}],"wp:featuredmedia":[{"embeddable":true,"href":"https:\/\/nahuelproducciones.com.ar\/radioquijano\/wp-json\/wp\/v2\/media\/900"}],"wp:attachment":[{"href":"https:\/\/nahuelproducciones.com.ar\/radioquijano\/wp-json\/wp\/v2\/media?parent=897"}],"wp:term":[{"taxonomy":"category","embeddable":true,"href":"https:\/\/nahuelproducciones.com.ar\/radioquijano\/wp-json\/wp\/v2\/categories?post=897"},{"taxonomy":"post_tag","embeddable":true,"href":"https:\/\/nahuelproducciones.com.ar\/radioquijano\/wp-json\/wp\/v2\/tags?post=897"}],"curies":[{"name":"wp","href":"https:\/\/api.w.org\/{rel}","templated":true}]}}