{"id":903,"date":"2021-05-25T00:21:11","date_gmt":"2021-05-25T03:21:11","guid":{"rendered":"https:\/\/nahuelproducciones.com.ar\/radioquijano\/?p=903"},"modified":"2021-05-25T00:30:37","modified_gmt":"2021-05-25T03:30:37","slug":"estado-de-salud-del-intendente-carlos-folloni","status":"publish","type":"post","link":"https:\/\/nahuelproducciones.com.ar\/radioquijano\/estado-de-salud-del-intendente-carlos-folloni\/","title":{"rendered":"Estado de salud del intendente Carlos Folloni"},"content":{"rendered":"\n<p>En la jornada de este Lunes 24 de mayo, la gerente del hospital Francisco Herrera de Campo Quijano, Lic. D\u00e9bora Alejandra L\u00f3pez y dio detalles de la salud del intendente municipal Carlos Folloni por RQ 99.9<\/p>\n\n\n\n<p>El mismo hab\u00eda publicado en su muro de facebook la novedad mostrando solo una parte de sus estudios de Anticuerpos para Sars Cov 2 IGM por lo que se gener\u00f3 algunas suspicacias en el municipio. Al respecto la gerente del nosocomio explic\u00f3 en detalle el significado poseyendo el estudio completo que se le hab\u00eda practicado al jefe comunal.<\/p>\n\n\n\n<p>La gerente tambi\u00e9n explica que el intendente no necesita otro estudio ya que habr\u00eda cumplido los 14 d\u00edas de aislamiento necesarios y que ya no corr\u00eda peligro de contagio por lo que ya tiene el alta m\u00e9dica del hospital,<\/p>\n\n\n\n<p>A pesar de todo lo declarado por la titular del Hospital Francisco Herrera, el an\u00e1lisis indica: <em><strong>\u00ab<\/strong>La detecci\u00f3n de anticuerpos no es diagnostica. Los resultados se deben evaluar en el contexto cl\u00ednico y epidemiol\u00f3gico del individuo.\u00bb<\/em><\/p>\n\n\n\n<div class=\"wp-block-file\"><a href=\"https:\/\/nahuelproducciones.com.ar\/radioquijano\/wp-content\/uploads\/2021\/05\/informe_037232_60a826355ff651.pdf\" target=\"_blank\" rel=\"noreferrer noopener\">INFORME INMUNOLOGICO CARLOS FOLLONI<\/a><a href=\"https:\/\/nahuelproducciones.com.ar\/radioquijano\/wp-content\/uploads\/2021\/05\/informe_037232_60a826355ff651.pdf\" class=\"wp-block-file__button\" download>Descarga<\/a><\/div>\n\n\n\n<p>Escucha la entrevista aqu\u00ed:<\/p>\n\n\n\n<figure class=\"wp-block-audio\"><audio controls src=\"https:\/\/nahuelproducciones.com.ar\/radioquijano\/wp-content\/uploads\/2021\/05\/24-05-2021-Deby-Lopez-IGG-IGM.mp3\"><\/audio><\/figure>\n\n\n\n<p>Para m\u00e1s informaci\u00f3n con respecto a lo que significa IGG e IGM puedes acceder a los siguiente links<\/p>\n\n\n\n<p><a href=\"https:\/\/www.heraldo.es\/noticias\/salud\/2020\/12\/04\/significado-tener-igg-positiva-negativa-coronavirus-test-tengo-hacer-1408634.html?autoref=true\">https:\/\/www.heraldo.es\/noticias\/salud\/2020\/12\/04\/significado-tener-igg-positiva-negativa-coronavirus-test-tengo-hacer-1408634.html?autoref=true<\/a><\/p>\n\n\n\n<p><a href=\"https:\/\/seorl.net\/pruebas-diagnostico-covid-19\/\" target=\"_blank\" rel=\"noreferrer noopener\">https:\/\/seorl.net\/pruebas-diagnostico-covid-19\/<\/a><\/p>\n\n\n\n<p><a href=\"https:\/\/as.com\/diarioas\/2020\/07\/08\/actualidad\/1594208328_343905.html\">https:\/\/as.com\/diarioas\/2020\/07\/08\/actualidad\/1594208328_343905.html<\/a><\/p>\n","protected":false},"excerpt":{"rendered":"<p>Estado de salud del intendente Carlos Folloni<\/p>\n","protected":false},"author":6,"featured_media":905,"comment_status":"open","ping_status":"open","sticky":false,"template":"","format":"standard","meta":{"_monsterinsights_skip_tracking":false,"_monsterinsights_sitenote_active":false,"_monsterinsights_sitenote_note":"","_monsterinsights_sitenote_category":0,"footnotes":""},"categories":[16],"tags":[36,58,48,28],"class_list":["post-903","post","type-post","status-publish","format-standard","has-post-thumbnail","hentry","category-noticias","tag-campo-quijano","tag-carlos-folloni","tag-covid-19","tag-salta"],"yoast_head":"<!-- This site is optimized with the Yoast SEO plugin v20.8 - https:\/\/yoast.com\/wordpress\/plugins\/seo\/ -->\n<title>Estado de salud del intendente Carlos Folloni - RQ 99.9<\/title>\n<meta name=\"description\" content=\"Estado de salud del intendente Carlos Folloni Estado de salud del intendente Carlos Folloni COVID-19 Noticias CAMPO QUIJANO Estado de salud del intendente Carlos Folloni\" \/>\n<meta name=\"robots\" content=\"index, follow, max-snippet:-1, max-image-preview:large, max-video-preview:-1\" \/>\n<link rel=\"canonical\" href=\"https:\/\/nahuelproducciones.com.ar\/radioquijano\/estado-de-salud-del-intendente-carlos-folloni\/\" \/>\n<meta property=\"og:locale\" content=\"es_ES\" \/>\n<meta property=\"og:type\" content=\"article\" \/>\n<meta property=\"og:title\" content=\"Estado de salud del intendente Carlos Folloni - RQ 99.9\" \/>\n<meta property=\"og:description\" content=\"Estado de salud del intendente Carlos Folloni Estado de salud del intendente Carlos Folloni COVID-19 Noticias CAMPO QUIJANO Estado de salud del intendente Carlos Folloni\" \/>\n<meta property=\"og:url\" content=\"https:\/\/nahuelproducciones.com.ar\/radioquijano\/estado-de-salud-del-intendente-carlos-folloni\/\" \/>\n<meta property=\"og:site_name\" content=\"RQ 99.9\" \/>\n<meta property=\"article:publisher\" content=\"https:\/\/www.facebook.com\/nahuelproducciones999\/\" \/>\n<meta property=\"article:published_time\" content=\"2021-05-25T03:21:11+00:00\" \/>\n<meta property=\"article:modified_time\" content=\"2021-05-25T03:30:37+00:00\" \/>\n<meta property=\"og:image\" content=\"https:\/\/nahuelproducciones.com.ar\/radioquijano\/wp-content\/uploads\/2021\/05\/carlos-folloni.jpg\" \/>\n\t<meta property=\"og:image:width\" content=\"700\" \/>\n\t<meta property=\"og:image:height\" content=\"350\" \/>\n\t<meta property=\"og:image:type\" content=\"image\/jpeg\" \/>\n<meta name=\"author\" content=\"Ricardo Guzman\" \/>\n<meta name=\"twitter:card\" content=\"summary_large_image\" \/>\n<meta name=\"twitter:creator\" content=\"@nahuproduciones\" \/>\n<meta name=\"twitter:site\" content=\"@nahuproduciones\" \/>\n<meta name=\"twitter:label1\" content=\"Escrito por\" \/>\n\t<meta name=\"twitter:data1\" content=\"Ricardo Guzman\" \/>\n\t<meta name=\"twitter:label2\" content=\"Tiempo de lectura\" \/>\n\t<meta name=\"twitter:data2\" content=\"1 minuto\" \/>\n<script type=\"application\/ld+json\" class=\"yoast-schema-graph\">{\"@context\":\"https:\/\/schema.org\",\"@graph\":[{\"@type\":\"WebPage\",\"@id\":\"https:\/\/nahuelproducciones.com.ar\/radioquijano\/estado-de-salud-del-intendente-carlos-folloni\/\",\"url\":\"https:\/\/nahuelproducciones.com.ar\/radioquijano\/estado-de-salud-del-intendente-carlos-folloni\/\",\"name\":\"Estado de salud del intendente Carlos Folloni - RQ 99.9\",\"isPartOf\":{\"@id\":\"https:\/\/nahuelproducciones.com.ar\/radioquijano\/#website\"},\"datePublished\":\"2021-05-25T03:21:11+00:00\",\"dateModified\":\"2021-05-25T03:30:37+00:00\",\"author\":{\"@id\":\"https:\/\/nahuelproducciones.com.ar\/radioquijano\/#\/schema\/person\/b9b81a110cbdf07949e2cd02d478ab9d\"},\"description\":\"Estado de salud del intendente Carlos Folloni Estado de salud del intendente Carlos Folloni COVID-19 Noticias CAMPO QUIJANO Estado de salud del intendente Carlos Folloni\",\"breadcrumb\":{\"@id\":\"https:\/\/nahuelproducciones.com.ar\/radioquijano\/estado-de-salud-del-intendente-carlos-folloni\/#breadcrumb\"},\"inLanguage\":\"es\",\"potentialAction\":[{\"@type\":\"ReadAction\",\"target\":[\"https:\/\/nahuelproducciones.com.ar\/radioquijano\/estado-de-salud-del-intendente-carlos-folloni\/\"]}]},{\"@type\":\"BreadcrumbList\",\"@id\":\"https:\/\/nahuelproducciones.com.ar\/radioquijano\/estado-de-salud-del-intendente-carlos-folloni\/#breadcrumb\",\"itemListElement\":[{\"@type\":\"ListItem\",\"position\":1,\"name\":\"Portada\",\"item\":\"https:\/\/nahuelproducciones.com.ar\/radioquijano\/\"},{\"@type\":\"ListItem\",\"position\":2,\"name\":\"Estado de salud del intendente Carlos Folloni\"}]},{\"@type\":\"WebSite\",\"@id\":\"https:\/\/nahuelproducciones.com.ar\/radioquijano\/#website\",\"url\":\"https:\/\/nahuelproducciones.com.ar\/radioquijano\/\",\"name\":\"RQ 99.9\",\"description\":\"Radio Quijano 99.9 MHz\",\"potentialAction\":[{\"@type\":\"SearchAction\",\"target\":{\"@type\":\"EntryPoint\",\"urlTemplate\":\"https:\/\/nahuelproducciones.com.ar\/radioquijano\/?s={search_term_string}\"},\"query-input\":\"required name=search_term_string\"}],\"inLanguage\":\"es\"},{\"@type\":\"Person\",\"@id\":\"https:\/\/nahuelproducciones.com.ar\/radioquijano\/#\/schema\/person\/b9b81a110cbdf07949e2cd02d478ab9d\",\"name\":\"Ricardo Guzman\",\"image\":{\"@type\":\"ImageObject\",\"inLanguage\":\"es\",\"@id\":\"https:\/\/nahuelproducciones.com.ar\/radioquijano\/#\/schema\/person\/image\/\",\"url\":\"https:\/\/secure.gravatar.com\/avatar\/a5d582deda251f95dc882b72fc6e7b4854f88bb25c3154519210afffa7d706e8?s=96&d=mm&r=g\",\"contentUrl\":\"https:\/\/secure.gravatar.com\/avatar\/a5d582deda251f95dc882b72fc6e7b4854f88bb25c3154519210afffa7d706e8?s=96&d=mm&r=g\",\"caption\":\"Ricardo Guzman\"},\"url\":\"https:\/\/nahuelproducciones.com.ar\/radioquijano\/author\/cady\/\"}]}<\/script>\n<!-- \/ Yoast SEO plugin. -->","yoast_head_json":{"title":"Estado de salud del intendente Carlos Folloni - RQ 99.9","description":"Estado de salud del intendente Carlos Folloni Estado de salud del intendente Carlos Folloni COVID-19 Noticias CAMPO QUIJANO Estado de salud del intendente Carlos Folloni","robots":{"index":"index","follow":"follow","max-snippet":"max-snippet:-1","max-image-preview":"max-image-preview:large","max-video-preview":"max-video-preview:-1"},"canonical":"https:\/\/nahuelproducciones.com.ar\/radioquijano\/estado-de-salud-del-intendente-carlos-folloni\/","og_locale":"es_ES","og_type":"article","og_title":"Estado de salud del intendente Carlos Folloni - RQ 99.9","og_description":"Estado de salud del intendente Carlos Folloni Estado de salud del intendente Carlos Folloni COVID-19 Noticias CAMPO QUIJANO Estado de salud del intendente Carlos Folloni","og_url":"https:\/\/nahuelproducciones.com.ar\/radioquijano\/estado-de-salud-del-intendente-carlos-folloni\/","og_site_name":"RQ 99.9","article_publisher":"https:\/\/www.facebook.com\/nahuelproducciones999\/","article_published_time":"2021-05-25T03:21:11+00:00","article_modified_time":"2021-05-25T03:30:37+00:00","og_image":[{"width":700,"height":350,"url":"https:\/\/nahuelproducciones.com.ar\/radioquijano\/wp-content\/uploads\/2021\/05\/carlos-folloni.jpg","type":"image\/jpeg"}],"author":"Ricardo Guzman","twitter_card":"summary_large_image","twitter_creator":"@nahuproduciones","twitter_site":"@nahuproduciones","twitter_misc":{"Escrito por":"Ricardo Guzman","Tiempo de lectura":"1 minuto"},"schema":{"@context":"https:\/\/schema.org","@graph":[{"@type":"WebPage","@id":"https:\/\/nahuelproducciones.com.ar\/radioquijano\/estado-de-salud-del-intendente-carlos-folloni\/","url":"https:\/\/nahuelproducciones.com.ar\/radioquijano\/estado-de-salud-del-intendente-carlos-folloni\/","name":"Estado de salud del intendente Carlos Folloni - RQ 99.9","isPartOf":{"@id":"https:\/\/nahuelproducciones.com.ar\/radioquijano\/#website"},"datePublished":"2021-05-25T03:21:11+00:00","dateModified":"2021-05-25T03:30:37+00:00","author":{"@id":"https:\/\/nahuelproducciones.com.ar\/radioquijano\/#\/schema\/person\/b9b81a110cbdf07949e2cd02d478ab9d"},"description":"Estado de salud del intendente Carlos Folloni Estado de salud del intendente Carlos Folloni COVID-19 Noticias CAMPO QUIJANO Estado de salud del intendente Carlos Folloni","breadcrumb":{"@id":"https:\/\/nahuelproducciones.com.ar\/radioquijano\/estado-de-salud-del-intendente-carlos-folloni\/#breadcrumb"},"inLanguage":"es","potentialAction":[{"@type":"ReadAction","target":["https:\/\/nahuelproducciones.com.ar\/radioquijano\/estado-de-salud-del-intendente-carlos-folloni\/"]}]},{"@type":"BreadcrumbList","@id":"https:\/\/nahuelproducciones.com.ar\/radioquijano\/estado-de-salud-del-intendente-carlos-folloni\/#breadcrumb","itemListElement":[{"@type":"ListItem","position":1,"name":"Portada","item":"https:\/\/nahuelproducciones.com.ar\/radioquijano\/"},{"@type":"ListItem","position":2,"name":"Estado de salud del intendente Carlos Folloni"}]},{"@type":"WebSite","@id":"https:\/\/nahuelproducciones.com.ar\/radioquijano\/#website","url":"https:\/\/nahuelproducciones.com.ar\/radioquijano\/","name":"RQ 99.9","description":"Radio Quijano 99.9 MHz","potentialAction":[{"@type":"SearchAction","target":{"@type":"EntryPoint","urlTemplate":"https:\/\/nahuelproducciones.com.ar\/radioquijano\/?s={search_term_string}"},"query-input":"required name=search_term_string"}],"inLanguage":"es"},{"@type":"Person","@id":"https:\/\/nahuelproducciones.com.ar\/radioquijano\/#\/schema\/person\/b9b81a110cbdf07949e2cd02d478ab9d","name":"Ricardo Guzman","image":{"@type":"ImageObject","inLanguage":"es","@id":"https:\/\/nahuelproducciones.com.ar\/radioquijano\/#\/schema\/person\/image\/","url":"https:\/\/secure.gravatar.com\/avatar\/a5d582deda251f95dc882b72fc6e7b4854f88bb25c3154519210afffa7d706e8?s=96&d=mm&r=g","contentUrl":"https:\/\/secure.gravatar.com\/avatar\/a5d582deda251f95dc882b72fc6e7b4854f88bb25c3154519210afffa7d706e8?s=96&d=mm&r=g","caption":"Ricardo Guzman"},"url":"https:\/\/nahuelproducciones.com.ar\/radioquijano\/author\/cady\/"}]}},"_links":{"self":[{"href":"https:\/\/nahuelproducciones.com.ar\/radioquijano\/wp-json\/wp\/v2\/posts\/903","targetHints":{"allow":["GET"]}}],"collection":[{"href":"https:\/\/nahuelproducciones.com.ar\/radioquijano\/wp-json\/wp\/v2\/posts"}],"about":[{"href":"https:\/\/nahuelproducciones.com.ar\/radioquijano\/wp-json\/wp\/v2\/types\/post"}],"author":[{"embeddable":true,"href":"https:\/\/nahuelproducciones.com.ar\/radioquijano\/wp-json\/wp\/v2\/users\/6"}],"replies":[{"embeddable":true,"href":"https:\/\/nahuelproducciones.com.ar\/radioquijano\/wp-json\/wp\/v2\/comments?post=903"}],"version-history":[{"count":4,"href":"https:\/\/nahuelproducciones.com.ar\/radioquijano\/wp-json\/wp\/v2\/posts\/903\/revisions"}],"predecessor-version":[{"id":912,"href":"https:\/\/nahuelproducciones.com.ar\/radioquijano\/wp-json\/wp\/v2\/posts\/903\/revisions\/912"}],"wp:featuredmedia":[{"embeddable":true,"href":"https:\/\/nahuelproducciones.com.ar\/radioquijano\/wp-json\/wp\/v2\/media\/905"}],"wp:attachment":[{"href":"https:\/\/nahuelproducciones.com.ar\/radioquijano\/wp-json\/wp\/v2\/media?parent=903"}],"wp:term":[{"taxonomy":"category","embeddable":true,"href":"https:\/\/nahuelproducciones.com.ar\/radioquijano\/wp-json\/wp\/v2\/categories?post=903"},{"taxonomy":"post_tag","embeddable":true,"href":"https:\/\/nahuelproducciones.com.ar\/radioquijano\/wp-json\/wp\/v2\/tags?post=903"}],"curies":[{"name":"wp","href":"https:\/\/api.w.org\/{rel}","templated":true}]}}