{"id":9152,"date":"2024-11-01T22:13:18","date_gmt":"2024-11-02T01:13:18","guid":{"rendered":"https:\/\/nahuelproducciones.com.ar\/radioquijano\/?p=9152"},"modified":"2024-11-05T22:39:24","modified_gmt":"2024-11-06T01:39:24","slug":"matine-inclusivo-el-jueves-7-en-magico","status":"publish","type":"post","link":"https:\/\/nahuelproducciones.com.ar\/radioquijano\/matine-inclusivo-el-jueves-7-en-magico\/","title":{"rendered":"Matin\u00e9 Inclusivo el jueves 7 en M\u00e1gico"},"content":{"rendered":"\n<p>Enter Matin\u00e9 Inclusivo es una fiesta donde todas personas est\u00e1n invitadas para divertirse y pasarla bien.<\/p>\n\n\n\n<p>La Profesora Viviana Godoy en comunicaci\u00f3n telef\u00f3nica con RQ99.9Mhz cont\u00f3 que hace muchos a\u00f1os viene organizando esta actividad junto al Grupo Scout Jos\u00e9 Carpintero 727, una manera de promover la inclusi\u00f3n, la igualdad de derechos y posibilidades para todos.<br>La idea es pasar una tarde con m\u00fasica, alegr\u00eda ,diversi\u00f3n y sobre todo pasarla junto a los amigos.<br>La fiesta matin\u00e9 ser\u00e1 el 7 de noviembre a hs 14:30 en MAGICO NIGTH CLUB Campo Quijano ( a lado de la carpa yonar).<br>La entrada es gratuita para todos aquellos que quieran ir a disfrutar .<br>BAILAR NOS UNE, INCLUIR NOS FORTALECE. <\/p>\n\n\n\n<p>La Profe recuerda que ser\u00e1 una tarde con m\u00fasica, con DJ en vivo , color y  diversi\u00f3n para todos.<\/p>\n\n\n\n<p>Escucha la entrevista:<\/p>\n\n\n\n<figure class=\"wp-block-audio\"><audio controls src=\"https:\/\/nahuelproducciones.com.ar\/radioquijano\/wp-content\/uploads\/2024\/11\/01-10-2024-Matine-inclusivo-viviana-godoy-7-de-noviembre.mp3\"><\/audio><\/figure>\n","protected":false},"excerpt":{"rendered":"<p>Enter Matin\u00e9 Inclusivo es una fiesta donde todas personas est\u00e1n invitadas para divertirse y pasarla bien. La Profesora Viviana Godoy en comunicaci\u00f3n telef\u00f3nica con RQ99.9Mhz cont\u00f3 que hace muchos a\u00f1os viene organizando esta actividad junto al Grupo Scout Jos\u00e9 Carpintero 727, una manera de promover la inclusi\u00f3n, la igualdad de derechos y posibilidades para todos.La [&hellip;]<\/p>\n","protected":false},"author":8,"featured_media":9154,"comment_status":"open","ping_status":"open","sticky":false,"template":"","format":"standard","meta":{"_monsterinsights_skip_tracking":false,"_monsterinsights_sitenote_active":false,"_monsterinsights_sitenote_note":"","_monsterinsights_sitenote_category":0,"footnotes":""},"categories":[16],"tags":[1664,100],"class_list":["post-9152","post","type-post","status-publish","format-standard","has-post-thumbnail","hentry","category-noticias","tag-matine-inclusivo","tag-municipio-de-campo-quijano"],"yoast_head":"<!-- This site is optimized with the Yoast SEO plugin v20.8 - https:\/\/yoast.com\/wordpress\/plugins\/seo\/ -->\n<title>Matin\u00e9 Inclusivo el jueves 7 en M\u00e1gico - RQ 99.9<\/title>\n<meta name=\"description\" content=\"La fiesta matin\u00e9 ser\u00e1 el 7 de noviembre a hs 14:30 en MAGICO NIGTH CLUB Campo Quijano (a lado de la carpa yonar).\" \/>\n<meta name=\"robots\" content=\"index, follow, max-snippet:-1, max-image-preview:large, max-video-preview:-1\" \/>\n<link rel=\"canonical\" href=\"https:\/\/nahuelproducciones.com.ar\/radioquijano\/matine-inclusivo-el-jueves-7-en-magico\/\" \/>\n<meta property=\"og:locale\" content=\"es_ES\" \/>\n<meta property=\"og:type\" content=\"article\" \/>\n<meta property=\"og:title\" content=\"Matin\u00e9 Inclusivo el jueves 7 en M\u00e1gico - RQ 99.9\" \/>\n<meta property=\"og:description\" content=\"La fiesta matin\u00e9 ser\u00e1 el 7 de noviembre a hs 14:30 en MAGICO NIGTH CLUB Campo Quijano (a lado de la carpa yonar).\" \/>\n<meta property=\"og:url\" content=\"https:\/\/nahuelproducciones.com.ar\/radioquijano\/matine-inclusivo-el-jueves-7-en-magico\/\" \/>\n<meta property=\"og:site_name\" content=\"RQ 99.9\" \/>\n<meta property=\"article:publisher\" content=\"https:\/\/www.facebook.com\/nahuelproducciones999\/\" \/>\n<meta property=\"article:published_time\" content=\"2024-11-02T01:13:18+00:00\" \/>\n<meta property=\"article:modified_time\" content=\"2024-11-06T01:39:24+00:00\" \/>\n<meta property=\"og:image\" content=\"https:\/\/nahuelproducciones.com.ar\/radioquijano\/wp-content\/uploads\/2024\/11\/WhatsApp-Image-2024-11-01-at-9.41.21-PM-e1730509949156.jpeg\" \/>\n\t<meta property=\"og:image:width\" content=\"700\" \/>\n\t<meta property=\"og:image:height\" content=\"1244\" \/>\n\t<meta property=\"og:image:type\" content=\"image\/jpeg\" \/>\n<meta name=\"author\" content=\"Cecilia Pastrana\" \/>\n<meta name=\"twitter:card\" content=\"summary_large_image\" \/>\n<meta name=\"twitter:creator\" content=\"@nahuproduciones\" \/>\n<meta name=\"twitter:site\" content=\"@nahuproduciones\" \/>\n<meta name=\"twitter:label1\" content=\"Escrito por\" \/>\n\t<meta name=\"twitter:data1\" content=\"Cecilia Pastrana\" \/>\n\t<meta name=\"twitter:label2\" content=\"Tiempo de lectura\" \/>\n\t<meta name=\"twitter:data2\" content=\"1 minuto\" \/>\n<script type=\"application\/ld+json\" class=\"yoast-schema-graph\">{\"@context\":\"https:\/\/schema.org\",\"@graph\":[{\"@type\":\"WebPage\",\"@id\":\"https:\/\/nahuelproducciones.com.ar\/radioquijano\/matine-inclusivo-el-jueves-7-en-magico\/\",\"url\":\"https:\/\/nahuelproducciones.com.ar\/radioquijano\/matine-inclusivo-el-jueves-7-en-magico\/\",\"name\":\"Matin\u00e9 Inclusivo el jueves 7 en M\u00e1gico - RQ 99.9\",\"isPartOf\":{\"@id\":\"https:\/\/nahuelproducciones.com.ar\/radioquijano\/#website\"},\"datePublished\":\"2024-11-02T01:13:18+00:00\",\"dateModified\":\"2024-11-06T01:39:24+00:00\",\"author\":{\"@id\":\"https:\/\/nahuelproducciones.com.ar\/radioquijano\/#\/schema\/person\/e8a4f939e2cb487fe6d0c54042c9d32c\"},\"description\":\"La fiesta matin\u00e9 ser\u00e1 el 7 de noviembre a hs 14:30 en MAGICO NIGTH CLUB Campo Quijano (a lado de la carpa yonar).\",\"breadcrumb\":{\"@id\":\"https:\/\/nahuelproducciones.com.ar\/radioquijano\/matine-inclusivo-el-jueves-7-en-magico\/#breadcrumb\"},\"inLanguage\":\"es\",\"potentialAction\":[{\"@type\":\"ReadAction\",\"target\":[\"https:\/\/nahuelproducciones.com.ar\/radioquijano\/matine-inclusivo-el-jueves-7-en-magico\/\"]}]},{\"@type\":\"BreadcrumbList\",\"@id\":\"https:\/\/nahuelproducciones.com.ar\/radioquijano\/matine-inclusivo-el-jueves-7-en-magico\/#breadcrumb\",\"itemListElement\":[{\"@type\":\"ListItem\",\"position\":1,\"name\":\"Portada\",\"item\":\"https:\/\/nahuelproducciones.com.ar\/radioquijano\/\"},{\"@type\":\"ListItem\",\"position\":2,\"name\":\"Matin\u00e9 Inclusivo el jueves 7 en M\u00e1gico\"}]},{\"@type\":\"WebSite\",\"@id\":\"https:\/\/nahuelproducciones.com.ar\/radioquijano\/#website\",\"url\":\"https:\/\/nahuelproducciones.com.ar\/radioquijano\/\",\"name\":\"RQ 99.9\",\"description\":\"Radio Quijano 99.9 MHz\",\"potentialAction\":[{\"@type\":\"SearchAction\",\"target\":{\"@type\":\"EntryPoint\",\"urlTemplate\":\"https:\/\/nahuelproducciones.com.ar\/radioquijano\/?s={search_term_string}\"},\"query-input\":\"required name=search_term_string\"}],\"inLanguage\":\"es\"},{\"@type\":\"Person\",\"@id\":\"https:\/\/nahuelproducciones.com.ar\/radioquijano\/#\/schema\/person\/e8a4f939e2cb487fe6d0c54042c9d32c\",\"name\":\"Cecilia Pastrana\",\"image\":{\"@type\":\"ImageObject\",\"inLanguage\":\"es\",\"@id\":\"https:\/\/nahuelproducciones.com.ar\/radioquijano\/#\/schema\/person\/image\/\",\"url\":\"https:\/\/secure.gravatar.com\/avatar\/661a3ef63a8488d4f2794ed44af8cf71420f7e106f3072c40125114df5157749?s=96&d=mm&r=g\",\"contentUrl\":\"https:\/\/secure.gravatar.com\/avatar\/661a3ef63a8488d4f2794ed44af8cf71420f7e106f3072c40125114df5157749?s=96&d=mm&r=g\",\"caption\":\"Cecilia Pastrana\"},\"sameAs\":[\"cecy\"],\"url\":\"https:\/\/nahuelproducciones.com.ar\/radioquijano\/author\/cecy\/\"}]}<\/script>\n<!-- \/ Yoast SEO plugin. -->","yoast_head_json":{"title":"Matin\u00e9 Inclusivo el jueves 7 en M\u00e1gico - RQ 99.9","description":"La fiesta matin\u00e9 ser\u00e1 el 7 de noviembre a hs 14:30 en MAGICO NIGTH CLUB Campo Quijano (a lado de la carpa yonar).","robots":{"index":"index","follow":"follow","max-snippet":"max-snippet:-1","max-image-preview":"max-image-preview:large","max-video-preview":"max-video-preview:-1"},"canonical":"https:\/\/nahuelproducciones.com.ar\/radioquijano\/matine-inclusivo-el-jueves-7-en-magico\/","og_locale":"es_ES","og_type":"article","og_title":"Matin\u00e9 Inclusivo el jueves 7 en M\u00e1gico - RQ 99.9","og_description":"La fiesta matin\u00e9 ser\u00e1 el 7 de noviembre a hs 14:30 en MAGICO NIGTH CLUB Campo Quijano (a lado de la carpa yonar).","og_url":"https:\/\/nahuelproducciones.com.ar\/radioquijano\/matine-inclusivo-el-jueves-7-en-magico\/","og_site_name":"RQ 99.9","article_publisher":"https:\/\/www.facebook.com\/nahuelproducciones999\/","article_published_time":"2024-11-02T01:13:18+00:00","article_modified_time":"2024-11-06T01:39:24+00:00","og_image":[{"width":700,"height":1244,"url":"https:\/\/nahuelproducciones.com.ar\/radioquijano\/wp-content\/uploads\/2024\/11\/WhatsApp-Image-2024-11-01-at-9.41.21-PM-e1730509949156.jpeg","type":"image\/jpeg"}],"author":"Cecilia Pastrana","twitter_card":"summary_large_image","twitter_creator":"@nahuproduciones","twitter_site":"@nahuproduciones","twitter_misc":{"Escrito por":"Cecilia Pastrana","Tiempo de lectura":"1 minuto"},"schema":{"@context":"https:\/\/schema.org","@graph":[{"@type":"WebPage","@id":"https:\/\/nahuelproducciones.com.ar\/radioquijano\/matine-inclusivo-el-jueves-7-en-magico\/","url":"https:\/\/nahuelproducciones.com.ar\/radioquijano\/matine-inclusivo-el-jueves-7-en-magico\/","name":"Matin\u00e9 Inclusivo el jueves 7 en M\u00e1gico - RQ 99.9","isPartOf":{"@id":"https:\/\/nahuelproducciones.com.ar\/radioquijano\/#website"},"datePublished":"2024-11-02T01:13:18+00:00","dateModified":"2024-11-06T01:39:24+00:00","author":{"@id":"https:\/\/nahuelproducciones.com.ar\/radioquijano\/#\/schema\/person\/e8a4f939e2cb487fe6d0c54042c9d32c"},"description":"La fiesta matin\u00e9 ser\u00e1 el 7 de noviembre a hs 14:30 en MAGICO NIGTH CLUB Campo Quijano (a lado de la carpa yonar).","breadcrumb":{"@id":"https:\/\/nahuelproducciones.com.ar\/radioquijano\/matine-inclusivo-el-jueves-7-en-magico\/#breadcrumb"},"inLanguage":"es","potentialAction":[{"@type":"ReadAction","target":["https:\/\/nahuelproducciones.com.ar\/radioquijano\/matine-inclusivo-el-jueves-7-en-magico\/"]}]},{"@type":"BreadcrumbList","@id":"https:\/\/nahuelproducciones.com.ar\/radioquijano\/matine-inclusivo-el-jueves-7-en-magico\/#breadcrumb","itemListElement":[{"@type":"ListItem","position":1,"name":"Portada","item":"https:\/\/nahuelproducciones.com.ar\/radioquijano\/"},{"@type":"ListItem","position":2,"name":"Matin\u00e9 Inclusivo el jueves 7 en M\u00e1gico"}]},{"@type":"WebSite","@id":"https:\/\/nahuelproducciones.com.ar\/radioquijano\/#website","url":"https:\/\/nahuelproducciones.com.ar\/radioquijano\/","name":"RQ 99.9","description":"Radio Quijano 99.9 MHz","potentialAction":[{"@type":"SearchAction","target":{"@type":"EntryPoint","urlTemplate":"https:\/\/nahuelproducciones.com.ar\/radioquijano\/?s={search_term_string}"},"query-input":"required name=search_term_string"}],"inLanguage":"es"},{"@type":"Person","@id":"https:\/\/nahuelproducciones.com.ar\/radioquijano\/#\/schema\/person\/e8a4f939e2cb487fe6d0c54042c9d32c","name":"Cecilia Pastrana","image":{"@type":"ImageObject","inLanguage":"es","@id":"https:\/\/nahuelproducciones.com.ar\/radioquijano\/#\/schema\/person\/image\/","url":"https:\/\/secure.gravatar.com\/avatar\/661a3ef63a8488d4f2794ed44af8cf71420f7e106f3072c40125114df5157749?s=96&d=mm&r=g","contentUrl":"https:\/\/secure.gravatar.com\/avatar\/661a3ef63a8488d4f2794ed44af8cf71420f7e106f3072c40125114df5157749?s=96&d=mm&r=g","caption":"Cecilia Pastrana"},"sameAs":["cecy"],"url":"https:\/\/nahuelproducciones.com.ar\/radioquijano\/author\/cecy\/"}]}},"_links":{"self":[{"href":"https:\/\/nahuelproducciones.com.ar\/radioquijano\/wp-json\/wp\/v2\/posts\/9152","targetHints":{"allow":["GET"]}}],"collection":[{"href":"https:\/\/nahuelproducciones.com.ar\/radioquijano\/wp-json\/wp\/v2\/posts"}],"about":[{"href":"https:\/\/nahuelproducciones.com.ar\/radioquijano\/wp-json\/wp\/v2\/types\/post"}],"author":[{"embeddable":true,"href":"https:\/\/nahuelproducciones.com.ar\/radioquijano\/wp-json\/wp\/v2\/users\/8"}],"replies":[{"embeddable":true,"href":"https:\/\/nahuelproducciones.com.ar\/radioquijano\/wp-json\/wp\/v2\/comments?post=9152"}],"version-history":[{"count":3,"href":"https:\/\/nahuelproducciones.com.ar\/radioquijano\/wp-json\/wp\/v2\/posts\/9152\/revisions"}],"predecessor-version":[{"id":9199,"href":"https:\/\/nahuelproducciones.com.ar\/radioquijano\/wp-json\/wp\/v2\/posts\/9152\/revisions\/9199"}],"wp:featuredmedia":[{"embeddable":true,"href":"https:\/\/nahuelproducciones.com.ar\/radioquijano\/wp-json\/wp\/v2\/media\/9154"}],"wp:attachment":[{"href":"https:\/\/nahuelproducciones.com.ar\/radioquijano\/wp-json\/wp\/v2\/media?parent=9152"}],"wp:term":[{"taxonomy":"category","embeddable":true,"href":"https:\/\/nahuelproducciones.com.ar\/radioquijano\/wp-json\/wp\/v2\/categories?post=9152"},{"taxonomy":"post_tag","embeddable":true,"href":"https:\/\/nahuelproducciones.com.ar\/radioquijano\/wp-json\/wp\/v2\/tags?post=9152"}],"curies":[{"name":"wp","href":"https:\/\/api.w.org\/{rel}","templated":true}]}}