{"id":9174,"date":"2024-11-03T13:04:02","date_gmt":"2024-11-03T16:04:02","guid":{"rendered":"https:\/\/nahuelproducciones.com.ar\/radioquijano\/?p=9174"},"modified":"2024-11-03T13:04:03","modified_gmt":"2024-11-03T16:04:03","slug":"campo-quijano-se-investiga-el-siniestro-vial-donde-fallecio-un-motociclista","status":"publish","type":"post","link":"https:\/\/nahuelproducciones.com.ar\/radioquijano\/campo-quijano-se-investiga-el-siniestro-vial-donde-fallecio-un-motociclista\/","title":{"rendered":"Campo Quijano: se investiga el siniestro vial donde falleci\u00f3 un motociclista"},"content":{"rendered":"\n<p>Ocurri\u00f3 esta ma\u00f1ana pasadas las 05 en inmediaciones de la plaza de esa localidad donde por causas a establecer colisionaron dos motocicletas. Tras el siniestro falleci\u00f3 un joven de 24 a\u00f1os. Trabajaron recursos del Distrito de Prevenci\u00f3n 10 bajo la direcci\u00f3n de la Fiscal\u00eda Penal de la zona.<\/p>\n\n\n\n<p>Hoy, pasadas las 05, personal de comisar\u00eda de Campo Quijano tom\u00f3 conocimiento sobre un siniestro vial en avenida 9 de Julio y Buenos Aires. En forma inmediata se desplazaron recursos al lugar, informando que se trataba de una colisi\u00f3n entre dos motoveh\u00edculos y uno de ellos se habr\u00eda retirado.<\/p>\n\n\n\n<p>El ocupante de uno de los rodados, un joven de 24 a\u00f1os, result\u00f3 lesionado, siendo trasladado al hospital local, produci\u00e9ndose el deceso del mismo minutos m\u00e1s tarde.<\/p>\n\n\n\n<p>Luego de averiguaciones, personal logr\u00f3 ubicar a los ocupantes del motoveh\u00edculo que se fug\u00f3 del lugar, quedando dos personas a disposici\u00f3n del magistrado interviniente.<\/p>\n\n\n\n<p>Efectivos de Seguridad Vial realizaron las tareas operativas y preventivas. Criminal\u00edstica document\u00f3 la escena a los fines de establecer la mec\u00e1nica del siniestro.<\/p>\n\n\n\n<p><\/p>\n\n\n\n<p>Fuente: Divisi\u00f3n Prensa y Difusion &#8211; Policia de Salta <\/p>\n","protected":false},"excerpt":{"rendered":"<p>Ocurri\u00f3 esta ma\u00f1ana pasadas las 05 en inmediaciones de la plaza de esa localidad donde por causas a establecer colisionaron dos motocicletas. Tras el siniestro falleci\u00f3 un joven de 24 a\u00f1os. Trabajaron recursos del Distrito de Prevenci\u00f3n 10 bajo la direcci\u00f3n de la Fiscal\u00eda Penal de la zona. Hoy, pasadas las 05, personal de comisar\u00eda [&hellip;]<\/p>\n","protected":false},"author":8,"featured_media":9175,"comment_status":"open","ping_status":"open","sticky":false,"template":"","format":"standard","meta":{"_monsterinsights_skip_tracking":false,"_monsterinsights_sitenote_active":false,"_monsterinsights_sitenote_note":"","_monsterinsights_sitenote_category":0,"footnotes":""},"categories":[16],"tags":[100,1667],"class_list":["post-9174","post","type-post","status-publish","format-standard","has-post-thumbnail","hentry","category-noticias","tag-municipio-de-campo-quijano","tag-siniestro-vial"],"yoast_head":"<!-- This site is optimized with the Yoast SEO plugin v20.8 - https:\/\/yoast.com\/wordpress\/plugins\/seo\/ -->\n<title>Campo Quijano: se investiga el siniestro vial donde falleci\u00f3 un motociclista - RQ 99.9<\/title>\n<meta name=\"description\" content=\"Criminal\u00edstica document\u00f3 la escena a los fines de establecer la mec\u00e1nica del siniestro.\" \/>\n<meta name=\"robots\" content=\"index, follow, max-snippet:-1, max-image-preview:large, max-video-preview:-1\" \/>\n<link rel=\"canonical\" href=\"https:\/\/nahuelproducciones.com.ar\/radioquijano\/campo-quijano-se-investiga-el-siniestro-vial-donde-fallecio-un-motociclista\/\" \/>\n<meta property=\"og:locale\" content=\"es_ES\" \/>\n<meta property=\"og:type\" content=\"article\" \/>\n<meta property=\"og:title\" content=\"Campo Quijano: se investiga el siniestro vial donde falleci\u00f3 un motociclista - RQ 99.9\" \/>\n<meta property=\"og:description\" content=\"Criminal\u00edstica document\u00f3 la escena a los fines de establecer la mec\u00e1nica del siniestro.\" \/>\n<meta property=\"og:url\" content=\"https:\/\/nahuelproducciones.com.ar\/radioquijano\/campo-quijano-se-investiga-el-siniestro-vial-donde-fallecio-un-motociclista\/\" \/>\n<meta property=\"og:site_name\" content=\"RQ 99.9\" \/>\n<meta property=\"article:publisher\" content=\"https:\/\/www.facebook.com\/nahuelproducciones999\/\" \/>\n<meta property=\"article:published_time\" content=\"2024-11-03T16:04:02+00:00\" \/>\n<meta property=\"article:modified_time\" content=\"2024-11-03T16:04:03+00:00\" \/>\n<meta property=\"og:image\" content=\"https:\/\/nahuelproducciones.com.ar\/radioquijano\/wp-content\/uploads\/2024\/11\/WhatsApp-Image-2024-11-03-at-11.17.39-AM-1068x712-1-e1730649817835.jpeg\" \/>\n\t<meta property=\"og:image:width\" content=\"700\" \/>\n\t<meta property=\"og:image:height\" content=\"467\" \/>\n\t<meta property=\"og:image:type\" content=\"image\/jpeg\" \/>\n<meta name=\"author\" content=\"Cecilia Pastrana\" \/>\n<meta name=\"twitter:card\" content=\"summary_large_image\" \/>\n<meta name=\"twitter:creator\" content=\"@nahuproduciones\" \/>\n<meta name=\"twitter:site\" content=\"@nahuproduciones\" \/>\n<meta name=\"twitter:label1\" content=\"Escrito por\" \/>\n\t<meta name=\"twitter:data1\" content=\"Cecilia Pastrana\" \/>\n\t<meta name=\"twitter:label2\" content=\"Tiempo de lectura\" \/>\n\t<meta name=\"twitter:data2\" content=\"1 minuto\" \/>\n<script type=\"application\/ld+json\" class=\"yoast-schema-graph\">{\"@context\":\"https:\/\/schema.org\",\"@graph\":[{\"@type\":\"WebPage\",\"@id\":\"https:\/\/nahuelproducciones.com.ar\/radioquijano\/campo-quijano-se-investiga-el-siniestro-vial-donde-fallecio-un-motociclista\/\",\"url\":\"https:\/\/nahuelproducciones.com.ar\/radioquijano\/campo-quijano-se-investiga-el-siniestro-vial-donde-fallecio-un-motociclista\/\",\"name\":\"Campo Quijano: se investiga el siniestro vial donde falleci\u00f3 un motociclista - RQ 99.9\",\"isPartOf\":{\"@id\":\"https:\/\/nahuelproducciones.com.ar\/radioquijano\/#website\"},\"datePublished\":\"2024-11-03T16:04:02+00:00\",\"dateModified\":\"2024-11-03T16:04:03+00:00\",\"author\":{\"@id\":\"https:\/\/nahuelproducciones.com.ar\/radioquijano\/#\/schema\/person\/e8a4f939e2cb487fe6d0c54042c9d32c\"},\"description\":\"Criminal\u00edstica document\u00f3 la escena a los fines de establecer la mec\u00e1nica del siniestro.\",\"breadcrumb\":{\"@id\":\"https:\/\/nahuelproducciones.com.ar\/radioquijano\/campo-quijano-se-investiga-el-siniestro-vial-donde-fallecio-un-motociclista\/#breadcrumb\"},\"inLanguage\":\"es\",\"potentialAction\":[{\"@type\":\"ReadAction\",\"target\":[\"https:\/\/nahuelproducciones.com.ar\/radioquijano\/campo-quijano-se-investiga-el-siniestro-vial-donde-fallecio-un-motociclista\/\"]}]},{\"@type\":\"BreadcrumbList\",\"@id\":\"https:\/\/nahuelproducciones.com.ar\/radioquijano\/campo-quijano-se-investiga-el-siniestro-vial-donde-fallecio-un-motociclista\/#breadcrumb\",\"itemListElement\":[{\"@type\":\"ListItem\",\"position\":1,\"name\":\"Portada\",\"item\":\"https:\/\/nahuelproducciones.com.ar\/radioquijano\/\"},{\"@type\":\"ListItem\",\"position\":2,\"name\":\"Campo Quijano: se investiga el siniestro vial donde falleci\u00f3 un motociclista\"}]},{\"@type\":\"WebSite\",\"@id\":\"https:\/\/nahuelproducciones.com.ar\/radioquijano\/#website\",\"url\":\"https:\/\/nahuelproducciones.com.ar\/radioquijano\/\",\"name\":\"RQ 99.9\",\"description\":\"Radio Quijano 99.9 MHz\",\"potentialAction\":[{\"@type\":\"SearchAction\",\"target\":{\"@type\":\"EntryPoint\",\"urlTemplate\":\"https:\/\/nahuelproducciones.com.ar\/radioquijano\/?s={search_term_string}\"},\"query-input\":\"required name=search_term_string\"}],\"inLanguage\":\"es\"},{\"@type\":\"Person\",\"@id\":\"https:\/\/nahuelproducciones.com.ar\/radioquijano\/#\/schema\/person\/e8a4f939e2cb487fe6d0c54042c9d32c\",\"name\":\"Cecilia Pastrana\",\"image\":{\"@type\":\"ImageObject\",\"inLanguage\":\"es\",\"@id\":\"https:\/\/nahuelproducciones.com.ar\/radioquijano\/#\/schema\/person\/image\/\",\"url\":\"https:\/\/secure.gravatar.com\/avatar\/661a3ef63a8488d4f2794ed44af8cf71420f7e106f3072c40125114df5157749?s=96&d=mm&r=g\",\"contentUrl\":\"https:\/\/secure.gravatar.com\/avatar\/661a3ef63a8488d4f2794ed44af8cf71420f7e106f3072c40125114df5157749?s=96&d=mm&r=g\",\"caption\":\"Cecilia Pastrana\"},\"sameAs\":[\"cecy\"],\"url\":\"https:\/\/nahuelproducciones.com.ar\/radioquijano\/author\/cecy\/\"}]}<\/script>\n<!-- \/ Yoast SEO plugin. -->","yoast_head_json":{"title":"Campo Quijano: se investiga el siniestro vial donde falleci\u00f3 un motociclista - RQ 99.9","description":"Criminal\u00edstica document\u00f3 la escena a los fines de establecer la mec\u00e1nica del siniestro.","robots":{"index":"index","follow":"follow","max-snippet":"max-snippet:-1","max-image-preview":"max-image-preview:large","max-video-preview":"max-video-preview:-1"},"canonical":"https:\/\/nahuelproducciones.com.ar\/radioquijano\/campo-quijano-se-investiga-el-siniestro-vial-donde-fallecio-un-motociclista\/","og_locale":"es_ES","og_type":"article","og_title":"Campo Quijano: se investiga el siniestro vial donde falleci\u00f3 un motociclista - RQ 99.9","og_description":"Criminal\u00edstica document\u00f3 la escena a los fines de establecer la mec\u00e1nica del siniestro.","og_url":"https:\/\/nahuelproducciones.com.ar\/radioquijano\/campo-quijano-se-investiga-el-siniestro-vial-donde-fallecio-un-motociclista\/","og_site_name":"RQ 99.9","article_publisher":"https:\/\/www.facebook.com\/nahuelproducciones999\/","article_published_time":"2024-11-03T16:04:02+00:00","article_modified_time":"2024-11-03T16:04:03+00:00","og_image":[{"width":700,"height":467,"url":"https:\/\/nahuelproducciones.com.ar\/radioquijano\/wp-content\/uploads\/2024\/11\/WhatsApp-Image-2024-11-03-at-11.17.39-AM-1068x712-1-e1730649817835.jpeg","type":"image\/jpeg"}],"author":"Cecilia Pastrana","twitter_card":"summary_large_image","twitter_creator":"@nahuproduciones","twitter_site":"@nahuproduciones","twitter_misc":{"Escrito por":"Cecilia Pastrana","Tiempo de lectura":"1 minuto"},"schema":{"@context":"https:\/\/schema.org","@graph":[{"@type":"WebPage","@id":"https:\/\/nahuelproducciones.com.ar\/radioquijano\/campo-quijano-se-investiga-el-siniestro-vial-donde-fallecio-un-motociclista\/","url":"https:\/\/nahuelproducciones.com.ar\/radioquijano\/campo-quijano-se-investiga-el-siniestro-vial-donde-fallecio-un-motociclista\/","name":"Campo Quijano: se investiga el siniestro vial donde falleci\u00f3 un motociclista - RQ 99.9","isPartOf":{"@id":"https:\/\/nahuelproducciones.com.ar\/radioquijano\/#website"},"datePublished":"2024-11-03T16:04:02+00:00","dateModified":"2024-11-03T16:04:03+00:00","author":{"@id":"https:\/\/nahuelproducciones.com.ar\/radioquijano\/#\/schema\/person\/e8a4f939e2cb487fe6d0c54042c9d32c"},"description":"Criminal\u00edstica document\u00f3 la escena a los fines de establecer la mec\u00e1nica del siniestro.","breadcrumb":{"@id":"https:\/\/nahuelproducciones.com.ar\/radioquijano\/campo-quijano-se-investiga-el-siniestro-vial-donde-fallecio-un-motociclista\/#breadcrumb"},"inLanguage":"es","potentialAction":[{"@type":"ReadAction","target":["https:\/\/nahuelproducciones.com.ar\/radioquijano\/campo-quijano-se-investiga-el-siniestro-vial-donde-fallecio-un-motociclista\/"]}]},{"@type":"BreadcrumbList","@id":"https:\/\/nahuelproducciones.com.ar\/radioquijano\/campo-quijano-se-investiga-el-siniestro-vial-donde-fallecio-un-motociclista\/#breadcrumb","itemListElement":[{"@type":"ListItem","position":1,"name":"Portada","item":"https:\/\/nahuelproducciones.com.ar\/radioquijano\/"},{"@type":"ListItem","position":2,"name":"Campo Quijano: se investiga el siniestro vial donde falleci\u00f3 un motociclista"}]},{"@type":"WebSite","@id":"https:\/\/nahuelproducciones.com.ar\/radioquijano\/#website","url":"https:\/\/nahuelproducciones.com.ar\/radioquijano\/","name":"RQ 99.9","description":"Radio Quijano 99.9 MHz","potentialAction":[{"@type":"SearchAction","target":{"@type":"EntryPoint","urlTemplate":"https:\/\/nahuelproducciones.com.ar\/radioquijano\/?s={search_term_string}"},"query-input":"required name=search_term_string"}],"inLanguage":"es"},{"@type":"Person","@id":"https:\/\/nahuelproducciones.com.ar\/radioquijano\/#\/schema\/person\/e8a4f939e2cb487fe6d0c54042c9d32c","name":"Cecilia Pastrana","image":{"@type":"ImageObject","inLanguage":"es","@id":"https:\/\/nahuelproducciones.com.ar\/radioquijano\/#\/schema\/person\/image\/","url":"https:\/\/secure.gravatar.com\/avatar\/661a3ef63a8488d4f2794ed44af8cf71420f7e106f3072c40125114df5157749?s=96&d=mm&r=g","contentUrl":"https:\/\/secure.gravatar.com\/avatar\/661a3ef63a8488d4f2794ed44af8cf71420f7e106f3072c40125114df5157749?s=96&d=mm&r=g","caption":"Cecilia Pastrana"},"sameAs":["cecy"],"url":"https:\/\/nahuelproducciones.com.ar\/radioquijano\/author\/cecy\/"}]}},"_links":{"self":[{"href":"https:\/\/nahuelproducciones.com.ar\/radioquijano\/wp-json\/wp\/v2\/posts\/9174","targetHints":{"allow":["GET"]}}],"collection":[{"href":"https:\/\/nahuelproducciones.com.ar\/radioquijano\/wp-json\/wp\/v2\/posts"}],"about":[{"href":"https:\/\/nahuelproducciones.com.ar\/radioquijano\/wp-json\/wp\/v2\/types\/post"}],"author":[{"embeddable":true,"href":"https:\/\/nahuelproducciones.com.ar\/radioquijano\/wp-json\/wp\/v2\/users\/8"}],"replies":[{"embeddable":true,"href":"https:\/\/nahuelproducciones.com.ar\/radioquijano\/wp-json\/wp\/v2\/comments?post=9174"}],"version-history":[{"count":1,"href":"https:\/\/nahuelproducciones.com.ar\/radioquijano\/wp-json\/wp\/v2\/posts\/9174\/revisions"}],"predecessor-version":[{"id":9176,"href":"https:\/\/nahuelproducciones.com.ar\/radioquijano\/wp-json\/wp\/v2\/posts\/9174\/revisions\/9176"}],"wp:featuredmedia":[{"embeddable":true,"href":"https:\/\/nahuelproducciones.com.ar\/radioquijano\/wp-json\/wp\/v2\/media\/9175"}],"wp:attachment":[{"href":"https:\/\/nahuelproducciones.com.ar\/radioquijano\/wp-json\/wp\/v2\/media?parent=9174"}],"wp:term":[{"taxonomy":"category","embeddable":true,"href":"https:\/\/nahuelproducciones.com.ar\/radioquijano\/wp-json\/wp\/v2\/categories?post=9174"},{"taxonomy":"post_tag","embeddable":true,"href":"https:\/\/nahuelproducciones.com.ar\/radioquijano\/wp-json\/wp\/v2\/tags?post=9174"}],"curies":[{"name":"wp","href":"https:\/\/api.w.org\/{rel}","templated":true}]}}