{"id":9180,"date":"2024-11-05T10:44:52","date_gmt":"2024-11-05T13:44:52","guid":{"rendered":"https:\/\/nahuelproducciones.com.ar\/radioquijano\/?p=9180"},"modified":"2024-11-05T10:44:53","modified_gmt":"2024-11-05T13:44:53","slug":"intenso-trabajo-de-seguridad-por-el-temporal-en-salta","status":"publish","type":"post","link":"https:\/\/nahuelproducciones.com.ar\/radioquijano\/intenso-trabajo-de-seguridad-por-el-temporal-en-salta\/","title":{"rendered":"Intenso trabajo de seguridad por el temporal en Salta"},"content":{"rendered":"\n<p>La Polic\u00eda de Salta y la Subsecretar\u00eda de Defensa Civil asistieron a damnificados por las lluvias registradas anoche y esta madrugada en distintas localidades de la provincia. Se registraron postes y \u00e1rboles ca\u00eddos, y veh\u00edculos anegados. No se registraron personas lesionadas. Contin\u00faan los relevamientos en los distintos municipios.<\/p>\n\n\n\n<p>El Ministerio de Seguridad y Justicia, por medio de la Polic\u00eda de Salta y la Subsecretar\u00eda de Defensa Civil, brind\u00f3 asistencia a damnificados por la intensa lluvia registrada anoche y esta madrugada en distintas localidades. Se trabaj\u00f3 en coordinaci\u00f3n con municipios y cuarteles de Bomberos Voluntarios.<\/p>\n\n\n\n<p>Se registraron intervenciones por veh\u00edculos varados por anegamiento en distintas rutas y calles en Capital, San Lorenzo Chico, Vaqueros, La Merced Chica, La Silleta, entre otros puntos. Se trabaj\u00f3 con autobombas y camiones de Defensa Civil.<\/p>\n\n\n<div class=\"wp-block-image\">\n<figure class=\"aligncenter is-resized\"><a href=\"https:\/\/www.salta.gob.ar\/public\/images\/noticias\/contenidos\/14644-intenso-trabajo-de-seguridad-por-el-temporal-en-salta.webp\"><img loading=\"lazy\" decoding=\"async\" src=\"https:\/\/www.salta.gob.ar\/public\/images\/noticias\/contenidos\/14644-intenso-trabajo-de-seguridad-por-el-temporal-en-salta.webp\" alt=\"Intenso trabajo de seguridad por el temporal en Salta\" width=\"436\" height=\"245\"\/><\/a><\/figure><\/div>\n\n\n<p>Se asisti\u00f3 a una familia en Villa Lola sobre ruta provincial 94 por la ca\u00edda de un \u00e1rbol en el techo de su vivienda. No hubo lesionados. Se auxili\u00f3 tambi\u00e9n a una familia en barrio San Ignacio por ingreso de agua a su vivienda.<\/p>\n\n\n\n<p>Se trabaj\u00f3 tambi\u00e9n en el despeje de calles y espacios verdes por la ca\u00edda de \u00e1rboles y postes de energ\u00eda en barrio El Huaico, Casta\u00f1ares, entre otros. En este sentido, se realizaron las articulaciones pertinentes con las empresas prestatarias de servicio.<\/p>\n\n\n\n<p>Contin\u00faan los relevamientos en los diferentes municipios.<\/p>\n\n\n\n<p>Fuente:&nbsp;<strong>Secretaria de Prensa y Comunicaci\u00f3n<\/strong><\/p>\n","protected":false},"excerpt":{"rendered":"<p>La Polic\u00eda de Salta y la Subsecretar\u00eda de Defensa Civil asistieron a damnificados por las lluvias registradas anoche y esta madrugada en distintas localidades de la provincia. Se registraron postes y \u00e1rboles ca\u00eddos, y veh\u00edculos anegados. No se registraron personas lesionadas. Contin\u00faan los relevamientos en los distintos municipios. El Ministerio de Seguridad y Justicia, por [&hellip;]<\/p>\n","protected":false},"author":8,"featured_media":9181,"comment_status":"open","ping_status":"open","sticky":false,"template":"","format":"standard","meta":{"_monsterinsights_skip_tracking":false,"_monsterinsights_sitenote_active":false,"_monsterinsights_sitenote_note":"","_monsterinsights_sitenote_category":0,"footnotes":""},"categories":[16],"tags":[100,1666],"class_list":["post-9180","post","type-post","status-publish","format-standard","has-post-thumbnail","hentry","category-noticias","tag-municipio-de-campo-quijano","tag-temporal"],"yoast_head":"<!-- This site is optimized with the Yoast SEO plugin v20.8 - https:\/\/yoast.com\/wordpress\/plugins\/seo\/ -->\n<title>Intenso trabajo de seguridad por el temporal en Salta - RQ 99.9<\/title>\n<meta name=\"description\" content=\"Contin\u00faan los relevamientos en los diferentes municipios.\" \/>\n<meta name=\"robots\" content=\"index, follow, max-snippet:-1, max-image-preview:large, max-video-preview:-1\" \/>\n<link rel=\"canonical\" href=\"https:\/\/nahuelproducciones.com.ar\/radioquijano\/intenso-trabajo-de-seguridad-por-el-temporal-en-salta\/\" \/>\n<meta property=\"og:locale\" content=\"es_ES\" \/>\n<meta property=\"og:type\" content=\"article\" \/>\n<meta property=\"og:title\" content=\"Intenso trabajo de seguridad por el temporal en Salta - RQ 99.9\" \/>\n<meta property=\"og:description\" content=\"Contin\u00faan los relevamientos en los diferentes municipios.\" \/>\n<meta property=\"og:url\" content=\"https:\/\/nahuelproducciones.com.ar\/radioquijano\/intenso-trabajo-de-seguridad-por-el-temporal-en-salta\/\" \/>\n<meta property=\"og:site_name\" content=\"RQ 99.9\" \/>\n<meta property=\"article:publisher\" content=\"https:\/\/www.facebook.com\/nahuelproducciones999\/\" \/>\n<meta property=\"article:published_time\" content=\"2024-11-05T13:44:52+00:00\" \/>\n<meta property=\"article:modified_time\" content=\"2024-11-05T13:44:53+00:00\" \/>\n<meta property=\"og:image\" content=\"https:\/\/nahuelproducciones.com.ar\/radioquijano\/wp-content\/uploads\/2024\/11\/98568-intenso-trabajo-de-seguridad-por-el-temporal-en-salta-e1730814276433.webp\" \/>\n\t<meta property=\"og:image:width\" content=\"700\" \/>\n\t<meta property=\"og:image:height\" content=\"394\" \/>\n\t<meta property=\"og:image:type\" content=\"image\/webp\" \/>\n<meta name=\"author\" content=\"Cecilia Pastrana\" \/>\n<meta name=\"twitter:card\" content=\"summary_large_image\" \/>\n<meta name=\"twitter:creator\" content=\"@nahuproduciones\" \/>\n<meta name=\"twitter:site\" content=\"@nahuproduciones\" \/>\n<meta name=\"twitter:label1\" content=\"Escrito por\" \/>\n\t<meta name=\"twitter:data1\" content=\"Cecilia Pastrana\" \/>\n\t<meta name=\"twitter:label2\" content=\"Tiempo de lectura\" \/>\n\t<meta name=\"twitter:data2\" content=\"2 minutos\" \/>\n<script type=\"application\/ld+json\" class=\"yoast-schema-graph\">{\"@context\":\"https:\/\/schema.org\",\"@graph\":[{\"@type\":\"WebPage\",\"@id\":\"https:\/\/nahuelproducciones.com.ar\/radioquijano\/intenso-trabajo-de-seguridad-por-el-temporal-en-salta\/\",\"url\":\"https:\/\/nahuelproducciones.com.ar\/radioquijano\/intenso-trabajo-de-seguridad-por-el-temporal-en-salta\/\",\"name\":\"Intenso trabajo de seguridad por el temporal en Salta - RQ 99.9\",\"isPartOf\":{\"@id\":\"https:\/\/nahuelproducciones.com.ar\/radioquijano\/#website\"},\"datePublished\":\"2024-11-05T13:44:52+00:00\",\"dateModified\":\"2024-11-05T13:44:53+00:00\",\"author\":{\"@id\":\"https:\/\/nahuelproducciones.com.ar\/radioquijano\/#\/schema\/person\/e8a4f939e2cb487fe6d0c54042c9d32c\"},\"description\":\"Contin\u00faan los relevamientos en los diferentes municipios.\",\"breadcrumb\":{\"@id\":\"https:\/\/nahuelproducciones.com.ar\/radioquijano\/intenso-trabajo-de-seguridad-por-el-temporal-en-salta\/#breadcrumb\"},\"inLanguage\":\"es\",\"potentialAction\":[{\"@type\":\"ReadAction\",\"target\":[\"https:\/\/nahuelproducciones.com.ar\/radioquijano\/intenso-trabajo-de-seguridad-por-el-temporal-en-salta\/\"]}]},{\"@type\":\"BreadcrumbList\",\"@id\":\"https:\/\/nahuelproducciones.com.ar\/radioquijano\/intenso-trabajo-de-seguridad-por-el-temporal-en-salta\/#breadcrumb\",\"itemListElement\":[{\"@type\":\"ListItem\",\"position\":1,\"name\":\"Portada\",\"item\":\"https:\/\/nahuelproducciones.com.ar\/radioquijano\/\"},{\"@type\":\"ListItem\",\"position\":2,\"name\":\"Intenso trabajo de seguridad por el temporal en Salta\"}]},{\"@type\":\"WebSite\",\"@id\":\"https:\/\/nahuelproducciones.com.ar\/radioquijano\/#website\",\"url\":\"https:\/\/nahuelproducciones.com.ar\/radioquijano\/\",\"name\":\"RQ 99.9\",\"description\":\"Radio Quijano 99.9 MHz\",\"potentialAction\":[{\"@type\":\"SearchAction\",\"target\":{\"@type\":\"EntryPoint\",\"urlTemplate\":\"https:\/\/nahuelproducciones.com.ar\/radioquijano\/?s={search_term_string}\"},\"query-input\":\"required name=search_term_string\"}],\"inLanguage\":\"es\"},{\"@type\":\"Person\",\"@id\":\"https:\/\/nahuelproducciones.com.ar\/radioquijano\/#\/schema\/person\/e8a4f939e2cb487fe6d0c54042c9d32c\",\"name\":\"Cecilia Pastrana\",\"image\":{\"@type\":\"ImageObject\",\"inLanguage\":\"es\",\"@id\":\"https:\/\/nahuelproducciones.com.ar\/radioquijano\/#\/schema\/person\/image\/\",\"url\":\"https:\/\/secure.gravatar.com\/avatar\/661a3ef63a8488d4f2794ed44af8cf71420f7e106f3072c40125114df5157749?s=96&d=mm&r=g\",\"contentUrl\":\"https:\/\/secure.gravatar.com\/avatar\/661a3ef63a8488d4f2794ed44af8cf71420f7e106f3072c40125114df5157749?s=96&d=mm&r=g\",\"caption\":\"Cecilia Pastrana\"},\"sameAs\":[\"cecy\"],\"url\":\"https:\/\/nahuelproducciones.com.ar\/radioquijano\/author\/cecy\/\"}]}<\/script>\n<!-- \/ Yoast SEO plugin. -->","yoast_head_json":{"title":"Intenso trabajo de seguridad por el temporal en Salta - RQ 99.9","description":"Contin\u00faan los relevamientos en los diferentes municipios.","robots":{"index":"index","follow":"follow","max-snippet":"max-snippet:-1","max-image-preview":"max-image-preview:large","max-video-preview":"max-video-preview:-1"},"canonical":"https:\/\/nahuelproducciones.com.ar\/radioquijano\/intenso-trabajo-de-seguridad-por-el-temporal-en-salta\/","og_locale":"es_ES","og_type":"article","og_title":"Intenso trabajo de seguridad por el temporal en Salta - RQ 99.9","og_description":"Contin\u00faan los relevamientos en los diferentes municipios.","og_url":"https:\/\/nahuelproducciones.com.ar\/radioquijano\/intenso-trabajo-de-seguridad-por-el-temporal-en-salta\/","og_site_name":"RQ 99.9","article_publisher":"https:\/\/www.facebook.com\/nahuelproducciones999\/","article_published_time":"2024-11-05T13:44:52+00:00","article_modified_time":"2024-11-05T13:44:53+00:00","og_image":[{"width":700,"height":394,"url":"https:\/\/nahuelproducciones.com.ar\/radioquijano\/wp-content\/uploads\/2024\/11\/98568-intenso-trabajo-de-seguridad-por-el-temporal-en-salta-e1730814276433.webp","type":"image\/webp"}],"author":"Cecilia Pastrana","twitter_card":"summary_large_image","twitter_creator":"@nahuproduciones","twitter_site":"@nahuproduciones","twitter_misc":{"Escrito por":"Cecilia Pastrana","Tiempo de lectura":"2 minutos"},"schema":{"@context":"https:\/\/schema.org","@graph":[{"@type":"WebPage","@id":"https:\/\/nahuelproducciones.com.ar\/radioquijano\/intenso-trabajo-de-seguridad-por-el-temporal-en-salta\/","url":"https:\/\/nahuelproducciones.com.ar\/radioquijano\/intenso-trabajo-de-seguridad-por-el-temporal-en-salta\/","name":"Intenso trabajo de seguridad por el temporal en Salta - RQ 99.9","isPartOf":{"@id":"https:\/\/nahuelproducciones.com.ar\/radioquijano\/#website"},"datePublished":"2024-11-05T13:44:52+00:00","dateModified":"2024-11-05T13:44:53+00:00","author":{"@id":"https:\/\/nahuelproducciones.com.ar\/radioquijano\/#\/schema\/person\/e8a4f939e2cb487fe6d0c54042c9d32c"},"description":"Contin\u00faan los relevamientos en los diferentes municipios.","breadcrumb":{"@id":"https:\/\/nahuelproducciones.com.ar\/radioquijano\/intenso-trabajo-de-seguridad-por-el-temporal-en-salta\/#breadcrumb"},"inLanguage":"es","potentialAction":[{"@type":"ReadAction","target":["https:\/\/nahuelproducciones.com.ar\/radioquijano\/intenso-trabajo-de-seguridad-por-el-temporal-en-salta\/"]}]},{"@type":"BreadcrumbList","@id":"https:\/\/nahuelproducciones.com.ar\/radioquijano\/intenso-trabajo-de-seguridad-por-el-temporal-en-salta\/#breadcrumb","itemListElement":[{"@type":"ListItem","position":1,"name":"Portada","item":"https:\/\/nahuelproducciones.com.ar\/radioquijano\/"},{"@type":"ListItem","position":2,"name":"Intenso trabajo de seguridad por el temporal en Salta"}]},{"@type":"WebSite","@id":"https:\/\/nahuelproducciones.com.ar\/radioquijano\/#website","url":"https:\/\/nahuelproducciones.com.ar\/radioquijano\/","name":"RQ 99.9","description":"Radio Quijano 99.9 MHz","potentialAction":[{"@type":"SearchAction","target":{"@type":"EntryPoint","urlTemplate":"https:\/\/nahuelproducciones.com.ar\/radioquijano\/?s={search_term_string}"},"query-input":"required name=search_term_string"}],"inLanguage":"es"},{"@type":"Person","@id":"https:\/\/nahuelproducciones.com.ar\/radioquijano\/#\/schema\/person\/e8a4f939e2cb487fe6d0c54042c9d32c","name":"Cecilia Pastrana","image":{"@type":"ImageObject","inLanguage":"es","@id":"https:\/\/nahuelproducciones.com.ar\/radioquijano\/#\/schema\/person\/image\/","url":"https:\/\/secure.gravatar.com\/avatar\/661a3ef63a8488d4f2794ed44af8cf71420f7e106f3072c40125114df5157749?s=96&d=mm&r=g","contentUrl":"https:\/\/secure.gravatar.com\/avatar\/661a3ef63a8488d4f2794ed44af8cf71420f7e106f3072c40125114df5157749?s=96&d=mm&r=g","caption":"Cecilia Pastrana"},"sameAs":["cecy"],"url":"https:\/\/nahuelproducciones.com.ar\/radioquijano\/author\/cecy\/"}]}},"_links":{"self":[{"href":"https:\/\/nahuelproducciones.com.ar\/radioquijano\/wp-json\/wp\/v2\/posts\/9180","targetHints":{"allow":["GET"]}}],"collection":[{"href":"https:\/\/nahuelproducciones.com.ar\/radioquijano\/wp-json\/wp\/v2\/posts"}],"about":[{"href":"https:\/\/nahuelproducciones.com.ar\/radioquijano\/wp-json\/wp\/v2\/types\/post"}],"author":[{"embeddable":true,"href":"https:\/\/nahuelproducciones.com.ar\/radioquijano\/wp-json\/wp\/v2\/users\/8"}],"replies":[{"embeddable":true,"href":"https:\/\/nahuelproducciones.com.ar\/radioquijano\/wp-json\/wp\/v2\/comments?post=9180"}],"version-history":[{"count":1,"href":"https:\/\/nahuelproducciones.com.ar\/radioquijano\/wp-json\/wp\/v2\/posts\/9180\/revisions"}],"predecessor-version":[{"id":9182,"href":"https:\/\/nahuelproducciones.com.ar\/radioquijano\/wp-json\/wp\/v2\/posts\/9180\/revisions\/9182"}],"wp:featuredmedia":[{"embeddable":true,"href":"https:\/\/nahuelproducciones.com.ar\/radioquijano\/wp-json\/wp\/v2\/media\/9181"}],"wp:attachment":[{"href":"https:\/\/nahuelproducciones.com.ar\/radioquijano\/wp-json\/wp\/v2\/media?parent=9180"}],"wp:term":[{"taxonomy":"category","embeddable":true,"href":"https:\/\/nahuelproducciones.com.ar\/radioquijano\/wp-json\/wp\/v2\/categories?post=9180"},{"taxonomy":"post_tag","embeddable":true,"href":"https:\/\/nahuelproducciones.com.ar\/radioquijano\/wp-json\/wp\/v2\/tags?post=9180"}],"curies":[{"name":"wp","href":"https:\/\/api.w.org\/{rel}","templated":true}]}}