{"id":9183,"date":"2024-11-05T15:20:01","date_gmt":"2024-11-05T18:20:01","guid":{"rendered":"https:\/\/nahuelproducciones.com.ar\/radioquijano\/?p=9183"},"modified":"2024-11-05T15:20:02","modified_gmt":"2024-11-05T18:20:02","slug":"el-gobierno-provincial-asiste-a-familias-afectadas-por-las-lluvias-en-oran-mosconi-campo-quijano-y-tartagal","status":"publish","type":"post","link":"https:\/\/nahuelproducciones.com.ar\/radioquijano\/el-gobierno-provincial-asiste-a-familias-afectadas-por-las-lluvias-en-oran-mosconi-campo-quijano-y-tartagal\/","title":{"rendered":"El Gobierno provincial asiste a familias afectadas por las lluvias en Or\u00e1n, Mosconi, Campo Quijano y Tartagal"},"content":{"rendered":"\n<p>A trav\u00e9s del Ministerio de Desarrollo Social se coordinaron distintos operativos en los municipios m\u00e1s afectados. Se articula la entrega de diversos elementos como chapas, colchones, frazadas, alimentos, pl\u00e1sticos y agua, entre otras cosas.<\/p>\n\n\n\n<p>Tras las intensas lluvias que se registraron en la madrugada de este martes, el Gobierno de la Provincia asiste a familias afectadas por las intensas lluvias en los distintos municipios.&nbsp;Desde el Ministerio de Desarrollo Social a cargo de&nbsp;Mario Mimessi&nbsp;se articularon diferentes intervenciones de asistencia. Las mismas se llevaron adelante en los municipios de Or\u00e1n, General Mosconi, Campo Quijano y Tartagal.<\/p>\n\n\n\n<p>A trav\u00e9s de la Direcci\u00f3n General de Asistencia Cr\u00edtica se articularon entregas de diferentes elementos como chapas, colchones, frazadas, alimentos, pl\u00e1sticos y agua en caso de ser necesario.<\/p>\n\n\n<div class=\"wp-block-image\">\n<figure class=\"aligncenter is-resized\"><a href=\"https:\/\/www.salta.gob.ar\/public\/images\/noticias\/contenidos\/14650-asistencia.webp\"><img loading=\"lazy\" decoding=\"async\" src=\"https:\/\/www.salta.gob.ar\/public\/images\/noticias\/contenidos\/14650-asistencia.webp\" alt=\"Asistencia\" width=\"575\" height=\"323\"\/><\/a><\/figure><\/div>\n\n\n<p>Por tal motivo, uno de los equipos del Ministerio, a trav\u00e9s de la Coordinaci\u00f3n de Pol\u00edticas Sociales a cargo de Agustina Esteban, se encuentra en el norte provincial acompa\u00f1ando a los municipios que sufrieron las inclemencias clim\u00e1ticas, mientras que en el Valle de Lerma, la directora de Protocolo por Emergencia, Gabriela Locuratolo junto a su equipo asisti\u00f3 en Campo Quijano a una familia afectada.<\/p>\n\n\n\n<p>Se trata de un hogar integrado por una madre con seis hijos, quienes en horas de la madrugada sufrieron la importante rotura de su techo. Por ello se le brind\u00f3 asistencia de forma coordinada con el municipio.<\/p>\n\n\n\n<p>\u201cEstamos trabajando de manera coordinada con los distintos municipios para llegar de forma r\u00e1pida y precisa ante los diferentes casos\u201d, indic\u00f3 al respecto Gabriela Locuratolo, al tiempo que detall\u00f3 que \u201cpor disposici\u00f3n del ministro Mimessi y ante requerimientos de los municipios, estamos asistiendo a Or\u00e1n y Mosconi, Campo Quijano y Tartagal. En tanto estamos a la espera de asistir a municipios como Embarcaci\u00f3n que hoy se est\u00e1n viendo perjudicados por la tormenta\u201d.<\/p>\n\n\n\n<p>La funcionaria provincial indic\u00f3 en tanto que \u201ctransmitimos las alertas tempranas y estamos en constante comunicaci\u00f3n con los municipios. Esto es un trabajo en conjunto con muchas \u00e1reas de la Provincia como Defensa Civil.<\/p>\n\n\n<div class=\"wp-block-image\">\n<figure class=\"aligncenter is-resized\"><a href=\"https:\/\/www.salta.gob.ar\/public\/images\/noticias\/contenidos\/14651-asistencia.webp\"><img loading=\"lazy\" decoding=\"async\" src=\"https:\/\/www.salta.gob.ar\/public\/images\/noticias\/contenidos\/14651-asistencia.webp\" alt=\"Asistencia\" width=\"600\" height=\"338\"\/><\/a><\/figure><\/div>\n\n\n<p>\u201cLuego de que nosotros enviemos dicha alerta, son las municipalidades las que act\u00faan en primera instancia y ante el relevamiento realizado por ellos, es ah\u00ed donde se trabaja en conjunto en las zonas y a las familias que cada gobierno local releva\u201d, detall\u00f3 finalmente Locuratolo.<\/p>\n\n\n\n<p>De acuerdo con la informaci\u00f3n oficial del Servicio Meteorol\u00f3gico Nacional la cantidad de agua ca\u00edda fue en Tartagal 60 mm, Or\u00e1n 69 mm, Met\u00e1n 8 mm, Rivadavia 63 mm y en la capital salte\u00f1a 14 mm.<\/p>\n\n\n<div class=\"wp-block-image\">\n<figure class=\"aligncenter size-large is-resized\"><img loading=\"lazy\" decoding=\"async\" src=\"https:\/\/nahuelproducciones.com.ar\/radioquijano\/wp-content\/uploads\/2024\/11\/98575-el-gobierno-provincial-asiste-a-familias-afectadas-por-las-lluvias-en-oran-mosconi-campo-quijano-y-tartagal-1024x576.webp\" alt=\"\" class=\"wp-image-9184\" width=\"581\" height=\"327\" srcset=\"https:\/\/nahuelproducciones.com.ar\/radioquijano\/wp-content\/uploads\/2024\/11\/98575-el-gobierno-provincial-asiste-a-familias-afectadas-por-las-lluvias-en-oran-mosconi-campo-quijano-y-tartagal-1024x576.webp 1024w, https:\/\/nahuelproducciones.com.ar\/radioquijano\/wp-content\/uploads\/2024\/11\/98575-el-gobierno-provincial-asiste-a-familias-afectadas-por-las-lluvias-en-oran-mosconi-campo-quijano-y-tartagal-300x169.webp 300w, https:\/\/nahuelproducciones.com.ar\/radioquijano\/wp-content\/uploads\/2024\/11\/98575-el-gobierno-provincial-asiste-a-familias-afectadas-por-las-lluvias-en-oran-mosconi-campo-quijano-y-tartagal-768x432.webp 768w, https:\/\/nahuelproducciones.com.ar\/radioquijano\/wp-content\/uploads\/2024\/11\/98575-el-gobierno-provincial-asiste-a-familias-afectadas-por-las-lluvias-en-oran-mosconi-campo-quijano-y-tartagal-150x84.webp 150w, https:\/\/nahuelproducciones.com.ar\/radioquijano\/wp-content\/uploads\/2024\/11\/98575-el-gobierno-provincial-asiste-a-familias-afectadas-por-las-lluvias-en-oran-mosconi-campo-quijano-y-tartagal.webp 1066w\" sizes=\"auto, (max-width: 581px) 100vw, 581px\" \/><\/figure><\/div>\n\n\n<hr class=\"wp-block-separator has-alpha-channel-opacity\"\/>\n\n\n\n<p>Fuente:&nbsp;<strong>Secretar\u00eda de Prensa y Comunicaci\u00f3n<\/strong><\/p>\n","protected":false},"excerpt":{"rendered":"<p>A trav\u00e9s del Ministerio de Desarrollo Social se coordinaron distintos operativos en los municipios m\u00e1s afectados. Se articula la entrega de diversos elementos como chapas, colchones, frazadas, alimentos, pl\u00e1sticos y agua, entre otras cosas. Tras las intensas lluvias que se registraron en la madrugada de este martes, el Gobierno de la Provincia asiste a familias [&hellip;]<\/p>\n","protected":false},"author":8,"featured_media":9185,"comment_status":"open","ping_status":"open","sticky":false,"template":"","format":"standard","meta":{"_monsterinsights_skip_tracking":false,"_monsterinsights_sitenote_active":false,"_monsterinsights_sitenote_note":"","_monsterinsights_sitenote_category":0,"footnotes":""},"categories":[16],"tags":[532,100],"class_list":["post-9183","post","type-post","status-publish","format-standard","has-post-thumbnail","hentry","category-noticias","tag-ministerio-de-desarrollo-social","tag-municipio-de-campo-quijano"],"yoast_head":"<!-- This site is optimized with the Yoast SEO plugin v20.8 - https:\/\/yoast.com\/wordpress\/plugins\/seo\/ -->\n<title>El Gobierno provincial asiste a familias afectadas por las lluvias en Or\u00e1n, Mosconi, Campo Quijano y Tartagal - RQ 99.9<\/title>\n<meta name=\"description\" content=\"En el Valle de Lerma, la directora de Protocolo por Emergencia, Gabriela Locuratolo junto a su equipo asisti\u00f3 en Campo Quijano a una familia afectada\" \/>\n<meta name=\"robots\" content=\"index, follow, max-snippet:-1, max-image-preview:large, max-video-preview:-1\" \/>\n<link rel=\"canonical\" href=\"https:\/\/nahuelproducciones.com.ar\/radioquijano\/el-gobierno-provincial-asiste-a-familias-afectadas-por-las-lluvias-en-oran-mosconi-campo-quijano-y-tartagal\/\" \/>\n<meta property=\"og:locale\" content=\"es_ES\" \/>\n<meta property=\"og:type\" content=\"article\" \/>\n<meta property=\"og:title\" content=\"El Gobierno provincial asiste a familias afectadas por las lluvias en Or\u00e1n, Mosconi, Campo Quijano y Tartagal - RQ 99.9\" \/>\n<meta property=\"og:description\" content=\"En el Valle de Lerma, la directora de Protocolo por Emergencia, Gabriela Locuratolo junto a su equipo asisti\u00f3 en Campo Quijano a una familia afectada\" \/>\n<meta property=\"og:url\" content=\"https:\/\/nahuelproducciones.com.ar\/radioquijano\/el-gobierno-provincial-asiste-a-familias-afectadas-por-las-lluvias-en-oran-mosconi-campo-quijano-y-tartagal\/\" \/>\n<meta property=\"og:site_name\" content=\"RQ 99.9\" \/>\n<meta property=\"article:publisher\" content=\"https:\/\/www.facebook.com\/nahuelproducciones999\/\" \/>\n<meta property=\"article:published_time\" content=\"2024-11-05T18:20:01+00:00\" \/>\n<meta property=\"article:modified_time\" content=\"2024-11-05T18:20:02+00:00\" \/>\n<meta property=\"og:image\" content=\"https:\/\/nahuelproducciones.com.ar\/radioquijano\/wp-content\/uploads\/2024\/11\/14652-asistencia-e1730830737678.webp\" \/>\n\t<meta property=\"og:image:width\" content=\"700\" \/>\n\t<meta property=\"og:image:height\" content=\"394\" \/>\n\t<meta property=\"og:image:type\" content=\"image\/webp\" \/>\n<meta name=\"author\" content=\"Cecilia Pastrana\" \/>\n<meta name=\"twitter:card\" content=\"summary_large_image\" \/>\n<meta name=\"twitter:creator\" content=\"@nahuproduciones\" \/>\n<meta name=\"twitter:site\" content=\"@nahuproduciones\" \/>\n<meta name=\"twitter:label1\" content=\"Escrito por\" \/>\n\t<meta name=\"twitter:data1\" content=\"Cecilia Pastrana\" \/>\n\t<meta name=\"twitter:label2\" content=\"Tiempo de lectura\" \/>\n\t<meta name=\"twitter:data2\" content=\"3 minutos\" \/>\n<script type=\"application\/ld+json\" class=\"yoast-schema-graph\">{\"@context\":\"https:\/\/schema.org\",\"@graph\":[{\"@type\":\"WebPage\",\"@id\":\"https:\/\/nahuelproducciones.com.ar\/radioquijano\/el-gobierno-provincial-asiste-a-familias-afectadas-por-las-lluvias-en-oran-mosconi-campo-quijano-y-tartagal\/\",\"url\":\"https:\/\/nahuelproducciones.com.ar\/radioquijano\/el-gobierno-provincial-asiste-a-familias-afectadas-por-las-lluvias-en-oran-mosconi-campo-quijano-y-tartagal\/\",\"name\":\"El Gobierno provincial asiste a familias afectadas por las lluvias en Or\u00e1n, Mosconi, Campo Quijano y Tartagal - RQ 99.9\",\"isPartOf\":{\"@id\":\"https:\/\/nahuelproducciones.com.ar\/radioquijano\/#website\"},\"datePublished\":\"2024-11-05T18:20:01+00:00\",\"dateModified\":\"2024-11-05T18:20:02+00:00\",\"author\":{\"@id\":\"https:\/\/nahuelproducciones.com.ar\/radioquijano\/#\/schema\/person\/e8a4f939e2cb487fe6d0c54042c9d32c\"},\"description\":\"En el Valle de Lerma, la directora de Protocolo por Emergencia, Gabriela Locuratolo junto a su equipo asisti\u00f3 en Campo Quijano a una familia afectada\",\"breadcrumb\":{\"@id\":\"https:\/\/nahuelproducciones.com.ar\/radioquijano\/el-gobierno-provincial-asiste-a-familias-afectadas-por-las-lluvias-en-oran-mosconi-campo-quijano-y-tartagal\/#breadcrumb\"},\"inLanguage\":\"es\",\"potentialAction\":[{\"@type\":\"ReadAction\",\"target\":[\"https:\/\/nahuelproducciones.com.ar\/radioquijano\/el-gobierno-provincial-asiste-a-familias-afectadas-por-las-lluvias-en-oran-mosconi-campo-quijano-y-tartagal\/\"]}]},{\"@type\":\"BreadcrumbList\",\"@id\":\"https:\/\/nahuelproducciones.com.ar\/radioquijano\/el-gobierno-provincial-asiste-a-familias-afectadas-por-las-lluvias-en-oran-mosconi-campo-quijano-y-tartagal\/#breadcrumb\",\"itemListElement\":[{\"@type\":\"ListItem\",\"position\":1,\"name\":\"Portada\",\"item\":\"https:\/\/nahuelproducciones.com.ar\/radioquijano\/\"},{\"@type\":\"ListItem\",\"position\":2,\"name\":\"El Gobierno provincial asiste a familias afectadas por las lluvias en Or\u00e1n, Mosconi, Campo Quijano y Tartagal\"}]},{\"@type\":\"WebSite\",\"@id\":\"https:\/\/nahuelproducciones.com.ar\/radioquijano\/#website\",\"url\":\"https:\/\/nahuelproducciones.com.ar\/radioquijano\/\",\"name\":\"RQ 99.9\",\"description\":\"Radio Quijano 99.9 MHz\",\"potentialAction\":[{\"@type\":\"SearchAction\",\"target\":{\"@type\":\"EntryPoint\",\"urlTemplate\":\"https:\/\/nahuelproducciones.com.ar\/radioquijano\/?s={search_term_string}\"},\"query-input\":\"required name=search_term_string\"}],\"inLanguage\":\"es\"},{\"@type\":\"Person\",\"@id\":\"https:\/\/nahuelproducciones.com.ar\/radioquijano\/#\/schema\/person\/e8a4f939e2cb487fe6d0c54042c9d32c\",\"name\":\"Cecilia Pastrana\",\"image\":{\"@type\":\"ImageObject\",\"inLanguage\":\"es\",\"@id\":\"https:\/\/nahuelproducciones.com.ar\/radioquijano\/#\/schema\/person\/image\/\",\"url\":\"https:\/\/secure.gravatar.com\/avatar\/661a3ef63a8488d4f2794ed44af8cf71420f7e106f3072c40125114df5157749?s=96&d=mm&r=g\",\"contentUrl\":\"https:\/\/secure.gravatar.com\/avatar\/661a3ef63a8488d4f2794ed44af8cf71420f7e106f3072c40125114df5157749?s=96&d=mm&r=g\",\"caption\":\"Cecilia Pastrana\"},\"sameAs\":[\"cecy\"],\"url\":\"https:\/\/nahuelproducciones.com.ar\/radioquijano\/author\/cecy\/\"}]}<\/script>\n<!-- \/ Yoast SEO plugin. -->","yoast_head_json":{"title":"El Gobierno provincial asiste a familias afectadas por las lluvias en Or\u00e1n, Mosconi, Campo Quijano y Tartagal - RQ 99.9","description":"En el Valle de Lerma, la directora de Protocolo por Emergencia, Gabriela Locuratolo junto a su equipo asisti\u00f3 en Campo Quijano a una familia afectada","robots":{"index":"index","follow":"follow","max-snippet":"max-snippet:-1","max-image-preview":"max-image-preview:large","max-video-preview":"max-video-preview:-1"},"canonical":"https:\/\/nahuelproducciones.com.ar\/radioquijano\/el-gobierno-provincial-asiste-a-familias-afectadas-por-las-lluvias-en-oran-mosconi-campo-quijano-y-tartagal\/","og_locale":"es_ES","og_type":"article","og_title":"El Gobierno provincial asiste a familias afectadas por las lluvias en Or\u00e1n, Mosconi, Campo Quijano y Tartagal - RQ 99.9","og_description":"En el Valle de Lerma, la directora de Protocolo por Emergencia, Gabriela Locuratolo junto a su equipo asisti\u00f3 en Campo Quijano a una familia afectada","og_url":"https:\/\/nahuelproducciones.com.ar\/radioquijano\/el-gobierno-provincial-asiste-a-familias-afectadas-por-las-lluvias-en-oran-mosconi-campo-quijano-y-tartagal\/","og_site_name":"RQ 99.9","article_publisher":"https:\/\/www.facebook.com\/nahuelproducciones999\/","article_published_time":"2024-11-05T18:20:01+00:00","article_modified_time":"2024-11-05T18:20:02+00:00","og_image":[{"width":700,"height":394,"url":"https:\/\/nahuelproducciones.com.ar\/radioquijano\/wp-content\/uploads\/2024\/11\/14652-asistencia-e1730830737678.webp","type":"image\/webp"}],"author":"Cecilia Pastrana","twitter_card":"summary_large_image","twitter_creator":"@nahuproduciones","twitter_site":"@nahuproduciones","twitter_misc":{"Escrito por":"Cecilia Pastrana","Tiempo de lectura":"3 minutos"},"schema":{"@context":"https:\/\/schema.org","@graph":[{"@type":"WebPage","@id":"https:\/\/nahuelproducciones.com.ar\/radioquijano\/el-gobierno-provincial-asiste-a-familias-afectadas-por-las-lluvias-en-oran-mosconi-campo-quijano-y-tartagal\/","url":"https:\/\/nahuelproducciones.com.ar\/radioquijano\/el-gobierno-provincial-asiste-a-familias-afectadas-por-las-lluvias-en-oran-mosconi-campo-quijano-y-tartagal\/","name":"El Gobierno provincial asiste a familias afectadas por las lluvias en Or\u00e1n, Mosconi, Campo Quijano y Tartagal - RQ 99.9","isPartOf":{"@id":"https:\/\/nahuelproducciones.com.ar\/radioquijano\/#website"},"datePublished":"2024-11-05T18:20:01+00:00","dateModified":"2024-11-05T18:20:02+00:00","author":{"@id":"https:\/\/nahuelproducciones.com.ar\/radioquijano\/#\/schema\/person\/e8a4f939e2cb487fe6d0c54042c9d32c"},"description":"En el Valle de Lerma, la directora de Protocolo por Emergencia, Gabriela Locuratolo junto a su equipo asisti\u00f3 en Campo Quijano a una familia afectada","breadcrumb":{"@id":"https:\/\/nahuelproducciones.com.ar\/radioquijano\/el-gobierno-provincial-asiste-a-familias-afectadas-por-las-lluvias-en-oran-mosconi-campo-quijano-y-tartagal\/#breadcrumb"},"inLanguage":"es","potentialAction":[{"@type":"ReadAction","target":["https:\/\/nahuelproducciones.com.ar\/radioquijano\/el-gobierno-provincial-asiste-a-familias-afectadas-por-las-lluvias-en-oran-mosconi-campo-quijano-y-tartagal\/"]}]},{"@type":"BreadcrumbList","@id":"https:\/\/nahuelproducciones.com.ar\/radioquijano\/el-gobierno-provincial-asiste-a-familias-afectadas-por-las-lluvias-en-oran-mosconi-campo-quijano-y-tartagal\/#breadcrumb","itemListElement":[{"@type":"ListItem","position":1,"name":"Portada","item":"https:\/\/nahuelproducciones.com.ar\/radioquijano\/"},{"@type":"ListItem","position":2,"name":"El Gobierno provincial asiste a familias afectadas por las lluvias en Or\u00e1n, Mosconi, Campo Quijano y Tartagal"}]},{"@type":"WebSite","@id":"https:\/\/nahuelproducciones.com.ar\/radioquijano\/#website","url":"https:\/\/nahuelproducciones.com.ar\/radioquijano\/","name":"RQ 99.9","description":"Radio Quijano 99.9 MHz","potentialAction":[{"@type":"SearchAction","target":{"@type":"EntryPoint","urlTemplate":"https:\/\/nahuelproducciones.com.ar\/radioquijano\/?s={search_term_string}"},"query-input":"required name=search_term_string"}],"inLanguage":"es"},{"@type":"Person","@id":"https:\/\/nahuelproducciones.com.ar\/radioquijano\/#\/schema\/person\/e8a4f939e2cb487fe6d0c54042c9d32c","name":"Cecilia Pastrana","image":{"@type":"ImageObject","inLanguage":"es","@id":"https:\/\/nahuelproducciones.com.ar\/radioquijano\/#\/schema\/person\/image\/","url":"https:\/\/secure.gravatar.com\/avatar\/661a3ef63a8488d4f2794ed44af8cf71420f7e106f3072c40125114df5157749?s=96&d=mm&r=g","contentUrl":"https:\/\/secure.gravatar.com\/avatar\/661a3ef63a8488d4f2794ed44af8cf71420f7e106f3072c40125114df5157749?s=96&d=mm&r=g","caption":"Cecilia Pastrana"},"sameAs":["cecy"],"url":"https:\/\/nahuelproducciones.com.ar\/radioquijano\/author\/cecy\/"}]}},"_links":{"self":[{"href":"https:\/\/nahuelproducciones.com.ar\/radioquijano\/wp-json\/wp\/v2\/posts\/9183","targetHints":{"allow":["GET"]}}],"collection":[{"href":"https:\/\/nahuelproducciones.com.ar\/radioquijano\/wp-json\/wp\/v2\/posts"}],"about":[{"href":"https:\/\/nahuelproducciones.com.ar\/radioquijano\/wp-json\/wp\/v2\/types\/post"}],"author":[{"embeddable":true,"href":"https:\/\/nahuelproducciones.com.ar\/radioquijano\/wp-json\/wp\/v2\/users\/8"}],"replies":[{"embeddable":true,"href":"https:\/\/nahuelproducciones.com.ar\/radioquijano\/wp-json\/wp\/v2\/comments?post=9183"}],"version-history":[{"count":1,"href":"https:\/\/nahuelproducciones.com.ar\/radioquijano\/wp-json\/wp\/v2\/posts\/9183\/revisions"}],"predecessor-version":[{"id":9186,"href":"https:\/\/nahuelproducciones.com.ar\/radioquijano\/wp-json\/wp\/v2\/posts\/9183\/revisions\/9186"}],"wp:featuredmedia":[{"embeddable":true,"href":"https:\/\/nahuelproducciones.com.ar\/radioquijano\/wp-json\/wp\/v2\/media\/9185"}],"wp:attachment":[{"href":"https:\/\/nahuelproducciones.com.ar\/radioquijano\/wp-json\/wp\/v2\/media?parent=9183"}],"wp:term":[{"taxonomy":"category","embeddable":true,"href":"https:\/\/nahuelproducciones.com.ar\/radioquijano\/wp-json\/wp\/v2\/categories?post=9183"},{"taxonomy":"post_tag","embeddable":true,"href":"https:\/\/nahuelproducciones.com.ar\/radioquijano\/wp-json\/wp\/v2\/tags?post=9183"}],"curies":[{"name":"wp","href":"https:\/\/api.w.org\/{rel}","templated":true}]}}