{"id":9187,"date":"2024-11-05T19:17:51","date_gmt":"2024-11-05T22:17:51","guid":{"rendered":"https:\/\/nahuelproducciones.com.ar\/radioquijano\/?p=9187"},"modified":"2024-11-05T19:17:52","modified_gmt":"2024-11-05T22:17:52","slug":"temporal-en-ruta-51-vecinos-y-equipos-de-emergencia-lograron-rescatar-vehiculos-varados","status":"publish","type":"post","link":"https:\/\/nahuelproducciones.com.ar\/radioquijano\/temporal-en-ruta-51-vecinos-y-equipos-de-emergencia-lograron-rescatar-vehiculos-varados\/","title":{"rendered":"Temporal en Ruta 51: vecinos y equipos de emergencia lograron rescatar veh\u00edculos varados."},"content":{"rendered":"\n<p>Un temporal con precipitaciones de 80 mm caus\u00f3 serios inconvenientes en la Ruta Nacional 51 durante la noche del lunes, afectando especialmente la zona cercana a La Silleta. Alrededor de las 20:53 horas, los Bomberos Voluntarios de Combate La Silleta iniciaron un recorrido para evaluar la situaci\u00f3n, y cerca de las 21:15 se solicit\u00f3 el corte total de la ruta debido al aumento del caudal de agua y sedimentos que socavaron las banquinas y obstruyeron la calzada.<\/p>\n\n\n\n<p>Durante el operativo, se detectan dos veh\u00edculos varados cerca del acceso a La Silleta, uno de ellos transportando menores. En un intento de auxiliar, un cami\u00f3n de log\u00edstica minera intent\u00f3 acceder al \u00e1rea, pero, al no haber completado el corte desde Villa Lola, fue arrastrado por la corriente hasta quedar atascado en la banquina. Adem\u00e1s, un motociclista que intent\u00f3 pasar fue arrastrado varios metros por la fuerte correntada, aunque afortunadamente no hubo heridos graves.<\/p>\n\n\n\n<p>Gracias a la r\u00e1pida y solidaria intervenci\u00f3n de los vecinos Sola Zaniers, Llanos, Tolaba y Ortiz, que colaboraron con maquinaria pesada, se logr\u00f3 el rescate de los tres veh\u00edculos y el despeje de la ruta. A las 01:17 horas, la circulaci\u00f3n fue restablecida con precauci\u00f3n extrema.<\/p>\n\n\n\n<p>Las lluvias tambi\u00e9n provocaron el ingreso de agua en varias viviendas, atendidas por la polic\u00eda, bomberos y asistencia cr\u00edtica. En otro incidente, a las 01:28, se report\u00f3 la ca\u00edda de un \u00e1rbol sobre una vivienda en Merced Chica, afectando a siete personas, incluidos menores, quienes debieron autoevacuarse en casa de familiares. Personal de Manejo del Fuego actu\u00f3 en el lugar para garantizar la seguridad.<\/p>\n\n\n\n<p>Cerca de las 6:00 horas, tras finalizar las labores de limpieza y despeje de troncos en el puente de La Silleta, los bomberos dieron por finalizada la guardia. Lorenzo Paco Vilte, delegado de La Silleta, dialog\u00f3 con Radio Quijano, RQ99.9 MHz, y comparti\u00f3 detalles sobre el operativo de rescate y la situaci\u00f3n vivida durante el temporal, destacando la importancia de la colaboraci\u00f3n entre vecinos y equipos de emergencia para mitigar los Da\u00f1os en esta \u00faltima tormenta.<\/p>\n\n\n\n<p><\/p>\n\n\n\n<figure class=\"wp-block-video\"><video controls src=\"https:\/\/nahuelproducciones.com.ar\/radioquijano\/wp-content\/uploads\/2024\/11\/WhatsApp-Video-2024-11-05-at-10.48.52-AM-1.mp4\"><\/video><\/figure>\n\n\n\n<figure class=\"wp-block-video\"><video controls src=\"https:\/\/nahuelproducciones.com.ar\/radioquijano\/wp-content\/uploads\/2024\/11\/WhatsApp-Video-2024-11-05-at-10.48.52-AM.mp4\"><\/video><\/figure>\n\n\n\n<p>Escucha la entrevista:<\/p>\n\n\n\n<figure class=\"wp-block-audio\"><audio controls src=\"https:\/\/nahuelproducciones.com.ar\/radioquijano\/wp-content\/uploads\/2024\/11\/05-11-2024-Lorenzo-PACO-VILTE-DELEGADO-DE-LA-SILLETA-RESUMENDEL-TEMORAL-DEL-4-DE-NOV.mp3\"><\/audio><\/figure>\n","protected":false},"excerpt":{"rendered":"<p>Un temporal con precipitaciones de 80 mm caus\u00f3 serios inconvenientes en la Ruta Nacional 51 durante la noche del lunes, afectando especialmente la zona cercana a La Silleta. Alrededor de las 20:53 horas, los Bomberos Voluntarios de Combate La Silleta iniciaron un recorrido para evaluar la situaci\u00f3n, y cerca de las 21:15 se solicit\u00f3 el [&hellip;]<\/p>\n","protected":false},"author":8,"featured_media":9190,"comment_status":"open","ping_status":"open","sticky":false,"template":"","format":"standard","meta":{"_monsterinsights_skip_tracking":false,"_monsterinsights_sitenote_active":false,"_monsterinsights_sitenote_note":"","_monsterinsights_sitenote_category":0,"footnotes":""},"categories":[16],"tags":[1669,1670,100],"class_list":["post-9187","post","type-post","status-publish","format-standard","has-post-thumbnail","hentry","category-noticias","tag-bomberos-voluntarios-de-combate-la-silleta","tag-delegado-de-la-silleta","tag-municipio-de-campo-quijano"],"yoast_head":"<!-- This site is optimized with the Yoast SEO plugin v20.8 - https:\/\/yoast.com\/wordpress\/plugins\/seo\/ -->\n<title>Temporal en Ruta 51: vecinos y equipos de emergencia lograron rescatar veh\u00edculos varados. - RQ 99.9<\/title>\n<meta name=\"description\" content=\"La colaboraci\u00f3n entre vecinos y equipos de emergencia mitigaron los Da\u00f1os en esta \u00faltima tormenta.\" \/>\n<meta name=\"robots\" content=\"index, follow, max-snippet:-1, max-image-preview:large, max-video-preview:-1\" \/>\n<link rel=\"canonical\" href=\"https:\/\/nahuelproducciones.com.ar\/radioquijano\/temporal-en-ruta-51-vecinos-y-equipos-de-emergencia-lograron-rescatar-vehiculos-varados\/\" \/>\n<meta property=\"og:locale\" content=\"es_ES\" \/>\n<meta property=\"og:type\" content=\"article\" \/>\n<meta property=\"og:title\" content=\"Temporal en Ruta 51: vecinos y equipos de emergencia lograron rescatar veh\u00edculos varados. - RQ 99.9\" \/>\n<meta property=\"og:description\" content=\"La colaboraci\u00f3n entre vecinos y equipos de emergencia mitigaron los Da\u00f1os en esta \u00faltima tormenta.\" \/>\n<meta property=\"og:url\" content=\"https:\/\/nahuelproducciones.com.ar\/radioquijano\/temporal-en-ruta-51-vecinos-y-equipos-de-emergencia-lograron-rescatar-vehiculos-varados\/\" \/>\n<meta property=\"og:site_name\" content=\"RQ 99.9\" \/>\n<meta property=\"article:publisher\" content=\"https:\/\/www.facebook.com\/nahuelproducciones999\/\" \/>\n<meta property=\"article:published_time\" content=\"2024-11-05T22:17:51+00:00\" \/>\n<meta property=\"article:modified_time\" content=\"2024-11-05T22:17:52+00:00\" \/>\n<meta property=\"og:image\" content=\"https:\/\/nahuelproducciones.com.ar\/radioquijano\/wp-content\/uploads\/2024\/11\/WhatsApp-Image-2024-11-05-at-7.05.00-PM-e1730844574896.jpeg\" \/>\n\t<meta property=\"og:image:width\" content=\"700\" \/>\n\t<meta property=\"og:image:height\" content=\"394\" \/>\n\t<meta property=\"og:image:type\" content=\"image\/jpeg\" \/>\n<meta name=\"author\" content=\"Cecilia Pastrana\" \/>\n<meta name=\"twitter:card\" content=\"summary_large_image\" \/>\n<meta name=\"twitter:creator\" content=\"@nahuproduciones\" \/>\n<meta name=\"twitter:site\" content=\"@nahuproduciones\" \/>\n<meta name=\"twitter:label1\" content=\"Escrito por\" \/>\n\t<meta name=\"twitter:data1\" content=\"Cecilia Pastrana\" \/>\n\t<meta name=\"twitter:label2\" content=\"Tiempo de lectura\" \/>\n\t<meta name=\"twitter:data2\" content=\"2 minutos\" \/>\n<script type=\"application\/ld+json\" class=\"yoast-schema-graph\">{\"@context\":\"https:\/\/schema.org\",\"@graph\":[{\"@type\":\"WebPage\",\"@id\":\"https:\/\/nahuelproducciones.com.ar\/radioquijano\/temporal-en-ruta-51-vecinos-y-equipos-de-emergencia-lograron-rescatar-vehiculos-varados\/\",\"url\":\"https:\/\/nahuelproducciones.com.ar\/radioquijano\/temporal-en-ruta-51-vecinos-y-equipos-de-emergencia-lograron-rescatar-vehiculos-varados\/\",\"name\":\"Temporal en Ruta 51: vecinos y equipos de emergencia lograron rescatar veh\u00edculos varados. - RQ 99.9\",\"isPartOf\":{\"@id\":\"https:\/\/nahuelproducciones.com.ar\/radioquijano\/#website\"},\"datePublished\":\"2024-11-05T22:17:51+00:00\",\"dateModified\":\"2024-11-05T22:17:52+00:00\",\"author\":{\"@id\":\"https:\/\/nahuelproducciones.com.ar\/radioquijano\/#\/schema\/person\/e8a4f939e2cb487fe6d0c54042c9d32c\"},\"description\":\"La colaboraci\u00f3n entre vecinos y equipos de emergencia mitigaron los Da\u00f1os en esta \u00faltima tormenta.\",\"breadcrumb\":{\"@id\":\"https:\/\/nahuelproducciones.com.ar\/radioquijano\/temporal-en-ruta-51-vecinos-y-equipos-de-emergencia-lograron-rescatar-vehiculos-varados\/#breadcrumb\"},\"inLanguage\":\"es\",\"potentialAction\":[{\"@type\":\"ReadAction\",\"target\":[\"https:\/\/nahuelproducciones.com.ar\/radioquijano\/temporal-en-ruta-51-vecinos-y-equipos-de-emergencia-lograron-rescatar-vehiculos-varados\/\"]}]},{\"@type\":\"BreadcrumbList\",\"@id\":\"https:\/\/nahuelproducciones.com.ar\/radioquijano\/temporal-en-ruta-51-vecinos-y-equipos-de-emergencia-lograron-rescatar-vehiculos-varados\/#breadcrumb\",\"itemListElement\":[{\"@type\":\"ListItem\",\"position\":1,\"name\":\"Portada\",\"item\":\"https:\/\/nahuelproducciones.com.ar\/radioquijano\/\"},{\"@type\":\"ListItem\",\"position\":2,\"name\":\"Temporal en Ruta 51: vecinos y equipos de emergencia lograron rescatar veh\u00edculos varados.\"}]},{\"@type\":\"WebSite\",\"@id\":\"https:\/\/nahuelproducciones.com.ar\/radioquijano\/#website\",\"url\":\"https:\/\/nahuelproducciones.com.ar\/radioquijano\/\",\"name\":\"RQ 99.9\",\"description\":\"Radio Quijano 99.9 MHz\",\"potentialAction\":[{\"@type\":\"SearchAction\",\"target\":{\"@type\":\"EntryPoint\",\"urlTemplate\":\"https:\/\/nahuelproducciones.com.ar\/radioquijano\/?s={search_term_string}\"},\"query-input\":\"required name=search_term_string\"}],\"inLanguage\":\"es\"},{\"@type\":\"Person\",\"@id\":\"https:\/\/nahuelproducciones.com.ar\/radioquijano\/#\/schema\/person\/e8a4f939e2cb487fe6d0c54042c9d32c\",\"name\":\"Cecilia Pastrana\",\"image\":{\"@type\":\"ImageObject\",\"inLanguage\":\"es\",\"@id\":\"https:\/\/nahuelproducciones.com.ar\/radioquijano\/#\/schema\/person\/image\/\",\"url\":\"https:\/\/secure.gravatar.com\/avatar\/661a3ef63a8488d4f2794ed44af8cf71420f7e106f3072c40125114df5157749?s=96&d=mm&r=g\",\"contentUrl\":\"https:\/\/secure.gravatar.com\/avatar\/661a3ef63a8488d4f2794ed44af8cf71420f7e106f3072c40125114df5157749?s=96&d=mm&r=g\",\"caption\":\"Cecilia Pastrana\"},\"sameAs\":[\"cecy\"],\"url\":\"https:\/\/nahuelproducciones.com.ar\/radioquijano\/author\/cecy\/\"}]}<\/script>\n<!-- \/ Yoast SEO plugin. -->","yoast_head_json":{"title":"Temporal en Ruta 51: vecinos y equipos de emergencia lograron rescatar veh\u00edculos varados. - RQ 99.9","description":"La colaboraci\u00f3n entre vecinos y equipos de emergencia mitigaron los Da\u00f1os en esta \u00faltima tormenta.","robots":{"index":"index","follow":"follow","max-snippet":"max-snippet:-1","max-image-preview":"max-image-preview:large","max-video-preview":"max-video-preview:-1"},"canonical":"https:\/\/nahuelproducciones.com.ar\/radioquijano\/temporal-en-ruta-51-vecinos-y-equipos-de-emergencia-lograron-rescatar-vehiculos-varados\/","og_locale":"es_ES","og_type":"article","og_title":"Temporal en Ruta 51: vecinos y equipos de emergencia lograron rescatar veh\u00edculos varados. - RQ 99.9","og_description":"La colaboraci\u00f3n entre vecinos y equipos de emergencia mitigaron los Da\u00f1os en esta \u00faltima tormenta.","og_url":"https:\/\/nahuelproducciones.com.ar\/radioquijano\/temporal-en-ruta-51-vecinos-y-equipos-de-emergencia-lograron-rescatar-vehiculos-varados\/","og_site_name":"RQ 99.9","article_publisher":"https:\/\/www.facebook.com\/nahuelproducciones999\/","article_published_time":"2024-11-05T22:17:51+00:00","article_modified_time":"2024-11-05T22:17:52+00:00","og_image":[{"width":700,"height":394,"url":"https:\/\/nahuelproducciones.com.ar\/radioquijano\/wp-content\/uploads\/2024\/11\/WhatsApp-Image-2024-11-05-at-7.05.00-PM-e1730844574896.jpeg","type":"image\/jpeg"}],"author":"Cecilia Pastrana","twitter_card":"summary_large_image","twitter_creator":"@nahuproduciones","twitter_site":"@nahuproduciones","twitter_misc":{"Escrito por":"Cecilia Pastrana","Tiempo de lectura":"2 minutos"},"schema":{"@context":"https:\/\/schema.org","@graph":[{"@type":"WebPage","@id":"https:\/\/nahuelproducciones.com.ar\/radioquijano\/temporal-en-ruta-51-vecinos-y-equipos-de-emergencia-lograron-rescatar-vehiculos-varados\/","url":"https:\/\/nahuelproducciones.com.ar\/radioquijano\/temporal-en-ruta-51-vecinos-y-equipos-de-emergencia-lograron-rescatar-vehiculos-varados\/","name":"Temporal en Ruta 51: vecinos y equipos de emergencia lograron rescatar veh\u00edculos varados. - RQ 99.9","isPartOf":{"@id":"https:\/\/nahuelproducciones.com.ar\/radioquijano\/#website"},"datePublished":"2024-11-05T22:17:51+00:00","dateModified":"2024-11-05T22:17:52+00:00","author":{"@id":"https:\/\/nahuelproducciones.com.ar\/radioquijano\/#\/schema\/person\/e8a4f939e2cb487fe6d0c54042c9d32c"},"description":"La colaboraci\u00f3n entre vecinos y equipos de emergencia mitigaron los Da\u00f1os en esta \u00faltima tormenta.","breadcrumb":{"@id":"https:\/\/nahuelproducciones.com.ar\/radioquijano\/temporal-en-ruta-51-vecinos-y-equipos-de-emergencia-lograron-rescatar-vehiculos-varados\/#breadcrumb"},"inLanguage":"es","potentialAction":[{"@type":"ReadAction","target":["https:\/\/nahuelproducciones.com.ar\/radioquijano\/temporal-en-ruta-51-vecinos-y-equipos-de-emergencia-lograron-rescatar-vehiculos-varados\/"]}]},{"@type":"BreadcrumbList","@id":"https:\/\/nahuelproducciones.com.ar\/radioquijano\/temporal-en-ruta-51-vecinos-y-equipos-de-emergencia-lograron-rescatar-vehiculos-varados\/#breadcrumb","itemListElement":[{"@type":"ListItem","position":1,"name":"Portada","item":"https:\/\/nahuelproducciones.com.ar\/radioquijano\/"},{"@type":"ListItem","position":2,"name":"Temporal en Ruta 51: vecinos y equipos de emergencia lograron rescatar veh\u00edculos varados."}]},{"@type":"WebSite","@id":"https:\/\/nahuelproducciones.com.ar\/radioquijano\/#website","url":"https:\/\/nahuelproducciones.com.ar\/radioquijano\/","name":"RQ 99.9","description":"Radio Quijano 99.9 MHz","potentialAction":[{"@type":"SearchAction","target":{"@type":"EntryPoint","urlTemplate":"https:\/\/nahuelproducciones.com.ar\/radioquijano\/?s={search_term_string}"},"query-input":"required name=search_term_string"}],"inLanguage":"es"},{"@type":"Person","@id":"https:\/\/nahuelproducciones.com.ar\/radioquijano\/#\/schema\/person\/e8a4f939e2cb487fe6d0c54042c9d32c","name":"Cecilia Pastrana","image":{"@type":"ImageObject","inLanguage":"es","@id":"https:\/\/nahuelproducciones.com.ar\/radioquijano\/#\/schema\/person\/image\/","url":"https:\/\/secure.gravatar.com\/avatar\/661a3ef63a8488d4f2794ed44af8cf71420f7e106f3072c40125114df5157749?s=96&d=mm&r=g","contentUrl":"https:\/\/secure.gravatar.com\/avatar\/661a3ef63a8488d4f2794ed44af8cf71420f7e106f3072c40125114df5157749?s=96&d=mm&r=g","caption":"Cecilia Pastrana"},"sameAs":["cecy"],"url":"https:\/\/nahuelproducciones.com.ar\/radioquijano\/author\/cecy\/"}]}},"_links":{"self":[{"href":"https:\/\/nahuelproducciones.com.ar\/radioquijano\/wp-json\/wp\/v2\/posts\/9187","targetHints":{"allow":["GET"]}}],"collection":[{"href":"https:\/\/nahuelproducciones.com.ar\/radioquijano\/wp-json\/wp\/v2\/posts"}],"about":[{"href":"https:\/\/nahuelproducciones.com.ar\/radioquijano\/wp-json\/wp\/v2\/types\/post"}],"author":[{"embeddable":true,"href":"https:\/\/nahuelproducciones.com.ar\/radioquijano\/wp-json\/wp\/v2\/users\/8"}],"replies":[{"embeddable":true,"href":"https:\/\/nahuelproducciones.com.ar\/radioquijano\/wp-json\/wp\/v2\/comments?post=9187"}],"version-history":[{"count":1,"href":"https:\/\/nahuelproducciones.com.ar\/radioquijano\/wp-json\/wp\/v2\/posts\/9187\/revisions"}],"predecessor-version":[{"id":9192,"href":"https:\/\/nahuelproducciones.com.ar\/radioquijano\/wp-json\/wp\/v2\/posts\/9187\/revisions\/9192"}],"wp:featuredmedia":[{"embeddable":true,"href":"https:\/\/nahuelproducciones.com.ar\/radioquijano\/wp-json\/wp\/v2\/media\/9190"}],"wp:attachment":[{"href":"https:\/\/nahuelproducciones.com.ar\/radioquijano\/wp-json\/wp\/v2\/media?parent=9187"}],"wp:term":[{"taxonomy":"category","embeddable":true,"href":"https:\/\/nahuelproducciones.com.ar\/radioquijano\/wp-json\/wp\/v2\/categories?post=9187"},{"taxonomy":"post_tag","embeddable":true,"href":"https:\/\/nahuelproducciones.com.ar\/radioquijano\/wp-json\/wp\/v2\/tags?post=9187"}],"curies":[{"name":"wp","href":"https:\/\/api.w.org\/{rel}","templated":true}]}}