{"id":9202,"date":"2024-11-09T09:34:14","date_gmt":"2024-11-09T12:34:14","guid":{"rendered":"https:\/\/nahuelproducciones.com.ar\/radioquijano\/?p=9202"},"modified":"2024-11-09T14:01:46","modified_gmt":"2024-11-09T17:01:46","slug":"62fiesta-de-la-tradicion-en-campo-quijano","status":"publish","type":"post","link":"https:\/\/nahuelproducciones.com.ar\/radioquijano\/62fiesta-de-la-tradicion-en-campo-quijano\/","title":{"rendered":"62\u00b0Fiesta de la Tradici\u00f3n en Campo Quijano."},"content":{"rendered":"\n<p>Este fin de semana, Campo Quijano cierra las actividades con m\u00fasica y danza folcl\u00f3rica, despu\u00e9s de unas semanas llenas de cultura y tradici\u00f3n.<\/p>\n\n\n\n<p>&nbsp;C\u00e1mara de Diputados y Senadores de la Provincia declararon por Ley a Campo Quijano \u2018Capital Provincial de la Tradici\u00f3n\u2019.<\/p>\n\n\n\n<p>Entre el 1 al 12 de noviembre se reunir\u00e1n distintas expresiones del&nbsp;arte folkl\u00f3rico, desde&nbsp;la m\u00fasica,la danza, el canto ,el baile, la gastronom\u00eda y las artesan\u00edas .<\/p>\n\n\n\n<p>Las actividades son organizadas por Agrupaci\u00f3n de Gauchos de G\u00fcemes Rodeo Antenor S\u00e1nchez \u2013 Campo Quijano y Gauchos De G\u00fcemes Fort\u00edn la Higuerita contando con el apoyo de la comunidad. <\/p>\n\n\n\n<blockquote class=\"wp-block-quote is-layout-flow wp-block-quote-is-layout-flow\">\n<blockquote class=\"wp-block-quote is-layout-flow wp-block-quote-is-layout-flow\">\n<p>\u00daltimo tramo del Cronograma :<\/p>\n\n\n\n<p>S\u00e1bado 9:<\/p>\n\n\n\n<p>11:00 Hs. Festival Entrelazando Culturas &#8211; Zona del Viaducto del Toro.<\/p>\n\n\n\n<p>15:00 Hs. Elecci\u00f3n de La Paisana Provincial de La Tradici\u00f3n &#8211; Estaci\u00f3n de Tren. Si llueve en la Sede de Agrupaci\u00f3n de Gauchos de G\u00fcemes Rodeo Antenor S\u00e1nchez .<\/p>\n\n\n\n<p>20:00 Hs. Baile del Peric\u00f3n Argentino con todas las Academias de Campo Quijano, junto a Delegaciones Nacionales e Internacionales.<\/p>\n\n\n\n<p>. DESFILE DE CARROZAS ALEG\u00d3RICAS A LA TRADICI\u00d3N<\/p>\n\n\n\n<p>Domingo 10:<\/p>\n\n\n\n<p>09:00 Concentraci\u00f3n de Autoridades, Agrupaciones Gauchas de la zona, Instituciones Deportivas, Escuelas, Colegios y pueblo en general en la Plaza Mart\u00edn Fierro para el Izamiento de la Ense\u00f1a Patria. <\/p>\n\n\n\n<p>09:30 Entonaci\u00f3n del Himno Nacional Argentino y Marcha de Malvinas<\/p>\n\n\n\n<p>Ofrenda Floral en el Busto de Jos\u00e9 Hern\u00e1ndez. Desayuno de campo con Mate cocido, Bollos y Tortillas. 10:00 DESFILE CENTRAL<\/p>\n\n\n\n<p>14:30 Gran Concurso del Pial<\/p>\n\n\n\n<p>Gran Jineteada con 20 potros &#8211; Tropilla La Fogonera de Ram\u00f3n Santos La Vi\u00f1a<\/p>\n\n\n\n<p> 19:00 BAILE CAMPERO CON 7 GRUPOS &#8211; Agua y Sol, Sentimiento Tropical, Palmas Arriba,<\/p>\n\n\n\n<p>Chano y sus Tropicales, N\u00e9stor Saavedra, Ariel Iba\u00f1ez y Los Hermanos Flores.<\/p>\n\n\n\n<p>Martes 12: Festival Entrelazando Culturas &#8211; Teatro Provincial<\/p>\n<\/blockquote>\n\n\n<div class=\"wp-block-image\">\n<figure class=\"aligncenter size-large is-resized\"><img loading=\"lazy\" decoding=\"async\" src=\"https:\/\/nahuelproducciones.com.ar\/radioquijano\/wp-content\/uploads\/2024\/11\/807fd4e0-371f-4805-8108-d573433a0335-724x1024.jpeg\" alt=\"\" class=\"wp-image-9203\" width=\"484\" height=\"684\"\/><\/figure><\/div>\n\n<div class=\"wp-block-image\">\n<figure class=\"aligncenter size-large is-resized\"><img loading=\"lazy\" decoding=\"async\" src=\"https:\/\/nahuelproducciones.com.ar\/radioquijano\/wp-content\/uploads\/2024\/11\/7c7677c7-a0c7-4b95-8fbe-717611af6055-576x1024.jpeg\" alt=\"\" class=\"wp-image-9204\" width=\"479\" height=\"852\" srcset=\"https:\/\/nahuelproducciones.com.ar\/radioquijano\/wp-content\/uploads\/2024\/11\/7c7677c7-a0c7-4b95-8fbe-717611af6055-576x1024.jpeg 576w, https:\/\/nahuelproducciones.com.ar\/radioquijano\/wp-content\/uploads\/2024\/11\/7c7677c7-a0c7-4b95-8fbe-717611af6055-169x300.jpeg 169w, https:\/\/nahuelproducciones.com.ar\/radioquijano\/wp-content\/uploads\/2024\/11\/7c7677c7-a0c7-4b95-8fbe-717611af6055-150x267.jpeg 150w, https:\/\/nahuelproducciones.com.ar\/radioquijano\/wp-content\/uploads\/2024\/11\/7c7677c7-a0c7-4b95-8fbe-717611af6055.jpeg 720w\" sizes=\"auto, (max-width: 479px) 100vw, 479px\" \/><\/figure><\/div><\/blockquote>\n\n\n\n<p>Escucha la entrevista al Presidente de la Agrupaci\u00f3n de Gauchos de G\u00fcemes Rodeo Antenor S\u00e1nchez, Don Pedro Bautista. <\/p>\n\n\n\n<figure class=\"wp-block-audio\"><audio controls src=\"https:\/\/nahuelproducciones.com.ar\/radioquijano\/wp-content\/uploads\/2024\/11\/09-11-2024-PEDRO-BAUTISTA-ULTIMOS-DIAS-DE-LA-TRADICION.mp3\"><\/audio><\/figure>\n","protected":false},"excerpt":{"rendered":"<p>Este fin de semana, Campo Quijano cierra las actividades con m\u00fasica y danza folcl\u00f3rica, despu\u00e9s de unas semanas llenas de cultura y tradici\u00f3n. &nbsp;C\u00e1mara de Diputados y Senadores de la Provincia declararon por Ley a Campo Quijano \u2018Capital Provincial de la Tradici\u00f3n\u2019. Entre el 1 al 12 de noviembre se reunir\u00e1n distintas expresiones del&nbsp;arte folkl\u00f3rico, [&hellip;]<\/p>\n","protected":false},"author":8,"featured_media":9203,"comment_status":"open","ping_status":"open","sticky":false,"template":"","format":"standard","meta":{"_monsterinsights_skip_tracking":false,"_monsterinsights_sitenote_active":false,"_monsterinsights_sitenote_note":"","_monsterinsights_sitenote_category":0,"footnotes":""},"categories":[16],"tags":[1672,100],"class_list":["post-9202","post","type-post","status-publish","format-standard","has-post-thumbnail","hentry","category-noticias","tag-capital-provincial-de-la-tradicion","tag-municipio-de-campo-quijano"],"yoast_head":"<!-- This site is optimized with the Yoast SEO plugin v20.8 - https:\/\/yoast.com\/wordpress\/plugins\/seo\/ -->\n<title>62\u00b0Fiesta de la Tradici\u00f3n en Campo Quijano. - RQ 99.9<\/title>\n<meta name=\"description\" content=\"Se espera una gran convocatoria para el desfile central del pr\u00f3ximo domingo con los gauchos provenientes de distintos puntos de la provincia.\" \/>\n<meta name=\"robots\" content=\"index, follow, max-snippet:-1, max-image-preview:large, max-video-preview:-1\" \/>\n<link rel=\"canonical\" href=\"https:\/\/nahuelproducciones.com.ar\/radioquijano\/62fiesta-de-la-tradicion-en-campo-quijano\/\" \/>\n<meta property=\"og:locale\" content=\"es_ES\" \/>\n<meta property=\"og:type\" content=\"article\" \/>\n<meta property=\"og:title\" content=\"62\u00b0Fiesta de la Tradici\u00f3n en Campo Quijano. - RQ 99.9\" \/>\n<meta property=\"og:description\" content=\"Se espera una gran convocatoria para el desfile central del pr\u00f3ximo domingo con los gauchos provenientes de distintos puntos de la provincia.\" \/>\n<meta property=\"og:url\" content=\"https:\/\/nahuelproducciones.com.ar\/radioquijano\/62fiesta-de-la-tradicion-en-campo-quijano\/\" \/>\n<meta property=\"og:site_name\" content=\"RQ 99.9\" \/>\n<meta property=\"article:publisher\" content=\"https:\/\/www.facebook.com\/nahuelproducciones999\/\" \/>\n<meta property=\"article:published_time\" content=\"2024-11-09T12:34:14+00:00\" \/>\n<meta property=\"article:modified_time\" content=\"2024-11-09T17:01:46+00:00\" \/>\n<meta property=\"og:image\" content=\"https:\/\/nahuelproducciones.com.ar\/radioquijano\/wp-content\/uploads\/2024\/11\/807fd4e0-371f-4805-8108-d573433a0335-e1731155696555.jpeg\" \/>\n\t<meta property=\"og:image:width\" content=\"700\" \/>\n\t<meta property=\"og:image:height\" content=\"990\" \/>\n\t<meta property=\"og:image:type\" content=\"image\/jpeg\" \/>\n<meta name=\"author\" content=\"Cecilia Pastrana\" \/>\n<meta name=\"twitter:card\" content=\"summary_large_image\" \/>\n<meta name=\"twitter:creator\" content=\"@nahuproduciones\" \/>\n<meta name=\"twitter:site\" content=\"@nahuproduciones\" \/>\n<meta name=\"twitter:label1\" content=\"Escrito por\" \/>\n\t<meta name=\"twitter:data1\" content=\"Cecilia Pastrana\" \/>\n\t<meta name=\"twitter:label2\" content=\"Tiempo de lectura\" \/>\n\t<meta name=\"twitter:data2\" content=\"2 minutos\" \/>\n<script type=\"application\/ld+json\" class=\"yoast-schema-graph\">{\"@context\":\"https:\/\/schema.org\",\"@graph\":[{\"@type\":\"WebPage\",\"@id\":\"https:\/\/nahuelproducciones.com.ar\/radioquijano\/62fiesta-de-la-tradicion-en-campo-quijano\/\",\"url\":\"https:\/\/nahuelproducciones.com.ar\/radioquijano\/62fiesta-de-la-tradicion-en-campo-quijano\/\",\"name\":\"62\u00b0Fiesta de la Tradici\u00f3n en Campo Quijano. - RQ 99.9\",\"isPartOf\":{\"@id\":\"https:\/\/nahuelproducciones.com.ar\/radioquijano\/#website\"},\"datePublished\":\"2024-11-09T12:34:14+00:00\",\"dateModified\":\"2024-11-09T17:01:46+00:00\",\"author\":{\"@id\":\"https:\/\/nahuelproducciones.com.ar\/radioquijano\/#\/schema\/person\/e8a4f939e2cb487fe6d0c54042c9d32c\"},\"description\":\"Se espera una gran convocatoria para el desfile central del pr\u00f3ximo domingo con los gauchos provenientes de distintos puntos de la provincia.\",\"breadcrumb\":{\"@id\":\"https:\/\/nahuelproducciones.com.ar\/radioquijano\/62fiesta-de-la-tradicion-en-campo-quijano\/#breadcrumb\"},\"inLanguage\":\"es\",\"potentialAction\":[{\"@type\":\"ReadAction\",\"target\":[\"https:\/\/nahuelproducciones.com.ar\/radioquijano\/62fiesta-de-la-tradicion-en-campo-quijano\/\"]}]},{\"@type\":\"BreadcrumbList\",\"@id\":\"https:\/\/nahuelproducciones.com.ar\/radioquijano\/62fiesta-de-la-tradicion-en-campo-quijano\/#breadcrumb\",\"itemListElement\":[{\"@type\":\"ListItem\",\"position\":1,\"name\":\"Portada\",\"item\":\"https:\/\/nahuelproducciones.com.ar\/radioquijano\/\"},{\"@type\":\"ListItem\",\"position\":2,\"name\":\"62\u00b0Fiesta de la Tradici\u00f3n en Campo Quijano.\"}]},{\"@type\":\"WebSite\",\"@id\":\"https:\/\/nahuelproducciones.com.ar\/radioquijano\/#website\",\"url\":\"https:\/\/nahuelproducciones.com.ar\/radioquijano\/\",\"name\":\"RQ 99.9\",\"description\":\"Radio Quijano 99.9 MHz\",\"potentialAction\":[{\"@type\":\"SearchAction\",\"target\":{\"@type\":\"EntryPoint\",\"urlTemplate\":\"https:\/\/nahuelproducciones.com.ar\/radioquijano\/?s={search_term_string}\"},\"query-input\":\"required name=search_term_string\"}],\"inLanguage\":\"es\"},{\"@type\":\"Person\",\"@id\":\"https:\/\/nahuelproducciones.com.ar\/radioquijano\/#\/schema\/person\/e8a4f939e2cb487fe6d0c54042c9d32c\",\"name\":\"Cecilia Pastrana\",\"image\":{\"@type\":\"ImageObject\",\"inLanguage\":\"es\",\"@id\":\"https:\/\/nahuelproducciones.com.ar\/radioquijano\/#\/schema\/person\/image\/\",\"url\":\"https:\/\/secure.gravatar.com\/avatar\/661a3ef63a8488d4f2794ed44af8cf71420f7e106f3072c40125114df5157749?s=96&d=mm&r=g\",\"contentUrl\":\"https:\/\/secure.gravatar.com\/avatar\/661a3ef63a8488d4f2794ed44af8cf71420f7e106f3072c40125114df5157749?s=96&d=mm&r=g\",\"caption\":\"Cecilia Pastrana\"},\"sameAs\":[\"cecy\"],\"url\":\"https:\/\/nahuelproducciones.com.ar\/radioquijano\/author\/cecy\/\"}]}<\/script>\n<!-- \/ Yoast SEO plugin. -->","yoast_head_json":{"title":"62\u00b0Fiesta de la Tradici\u00f3n en Campo Quijano. - RQ 99.9","description":"Se espera una gran convocatoria para el desfile central del pr\u00f3ximo domingo con los gauchos provenientes de distintos puntos de la provincia.","robots":{"index":"index","follow":"follow","max-snippet":"max-snippet:-1","max-image-preview":"max-image-preview:large","max-video-preview":"max-video-preview:-1"},"canonical":"https:\/\/nahuelproducciones.com.ar\/radioquijano\/62fiesta-de-la-tradicion-en-campo-quijano\/","og_locale":"es_ES","og_type":"article","og_title":"62\u00b0Fiesta de la Tradici\u00f3n en Campo Quijano. - RQ 99.9","og_description":"Se espera una gran convocatoria para el desfile central del pr\u00f3ximo domingo con los gauchos provenientes de distintos puntos de la provincia.","og_url":"https:\/\/nahuelproducciones.com.ar\/radioquijano\/62fiesta-de-la-tradicion-en-campo-quijano\/","og_site_name":"RQ 99.9","article_publisher":"https:\/\/www.facebook.com\/nahuelproducciones999\/","article_published_time":"2024-11-09T12:34:14+00:00","article_modified_time":"2024-11-09T17:01:46+00:00","og_image":[{"width":700,"height":990,"url":"https:\/\/nahuelproducciones.com.ar\/radioquijano\/wp-content\/uploads\/2024\/11\/807fd4e0-371f-4805-8108-d573433a0335-e1731155696555.jpeg","type":"image\/jpeg"}],"author":"Cecilia Pastrana","twitter_card":"summary_large_image","twitter_creator":"@nahuproduciones","twitter_site":"@nahuproduciones","twitter_misc":{"Escrito por":"Cecilia Pastrana","Tiempo de lectura":"2 minutos"},"schema":{"@context":"https:\/\/schema.org","@graph":[{"@type":"WebPage","@id":"https:\/\/nahuelproducciones.com.ar\/radioquijano\/62fiesta-de-la-tradicion-en-campo-quijano\/","url":"https:\/\/nahuelproducciones.com.ar\/radioquijano\/62fiesta-de-la-tradicion-en-campo-quijano\/","name":"62\u00b0Fiesta de la Tradici\u00f3n en Campo Quijano. - RQ 99.9","isPartOf":{"@id":"https:\/\/nahuelproducciones.com.ar\/radioquijano\/#website"},"datePublished":"2024-11-09T12:34:14+00:00","dateModified":"2024-11-09T17:01:46+00:00","author":{"@id":"https:\/\/nahuelproducciones.com.ar\/radioquijano\/#\/schema\/person\/e8a4f939e2cb487fe6d0c54042c9d32c"},"description":"Se espera una gran convocatoria para el desfile central del pr\u00f3ximo domingo con los gauchos provenientes de distintos puntos de la provincia.","breadcrumb":{"@id":"https:\/\/nahuelproducciones.com.ar\/radioquijano\/62fiesta-de-la-tradicion-en-campo-quijano\/#breadcrumb"},"inLanguage":"es","potentialAction":[{"@type":"ReadAction","target":["https:\/\/nahuelproducciones.com.ar\/radioquijano\/62fiesta-de-la-tradicion-en-campo-quijano\/"]}]},{"@type":"BreadcrumbList","@id":"https:\/\/nahuelproducciones.com.ar\/radioquijano\/62fiesta-de-la-tradicion-en-campo-quijano\/#breadcrumb","itemListElement":[{"@type":"ListItem","position":1,"name":"Portada","item":"https:\/\/nahuelproducciones.com.ar\/radioquijano\/"},{"@type":"ListItem","position":2,"name":"62\u00b0Fiesta de la Tradici\u00f3n en Campo Quijano."}]},{"@type":"WebSite","@id":"https:\/\/nahuelproducciones.com.ar\/radioquijano\/#website","url":"https:\/\/nahuelproducciones.com.ar\/radioquijano\/","name":"RQ 99.9","description":"Radio Quijano 99.9 MHz","potentialAction":[{"@type":"SearchAction","target":{"@type":"EntryPoint","urlTemplate":"https:\/\/nahuelproducciones.com.ar\/radioquijano\/?s={search_term_string}"},"query-input":"required name=search_term_string"}],"inLanguage":"es"},{"@type":"Person","@id":"https:\/\/nahuelproducciones.com.ar\/radioquijano\/#\/schema\/person\/e8a4f939e2cb487fe6d0c54042c9d32c","name":"Cecilia Pastrana","image":{"@type":"ImageObject","inLanguage":"es","@id":"https:\/\/nahuelproducciones.com.ar\/radioquijano\/#\/schema\/person\/image\/","url":"https:\/\/secure.gravatar.com\/avatar\/661a3ef63a8488d4f2794ed44af8cf71420f7e106f3072c40125114df5157749?s=96&d=mm&r=g","contentUrl":"https:\/\/secure.gravatar.com\/avatar\/661a3ef63a8488d4f2794ed44af8cf71420f7e106f3072c40125114df5157749?s=96&d=mm&r=g","caption":"Cecilia Pastrana"},"sameAs":["cecy"],"url":"https:\/\/nahuelproducciones.com.ar\/radioquijano\/author\/cecy\/"}]}},"_links":{"self":[{"href":"https:\/\/nahuelproducciones.com.ar\/radioquijano\/wp-json\/wp\/v2\/posts\/9202","targetHints":{"allow":["GET"]}}],"collection":[{"href":"https:\/\/nahuelproducciones.com.ar\/radioquijano\/wp-json\/wp\/v2\/posts"}],"about":[{"href":"https:\/\/nahuelproducciones.com.ar\/radioquijano\/wp-json\/wp\/v2\/types\/post"}],"author":[{"embeddable":true,"href":"https:\/\/nahuelproducciones.com.ar\/radioquijano\/wp-json\/wp\/v2\/users\/8"}],"replies":[{"embeddable":true,"href":"https:\/\/nahuelproducciones.com.ar\/radioquijano\/wp-json\/wp\/v2\/comments?post=9202"}],"version-history":[{"count":3,"href":"https:\/\/nahuelproducciones.com.ar\/radioquijano\/wp-json\/wp\/v2\/posts\/9202\/revisions"}],"predecessor-version":[{"id":9210,"href":"https:\/\/nahuelproducciones.com.ar\/radioquijano\/wp-json\/wp\/v2\/posts\/9202\/revisions\/9210"}],"wp:featuredmedia":[{"embeddable":true,"href":"https:\/\/nahuelproducciones.com.ar\/radioquijano\/wp-json\/wp\/v2\/media\/9203"}],"wp:attachment":[{"href":"https:\/\/nahuelproducciones.com.ar\/radioquijano\/wp-json\/wp\/v2\/media?parent=9202"}],"wp:term":[{"taxonomy":"category","embeddable":true,"href":"https:\/\/nahuelproducciones.com.ar\/radioquijano\/wp-json\/wp\/v2\/categories?post=9202"},{"taxonomy":"post_tag","embeddable":true,"href":"https:\/\/nahuelproducciones.com.ar\/radioquijano\/wp-json\/wp\/v2\/tags?post=9202"}],"curies":[{"name":"wp","href":"https:\/\/api.w.org\/{rel}","templated":true}]}}