{"id":9223,"date":"2024-11-11T10:51:23","date_gmt":"2024-11-11T13:51:23","guid":{"rendered":"https:\/\/nahuelproducciones.com.ar\/radioquijano\/?p=9223"},"modified":"2024-11-11T10:52:55","modified_gmt":"2024-11-11T13:52:55","slug":"en-el-2025-estara-entregada-la-obra-de-la-escuela-n-4631-virrey-francisco-de-toledo-de-la-silleta","status":"publish","type":"post","link":"https:\/\/nahuelproducciones.com.ar\/radioquijano\/en-el-2025-estara-entregada-la-obra-de-la-escuela-n-4631-virrey-francisco-de-toledo-de-la-silleta\/","title":{"rendered":"\u00a0En el 2025 estar\u00e1 entregada la obra de La escuela N\u00b0 4631 Virrey Francisco de Toledo de La Silleta"},"content":{"rendered":"\n<p>Los padres afligidos por la situaci\u00f3n de sus hijos por la no entrega de la obra , se\u00f1alan que la escuela es importante tanto por la educaci\u00f3n como por la seguridad de los ni\u00f1os.<\/p>\n\n\n\n<p>Hoy cortaron la Ruta N\u00b051 exigiendo al Ministerio de educaci\u00f3n una respuesta.<\/p>\n\n\n\n<p>Los vecinos lograron que representantes de Quijano y el Departamento se reunieron con funcionarios de provincia y desde provincia  se comprometen en terminar las obras para que las clases inicien en el 2025 en la instituci\u00f3n.<\/p>\n\n\n\n<figure class=\"wp-block-image size-large\"><img loading=\"lazy\" decoding=\"async\" width=\"646\" height=\"1024\" src=\"https:\/\/nahuelproducciones.com.ar\/radioquijano\/wp-content\/uploads\/2024\/11\/WhatsApp-Image-2024-11-11-at-10.10.58-AM-646x1024.jpeg\" alt=\"\" class=\"wp-image-9224\" srcset=\"https:\/\/nahuelproducciones.com.ar\/radioquijano\/wp-content\/uploads\/2024\/11\/WhatsApp-Image-2024-11-11-at-10.10.58-AM-646x1024.jpeg 646w, https:\/\/nahuelproducciones.com.ar\/radioquijano\/wp-content\/uploads\/2024\/11\/WhatsApp-Image-2024-11-11-at-10.10.58-AM-189x300.jpeg 189w, https:\/\/nahuelproducciones.com.ar\/radioquijano\/wp-content\/uploads\/2024\/11\/WhatsApp-Image-2024-11-11-at-10.10.58-AM-768x1217.jpeg 768w, https:\/\/nahuelproducciones.com.ar\/radioquijano\/wp-content\/uploads\/2024\/11\/WhatsApp-Image-2024-11-11-at-10.10.58-AM-970x1536.jpeg 970w, https:\/\/nahuelproducciones.com.ar\/radioquijano\/wp-content\/uploads\/2024\/11\/WhatsApp-Image-2024-11-11-at-10.10.58-AM-150x238.jpeg 150w, https:\/\/nahuelproducciones.com.ar\/radioquijano\/wp-content\/uploads\/2024\/11\/WhatsApp-Image-2024-11-11-at-10.10.58-AM.jpeg 1010w\" sizes=\"auto, (max-width: 646px) 100vw, 646px\" \/><\/figure>\n\n\n\n<figure class=\"wp-block-gallery has-nested-images columns-default is-cropped wp-block-gallery-1 is-layout-flex wp-block-gallery-is-layout-flex\">\n<figure class=\"wp-block-image size-large\"><img loading=\"lazy\" decoding=\"async\" width=\"1024\" height=\"576\" data-id=\"9227\" src=\"https:\/\/nahuelproducciones.com.ar\/radioquijano\/wp-content\/uploads\/2024\/11\/WhatsApp-Image-2024-11-11-at-8.38.20-AM-1-1-1024x576.jpeg\" alt=\"\" class=\"wp-image-9227\" srcset=\"https:\/\/nahuelproducciones.com.ar\/radioquijano\/wp-content\/uploads\/2024\/11\/WhatsApp-Image-2024-11-11-at-8.38.20-AM-1-1-1024x576.jpeg 1024w, https:\/\/nahuelproducciones.com.ar\/radioquijano\/wp-content\/uploads\/2024\/11\/WhatsApp-Image-2024-11-11-at-8.38.20-AM-1-1-300x169.jpeg 300w, https:\/\/nahuelproducciones.com.ar\/radioquijano\/wp-content\/uploads\/2024\/11\/WhatsApp-Image-2024-11-11-at-8.38.20-AM-1-1-768x432.jpeg 768w, https:\/\/nahuelproducciones.com.ar\/radioquijano\/wp-content\/uploads\/2024\/11\/WhatsApp-Image-2024-11-11-at-8.38.20-AM-1-1-1536x864.jpeg 1536w, https:\/\/nahuelproducciones.com.ar\/radioquijano\/wp-content\/uploads\/2024\/11\/WhatsApp-Image-2024-11-11-at-8.38.20-AM-1-1-150x84.jpeg 150w, https:\/\/nahuelproducciones.com.ar\/radioquijano\/wp-content\/uploads\/2024\/11\/WhatsApp-Image-2024-11-11-at-8.38.20-AM-1-1.jpeg 1599w\" sizes=\"auto, (max-width: 1024px) 100vw, 1024px\" \/><\/figure>\n\n\n\n<figure class=\"wp-block-image size-large\"><img loading=\"lazy\" decoding=\"async\" width=\"1024\" height=\"576\" data-id=\"9229\" src=\"https:\/\/nahuelproducciones.com.ar\/radioquijano\/wp-content\/uploads\/2024\/11\/WhatsApp-Image-2024-11-11-at-8.38.20-AM-3-1024x576.jpeg\" alt=\"\" class=\"wp-image-9229\" srcset=\"https:\/\/nahuelproducciones.com.ar\/radioquijano\/wp-content\/uploads\/2024\/11\/WhatsApp-Image-2024-11-11-at-8.38.20-AM-3-1024x576.jpeg 1024w, https:\/\/nahuelproducciones.com.ar\/radioquijano\/wp-content\/uploads\/2024\/11\/WhatsApp-Image-2024-11-11-at-8.38.20-AM-3-300x169.jpeg 300w, https:\/\/nahuelproducciones.com.ar\/radioquijano\/wp-content\/uploads\/2024\/11\/WhatsApp-Image-2024-11-11-at-8.38.20-AM-3-768x432.jpeg 768w, https:\/\/nahuelproducciones.com.ar\/radioquijano\/wp-content\/uploads\/2024\/11\/WhatsApp-Image-2024-11-11-at-8.38.20-AM-3-1536x864.jpeg 1536w, https:\/\/nahuelproducciones.com.ar\/radioquijano\/wp-content\/uploads\/2024\/11\/WhatsApp-Image-2024-11-11-at-8.38.20-AM-3-150x84.jpeg 150w, https:\/\/nahuelproducciones.com.ar\/radioquijano\/wp-content\/uploads\/2024\/11\/WhatsApp-Image-2024-11-11-at-8.38.20-AM-3.jpeg 1599w\" sizes=\"auto, (max-width: 1024px) 100vw, 1024px\" \/><\/figure>\n\n\n\n<figure class=\"wp-block-image size-large\"><img loading=\"lazy\" decoding=\"async\" width=\"1024\" height=\"576\" data-id=\"9226\" src=\"https:\/\/nahuelproducciones.com.ar\/radioquijano\/wp-content\/uploads\/2024\/11\/WhatsApp-Image-2024-11-11-at-8.38.21-AM-1-1-1024x576.jpeg\" alt=\"\" class=\"wp-image-9226\" srcset=\"https:\/\/nahuelproducciones.com.ar\/radioquijano\/wp-content\/uploads\/2024\/11\/WhatsApp-Image-2024-11-11-at-8.38.21-AM-1-1-1024x576.jpeg 1024w, https:\/\/nahuelproducciones.com.ar\/radioquijano\/wp-content\/uploads\/2024\/11\/WhatsApp-Image-2024-11-11-at-8.38.21-AM-1-1-300x169.jpeg 300w, https:\/\/nahuelproducciones.com.ar\/radioquijano\/wp-content\/uploads\/2024\/11\/WhatsApp-Image-2024-11-11-at-8.38.21-AM-1-1-768x432.jpeg 768w, https:\/\/nahuelproducciones.com.ar\/radioquijano\/wp-content\/uploads\/2024\/11\/WhatsApp-Image-2024-11-11-at-8.38.21-AM-1-1-1536x864.jpeg 1536w, https:\/\/nahuelproducciones.com.ar\/radioquijano\/wp-content\/uploads\/2024\/11\/WhatsApp-Image-2024-11-11-at-8.38.21-AM-1-1-150x84.jpeg 150w, https:\/\/nahuelproducciones.com.ar\/radioquijano\/wp-content\/uploads\/2024\/11\/WhatsApp-Image-2024-11-11-at-8.38.21-AM-1-1.jpeg 1599w\" sizes=\"auto, (max-width: 1024px) 100vw, 1024px\" \/><\/figure>\n\n\n\n<figure class=\"wp-block-image size-large\"><img loading=\"lazy\" decoding=\"async\" width=\"1024\" height=\"576\" data-id=\"9232\" src=\"https:\/\/nahuelproducciones.com.ar\/radioquijano\/wp-content\/uploads\/2024\/11\/WhatsApp-Image-2024-11-11-at-8.38.21-AM-2-1024x576.jpeg\" alt=\"\" class=\"wp-image-9232\" srcset=\"https:\/\/nahuelproducciones.com.ar\/radioquijano\/wp-content\/uploads\/2024\/11\/WhatsApp-Image-2024-11-11-at-8.38.21-AM-2-1024x576.jpeg 1024w, https:\/\/nahuelproducciones.com.ar\/radioquijano\/wp-content\/uploads\/2024\/11\/WhatsApp-Image-2024-11-11-at-8.38.21-AM-2-300x169.jpeg 300w, https:\/\/nahuelproducciones.com.ar\/radioquijano\/wp-content\/uploads\/2024\/11\/WhatsApp-Image-2024-11-11-at-8.38.21-AM-2-768x432.jpeg 768w, https:\/\/nahuelproducciones.com.ar\/radioquijano\/wp-content\/uploads\/2024\/11\/WhatsApp-Image-2024-11-11-at-8.38.21-AM-2-1536x864.jpeg 1536w, https:\/\/nahuelproducciones.com.ar\/radioquijano\/wp-content\/uploads\/2024\/11\/WhatsApp-Image-2024-11-11-at-8.38.21-AM-2-150x84.jpeg 150w, https:\/\/nahuelproducciones.com.ar\/radioquijano\/wp-content\/uploads\/2024\/11\/WhatsApp-Image-2024-11-11-at-8.38.21-AM-2.jpeg 1599w\" sizes=\"auto, (max-width: 1024px) 100vw, 1024px\" \/><\/figure>\n\n\n\n<figure class=\"wp-block-image size-large\"><img loading=\"lazy\" decoding=\"async\" width=\"1024\" height=\"576\" data-id=\"9231\" src=\"https:\/\/nahuelproducciones.com.ar\/radioquijano\/wp-content\/uploads\/2024\/11\/WhatsApp-Image-2024-11-11-at-9.18.11-AM-1-1024x576.jpeg\" alt=\"\" class=\"wp-image-9231\" srcset=\"https:\/\/nahuelproducciones.com.ar\/radioquijano\/wp-content\/uploads\/2024\/11\/WhatsApp-Image-2024-11-11-at-9.18.11-AM-1-1024x576.jpeg 1024w, https:\/\/nahuelproducciones.com.ar\/radioquijano\/wp-content\/uploads\/2024\/11\/WhatsApp-Image-2024-11-11-at-9.18.11-AM-1-300x169.jpeg 300w, https:\/\/nahuelproducciones.com.ar\/radioquijano\/wp-content\/uploads\/2024\/11\/WhatsApp-Image-2024-11-11-at-9.18.11-AM-1-768x432.jpeg 768w, https:\/\/nahuelproducciones.com.ar\/radioquijano\/wp-content\/uploads\/2024\/11\/WhatsApp-Image-2024-11-11-at-9.18.11-AM-1-150x84.jpeg 150w, https:\/\/nahuelproducciones.com.ar\/radioquijano\/wp-content\/uploads\/2024\/11\/WhatsApp-Image-2024-11-11-at-9.18.11-AM-1.jpeg 1280w\" sizes=\"auto, (max-width: 1024px) 100vw, 1024px\" \/><\/figure>\n\n\n\n<figure class=\"wp-block-image size-large\"><img loading=\"lazy\" decoding=\"async\" width=\"1024\" height=\"576\" data-id=\"9230\" src=\"https:\/\/nahuelproducciones.com.ar\/radioquijano\/wp-content\/uploads\/2024\/11\/WhatsApp-Image-2024-11-11-at-9.18.30-AM-1-1024x576.jpeg\" alt=\"\" class=\"wp-image-9230\" srcset=\"https:\/\/nahuelproducciones.com.ar\/radioquijano\/wp-content\/uploads\/2024\/11\/WhatsApp-Image-2024-11-11-at-9.18.30-AM-1-1024x576.jpeg 1024w, https:\/\/nahuelproducciones.com.ar\/radioquijano\/wp-content\/uploads\/2024\/11\/WhatsApp-Image-2024-11-11-at-9.18.30-AM-1-300x169.jpeg 300w, https:\/\/nahuelproducciones.com.ar\/radioquijano\/wp-content\/uploads\/2024\/11\/WhatsApp-Image-2024-11-11-at-9.18.30-AM-1-768x432.jpeg 768w, https:\/\/nahuelproducciones.com.ar\/radioquijano\/wp-content\/uploads\/2024\/11\/WhatsApp-Image-2024-11-11-at-9.18.30-AM-1-150x84.jpeg 150w, https:\/\/nahuelproducciones.com.ar\/radioquijano\/wp-content\/uploads\/2024\/11\/WhatsApp-Image-2024-11-11-at-9.18.30-AM-1.jpeg 1280w\" sizes=\"auto, (max-width: 1024px) 100vw, 1024px\" \/><\/figure>\n\n\n\n<figure class=\"wp-block-image size-large\"><img loading=\"lazy\" decoding=\"async\" width=\"1024\" height=\"576\" data-id=\"9228\" src=\"https:\/\/nahuelproducciones.com.ar\/radioquijano\/wp-content\/uploads\/2024\/11\/WhatsApp-Image-2024-11-11-at-9.18.34-AM-1-1024x576.jpeg\" alt=\"\" class=\"wp-image-9228\" srcset=\"https:\/\/nahuelproducciones.com.ar\/radioquijano\/wp-content\/uploads\/2024\/11\/WhatsApp-Image-2024-11-11-at-9.18.34-AM-1-1024x576.jpeg 1024w, https:\/\/nahuelproducciones.com.ar\/radioquijano\/wp-content\/uploads\/2024\/11\/WhatsApp-Image-2024-11-11-at-9.18.34-AM-1-300x169.jpeg 300w, https:\/\/nahuelproducciones.com.ar\/radioquijano\/wp-content\/uploads\/2024\/11\/WhatsApp-Image-2024-11-11-at-9.18.34-AM-1-768x432.jpeg 768w, https:\/\/nahuelproducciones.com.ar\/radioquijano\/wp-content\/uploads\/2024\/11\/WhatsApp-Image-2024-11-11-at-9.18.34-AM-1-150x84.jpeg 150w, https:\/\/nahuelproducciones.com.ar\/radioquijano\/wp-content\/uploads\/2024\/11\/WhatsApp-Image-2024-11-11-at-9.18.34-AM-1.jpeg 1280w\" sizes=\"auto, (max-width: 1024px) 100vw, 1024px\" \/><\/figure>\n\n\n\n<figure class=\"wp-block-image size-large\"><img loading=\"lazy\" decoding=\"async\" width=\"1024\" height=\"576\" data-id=\"9225\" src=\"https:\/\/nahuelproducciones.com.ar\/radioquijano\/wp-content\/uploads\/2024\/11\/WhatsApp-Image-2024-11-11-at-9.18.50-AM-1-1024x576.jpeg\" alt=\"\" class=\"wp-image-9225\" srcset=\"https:\/\/nahuelproducciones.com.ar\/radioquijano\/wp-content\/uploads\/2024\/11\/WhatsApp-Image-2024-11-11-at-9.18.50-AM-1-1024x576.jpeg 1024w, https:\/\/nahuelproducciones.com.ar\/radioquijano\/wp-content\/uploads\/2024\/11\/WhatsApp-Image-2024-11-11-at-9.18.50-AM-1-300x169.jpeg 300w, https:\/\/nahuelproducciones.com.ar\/radioquijano\/wp-content\/uploads\/2024\/11\/WhatsApp-Image-2024-11-11-at-9.18.50-AM-1-768x432.jpeg 768w, https:\/\/nahuelproducciones.com.ar\/radioquijano\/wp-content\/uploads\/2024\/11\/WhatsApp-Image-2024-11-11-at-9.18.50-AM-1-150x84.jpeg 150w, https:\/\/nahuelproducciones.com.ar\/radioquijano\/wp-content\/uploads\/2024\/11\/WhatsApp-Image-2024-11-11-at-9.18.50-AM-1.jpeg 1280w\" sizes=\"auto, (max-width: 1024px) 100vw, 1024px\" \/><\/figure>\n<\/figure>\n","protected":false},"excerpt":{"rendered":"<p>Los padres afligidos por la situaci\u00f3n de sus hijos por la no entrega de la obra , se\u00f1alan que la escuela es importante tanto por la educaci\u00f3n como por la seguridad de los ni\u00f1os. Hoy cortaron la Ruta N\u00b051 exigiendo al Ministerio de educaci\u00f3n una respuesta. Los vecinos lograron que representantes de Quijano y el [&hellip;]<\/p>\n","protected":false},"author":8,"featured_media":9224,"comment_status":"open","ping_status":"open","sticky":false,"template":"","format":"standard","meta":{"_monsterinsights_skip_tracking":false,"_monsterinsights_sitenote_active":false,"_monsterinsights_sitenote_note":"","_monsterinsights_sitenote_category":0,"footnotes":""},"categories":[16],"tags":[1526,100],"class_list":["post-9223","post","type-post","status-publish","format-standard","has-post-thumbnail","hentry","category-noticias","tag-escuela-4631-virrey-francisco-de-toledo","tag-municipio-de-campo-quijano"],"yoast_head":"<!-- This site is optimized with the Yoast SEO plugin v20.8 - https:\/\/yoast.com\/wordpress\/plugins\/seo\/ -->\n<title>\u00a0En el 2025 estar\u00e1 entregada la obra de La escuela N\u00b0 4631 Virrey Francisco de Toledo de La Silleta - RQ 99.9<\/title>\n<meta name=\"description\" content=\"Firmaron esta ma\u00f1ana los padres con autoridades del Ministerio y dem\u00e1s funcionarios un Acta compromiso.\" \/>\n<meta name=\"robots\" content=\"index, follow, max-snippet:-1, max-image-preview:large, max-video-preview:-1\" \/>\n<link rel=\"canonical\" href=\"https:\/\/nahuelproducciones.com.ar\/radioquijano\/en-el-2025-estara-entregada-la-obra-de-la-escuela-n-4631-virrey-francisco-de-toledo-de-la-silleta\/\" \/>\n<meta property=\"og:locale\" content=\"es_ES\" \/>\n<meta property=\"og:type\" content=\"article\" \/>\n<meta property=\"og:title\" content=\"\u00a0En el 2025 estar\u00e1 entregada la obra de La escuela N\u00b0 4631 Virrey Francisco de Toledo de La Silleta - RQ 99.9\" \/>\n<meta property=\"og:description\" content=\"Firmaron esta ma\u00f1ana los padres con autoridades del Ministerio y dem\u00e1s funcionarios un Acta compromiso.\" \/>\n<meta property=\"og:url\" content=\"https:\/\/nahuelproducciones.com.ar\/radioquijano\/en-el-2025-estara-entregada-la-obra-de-la-escuela-n-4631-virrey-francisco-de-toledo-de-la-silleta\/\" \/>\n<meta property=\"og:site_name\" content=\"RQ 99.9\" \/>\n<meta property=\"article:publisher\" content=\"https:\/\/www.facebook.com\/nahuelproducciones999\/\" \/>\n<meta property=\"article:published_time\" content=\"2024-11-11T13:51:23+00:00\" \/>\n<meta property=\"article:modified_time\" content=\"2024-11-11T13:52:55+00:00\" \/>\n<meta property=\"og:image\" content=\"https:\/\/nahuelproducciones.com.ar\/radioquijano\/wp-content\/uploads\/2024\/11\/WhatsApp-Image-2024-11-11-at-10.10.58-AM.jpeg\" \/>\n\t<meta property=\"og:image:width\" content=\"1010\" \/>\n\t<meta property=\"og:image:height\" content=\"1600\" \/>\n\t<meta property=\"og:image:type\" content=\"image\/jpeg\" \/>\n<meta name=\"author\" content=\"Cecilia Pastrana\" \/>\n<meta name=\"twitter:card\" content=\"summary_large_image\" \/>\n<meta name=\"twitter:creator\" content=\"@nahuproduciones\" \/>\n<meta name=\"twitter:site\" content=\"@nahuproduciones\" \/>\n<meta name=\"twitter:label1\" content=\"Escrito por\" \/>\n\t<meta name=\"twitter:data1\" content=\"Cecilia Pastrana\" \/>\n\t<meta name=\"twitter:label2\" content=\"Tiempo de lectura\" \/>\n\t<meta name=\"twitter:data2\" content=\"3 minutos\" \/>\n<script type=\"application\/ld+json\" class=\"yoast-schema-graph\">{\"@context\":\"https:\/\/schema.org\",\"@graph\":[{\"@type\":\"WebPage\",\"@id\":\"https:\/\/nahuelproducciones.com.ar\/radioquijano\/en-el-2025-estara-entregada-la-obra-de-la-escuela-n-4631-virrey-francisco-de-toledo-de-la-silleta\/\",\"url\":\"https:\/\/nahuelproducciones.com.ar\/radioquijano\/en-el-2025-estara-entregada-la-obra-de-la-escuela-n-4631-virrey-francisco-de-toledo-de-la-silleta\/\",\"name\":\"\u00a0En el 2025 estar\u00e1 entregada la obra de La escuela N\u00b0 4631 Virrey Francisco de Toledo de La Silleta - RQ 99.9\",\"isPartOf\":{\"@id\":\"https:\/\/nahuelproducciones.com.ar\/radioquijano\/#website\"},\"datePublished\":\"2024-11-11T13:51:23+00:00\",\"dateModified\":\"2024-11-11T13:52:55+00:00\",\"author\":{\"@id\":\"https:\/\/nahuelproducciones.com.ar\/radioquijano\/#\/schema\/person\/e8a4f939e2cb487fe6d0c54042c9d32c\"},\"description\":\"Firmaron esta ma\u00f1ana los padres con autoridades del Ministerio y dem\u00e1s funcionarios un Acta compromiso.\",\"breadcrumb\":{\"@id\":\"https:\/\/nahuelproducciones.com.ar\/radioquijano\/en-el-2025-estara-entregada-la-obra-de-la-escuela-n-4631-virrey-francisco-de-toledo-de-la-silleta\/#breadcrumb\"},\"inLanguage\":\"es\",\"potentialAction\":[{\"@type\":\"ReadAction\",\"target\":[\"https:\/\/nahuelproducciones.com.ar\/radioquijano\/en-el-2025-estara-entregada-la-obra-de-la-escuela-n-4631-virrey-francisco-de-toledo-de-la-silleta\/\"]}]},{\"@type\":\"BreadcrumbList\",\"@id\":\"https:\/\/nahuelproducciones.com.ar\/radioquijano\/en-el-2025-estara-entregada-la-obra-de-la-escuela-n-4631-virrey-francisco-de-toledo-de-la-silleta\/#breadcrumb\",\"itemListElement\":[{\"@type\":\"ListItem\",\"position\":1,\"name\":\"Portada\",\"item\":\"https:\/\/nahuelproducciones.com.ar\/radioquijano\/\"},{\"@type\":\"ListItem\",\"position\":2,\"name\":\"\u00a0En el 2025 estar\u00e1 entregada la obra de La escuela N\u00b0 4631 Virrey Francisco de Toledo de La Silleta\"}]},{\"@type\":\"WebSite\",\"@id\":\"https:\/\/nahuelproducciones.com.ar\/radioquijano\/#website\",\"url\":\"https:\/\/nahuelproducciones.com.ar\/radioquijano\/\",\"name\":\"RQ 99.9\",\"description\":\"Radio Quijano 99.9 MHz\",\"potentialAction\":[{\"@type\":\"SearchAction\",\"target\":{\"@type\":\"EntryPoint\",\"urlTemplate\":\"https:\/\/nahuelproducciones.com.ar\/radioquijano\/?s={search_term_string}\"},\"query-input\":\"required name=search_term_string\"}],\"inLanguage\":\"es\"},{\"@type\":\"Person\",\"@id\":\"https:\/\/nahuelproducciones.com.ar\/radioquijano\/#\/schema\/person\/e8a4f939e2cb487fe6d0c54042c9d32c\",\"name\":\"Cecilia Pastrana\",\"image\":{\"@type\":\"ImageObject\",\"inLanguage\":\"es\",\"@id\":\"https:\/\/nahuelproducciones.com.ar\/radioquijano\/#\/schema\/person\/image\/\",\"url\":\"https:\/\/secure.gravatar.com\/avatar\/661a3ef63a8488d4f2794ed44af8cf71420f7e106f3072c40125114df5157749?s=96&d=mm&r=g\",\"contentUrl\":\"https:\/\/secure.gravatar.com\/avatar\/661a3ef63a8488d4f2794ed44af8cf71420f7e106f3072c40125114df5157749?s=96&d=mm&r=g\",\"caption\":\"Cecilia Pastrana\"},\"sameAs\":[\"cecy\"],\"url\":\"https:\/\/nahuelproducciones.com.ar\/radioquijano\/author\/cecy\/\"}]}<\/script>\n<!-- \/ Yoast SEO plugin. -->","yoast_head_json":{"title":"\u00a0En el 2025 estar\u00e1 entregada la obra de La escuela N\u00b0 4631 Virrey Francisco de Toledo de La Silleta - RQ 99.9","description":"Firmaron esta ma\u00f1ana los padres con autoridades del Ministerio y dem\u00e1s funcionarios un Acta compromiso.","robots":{"index":"index","follow":"follow","max-snippet":"max-snippet:-1","max-image-preview":"max-image-preview:large","max-video-preview":"max-video-preview:-1"},"canonical":"https:\/\/nahuelproducciones.com.ar\/radioquijano\/en-el-2025-estara-entregada-la-obra-de-la-escuela-n-4631-virrey-francisco-de-toledo-de-la-silleta\/","og_locale":"es_ES","og_type":"article","og_title":"\u00a0En el 2025 estar\u00e1 entregada la obra de La escuela N\u00b0 4631 Virrey Francisco de Toledo de La Silleta - RQ 99.9","og_description":"Firmaron esta ma\u00f1ana los padres con autoridades del Ministerio y dem\u00e1s funcionarios un Acta compromiso.","og_url":"https:\/\/nahuelproducciones.com.ar\/radioquijano\/en-el-2025-estara-entregada-la-obra-de-la-escuela-n-4631-virrey-francisco-de-toledo-de-la-silleta\/","og_site_name":"RQ 99.9","article_publisher":"https:\/\/www.facebook.com\/nahuelproducciones999\/","article_published_time":"2024-11-11T13:51:23+00:00","article_modified_time":"2024-11-11T13:52:55+00:00","og_image":[{"width":1010,"height":1600,"url":"https:\/\/nahuelproducciones.com.ar\/radioquijano\/wp-content\/uploads\/2024\/11\/WhatsApp-Image-2024-11-11-at-10.10.58-AM.jpeg","type":"image\/jpeg"}],"author":"Cecilia Pastrana","twitter_card":"summary_large_image","twitter_creator":"@nahuproduciones","twitter_site":"@nahuproduciones","twitter_misc":{"Escrito por":"Cecilia Pastrana","Tiempo de lectura":"3 minutos"},"schema":{"@context":"https:\/\/schema.org","@graph":[{"@type":"WebPage","@id":"https:\/\/nahuelproducciones.com.ar\/radioquijano\/en-el-2025-estara-entregada-la-obra-de-la-escuela-n-4631-virrey-francisco-de-toledo-de-la-silleta\/","url":"https:\/\/nahuelproducciones.com.ar\/radioquijano\/en-el-2025-estara-entregada-la-obra-de-la-escuela-n-4631-virrey-francisco-de-toledo-de-la-silleta\/","name":"\u00a0En el 2025 estar\u00e1 entregada la obra de La escuela N\u00b0 4631 Virrey Francisco de Toledo de La Silleta - RQ 99.9","isPartOf":{"@id":"https:\/\/nahuelproducciones.com.ar\/radioquijano\/#website"},"datePublished":"2024-11-11T13:51:23+00:00","dateModified":"2024-11-11T13:52:55+00:00","author":{"@id":"https:\/\/nahuelproducciones.com.ar\/radioquijano\/#\/schema\/person\/e8a4f939e2cb487fe6d0c54042c9d32c"},"description":"Firmaron esta ma\u00f1ana los padres con autoridades del Ministerio y dem\u00e1s funcionarios un Acta compromiso.","breadcrumb":{"@id":"https:\/\/nahuelproducciones.com.ar\/radioquijano\/en-el-2025-estara-entregada-la-obra-de-la-escuela-n-4631-virrey-francisco-de-toledo-de-la-silleta\/#breadcrumb"},"inLanguage":"es","potentialAction":[{"@type":"ReadAction","target":["https:\/\/nahuelproducciones.com.ar\/radioquijano\/en-el-2025-estara-entregada-la-obra-de-la-escuela-n-4631-virrey-francisco-de-toledo-de-la-silleta\/"]}]},{"@type":"BreadcrumbList","@id":"https:\/\/nahuelproducciones.com.ar\/radioquijano\/en-el-2025-estara-entregada-la-obra-de-la-escuela-n-4631-virrey-francisco-de-toledo-de-la-silleta\/#breadcrumb","itemListElement":[{"@type":"ListItem","position":1,"name":"Portada","item":"https:\/\/nahuelproducciones.com.ar\/radioquijano\/"},{"@type":"ListItem","position":2,"name":"\u00a0En el 2025 estar\u00e1 entregada la obra de La escuela N\u00b0 4631 Virrey Francisco de Toledo de La Silleta"}]},{"@type":"WebSite","@id":"https:\/\/nahuelproducciones.com.ar\/radioquijano\/#website","url":"https:\/\/nahuelproducciones.com.ar\/radioquijano\/","name":"RQ 99.9","description":"Radio Quijano 99.9 MHz","potentialAction":[{"@type":"SearchAction","target":{"@type":"EntryPoint","urlTemplate":"https:\/\/nahuelproducciones.com.ar\/radioquijano\/?s={search_term_string}"},"query-input":"required name=search_term_string"}],"inLanguage":"es"},{"@type":"Person","@id":"https:\/\/nahuelproducciones.com.ar\/radioquijano\/#\/schema\/person\/e8a4f939e2cb487fe6d0c54042c9d32c","name":"Cecilia Pastrana","image":{"@type":"ImageObject","inLanguage":"es","@id":"https:\/\/nahuelproducciones.com.ar\/radioquijano\/#\/schema\/person\/image\/","url":"https:\/\/secure.gravatar.com\/avatar\/661a3ef63a8488d4f2794ed44af8cf71420f7e106f3072c40125114df5157749?s=96&d=mm&r=g","contentUrl":"https:\/\/secure.gravatar.com\/avatar\/661a3ef63a8488d4f2794ed44af8cf71420f7e106f3072c40125114df5157749?s=96&d=mm&r=g","caption":"Cecilia Pastrana"},"sameAs":["cecy"],"url":"https:\/\/nahuelproducciones.com.ar\/radioquijano\/author\/cecy\/"}]}},"_links":{"self":[{"href":"https:\/\/nahuelproducciones.com.ar\/radioquijano\/wp-json\/wp\/v2\/posts\/9223","targetHints":{"allow":["GET"]}}],"collection":[{"href":"https:\/\/nahuelproducciones.com.ar\/radioquijano\/wp-json\/wp\/v2\/posts"}],"about":[{"href":"https:\/\/nahuelproducciones.com.ar\/radioquijano\/wp-json\/wp\/v2\/types\/post"}],"author":[{"embeddable":true,"href":"https:\/\/nahuelproducciones.com.ar\/radioquijano\/wp-json\/wp\/v2\/users\/8"}],"replies":[{"embeddable":true,"href":"https:\/\/nahuelproducciones.com.ar\/radioquijano\/wp-json\/wp\/v2\/comments?post=9223"}],"version-history":[{"count":2,"href":"https:\/\/nahuelproducciones.com.ar\/radioquijano\/wp-json\/wp\/v2\/posts\/9223\/revisions"}],"predecessor-version":[{"id":9234,"href":"https:\/\/nahuelproducciones.com.ar\/radioquijano\/wp-json\/wp\/v2\/posts\/9223\/revisions\/9234"}],"wp:featuredmedia":[{"embeddable":true,"href":"https:\/\/nahuelproducciones.com.ar\/radioquijano\/wp-json\/wp\/v2\/media\/9224"}],"wp:attachment":[{"href":"https:\/\/nahuelproducciones.com.ar\/radioquijano\/wp-json\/wp\/v2\/media?parent=9223"}],"wp:term":[{"taxonomy":"category","embeddable":true,"href":"https:\/\/nahuelproducciones.com.ar\/radioquijano\/wp-json\/wp\/v2\/categories?post=9223"},{"taxonomy":"post_tag","embeddable":true,"href":"https:\/\/nahuelproducciones.com.ar\/radioquijano\/wp-json\/wp\/v2\/tags?post=9223"}],"curies":[{"name":"wp","href":"https:\/\/api.w.org\/{rel}","templated":true}]}}