{"id":9238,"date":"2024-11-11T12:12:57","date_gmt":"2024-11-11T15:12:57","guid":{"rendered":"https:\/\/nahuelproducciones.com.ar\/radioquijano\/?p=9238"},"modified":"2024-11-11T12:12:58","modified_gmt":"2024-11-11T15:12:58","slug":"asamblea-interclaustro-llama-a-una-tercer-marcha-educativa-este-12-de-noviembre","status":"publish","type":"post","link":"https:\/\/nahuelproducciones.com.ar\/radioquijano\/asamblea-interclaustro-llama-a-una-tercer-marcha-educativa-este-12-de-noviembre\/","title":{"rendered":"Asamblea interclaustro llama a una tercer marcha educativa este 12 de noviembre."},"content":{"rendered":"\n<p>Debido al desfinanciamiento a las universidades, estudiantes y docentes organizados en asamblea interclaustro de la UNSa convocan a movilizarse en defensa de la educaci\u00f3n p\u00fablica. La cita tiene lugar este 12 de noviembre a las 17hs en el Monumento 20 de Febrero.<\/p>\n\n\n\n<p>Al calor del veto al financiamiento universitario, se vienen desarrollando clases p\u00fablicas, jornadas culturales, paneles debates, marchas junto a jubilados. La lucha reci\u00e9n empieza y ahora es momento de salir a las calles.<\/p>\n\n\n\n<p>En la educaci\u00f3n p\u00fablica el gobierno ha ajustado un 40% de lo que va del a\u00f1o. se est\u00e1 viendo en los bajos salarios docentes y no docentes, que por el momento no han tenido una actualizaci\u00f3n para enfrentar a la inflaci\u00f3n de lo que va del 2024. El presupuesto universitario tiene un ajuste del 30% respecto al 2023.<\/p>\n\n\n\n<p>Se hace un llamado a los centros de estudiantes, a toda la comunidad universitaria, a la docencia provincial, a los gremios, sindicatos, organizaciones sociales, y a la comunidad en general, a participar de la movilizaci\u00f3n en defensa de la educaci\u00f3n p\u00fablica, por salarios dignos y para poder estudiar.<\/p>\n","protected":false},"excerpt":{"rendered":"<p>Debido al desfinanciamiento a las universidades, estudiantes y docentes organizados en asamblea interclaustro de la UNSa convocan a movilizarse en defensa de la educaci\u00f3n p\u00fablica. La cita tiene lugar este 12 de noviembre a las 17hs en el Monumento 20 de Febrero. Al calor del veto al financiamiento universitario, se vienen desarrollando clases p\u00fablicas, jornadas [&hellip;]<\/p>\n","protected":false},"author":8,"featured_media":9239,"comment_status":"open","ping_status":"open","sticky":false,"template":"","format":"standard","meta":{"_monsterinsights_skip_tracking":false,"_monsterinsights_sitenote_active":false,"_monsterinsights_sitenote_note":"","_monsterinsights_sitenote_category":0,"footnotes":""},"categories":[16],"tags":[100,1674],"class_list":["post-9238","post","type-post","status-publish","format-standard","has-post-thumbnail","hentry","category-noticias","tag-municipio-de-campo-quijano","tag-unsa"],"yoast_head":"<!-- This site is optimized with the Yoast SEO plugin v20.8 - https:\/\/yoast.com\/wordpress\/plugins\/seo\/ -->\n<title>Asamblea interclaustro llama a una tercer marcha educativa este 12 de noviembre. - RQ 99.9<\/title>\n<meta name=\"description\" content=\"La cita tiene lugar este 12 de noviembre a las 17hs en el Monumento 20 de Febrero.\" \/>\n<meta name=\"robots\" content=\"index, follow, max-snippet:-1, max-image-preview:large, max-video-preview:-1\" \/>\n<link rel=\"canonical\" href=\"https:\/\/nahuelproducciones.com.ar\/radioquijano\/asamblea-interclaustro-llama-a-una-tercer-marcha-educativa-este-12-de-noviembre\/\" \/>\n<meta property=\"og:locale\" content=\"es_ES\" \/>\n<meta property=\"og:type\" content=\"article\" \/>\n<meta property=\"og:title\" content=\"Asamblea interclaustro llama a una tercer marcha educativa este 12 de noviembre. - RQ 99.9\" \/>\n<meta property=\"og:description\" content=\"La cita tiene lugar este 12 de noviembre a las 17hs en el Monumento 20 de Febrero.\" \/>\n<meta property=\"og:url\" content=\"https:\/\/nahuelproducciones.com.ar\/radioquijano\/asamblea-interclaustro-llama-a-una-tercer-marcha-educativa-este-12-de-noviembre\/\" \/>\n<meta property=\"og:site_name\" content=\"RQ 99.9\" \/>\n<meta property=\"article:publisher\" content=\"https:\/\/www.facebook.com\/nahuelproducciones999\/\" \/>\n<meta property=\"article:published_time\" content=\"2024-11-11T15:12:57+00:00\" \/>\n<meta property=\"article:modified_time\" content=\"2024-11-11T15:12:58+00:00\" \/>\n<meta property=\"og:image\" content=\"https:\/\/nahuelproducciones.com.ar\/radioquijano\/wp-content\/uploads\/2024\/11\/WhatsApp-Image-2024-11-11-at-12.11.12-PM-e1731337959946.jpeg\" \/>\n\t<meta property=\"og:image:width\" content=\"700\" \/>\n\t<meta property=\"og:image:height\" content=\"394\" \/>\n\t<meta property=\"og:image:type\" content=\"image\/jpeg\" \/>\n<meta name=\"author\" content=\"Cecilia Pastrana\" \/>\n<meta name=\"twitter:card\" content=\"summary_large_image\" \/>\n<meta name=\"twitter:creator\" content=\"@nahuproduciones\" \/>\n<meta name=\"twitter:site\" content=\"@nahuproduciones\" \/>\n<meta name=\"twitter:label1\" content=\"Escrito por\" \/>\n\t<meta name=\"twitter:data1\" content=\"Cecilia Pastrana\" \/>\n\t<meta name=\"twitter:label2\" content=\"Tiempo de lectura\" \/>\n\t<meta name=\"twitter:data2\" content=\"1 minuto\" \/>\n<script type=\"application\/ld+json\" class=\"yoast-schema-graph\">{\"@context\":\"https:\/\/schema.org\",\"@graph\":[{\"@type\":\"WebPage\",\"@id\":\"https:\/\/nahuelproducciones.com.ar\/radioquijano\/asamblea-interclaustro-llama-a-una-tercer-marcha-educativa-este-12-de-noviembre\/\",\"url\":\"https:\/\/nahuelproducciones.com.ar\/radioquijano\/asamblea-interclaustro-llama-a-una-tercer-marcha-educativa-este-12-de-noviembre\/\",\"name\":\"Asamblea interclaustro llama a una tercer marcha educativa este 12 de noviembre. - RQ 99.9\",\"isPartOf\":{\"@id\":\"https:\/\/nahuelproducciones.com.ar\/radioquijano\/#website\"},\"datePublished\":\"2024-11-11T15:12:57+00:00\",\"dateModified\":\"2024-11-11T15:12:58+00:00\",\"author\":{\"@id\":\"https:\/\/nahuelproducciones.com.ar\/radioquijano\/#\/schema\/person\/e8a4f939e2cb487fe6d0c54042c9d32c\"},\"description\":\"La cita tiene lugar este 12 de noviembre a las 17hs en el Monumento 20 de Febrero.\",\"breadcrumb\":{\"@id\":\"https:\/\/nahuelproducciones.com.ar\/radioquijano\/asamblea-interclaustro-llama-a-una-tercer-marcha-educativa-este-12-de-noviembre\/#breadcrumb\"},\"inLanguage\":\"es\",\"potentialAction\":[{\"@type\":\"ReadAction\",\"target\":[\"https:\/\/nahuelproducciones.com.ar\/radioquijano\/asamblea-interclaustro-llama-a-una-tercer-marcha-educativa-este-12-de-noviembre\/\"]}]},{\"@type\":\"BreadcrumbList\",\"@id\":\"https:\/\/nahuelproducciones.com.ar\/radioquijano\/asamblea-interclaustro-llama-a-una-tercer-marcha-educativa-este-12-de-noviembre\/#breadcrumb\",\"itemListElement\":[{\"@type\":\"ListItem\",\"position\":1,\"name\":\"Portada\",\"item\":\"https:\/\/nahuelproducciones.com.ar\/radioquijano\/\"},{\"@type\":\"ListItem\",\"position\":2,\"name\":\"Asamblea interclaustro llama a una tercer marcha educativa este 12 de noviembre.\"}]},{\"@type\":\"WebSite\",\"@id\":\"https:\/\/nahuelproducciones.com.ar\/radioquijano\/#website\",\"url\":\"https:\/\/nahuelproducciones.com.ar\/radioquijano\/\",\"name\":\"RQ 99.9\",\"description\":\"Radio Quijano 99.9 MHz\",\"potentialAction\":[{\"@type\":\"SearchAction\",\"target\":{\"@type\":\"EntryPoint\",\"urlTemplate\":\"https:\/\/nahuelproducciones.com.ar\/radioquijano\/?s={search_term_string}\"},\"query-input\":\"required name=search_term_string\"}],\"inLanguage\":\"es\"},{\"@type\":\"Person\",\"@id\":\"https:\/\/nahuelproducciones.com.ar\/radioquijano\/#\/schema\/person\/e8a4f939e2cb487fe6d0c54042c9d32c\",\"name\":\"Cecilia Pastrana\",\"image\":{\"@type\":\"ImageObject\",\"inLanguage\":\"es\",\"@id\":\"https:\/\/nahuelproducciones.com.ar\/radioquijano\/#\/schema\/person\/image\/\",\"url\":\"https:\/\/secure.gravatar.com\/avatar\/661a3ef63a8488d4f2794ed44af8cf71420f7e106f3072c40125114df5157749?s=96&d=mm&r=g\",\"contentUrl\":\"https:\/\/secure.gravatar.com\/avatar\/661a3ef63a8488d4f2794ed44af8cf71420f7e106f3072c40125114df5157749?s=96&d=mm&r=g\",\"caption\":\"Cecilia Pastrana\"},\"sameAs\":[\"cecy\"],\"url\":\"https:\/\/nahuelproducciones.com.ar\/radioquijano\/author\/cecy\/\"}]}<\/script>\n<!-- \/ Yoast SEO plugin. -->","yoast_head_json":{"title":"Asamblea interclaustro llama a una tercer marcha educativa este 12 de noviembre. - RQ 99.9","description":"La cita tiene lugar este 12 de noviembre a las 17hs en el Monumento 20 de Febrero.","robots":{"index":"index","follow":"follow","max-snippet":"max-snippet:-1","max-image-preview":"max-image-preview:large","max-video-preview":"max-video-preview:-1"},"canonical":"https:\/\/nahuelproducciones.com.ar\/radioquijano\/asamblea-interclaustro-llama-a-una-tercer-marcha-educativa-este-12-de-noviembre\/","og_locale":"es_ES","og_type":"article","og_title":"Asamblea interclaustro llama a una tercer marcha educativa este 12 de noviembre. - RQ 99.9","og_description":"La cita tiene lugar este 12 de noviembre a las 17hs en el Monumento 20 de Febrero.","og_url":"https:\/\/nahuelproducciones.com.ar\/radioquijano\/asamblea-interclaustro-llama-a-una-tercer-marcha-educativa-este-12-de-noviembre\/","og_site_name":"RQ 99.9","article_publisher":"https:\/\/www.facebook.com\/nahuelproducciones999\/","article_published_time":"2024-11-11T15:12:57+00:00","article_modified_time":"2024-11-11T15:12:58+00:00","og_image":[{"width":700,"height":394,"url":"https:\/\/nahuelproducciones.com.ar\/radioquijano\/wp-content\/uploads\/2024\/11\/WhatsApp-Image-2024-11-11-at-12.11.12-PM-e1731337959946.jpeg","type":"image\/jpeg"}],"author":"Cecilia Pastrana","twitter_card":"summary_large_image","twitter_creator":"@nahuproduciones","twitter_site":"@nahuproduciones","twitter_misc":{"Escrito por":"Cecilia Pastrana","Tiempo de lectura":"1 minuto"},"schema":{"@context":"https:\/\/schema.org","@graph":[{"@type":"WebPage","@id":"https:\/\/nahuelproducciones.com.ar\/radioquijano\/asamblea-interclaustro-llama-a-una-tercer-marcha-educativa-este-12-de-noviembre\/","url":"https:\/\/nahuelproducciones.com.ar\/radioquijano\/asamblea-interclaustro-llama-a-una-tercer-marcha-educativa-este-12-de-noviembre\/","name":"Asamblea interclaustro llama a una tercer marcha educativa este 12 de noviembre. - RQ 99.9","isPartOf":{"@id":"https:\/\/nahuelproducciones.com.ar\/radioquijano\/#website"},"datePublished":"2024-11-11T15:12:57+00:00","dateModified":"2024-11-11T15:12:58+00:00","author":{"@id":"https:\/\/nahuelproducciones.com.ar\/radioquijano\/#\/schema\/person\/e8a4f939e2cb487fe6d0c54042c9d32c"},"description":"La cita tiene lugar este 12 de noviembre a las 17hs en el Monumento 20 de Febrero.","breadcrumb":{"@id":"https:\/\/nahuelproducciones.com.ar\/radioquijano\/asamblea-interclaustro-llama-a-una-tercer-marcha-educativa-este-12-de-noviembre\/#breadcrumb"},"inLanguage":"es","potentialAction":[{"@type":"ReadAction","target":["https:\/\/nahuelproducciones.com.ar\/radioquijano\/asamblea-interclaustro-llama-a-una-tercer-marcha-educativa-este-12-de-noviembre\/"]}]},{"@type":"BreadcrumbList","@id":"https:\/\/nahuelproducciones.com.ar\/radioquijano\/asamblea-interclaustro-llama-a-una-tercer-marcha-educativa-este-12-de-noviembre\/#breadcrumb","itemListElement":[{"@type":"ListItem","position":1,"name":"Portada","item":"https:\/\/nahuelproducciones.com.ar\/radioquijano\/"},{"@type":"ListItem","position":2,"name":"Asamblea interclaustro llama a una tercer marcha educativa este 12 de noviembre."}]},{"@type":"WebSite","@id":"https:\/\/nahuelproducciones.com.ar\/radioquijano\/#website","url":"https:\/\/nahuelproducciones.com.ar\/radioquijano\/","name":"RQ 99.9","description":"Radio Quijano 99.9 MHz","potentialAction":[{"@type":"SearchAction","target":{"@type":"EntryPoint","urlTemplate":"https:\/\/nahuelproducciones.com.ar\/radioquijano\/?s={search_term_string}"},"query-input":"required name=search_term_string"}],"inLanguage":"es"},{"@type":"Person","@id":"https:\/\/nahuelproducciones.com.ar\/radioquijano\/#\/schema\/person\/e8a4f939e2cb487fe6d0c54042c9d32c","name":"Cecilia Pastrana","image":{"@type":"ImageObject","inLanguage":"es","@id":"https:\/\/nahuelproducciones.com.ar\/radioquijano\/#\/schema\/person\/image\/","url":"https:\/\/secure.gravatar.com\/avatar\/661a3ef63a8488d4f2794ed44af8cf71420f7e106f3072c40125114df5157749?s=96&d=mm&r=g","contentUrl":"https:\/\/secure.gravatar.com\/avatar\/661a3ef63a8488d4f2794ed44af8cf71420f7e106f3072c40125114df5157749?s=96&d=mm&r=g","caption":"Cecilia Pastrana"},"sameAs":["cecy"],"url":"https:\/\/nahuelproducciones.com.ar\/radioquijano\/author\/cecy\/"}]}},"_links":{"self":[{"href":"https:\/\/nahuelproducciones.com.ar\/radioquijano\/wp-json\/wp\/v2\/posts\/9238","targetHints":{"allow":["GET"]}}],"collection":[{"href":"https:\/\/nahuelproducciones.com.ar\/radioquijano\/wp-json\/wp\/v2\/posts"}],"about":[{"href":"https:\/\/nahuelproducciones.com.ar\/radioquijano\/wp-json\/wp\/v2\/types\/post"}],"author":[{"embeddable":true,"href":"https:\/\/nahuelproducciones.com.ar\/radioquijano\/wp-json\/wp\/v2\/users\/8"}],"replies":[{"embeddable":true,"href":"https:\/\/nahuelproducciones.com.ar\/radioquijano\/wp-json\/wp\/v2\/comments?post=9238"}],"version-history":[{"count":1,"href":"https:\/\/nahuelproducciones.com.ar\/radioquijano\/wp-json\/wp\/v2\/posts\/9238\/revisions"}],"predecessor-version":[{"id":9240,"href":"https:\/\/nahuelproducciones.com.ar\/radioquijano\/wp-json\/wp\/v2\/posts\/9238\/revisions\/9240"}],"wp:featuredmedia":[{"embeddable":true,"href":"https:\/\/nahuelproducciones.com.ar\/radioquijano\/wp-json\/wp\/v2\/media\/9239"}],"wp:attachment":[{"href":"https:\/\/nahuelproducciones.com.ar\/radioquijano\/wp-json\/wp\/v2\/media?parent=9238"}],"wp:term":[{"taxonomy":"category","embeddable":true,"href":"https:\/\/nahuelproducciones.com.ar\/radioquijano\/wp-json\/wp\/v2\/categories?post=9238"},{"taxonomy":"post_tag","embeddable":true,"href":"https:\/\/nahuelproducciones.com.ar\/radioquijano\/wp-json\/wp\/v2\/tags?post=9238"}],"curies":[{"name":"wp","href":"https:\/\/api.w.org\/{rel}","templated":true}]}}