{"id":929,"date":"2021-05-31T01:24:31","date_gmt":"2021-05-31T04:24:31","guid":{"rendered":"https:\/\/nahuelproducciones.com.ar\/radioquijano\/?p=929"},"modified":"2021-05-31T02:11:32","modified_gmt":"2021-05-31T05:11:32","slug":"el-intendente-el-diputado-el-senador-y-ninguna-respuesta-a-la-problematica-de-los-feriantes","status":"publish","type":"post","link":"https:\/\/nahuelproducciones.com.ar\/radioquijano\/el-intendente-el-diputado-el-senador-y-ninguna-respuesta-a-la-problematica-de-los-feriantes\/","title":{"rendered":"El intendente, el diputado, el senador y ninguna respuesta a la problem\u00e1tica de los feriantes."},"content":{"rendered":"\n<p>En la jornada de \u00e9ste s\u00e1bado 29 de marzo feriantes de Campo Quijano se reunieron en las veredas de la municipalidad para llevar adelante el reclamo por no haber sido incorporados en el decreto municipal en el que se estipulaba las nuevas disposiciones en virtud del confinamiento decretado por naci\u00f3n y por el COE provincial.<\/p>\n\n\n\n<p>En el mismo no se mencionaban art\u00edculos referidos a los trabajadores feriantes provenientes de diferentes puntos de pueblo por \u00e9sta misma raz\u00f3n decidieron expresarse en horas de la ma\u00f1ana sin resultado alguno, pero con la promesa de una posible reuni\u00f2n en horas de la tarde.<\/p>\n\n\n\n<p>De todas formas, los feriantes decidieron marchar por las calles del pueblo en repudio y visibilizando el malestar a este olvido por parte del intendente Carlos Folloni.<\/p>\n\n\n\n<p>Ya en la reuni\u00f3n en el canch\u00f3n municipal, los representantes del Ejecutivo municipal fueron respaldados con la presencia del senador Sergio Topo Ramos quien oficiaba de moderador, el diputado Lino Yonar y el concejal Iv\u00e1n Ramos, es decir todo el poder pol\u00edtico. Pero tambi\u00e9n partici\u00f3 el actual presidente del Concejo Deliberante Ariel Gallardo qui\u00e9n si pudo defender a los feriantes de los ataques de algunos de los miembros de gabinete de Folloni <\/p>\n\n\n\n<p>Los feriantes pidieron hablar solo con el intendente como jefe comunal y responsable de todas las decisiones.<\/p>\n\n\n\n<p>Muy poco pudimos escuchar de todo lo que se dijo en la tarde, ya que Folloni dio orden de que nosotros como prensa no pudi\u00e9ramos entrar al edificio municipal, pero nos dimos ma\u00f1a para poner nuestra c\u00e1mara y captar im\u00e1genes y un poco de audio.<\/p>\n\n\n\n<p>Dejamos aqu\u00ed un poco de las opiniones de los vecinos que no se hicieron esperar mientras se suced\u00edan los hechos:<\/p>\n\n\n\n<figure class=\"wp-block-embed\"><div class=\"wp-block-embed__wrapper\">\nhttps:\/\/www.facebook.com\/100009083021797\/videos\/2788051741507566\/\n<\/div><iframe loading=\"lazy\" src=\"https:\/\/www.facebook.com\/plugins\/video.php?height=273&#038;href=https%3A%2F%2Fwww.facebook.com%2FCaditoGuzman%2Fvideos%2F2788051741507566%2F&#038;show_text=true&#038;width=560&#038;t=0\" width=\"560\" height=\"388\" style=\"border:none;overflow:hidden\" scrolling=\"no\" frameborder=\"0\" allowfullscreen=\"true\" allow=\"autoplay; clipboard-write; encrypted-media; picture-in-picture; web-share\" allowFullScreen=\"true\"><\/iframe><\/figure>\n\n\n\n<iframe loading=\"lazy\" src=\"https:\/\/www.facebook.com\/plugins\/post.php?href=https%3A%2F%2Fwww.facebook.com%2Fpermalink.php%3Fstory_fbid%3D3164548563774363%26id%3D100006577503821&#038;show_text=true&#038;width=500\" width=\"500\" height=\"304\" style=\"border:none;overflow:hidden\" scrolling=\"no\" frameborder=\"0\" allowfullscreen=\"true\" allow=\"autoplay; clipboard-write; encrypted-media; picture-in-picture; web-share\"><\/iframe>\n","protected":false},"excerpt":{"rendered":"<p>En la jornada de \u00e9ste s\u00e1bado 29 de marzo feriantes de Campo Quijano se reunieron en las veredas de la municipalidad para llevar adelante el reclamo por no haber sido incorporados en el decreto municipal en el que se estipulaba las nuevas disposiciones en virtud del confinamiento decretado por naci\u00f3n y por el COE provincial. [&hellip;]<\/p>\n","protected":false},"author":6,"featured_media":950,"comment_status":"open","ping_status":"open","sticky":false,"template":"","format":"standard","meta":{"_monsterinsights_skip_tracking":false,"_monsterinsights_sitenote_active":false,"_monsterinsights_sitenote_note":"","_monsterinsights_sitenote_category":0,"footnotes":""},"categories":[16],"tags":[],"class_list":["post-929","post","type-post","status-publish","format-standard","has-post-thumbnail","hentry","category-noticias"],"yoast_head":"<!-- This site is optimized with the Yoast SEO plugin v20.8 - https:\/\/yoast.com\/wordpress\/plugins\/seo\/ -->\n<title>El intendente, el diputado, el senador y ninguna respuesta a la problem\u00e1tica de los feriantes. - RQ 99.9<\/title>\n<meta name=\"robots\" content=\"index, follow, max-snippet:-1, max-image-preview:large, max-video-preview:-1\" \/>\n<link rel=\"canonical\" href=\"https:\/\/nahuelproducciones.com.ar\/radioquijano\/el-intendente-el-diputado-el-senador-y-ninguna-respuesta-a-la-problematica-de-los-feriantes\/\" \/>\n<meta property=\"og:locale\" content=\"es_ES\" \/>\n<meta property=\"og:type\" content=\"article\" \/>\n<meta property=\"og:title\" content=\"El intendente, el diputado, el senador y ninguna respuesta a la problem\u00e1tica de los feriantes. - RQ 99.9\" \/>\n<meta property=\"og:description\" content=\"En la jornada de \u00e9ste s\u00e1bado 29 de marzo feriantes de Campo Quijano se reunieron en las veredas de la municipalidad para llevar adelante el reclamo por no haber sido incorporados en el decreto municipal en el que se estipulaba las nuevas disposiciones en virtud del confinamiento decretado por naci\u00f3n y por el COE provincial. [&hellip;]\" \/>\n<meta property=\"og:url\" content=\"https:\/\/nahuelproducciones.com.ar\/radioquijano\/el-intendente-el-diputado-el-senador-y-ninguna-respuesta-a-la-problematica-de-los-feriantes\/\" \/>\n<meta property=\"og:site_name\" content=\"RQ 99.9\" \/>\n<meta property=\"article:publisher\" content=\"https:\/\/www.facebook.com\/nahuelproducciones999\/\" \/>\n<meta property=\"article:published_time\" content=\"2021-05-31T04:24:31+00:00\" \/>\n<meta property=\"article:modified_time\" content=\"2021-05-31T05:11:32+00:00\" \/>\n<meta property=\"og:image\" content=\"https:\/\/nahuelproducciones.com.ar\/radioquijano\/wp-content\/uploads\/2021\/05\/feriantes-y-el-poder-politico.jpg\" \/>\n\t<meta property=\"og:image:width\" content=\"700\" \/>\n\t<meta property=\"og:image:height\" content=\"350\" \/>\n\t<meta property=\"og:image:type\" content=\"image\/jpeg\" \/>\n<meta name=\"author\" content=\"Ricardo Guzman\" \/>\n<meta name=\"twitter:card\" content=\"summary_large_image\" \/>\n<meta name=\"twitter:creator\" content=\"@nahuproduciones\" \/>\n<meta name=\"twitter:site\" content=\"@nahuproduciones\" \/>\n<meta name=\"twitter:label1\" content=\"Escrito por\" \/>\n\t<meta name=\"twitter:data1\" content=\"Ricardo Guzman\" \/>\n\t<meta name=\"twitter:label2\" content=\"Tiempo de lectura\" \/>\n\t<meta name=\"twitter:data2\" content=\"2 minutos\" \/>\n<script type=\"application\/ld+json\" class=\"yoast-schema-graph\">{\"@context\":\"https:\/\/schema.org\",\"@graph\":[{\"@type\":\"WebPage\",\"@id\":\"https:\/\/nahuelproducciones.com.ar\/radioquijano\/el-intendente-el-diputado-el-senador-y-ninguna-respuesta-a-la-problematica-de-los-feriantes\/\",\"url\":\"https:\/\/nahuelproducciones.com.ar\/radioquijano\/el-intendente-el-diputado-el-senador-y-ninguna-respuesta-a-la-problematica-de-los-feriantes\/\",\"name\":\"El intendente, el diputado, el senador y ninguna respuesta a la problem\u00e1tica de los feriantes. - RQ 99.9\",\"isPartOf\":{\"@id\":\"https:\/\/nahuelproducciones.com.ar\/radioquijano\/#website\"},\"datePublished\":\"2021-05-31T04:24:31+00:00\",\"dateModified\":\"2021-05-31T05:11:32+00:00\",\"author\":{\"@id\":\"https:\/\/nahuelproducciones.com.ar\/radioquijano\/#\/schema\/person\/b9b81a110cbdf07949e2cd02d478ab9d\"},\"breadcrumb\":{\"@id\":\"https:\/\/nahuelproducciones.com.ar\/radioquijano\/el-intendente-el-diputado-el-senador-y-ninguna-respuesta-a-la-problematica-de-los-feriantes\/#breadcrumb\"},\"inLanguage\":\"es\",\"potentialAction\":[{\"@type\":\"ReadAction\",\"target\":[\"https:\/\/nahuelproducciones.com.ar\/radioquijano\/el-intendente-el-diputado-el-senador-y-ninguna-respuesta-a-la-problematica-de-los-feriantes\/\"]}]},{\"@type\":\"BreadcrumbList\",\"@id\":\"https:\/\/nahuelproducciones.com.ar\/radioquijano\/el-intendente-el-diputado-el-senador-y-ninguna-respuesta-a-la-problematica-de-los-feriantes\/#breadcrumb\",\"itemListElement\":[{\"@type\":\"ListItem\",\"position\":1,\"name\":\"Portada\",\"item\":\"https:\/\/nahuelproducciones.com.ar\/radioquijano\/\"},{\"@type\":\"ListItem\",\"position\":2,\"name\":\"El intendente, el diputado, el senador y ninguna respuesta a la problem\u00e1tica de los feriantes.\"}]},{\"@type\":\"WebSite\",\"@id\":\"https:\/\/nahuelproducciones.com.ar\/radioquijano\/#website\",\"url\":\"https:\/\/nahuelproducciones.com.ar\/radioquijano\/\",\"name\":\"RQ 99.9\",\"description\":\"Radio Quijano 99.9 MHz\",\"potentialAction\":[{\"@type\":\"SearchAction\",\"target\":{\"@type\":\"EntryPoint\",\"urlTemplate\":\"https:\/\/nahuelproducciones.com.ar\/radioquijano\/?s={search_term_string}\"},\"query-input\":\"required name=search_term_string\"}],\"inLanguage\":\"es\"},{\"@type\":\"Person\",\"@id\":\"https:\/\/nahuelproducciones.com.ar\/radioquijano\/#\/schema\/person\/b9b81a110cbdf07949e2cd02d478ab9d\",\"name\":\"Ricardo Guzman\",\"image\":{\"@type\":\"ImageObject\",\"inLanguage\":\"es\",\"@id\":\"https:\/\/nahuelproducciones.com.ar\/radioquijano\/#\/schema\/person\/image\/\",\"url\":\"https:\/\/secure.gravatar.com\/avatar\/a5d582deda251f95dc882b72fc6e7b4854f88bb25c3154519210afffa7d706e8?s=96&d=mm&r=g\",\"contentUrl\":\"https:\/\/secure.gravatar.com\/avatar\/a5d582deda251f95dc882b72fc6e7b4854f88bb25c3154519210afffa7d706e8?s=96&d=mm&r=g\",\"caption\":\"Ricardo Guzman\"},\"url\":\"https:\/\/nahuelproducciones.com.ar\/radioquijano\/author\/cady\/\"}]}<\/script>\n<!-- \/ Yoast SEO plugin. -->","yoast_head_json":{"title":"El intendente, el diputado, el senador y ninguna respuesta a la problem\u00e1tica de los feriantes. - RQ 99.9","robots":{"index":"index","follow":"follow","max-snippet":"max-snippet:-1","max-image-preview":"max-image-preview:large","max-video-preview":"max-video-preview:-1"},"canonical":"https:\/\/nahuelproducciones.com.ar\/radioquijano\/el-intendente-el-diputado-el-senador-y-ninguna-respuesta-a-la-problematica-de-los-feriantes\/","og_locale":"es_ES","og_type":"article","og_title":"El intendente, el diputado, el senador y ninguna respuesta a la problem\u00e1tica de los feriantes. - RQ 99.9","og_description":"En la jornada de \u00e9ste s\u00e1bado 29 de marzo feriantes de Campo Quijano se reunieron en las veredas de la municipalidad para llevar adelante el reclamo por no haber sido incorporados en el decreto municipal en el que se estipulaba las nuevas disposiciones en virtud del confinamiento decretado por naci\u00f3n y por el COE provincial. [&hellip;]","og_url":"https:\/\/nahuelproducciones.com.ar\/radioquijano\/el-intendente-el-diputado-el-senador-y-ninguna-respuesta-a-la-problematica-de-los-feriantes\/","og_site_name":"RQ 99.9","article_publisher":"https:\/\/www.facebook.com\/nahuelproducciones999\/","article_published_time":"2021-05-31T04:24:31+00:00","article_modified_time":"2021-05-31T05:11:32+00:00","og_image":[{"width":700,"height":350,"url":"https:\/\/nahuelproducciones.com.ar\/radioquijano\/wp-content\/uploads\/2021\/05\/feriantes-y-el-poder-politico.jpg","type":"image\/jpeg"}],"author":"Ricardo Guzman","twitter_card":"summary_large_image","twitter_creator":"@nahuproduciones","twitter_site":"@nahuproduciones","twitter_misc":{"Escrito por":"Ricardo Guzman","Tiempo de lectura":"2 minutos"},"schema":{"@context":"https:\/\/schema.org","@graph":[{"@type":"WebPage","@id":"https:\/\/nahuelproducciones.com.ar\/radioquijano\/el-intendente-el-diputado-el-senador-y-ninguna-respuesta-a-la-problematica-de-los-feriantes\/","url":"https:\/\/nahuelproducciones.com.ar\/radioquijano\/el-intendente-el-diputado-el-senador-y-ninguna-respuesta-a-la-problematica-de-los-feriantes\/","name":"El intendente, el diputado, el senador y ninguna respuesta a la problem\u00e1tica de los feriantes. - RQ 99.9","isPartOf":{"@id":"https:\/\/nahuelproducciones.com.ar\/radioquijano\/#website"},"datePublished":"2021-05-31T04:24:31+00:00","dateModified":"2021-05-31T05:11:32+00:00","author":{"@id":"https:\/\/nahuelproducciones.com.ar\/radioquijano\/#\/schema\/person\/b9b81a110cbdf07949e2cd02d478ab9d"},"breadcrumb":{"@id":"https:\/\/nahuelproducciones.com.ar\/radioquijano\/el-intendente-el-diputado-el-senador-y-ninguna-respuesta-a-la-problematica-de-los-feriantes\/#breadcrumb"},"inLanguage":"es","potentialAction":[{"@type":"ReadAction","target":["https:\/\/nahuelproducciones.com.ar\/radioquijano\/el-intendente-el-diputado-el-senador-y-ninguna-respuesta-a-la-problematica-de-los-feriantes\/"]}]},{"@type":"BreadcrumbList","@id":"https:\/\/nahuelproducciones.com.ar\/radioquijano\/el-intendente-el-diputado-el-senador-y-ninguna-respuesta-a-la-problematica-de-los-feriantes\/#breadcrumb","itemListElement":[{"@type":"ListItem","position":1,"name":"Portada","item":"https:\/\/nahuelproducciones.com.ar\/radioquijano\/"},{"@type":"ListItem","position":2,"name":"El intendente, el diputado, el senador y ninguna respuesta a la problem\u00e1tica de los feriantes."}]},{"@type":"WebSite","@id":"https:\/\/nahuelproducciones.com.ar\/radioquijano\/#website","url":"https:\/\/nahuelproducciones.com.ar\/radioquijano\/","name":"RQ 99.9","description":"Radio Quijano 99.9 MHz","potentialAction":[{"@type":"SearchAction","target":{"@type":"EntryPoint","urlTemplate":"https:\/\/nahuelproducciones.com.ar\/radioquijano\/?s={search_term_string}"},"query-input":"required name=search_term_string"}],"inLanguage":"es"},{"@type":"Person","@id":"https:\/\/nahuelproducciones.com.ar\/radioquijano\/#\/schema\/person\/b9b81a110cbdf07949e2cd02d478ab9d","name":"Ricardo Guzman","image":{"@type":"ImageObject","inLanguage":"es","@id":"https:\/\/nahuelproducciones.com.ar\/radioquijano\/#\/schema\/person\/image\/","url":"https:\/\/secure.gravatar.com\/avatar\/a5d582deda251f95dc882b72fc6e7b4854f88bb25c3154519210afffa7d706e8?s=96&d=mm&r=g","contentUrl":"https:\/\/secure.gravatar.com\/avatar\/a5d582deda251f95dc882b72fc6e7b4854f88bb25c3154519210afffa7d706e8?s=96&d=mm&r=g","caption":"Ricardo Guzman"},"url":"https:\/\/nahuelproducciones.com.ar\/radioquijano\/author\/cady\/"}]}},"_links":{"self":[{"href":"https:\/\/nahuelproducciones.com.ar\/radioquijano\/wp-json\/wp\/v2\/posts\/929","targetHints":{"allow":["GET"]}}],"collection":[{"href":"https:\/\/nahuelproducciones.com.ar\/radioquijano\/wp-json\/wp\/v2\/posts"}],"about":[{"href":"https:\/\/nahuelproducciones.com.ar\/radioquijano\/wp-json\/wp\/v2\/types\/post"}],"author":[{"embeddable":true,"href":"https:\/\/nahuelproducciones.com.ar\/radioquijano\/wp-json\/wp\/v2\/users\/6"}],"replies":[{"embeddable":true,"href":"https:\/\/nahuelproducciones.com.ar\/radioquijano\/wp-json\/wp\/v2\/comments?post=929"}],"version-history":[{"count":14,"href":"https:\/\/nahuelproducciones.com.ar\/radioquijano\/wp-json\/wp\/v2\/posts\/929\/revisions"}],"predecessor-version":[{"id":953,"href":"https:\/\/nahuelproducciones.com.ar\/radioquijano\/wp-json\/wp\/v2\/posts\/929\/revisions\/953"}],"wp:featuredmedia":[{"embeddable":true,"href":"https:\/\/nahuelproducciones.com.ar\/radioquijano\/wp-json\/wp\/v2\/media\/950"}],"wp:attachment":[{"href":"https:\/\/nahuelproducciones.com.ar\/radioquijano\/wp-json\/wp\/v2\/media?parent=929"}],"wp:term":[{"taxonomy":"category","embeddable":true,"href":"https:\/\/nahuelproducciones.com.ar\/radioquijano\/wp-json\/wp\/v2\/categories?post=929"},{"taxonomy":"post_tag","embeddable":true,"href":"https:\/\/nahuelproducciones.com.ar\/radioquijano\/wp-json\/wp\/v2\/tags?post=929"}],"curies":[{"name":"wp","href":"https:\/\/api.w.org\/{rel}","templated":true}]}}