{"id":9292,"date":"2024-11-17T15:52:18","date_gmt":"2024-11-17T18:52:18","guid":{"rendered":"https:\/\/nahuelproducciones.com.ar\/radioquijano\/?p=9292"},"modified":"2024-11-17T15:52:18","modified_gmt":"2024-11-17T18:52:18","slug":"un-feriado-largo-para-reflexionar-y-actuar-por-la-seguridad-vial","status":"publish","type":"post","link":"https:\/\/nahuelproducciones.com.ar\/radioquijano\/un-feriado-largo-para-reflexionar-y-actuar-por-la-seguridad-vial\/","title":{"rendered":"\u00abUn Feriado Largo para Reflexionar y Actuar por la Seguridad Vial\u00bb"},"content":{"rendered":"\n<p>La seguridad vial es una responsabilidad colectiva que exige acci\u00f3n inmediata y sostenida. Campo Quijano, al igual que muchas comunidades, enfrenta una pandemia silenciosa pero devastadora: la irresponsabilidad al volante. Este fin de semana largo, el llamado no puede ser m\u00e1s urgente.<\/p>\n\n\n\n<p>Cada vida perdida en nuestras rutas no es solo una estad\u00edstica; es una familia rota, una comunidad herida. Y mientras los responsables directos de estos actos deben rendir cuentas, tambi\u00e9n debemos reflexionar como sociedad. \u00bfQu\u00e9 m\u00e1s podemos hacer para evitar tragedias que son evitables?<\/p>\n\n\n\n<p>Es imperativo que el municipio act\u00fae con firmeza. Las multas ejemplares son necesarias, pero no suficientes. Se necesitan controles efectivos, campa\u00f1as de concientizaci\u00f3n permanentes y un compromiso real de todos los sectores para generar un cambio cultural donde la responsabilidad al volante sea un valor central.<\/p>\n\n\n\n<p>Este fin de semana, hagamos nuestra parte. Seamos prudentes, respetemos las normas de tr\u00e1nsito y recordemos que al conducir, llevamos no solo nuestra vida en las manos, sino tambi\u00e9n las de los dem\u00e1s. La seguridad vial no es solo un deber legal, es un acto de humanidad.<\/p>\n\n\n\n<p>Que no tengamos que lamentar m\u00e1s vidas. Que este fin de semana largo sea un punto de inflexi\u00f3n hacia caminos m\u00e1s seguros para todos.<\/p>\n","protected":false},"excerpt":{"rendered":"<p>La seguridad vial es una responsabilidad colectiva que exige acci\u00f3n inmediata y sostenida. Campo Quijano, al igual que muchas comunidades, enfrenta una pandemia silenciosa pero devastadora: la irresponsabilidad al volante. Este fin de semana largo, el llamado no puede ser m\u00e1s urgente. Cada vida perdida en nuestras rutas no es solo una estad\u00edstica; es una [&hellip;]<\/p>\n","protected":false},"author":8,"featured_media":9293,"comment_status":"open","ping_status":"open","sticky":false,"template":"","format":"standard","meta":{"_monsterinsights_skip_tracking":false,"_monsterinsights_sitenote_active":false,"_monsterinsights_sitenote_note":"","_monsterinsights_sitenote_category":0,"footnotes":""},"categories":[16],"tags":[1370,100],"class_list":["post-9292","post","type-post","status-publish","format-standard","has-post-thumbnail","hentry","category-noticias","tag-editorial","tag-municipio-de-campo-quijano"],"yoast_head":"<!-- This site is optimized with the Yoast SEO plugin v20.8 - https:\/\/yoast.com\/wordpress\/plugins\/seo\/ -->\n<title>&quot;Un Feriado Largo para Reflexionar y Actuar por la Seguridad Vial&quot; - RQ 99.9<\/title>\n<meta name=\"description\" content=\"Que no tengamos que lamentar m\u00e1s vidas. Que este fin de semana largo sea un punto de inflexi\u00f3n hacia caminos m\u00e1s seguros para todos.\" \/>\n<meta name=\"robots\" content=\"index, follow, max-snippet:-1, max-image-preview:large, max-video-preview:-1\" \/>\n<link rel=\"canonical\" href=\"https:\/\/nahuelproducciones.com.ar\/radioquijano\/un-feriado-largo-para-reflexionar-y-actuar-por-la-seguridad-vial\/\" \/>\n<meta property=\"og:locale\" content=\"es_ES\" \/>\n<meta property=\"og:type\" content=\"article\" \/>\n<meta property=\"og:title\" content=\"&quot;Un Feriado Largo para Reflexionar y Actuar por la Seguridad Vial&quot; - RQ 99.9\" \/>\n<meta property=\"og:description\" content=\"Que no tengamos que lamentar m\u00e1s vidas. Que este fin de semana largo sea un punto de inflexi\u00f3n hacia caminos m\u00e1s seguros para todos.\" \/>\n<meta property=\"og:url\" content=\"https:\/\/nahuelproducciones.com.ar\/radioquijano\/un-feriado-largo-para-reflexionar-y-actuar-por-la-seguridad-vial\/\" \/>\n<meta property=\"og:site_name\" content=\"RQ 99.9\" \/>\n<meta property=\"article:publisher\" content=\"https:\/\/www.facebook.com\/nahuelproducciones999\/\" \/>\n<meta property=\"article:published_time\" content=\"2024-11-17T18:52:18+00:00\" \/>\n<meta property=\"og:image\" content=\"https:\/\/nahuelproducciones.com.ar\/radioquijano\/wp-content\/uploads\/2024\/11\/Publicidad-1-Normas-de-transito-Daiger-Hurtado.jpg\" \/>\n\t<meta property=\"og:image:width\" content=\"603\" \/>\n\t<meta property=\"og:image:height\" content=\"633\" \/>\n\t<meta property=\"og:image:type\" content=\"image\/jpeg\" \/>\n<meta name=\"author\" content=\"Cecilia Pastrana\" \/>\n<meta name=\"twitter:card\" content=\"summary_large_image\" \/>\n<meta name=\"twitter:creator\" content=\"@nahuproduciones\" \/>\n<meta name=\"twitter:site\" content=\"@nahuproduciones\" \/>\n<meta name=\"twitter:label1\" content=\"Escrito por\" \/>\n\t<meta name=\"twitter:data1\" content=\"Cecilia Pastrana\" \/>\n\t<meta name=\"twitter:label2\" content=\"Tiempo de lectura\" \/>\n\t<meta name=\"twitter:data2\" content=\"1 minuto\" \/>\n<script type=\"application\/ld+json\" class=\"yoast-schema-graph\">{\"@context\":\"https:\/\/schema.org\",\"@graph\":[{\"@type\":\"WebPage\",\"@id\":\"https:\/\/nahuelproducciones.com.ar\/radioquijano\/un-feriado-largo-para-reflexionar-y-actuar-por-la-seguridad-vial\/\",\"url\":\"https:\/\/nahuelproducciones.com.ar\/radioquijano\/un-feriado-largo-para-reflexionar-y-actuar-por-la-seguridad-vial\/\",\"name\":\"\\\"Un Feriado Largo para Reflexionar y Actuar por la Seguridad Vial\\\" - RQ 99.9\",\"isPartOf\":{\"@id\":\"https:\/\/nahuelproducciones.com.ar\/radioquijano\/#website\"},\"datePublished\":\"2024-11-17T18:52:18+00:00\",\"dateModified\":\"2024-11-17T18:52:18+00:00\",\"author\":{\"@id\":\"https:\/\/nahuelproducciones.com.ar\/radioquijano\/#\/schema\/person\/e8a4f939e2cb487fe6d0c54042c9d32c\"},\"description\":\"Que no tengamos que lamentar m\u00e1s vidas. Que este fin de semana largo sea un punto de inflexi\u00f3n hacia caminos m\u00e1s seguros para todos.\",\"breadcrumb\":{\"@id\":\"https:\/\/nahuelproducciones.com.ar\/radioquijano\/un-feriado-largo-para-reflexionar-y-actuar-por-la-seguridad-vial\/#breadcrumb\"},\"inLanguage\":\"es\",\"potentialAction\":[{\"@type\":\"ReadAction\",\"target\":[\"https:\/\/nahuelproducciones.com.ar\/radioquijano\/un-feriado-largo-para-reflexionar-y-actuar-por-la-seguridad-vial\/\"]}]},{\"@type\":\"BreadcrumbList\",\"@id\":\"https:\/\/nahuelproducciones.com.ar\/radioquijano\/un-feriado-largo-para-reflexionar-y-actuar-por-la-seguridad-vial\/#breadcrumb\",\"itemListElement\":[{\"@type\":\"ListItem\",\"position\":1,\"name\":\"Portada\",\"item\":\"https:\/\/nahuelproducciones.com.ar\/radioquijano\/\"},{\"@type\":\"ListItem\",\"position\":2,\"name\":\"&#8220;Un Feriado Largo para Reflexionar y Actuar por la Seguridad Vial&#8221;\"}]},{\"@type\":\"WebSite\",\"@id\":\"https:\/\/nahuelproducciones.com.ar\/radioquijano\/#website\",\"url\":\"https:\/\/nahuelproducciones.com.ar\/radioquijano\/\",\"name\":\"RQ 99.9\",\"description\":\"Radio Quijano 99.9 MHz\",\"potentialAction\":[{\"@type\":\"SearchAction\",\"target\":{\"@type\":\"EntryPoint\",\"urlTemplate\":\"https:\/\/nahuelproducciones.com.ar\/radioquijano\/?s={search_term_string}\"},\"query-input\":\"required name=search_term_string\"}],\"inLanguage\":\"es\"},{\"@type\":\"Person\",\"@id\":\"https:\/\/nahuelproducciones.com.ar\/radioquijano\/#\/schema\/person\/e8a4f939e2cb487fe6d0c54042c9d32c\",\"name\":\"Cecilia Pastrana\",\"image\":{\"@type\":\"ImageObject\",\"inLanguage\":\"es\",\"@id\":\"https:\/\/nahuelproducciones.com.ar\/radioquijano\/#\/schema\/person\/image\/\",\"url\":\"https:\/\/secure.gravatar.com\/avatar\/661a3ef63a8488d4f2794ed44af8cf71420f7e106f3072c40125114df5157749?s=96&d=mm&r=g\",\"contentUrl\":\"https:\/\/secure.gravatar.com\/avatar\/661a3ef63a8488d4f2794ed44af8cf71420f7e106f3072c40125114df5157749?s=96&d=mm&r=g\",\"caption\":\"Cecilia Pastrana\"},\"sameAs\":[\"cecy\"],\"url\":\"https:\/\/nahuelproducciones.com.ar\/radioquijano\/author\/cecy\/\"}]}<\/script>\n<!-- \/ Yoast SEO plugin. -->","yoast_head_json":{"title":"\"Un Feriado Largo para Reflexionar y Actuar por la Seguridad Vial\" - RQ 99.9","description":"Que no tengamos que lamentar m\u00e1s vidas. Que este fin de semana largo sea un punto de inflexi\u00f3n hacia caminos m\u00e1s seguros para todos.","robots":{"index":"index","follow":"follow","max-snippet":"max-snippet:-1","max-image-preview":"max-image-preview:large","max-video-preview":"max-video-preview:-1"},"canonical":"https:\/\/nahuelproducciones.com.ar\/radioquijano\/un-feriado-largo-para-reflexionar-y-actuar-por-la-seguridad-vial\/","og_locale":"es_ES","og_type":"article","og_title":"\"Un Feriado Largo para Reflexionar y Actuar por la Seguridad Vial\" - RQ 99.9","og_description":"Que no tengamos que lamentar m\u00e1s vidas. Que este fin de semana largo sea un punto de inflexi\u00f3n hacia caminos m\u00e1s seguros para todos.","og_url":"https:\/\/nahuelproducciones.com.ar\/radioquijano\/un-feriado-largo-para-reflexionar-y-actuar-por-la-seguridad-vial\/","og_site_name":"RQ 99.9","article_publisher":"https:\/\/www.facebook.com\/nahuelproducciones999\/","article_published_time":"2024-11-17T18:52:18+00:00","og_image":[{"width":603,"height":633,"url":"https:\/\/nahuelproducciones.com.ar\/radioquijano\/wp-content\/uploads\/2024\/11\/Publicidad-1-Normas-de-transito-Daiger-Hurtado.jpg","type":"image\/jpeg"}],"author":"Cecilia Pastrana","twitter_card":"summary_large_image","twitter_creator":"@nahuproduciones","twitter_site":"@nahuproduciones","twitter_misc":{"Escrito por":"Cecilia Pastrana","Tiempo de lectura":"1 minuto"},"schema":{"@context":"https:\/\/schema.org","@graph":[{"@type":"WebPage","@id":"https:\/\/nahuelproducciones.com.ar\/radioquijano\/un-feriado-largo-para-reflexionar-y-actuar-por-la-seguridad-vial\/","url":"https:\/\/nahuelproducciones.com.ar\/radioquijano\/un-feriado-largo-para-reflexionar-y-actuar-por-la-seguridad-vial\/","name":"\"Un Feriado Largo para Reflexionar y Actuar por la Seguridad Vial\" - RQ 99.9","isPartOf":{"@id":"https:\/\/nahuelproducciones.com.ar\/radioquijano\/#website"},"datePublished":"2024-11-17T18:52:18+00:00","dateModified":"2024-11-17T18:52:18+00:00","author":{"@id":"https:\/\/nahuelproducciones.com.ar\/radioquijano\/#\/schema\/person\/e8a4f939e2cb487fe6d0c54042c9d32c"},"description":"Que no tengamos que lamentar m\u00e1s vidas. Que este fin de semana largo sea un punto de inflexi\u00f3n hacia caminos m\u00e1s seguros para todos.","breadcrumb":{"@id":"https:\/\/nahuelproducciones.com.ar\/radioquijano\/un-feriado-largo-para-reflexionar-y-actuar-por-la-seguridad-vial\/#breadcrumb"},"inLanguage":"es","potentialAction":[{"@type":"ReadAction","target":["https:\/\/nahuelproducciones.com.ar\/radioquijano\/un-feriado-largo-para-reflexionar-y-actuar-por-la-seguridad-vial\/"]}]},{"@type":"BreadcrumbList","@id":"https:\/\/nahuelproducciones.com.ar\/radioquijano\/un-feriado-largo-para-reflexionar-y-actuar-por-la-seguridad-vial\/#breadcrumb","itemListElement":[{"@type":"ListItem","position":1,"name":"Portada","item":"https:\/\/nahuelproducciones.com.ar\/radioquijano\/"},{"@type":"ListItem","position":2,"name":"&#8220;Un Feriado Largo para Reflexionar y Actuar por la Seguridad Vial&#8221;"}]},{"@type":"WebSite","@id":"https:\/\/nahuelproducciones.com.ar\/radioquijano\/#website","url":"https:\/\/nahuelproducciones.com.ar\/radioquijano\/","name":"RQ 99.9","description":"Radio Quijano 99.9 MHz","potentialAction":[{"@type":"SearchAction","target":{"@type":"EntryPoint","urlTemplate":"https:\/\/nahuelproducciones.com.ar\/radioquijano\/?s={search_term_string}"},"query-input":"required name=search_term_string"}],"inLanguage":"es"},{"@type":"Person","@id":"https:\/\/nahuelproducciones.com.ar\/radioquijano\/#\/schema\/person\/e8a4f939e2cb487fe6d0c54042c9d32c","name":"Cecilia Pastrana","image":{"@type":"ImageObject","inLanguage":"es","@id":"https:\/\/nahuelproducciones.com.ar\/radioquijano\/#\/schema\/person\/image\/","url":"https:\/\/secure.gravatar.com\/avatar\/661a3ef63a8488d4f2794ed44af8cf71420f7e106f3072c40125114df5157749?s=96&d=mm&r=g","contentUrl":"https:\/\/secure.gravatar.com\/avatar\/661a3ef63a8488d4f2794ed44af8cf71420f7e106f3072c40125114df5157749?s=96&d=mm&r=g","caption":"Cecilia Pastrana"},"sameAs":["cecy"],"url":"https:\/\/nahuelproducciones.com.ar\/radioquijano\/author\/cecy\/"}]}},"_links":{"self":[{"href":"https:\/\/nahuelproducciones.com.ar\/radioquijano\/wp-json\/wp\/v2\/posts\/9292","targetHints":{"allow":["GET"]}}],"collection":[{"href":"https:\/\/nahuelproducciones.com.ar\/radioquijano\/wp-json\/wp\/v2\/posts"}],"about":[{"href":"https:\/\/nahuelproducciones.com.ar\/radioquijano\/wp-json\/wp\/v2\/types\/post"}],"author":[{"embeddable":true,"href":"https:\/\/nahuelproducciones.com.ar\/radioquijano\/wp-json\/wp\/v2\/users\/8"}],"replies":[{"embeddable":true,"href":"https:\/\/nahuelproducciones.com.ar\/radioquijano\/wp-json\/wp\/v2\/comments?post=9292"}],"version-history":[{"count":1,"href":"https:\/\/nahuelproducciones.com.ar\/radioquijano\/wp-json\/wp\/v2\/posts\/9292\/revisions"}],"predecessor-version":[{"id":9294,"href":"https:\/\/nahuelproducciones.com.ar\/radioquijano\/wp-json\/wp\/v2\/posts\/9292\/revisions\/9294"}],"wp:featuredmedia":[{"embeddable":true,"href":"https:\/\/nahuelproducciones.com.ar\/radioquijano\/wp-json\/wp\/v2\/media\/9293"}],"wp:attachment":[{"href":"https:\/\/nahuelproducciones.com.ar\/radioquijano\/wp-json\/wp\/v2\/media?parent=9292"}],"wp:term":[{"taxonomy":"category","embeddable":true,"href":"https:\/\/nahuelproducciones.com.ar\/radioquijano\/wp-json\/wp\/v2\/categories?post=9292"},{"taxonomy":"post_tag","embeddable":true,"href":"https:\/\/nahuelproducciones.com.ar\/radioquijano\/wp-json\/wp\/v2\/tags?post=9292"}],"curies":[{"name":"wp","href":"https:\/\/api.w.org\/{rel}","templated":true}]}}