{"id":9295,"date":"2024-11-18T10:12:51","date_gmt":"2024-11-18T13:12:51","guid":{"rendered":"https:\/\/nahuelproducciones.com.ar\/radioquijano\/?p=9295"},"modified":"2024-11-18T10:25:40","modified_gmt":"2024-11-18T13:25:40","slug":"servicios-de-este-lunes-feriado","status":"publish","type":"post","link":"https:\/\/nahuelproducciones.com.ar\/radioquijano\/servicios-de-este-lunes-feriado\/","title":{"rendered":"Servicios de este lunes feriado"},"content":{"rendered":"\n<p>Hoy es\u00a0<strong>Feriado Nacional<\/strong>\u00a0en\u00a0<strong>Argentina<\/strong>, uno de los llamados \u00abferiado puente\u00bb en conmemoraci\u00f3n del\u00a0<strong>D\u00eda de la Soberan\u00eda Nacional<\/strong>\u00a0que se celebra el d\u00eda 20 de noviembre.<\/p>\n\n\n\n<p><strong>En el municipio de Campo Quijano los servicios funcionan as\u00ed:\u00a0<\/strong><\/p>\n\n\n\n<p><strong>Hospital:<\/strong> est\u00e1 disponible el servicio de Guardia para urgencia y emergencia durante toda la jornada.<\/p>\n\n\n\n<p><strong>Recolecci\u00f3n de residuos:<\/strong> se realizar\u00e1 en forma normal, en los horarios habituales.<\/p>\n\n\n\n<p><strong>Municipio:<\/strong> no habr\u00e1 atenci\u00f3n.<\/p>\n\n\n\n<p><strong>Hagamos un poco de historia\u2026<\/strong><\/p>\n\n\n\n<h3 class=\"wp-block-heading\">20 de Noviembre: D\u00eda de Soberan\u00eda Nacional<\/h3>\n\n\n\n<p>El 20 de noviembre de 1845 se produjo la batalla de la Vuelta de Obligado sobre el r\u00edo Paran\u00e1, en la zona de San Pedro, un enfrentamiento entre la Confederaci\u00f3n Argentina, comandada por Juan Manuel de Rosas, y una escuadra anglofrancesa que pretend\u00eda controlar la navegaci\u00f3n de los r\u00edos.<\/p>\n\n\n\n<p>El conflicto se desencaden\u00f3 en paralelo a la tensi\u00f3n que exist\u00eda en la Banda Oriental desde 1838 entre las dos facciones pol\u00edticas dominantes: los blancos, comandados por Manuel Oribe, aliado de Rosas, y los colorados, seguidores de Fructuoso Rivera, apoyados por los unitarios, el Imperio de Brasil, Inglaterra y Francia.<\/p>\n\n\n\n<p>Desde hac\u00eda varios a\u00f1os, los conflictos diplom\u00e1ticos con Francia e Inglaterra y Buenos Aires estaban a la orden del d\u00eda. El primer gran conflicto contra Francia ocurri\u00f3 en 1838, cuando una escuadra francesa lleg\u00f3 a bloquear el puerto de Buenos Aires y todo el litoral del R\u00edo de la Plata y, en octubre de ese a\u00f1o, ocup\u00f3 la Isla Mart\u00edn Garc\u00eda.<\/p>\n\n\n\n<p>Todos estos enfrentamientos \u2013a los que se sumaba la guerra de Buenos Aires contra Montevideo y Corrientes- estaban te\u00f1idos por la guerra civil entre unitarios y rosistas. En octubre de 1840, las negociaciones llegaban a buen puerto con la firma de una convenci\u00f3n entre la naci\u00f3n europea y el gobierno de Rosas, pero se manten\u00eda la guerra con el Uruguay de Fructuoso Rivera.<\/p>\n\n\n\n<p>Pero no tardar\u00e1 Rosas en recibir un ultim\u00e1tum para que pusiera fin a la guerra con Uruguay y permitiera la libre navegaci\u00f3n de los r\u00edos. Ante la negativa, comenz\u00f3 el bloqueo anglo-franc\u00e9s. Era noviembre de 1845 y las fuerzas enemigas se dispon\u00edan a remontar el r\u00edo Paran\u00e1. Rosas dispuso que se cortara el paso a las naves extranjeras y, dando cumplimiento a la orden, el 20 de aquel mes, Lucio N. Mansilla prepar\u00f3 el escenario.<\/p>\n\n\n\n<p>La batalla tuvo lugar en la Vuelta de Obligado del R\u00edo Paran\u00e1. Al intentar avanzar varios buques de guerra y mercantes europeos, las fuerzas argentinas, que hab\u00edan tendido gruesas cadenas a lo ancho del r\u00edo, procedieron al ataque.<\/p>\n\n\n\n<p>Aunque las bajas de las tropas nacionales fueron diez veces mayores y los agresores lograron avanzar, fue vano su intento de vender las mercader\u00edas y recibieron nuevos embestidas r\u00edo arriba. El saldo final fue frustrante para los europeos. Los tratados de paz reci\u00e9n se alcanzar\u00eda en 1849 y 1850.<\/p>\n\n\n\n<p>Aquella jornada, que desde entonces se recuerda como un acto de defensa de la integridad territorial, fue declarada por Ley 20.770 de septiembre de 1974 D\u00eda de la Soberan\u00eda Nacional, a pedido del historiador Jos\u00e9 Mar\u00eda de Rosa, para recordar la batalla de la Vuelta de Obligado que tuvo lugar ese d\u00eda, en el a\u00f1o 1845. En el a\u00f1o\u00a02010 fue declarado feriado nacional.<\/p>\n\n\n\n<p>La recordamos con dos cartas escritas por Jos\u00e9 de San Mart\u00edn muy poco tiempo despu\u00e9s de iniciarse el &nbsp;conflicto; en la primera, respondiendo a una consulta de Federico Dickson, c\u00f3nsul general de la Confederaci\u00f3n Argentina en Londres, intenta desalentar la continuaci\u00f3n de hostilidades por parte de Gran Breta\u00f1a y Francia; en la segunda, escrita pocos d\u00edas m\u00e1s tarde, se dirige a Rosas calificando la intervenci\u00f3n de \u201cinjust\u00edsima agresi\u00f3n y abuso de la fuerza de la Inglaterra y Francia\u201d y manifiesta su apoyo al gobernador de Buenos Aires, lamentando ya no poder ofrecer sus servicios por su deteriorado estado de salud.<\/p>\n\n\n\n<h6 class=\"wp-block-heading\">Fuente: Julio Irazusta, Vida pol\u00edtica de Juan Manuel de Rosas a trav\u00e9s de su correspondencia, Tomo V, La intriga internacional contra la Argentina 1843-1846, Buenos Aires, Jorge Llopis, 1975, p\u00e1g. 261-292.<\/h6>\n\n\n\n<p>\u00a0<\/p>\n","protected":false},"excerpt":{"rendered":"<p>Hoy es\u00a0Feriado Nacional\u00a0en\u00a0Argentina, uno de los llamados \u00abferiado puente\u00bb en conmemoraci\u00f3n del\u00a0D\u00eda de la Soberan\u00eda Nacional\u00a0que se celebra el d\u00eda 20 de noviembre. En el municipio de Campo Quijano los servicios funcionan as\u00ed:\u00a0 Hospital: est\u00e1 disponible el servicio de Guardia para urgencia y emergencia durante toda la jornada. Recolecci\u00f3n de residuos: se realizar\u00e1 en forma [&hellip;]<\/p>\n","protected":false},"author":8,"featured_media":9296,"comment_status":"open","ping_status":"open","sticky":false,"template":"","format":"standard","meta":{"_monsterinsights_skip_tracking":false,"_monsterinsights_sitenote_active":false,"_monsterinsights_sitenote_note":"","_monsterinsights_sitenote_category":0,"footnotes":""},"categories":[16],"tags":[1281,100],"class_list":["post-9295","post","type-post","status-publish","format-standard","has-post-thumbnail","hentry","category-noticias","tag-feriado-puente","tag-municipio-de-campo-quijano"],"yoast_head":"<!-- This site is optimized with the Yoast SEO plugin v20.8 - https:\/\/yoast.com\/wordpress\/plugins\/seo\/ -->\n<title>Servicios de este lunes feriado - RQ 99.9<\/title>\n<meta name=\"description\" content=\"Feriado corresponde en conmemoraci\u00f3n del\u00a0D\u00eda de la Soberan\u00eda Nacional\u00a0que se celebra el d\u00eda 20 de noviembre.\" \/>\n<meta name=\"robots\" content=\"index, follow, max-snippet:-1, max-image-preview:large, max-video-preview:-1\" \/>\n<link rel=\"canonical\" href=\"https:\/\/nahuelproducciones.com.ar\/radioquijano\/servicios-de-este-lunes-feriado\/\" \/>\n<meta property=\"og:locale\" content=\"es_ES\" \/>\n<meta property=\"og:type\" content=\"article\" \/>\n<meta property=\"og:title\" content=\"Servicios de este lunes feriado - RQ 99.9\" \/>\n<meta property=\"og:description\" content=\"Feriado corresponde en conmemoraci\u00f3n del\u00a0D\u00eda de la Soberan\u00eda Nacional\u00a0que se celebra el d\u00eda 20 de noviembre.\" \/>\n<meta property=\"og:url\" content=\"https:\/\/nahuelproducciones.com.ar\/radioquijano\/servicios-de-este-lunes-feriado\/\" \/>\n<meta property=\"og:site_name\" content=\"RQ 99.9\" \/>\n<meta property=\"article:publisher\" content=\"https:\/\/www.facebook.com\/nahuelproducciones999\/\" \/>\n<meta property=\"article:published_time\" content=\"2024-11-18T13:12:51+00:00\" \/>\n<meta property=\"article:modified_time\" content=\"2024-11-18T13:25:40+00:00\" \/>\n<meta property=\"og:image\" content=\"https:\/\/nahuelproducciones.com.ar\/radioquijano\/wp-content\/uploads\/2024\/11\/467596105_975384604617950_5783277211061510083_n-e1731935560232.jpg\" \/>\n\t<meta property=\"og:image:width\" content=\"700\" \/>\n\t<meta property=\"og:image:height\" content=\"1244\" \/>\n\t<meta property=\"og:image:type\" content=\"image\/jpeg\" \/>\n<meta name=\"author\" content=\"Cecilia Pastrana\" \/>\n<meta name=\"twitter:card\" content=\"summary_large_image\" \/>\n<meta name=\"twitter:creator\" content=\"@nahuproduciones\" \/>\n<meta name=\"twitter:site\" content=\"@nahuproduciones\" \/>\n<meta name=\"twitter:label1\" content=\"Escrito por\" \/>\n\t<meta name=\"twitter:data1\" content=\"Cecilia Pastrana\" \/>\n\t<meta name=\"twitter:label2\" content=\"Tiempo de lectura\" \/>\n\t<meta name=\"twitter:data2\" content=\"4 minutos\" \/>\n<script type=\"application\/ld+json\" class=\"yoast-schema-graph\">{\"@context\":\"https:\/\/schema.org\",\"@graph\":[{\"@type\":\"WebPage\",\"@id\":\"https:\/\/nahuelproducciones.com.ar\/radioquijano\/servicios-de-este-lunes-feriado\/\",\"url\":\"https:\/\/nahuelproducciones.com.ar\/radioquijano\/servicios-de-este-lunes-feriado\/\",\"name\":\"Servicios de este lunes feriado - RQ 99.9\",\"isPartOf\":{\"@id\":\"https:\/\/nahuelproducciones.com.ar\/radioquijano\/#website\"},\"datePublished\":\"2024-11-18T13:12:51+00:00\",\"dateModified\":\"2024-11-18T13:25:40+00:00\",\"author\":{\"@id\":\"https:\/\/nahuelproducciones.com.ar\/radioquijano\/#\/schema\/person\/e8a4f939e2cb487fe6d0c54042c9d32c\"},\"description\":\"Feriado corresponde en conmemoraci\u00f3n del\u00a0D\u00eda de la Soberan\u00eda Nacional\u00a0que se celebra el d\u00eda 20 de noviembre.\",\"breadcrumb\":{\"@id\":\"https:\/\/nahuelproducciones.com.ar\/radioquijano\/servicios-de-este-lunes-feriado\/#breadcrumb\"},\"inLanguage\":\"es\",\"potentialAction\":[{\"@type\":\"ReadAction\",\"target\":[\"https:\/\/nahuelproducciones.com.ar\/radioquijano\/servicios-de-este-lunes-feriado\/\"]}]},{\"@type\":\"BreadcrumbList\",\"@id\":\"https:\/\/nahuelproducciones.com.ar\/radioquijano\/servicios-de-este-lunes-feriado\/#breadcrumb\",\"itemListElement\":[{\"@type\":\"ListItem\",\"position\":1,\"name\":\"Portada\",\"item\":\"https:\/\/nahuelproducciones.com.ar\/radioquijano\/\"},{\"@type\":\"ListItem\",\"position\":2,\"name\":\"Servicios de este lunes feriado\"}]},{\"@type\":\"WebSite\",\"@id\":\"https:\/\/nahuelproducciones.com.ar\/radioquijano\/#website\",\"url\":\"https:\/\/nahuelproducciones.com.ar\/radioquijano\/\",\"name\":\"RQ 99.9\",\"description\":\"Radio Quijano 99.9 MHz\",\"potentialAction\":[{\"@type\":\"SearchAction\",\"target\":{\"@type\":\"EntryPoint\",\"urlTemplate\":\"https:\/\/nahuelproducciones.com.ar\/radioquijano\/?s={search_term_string}\"},\"query-input\":\"required name=search_term_string\"}],\"inLanguage\":\"es\"},{\"@type\":\"Person\",\"@id\":\"https:\/\/nahuelproducciones.com.ar\/radioquijano\/#\/schema\/person\/e8a4f939e2cb487fe6d0c54042c9d32c\",\"name\":\"Cecilia Pastrana\",\"image\":{\"@type\":\"ImageObject\",\"inLanguage\":\"es\",\"@id\":\"https:\/\/nahuelproducciones.com.ar\/radioquijano\/#\/schema\/person\/image\/\",\"url\":\"https:\/\/secure.gravatar.com\/avatar\/661a3ef63a8488d4f2794ed44af8cf71420f7e106f3072c40125114df5157749?s=96&d=mm&r=g\",\"contentUrl\":\"https:\/\/secure.gravatar.com\/avatar\/661a3ef63a8488d4f2794ed44af8cf71420f7e106f3072c40125114df5157749?s=96&d=mm&r=g\",\"caption\":\"Cecilia Pastrana\"},\"sameAs\":[\"cecy\"],\"url\":\"https:\/\/nahuelproducciones.com.ar\/radioquijano\/author\/cecy\/\"}]}<\/script>\n<!-- \/ Yoast SEO plugin. -->","yoast_head_json":{"title":"Servicios de este lunes feriado - RQ 99.9","description":"Feriado corresponde en conmemoraci\u00f3n del\u00a0D\u00eda de la Soberan\u00eda Nacional\u00a0que se celebra el d\u00eda 20 de noviembre.","robots":{"index":"index","follow":"follow","max-snippet":"max-snippet:-1","max-image-preview":"max-image-preview:large","max-video-preview":"max-video-preview:-1"},"canonical":"https:\/\/nahuelproducciones.com.ar\/radioquijano\/servicios-de-este-lunes-feriado\/","og_locale":"es_ES","og_type":"article","og_title":"Servicios de este lunes feriado - RQ 99.9","og_description":"Feriado corresponde en conmemoraci\u00f3n del\u00a0D\u00eda de la Soberan\u00eda Nacional\u00a0que se celebra el d\u00eda 20 de noviembre.","og_url":"https:\/\/nahuelproducciones.com.ar\/radioquijano\/servicios-de-este-lunes-feriado\/","og_site_name":"RQ 99.9","article_publisher":"https:\/\/www.facebook.com\/nahuelproducciones999\/","article_published_time":"2024-11-18T13:12:51+00:00","article_modified_time":"2024-11-18T13:25:40+00:00","og_image":[{"width":700,"height":1244,"url":"https:\/\/nahuelproducciones.com.ar\/radioquijano\/wp-content\/uploads\/2024\/11\/467596105_975384604617950_5783277211061510083_n-e1731935560232.jpg","type":"image\/jpeg"}],"author":"Cecilia Pastrana","twitter_card":"summary_large_image","twitter_creator":"@nahuproduciones","twitter_site":"@nahuproduciones","twitter_misc":{"Escrito por":"Cecilia Pastrana","Tiempo de lectura":"4 minutos"},"schema":{"@context":"https:\/\/schema.org","@graph":[{"@type":"WebPage","@id":"https:\/\/nahuelproducciones.com.ar\/radioquijano\/servicios-de-este-lunes-feriado\/","url":"https:\/\/nahuelproducciones.com.ar\/radioquijano\/servicios-de-este-lunes-feriado\/","name":"Servicios de este lunes feriado - RQ 99.9","isPartOf":{"@id":"https:\/\/nahuelproducciones.com.ar\/radioquijano\/#website"},"datePublished":"2024-11-18T13:12:51+00:00","dateModified":"2024-11-18T13:25:40+00:00","author":{"@id":"https:\/\/nahuelproducciones.com.ar\/radioquijano\/#\/schema\/person\/e8a4f939e2cb487fe6d0c54042c9d32c"},"description":"Feriado corresponde en conmemoraci\u00f3n del\u00a0D\u00eda de la Soberan\u00eda Nacional\u00a0que se celebra el d\u00eda 20 de noviembre.","breadcrumb":{"@id":"https:\/\/nahuelproducciones.com.ar\/radioquijano\/servicios-de-este-lunes-feriado\/#breadcrumb"},"inLanguage":"es","potentialAction":[{"@type":"ReadAction","target":["https:\/\/nahuelproducciones.com.ar\/radioquijano\/servicios-de-este-lunes-feriado\/"]}]},{"@type":"BreadcrumbList","@id":"https:\/\/nahuelproducciones.com.ar\/radioquijano\/servicios-de-este-lunes-feriado\/#breadcrumb","itemListElement":[{"@type":"ListItem","position":1,"name":"Portada","item":"https:\/\/nahuelproducciones.com.ar\/radioquijano\/"},{"@type":"ListItem","position":2,"name":"Servicios de este lunes feriado"}]},{"@type":"WebSite","@id":"https:\/\/nahuelproducciones.com.ar\/radioquijano\/#website","url":"https:\/\/nahuelproducciones.com.ar\/radioquijano\/","name":"RQ 99.9","description":"Radio Quijano 99.9 MHz","potentialAction":[{"@type":"SearchAction","target":{"@type":"EntryPoint","urlTemplate":"https:\/\/nahuelproducciones.com.ar\/radioquijano\/?s={search_term_string}"},"query-input":"required name=search_term_string"}],"inLanguage":"es"},{"@type":"Person","@id":"https:\/\/nahuelproducciones.com.ar\/radioquijano\/#\/schema\/person\/e8a4f939e2cb487fe6d0c54042c9d32c","name":"Cecilia Pastrana","image":{"@type":"ImageObject","inLanguage":"es","@id":"https:\/\/nahuelproducciones.com.ar\/radioquijano\/#\/schema\/person\/image\/","url":"https:\/\/secure.gravatar.com\/avatar\/661a3ef63a8488d4f2794ed44af8cf71420f7e106f3072c40125114df5157749?s=96&d=mm&r=g","contentUrl":"https:\/\/secure.gravatar.com\/avatar\/661a3ef63a8488d4f2794ed44af8cf71420f7e106f3072c40125114df5157749?s=96&d=mm&r=g","caption":"Cecilia Pastrana"},"sameAs":["cecy"],"url":"https:\/\/nahuelproducciones.com.ar\/radioquijano\/author\/cecy\/"}]}},"_links":{"self":[{"href":"https:\/\/nahuelproducciones.com.ar\/radioquijano\/wp-json\/wp\/v2\/posts\/9295","targetHints":{"allow":["GET"]}}],"collection":[{"href":"https:\/\/nahuelproducciones.com.ar\/radioquijano\/wp-json\/wp\/v2\/posts"}],"about":[{"href":"https:\/\/nahuelproducciones.com.ar\/radioquijano\/wp-json\/wp\/v2\/types\/post"}],"author":[{"embeddable":true,"href":"https:\/\/nahuelproducciones.com.ar\/radioquijano\/wp-json\/wp\/v2\/users\/8"}],"replies":[{"embeddable":true,"href":"https:\/\/nahuelproducciones.com.ar\/radioquijano\/wp-json\/wp\/v2\/comments?post=9295"}],"version-history":[{"count":2,"href":"https:\/\/nahuelproducciones.com.ar\/radioquijano\/wp-json\/wp\/v2\/posts\/9295\/revisions"}],"predecessor-version":[{"id":9299,"href":"https:\/\/nahuelproducciones.com.ar\/radioquijano\/wp-json\/wp\/v2\/posts\/9295\/revisions\/9299"}],"wp:featuredmedia":[{"embeddable":true,"href":"https:\/\/nahuelproducciones.com.ar\/radioquijano\/wp-json\/wp\/v2\/media\/9296"}],"wp:attachment":[{"href":"https:\/\/nahuelproducciones.com.ar\/radioquijano\/wp-json\/wp\/v2\/media?parent=9295"}],"wp:term":[{"taxonomy":"category","embeddable":true,"href":"https:\/\/nahuelproducciones.com.ar\/radioquijano\/wp-json\/wp\/v2\/categories?post=9295"},{"taxonomy":"post_tag","embeddable":true,"href":"https:\/\/nahuelproducciones.com.ar\/radioquijano\/wp-json\/wp\/v2\/tags?post=9295"}],"curies":[{"name":"wp","href":"https:\/\/api.w.org\/{rel}","templated":true}]}}