{"id":9300,"date":"2024-11-18T11:13:04","date_gmt":"2024-11-18T14:13:04","guid":{"rendered":"https:\/\/nahuelproducciones.com.ar\/radioquijano\/?p=9300"},"modified":"2024-11-18T11:32:56","modified_gmt":"2024-11-18T14:32:56","slug":"sr-director-de-transito-de-la-municipalidad-de-campo-quijano-dr-cristian-farfan","status":"publish","type":"post","link":"https:\/\/nahuelproducciones.com.ar\/radioquijano\/sr-director-de-transito-de-la-municipalidad-de-campo-quijano-dr-cristian-farfan\/","title":{"rendered":"Sr. Director de Tr\u00e1nsito de la Municipalidad de Campo Quijano, Dr. Cristian Farf\u00e1n."},"content":{"rendered":"\n<p><\/p>\n\n\n\n<p>La transparencia no es una opci\u00f3n, es una obligaci\u00f3n. La comunidad de Campo Quijano exige respuestas claras y compromiso de sus autoridades, especialmente en temas tan sensibles como el tr\u00e1nsito y la seguridad vial. <strong>Ignorar las llamadas de Radio Quijano no solo demuestra una falta de respeto hacia los medios de comunicaci\u00f3n, sino tambi\u00e9n hacia los ciudadanos que conf\u00edan en ellos para ser escuchados.<\/strong><\/p>\n\n\n\n<p>Los funcionarios tienen el deber de rendir cuentas, y los medios son la herramienta fundamental para garantizar que la gesti\u00f3n p\u00fablica sea visible y responsable.<\/p>\n\n\n\n<blockquote class=\"wp-block-quote has-text-align-center is-layout-flow wp-block-quote-is-layout-flow\">\n<p><strong>El silencio no construye confianza, la destruye.<\/strong><\/p>\n<\/blockquote>\n\n\n\n<p>Es momento de dar la cara, responder a las inquietudes y demostrar que en esta gesti\u00f3n se prioriza el di\u00e1logo y la verdad. Los vecinos merecen saber qu\u00e9 se est\u00e1 haciendo, c\u00f3mo y por qu\u00e9.<\/p>\n\n\n\n<blockquote class=\"wp-block-quote has-text-align-center is-layout-flow wp-block-quote-is-layout-flow\">\n<p><strong>La falta de respuestas no solo genera dudas, sino que erosiona la credibilidad de la Municipalidad.<\/strong><\/p>\n<\/blockquote>\n\n\n\n<p>Lo instamos a responder con celeridad y asumir el rol que corresponde. La transparencia fortalece, pero la opacidad debilita.<\/p>\n\n\n\n<p>Quedamos atentos a su disposici\u00f3n.<\/p>\n","protected":false},"excerpt":{"rendered":"<p>La transparencia no es una opci\u00f3n, es una obligaci\u00f3n. La comunidad de Campo Quijano exige respuestas claras y compromiso de sus autoridades, especialmente en temas tan sensibles como el tr\u00e1nsito y la seguridad vial. Ignorar las llamadas de Radio Quijano no solo demuestra una falta de respeto hacia los medios de comunicaci\u00f3n, sino tambi\u00e9n hacia [&hellip;]<\/p>\n","protected":false},"author":6,"featured_media":9302,"comment_status":"open","ping_status":"open","sticky":false,"template":"","format":"standard","meta":{"_monsterinsights_skip_tracking":false,"_monsterinsights_sitenote_active":false,"_monsterinsights_sitenote_note":"","_monsterinsights_sitenote_category":0,"footnotes":""},"categories":[16],"tags":[73,36,58,75,63,84,71,100,47,62],"class_list":["post-9300","post","type-post","status-publish","format-standard","has-post-thumbnail","hentry","category-noticias","tag-ariel-gallardo","tag-campo-quijano","tag-carlos-folloni","tag-concejo-deliberante-de-campo-quijano","tag-lino-yonar","tag-manuel-cornejo","tag-municipalidad-de-campo-quijano","tag-municipio-de-campo-quijano","tag-rosario-de-lerma","tag-topo-ramos"],"yoast_head":"<!-- This site is optimized with the Yoast SEO plugin v20.8 - https:\/\/yoast.com\/wordpress\/plugins\/seo\/ -->\n<title>Sr. Director de Tr\u00e1nsito de la Municipalidad de Campo Quijano, Dr. Cristian Farf\u00e1n. - RQ 99.9<\/title>\n<meta name=\"robots\" content=\"index, follow, max-snippet:-1, max-image-preview:large, max-video-preview:-1\" \/>\n<link rel=\"canonical\" href=\"https:\/\/nahuelproducciones.com.ar\/radioquijano\/sr-director-de-transito-de-la-municipalidad-de-campo-quijano-dr-cristian-farfan\/\" \/>\n<meta property=\"og:locale\" content=\"es_ES\" \/>\n<meta property=\"og:type\" content=\"article\" \/>\n<meta property=\"og:title\" content=\"Sr. Director de Tr\u00e1nsito de la Municipalidad de Campo Quijano, Dr. Cristian Farf\u00e1n. - RQ 99.9\" \/>\n<meta property=\"og:description\" content=\"La transparencia no es una opci\u00f3n, es una obligaci\u00f3n. La comunidad de Campo Quijano exige respuestas claras y compromiso de sus autoridades, especialmente en temas tan sensibles como el tr\u00e1nsito y la seguridad vial. Ignorar las llamadas de Radio Quijano no solo demuestra una falta de respeto hacia los medios de comunicaci\u00f3n, sino tambi\u00e9n hacia [&hellip;]\" \/>\n<meta property=\"og:url\" content=\"https:\/\/nahuelproducciones.com.ar\/radioquijano\/sr-director-de-transito-de-la-municipalidad-de-campo-quijano-dr-cristian-farfan\/\" \/>\n<meta property=\"og:site_name\" content=\"RQ 99.9\" \/>\n<meta property=\"article:publisher\" content=\"https:\/\/www.facebook.com\/nahuelproducciones999\/\" \/>\n<meta property=\"article:published_time\" content=\"2024-11-18T14:13:04+00:00\" \/>\n<meta property=\"article:modified_time\" content=\"2024-11-18T14:32:56+00:00\" \/>\n<meta property=\"og:image\" content=\"https:\/\/nahuelproducciones.com.ar\/radioquijano\/wp-content\/uploads\/2024\/11\/dr-farfan.jpg\" \/>\n\t<meta property=\"og:image:width\" content=\"1920\" \/>\n\t<meta property=\"og:image:height\" content=\"1080\" \/>\n\t<meta property=\"og:image:type\" content=\"image\/jpeg\" \/>\n<meta name=\"author\" content=\"Ricardo Guzman\" \/>\n<meta name=\"twitter:card\" content=\"summary_large_image\" \/>\n<meta name=\"twitter:creator\" content=\"@nahuproduciones\" \/>\n<meta name=\"twitter:site\" content=\"@nahuproduciones\" \/>\n<meta name=\"twitter:label1\" content=\"Escrito por\" \/>\n\t<meta name=\"twitter:data1\" content=\"Ricardo Guzman\" \/>\n\t<meta name=\"twitter:label2\" content=\"Tiempo de lectura\" \/>\n\t<meta name=\"twitter:data2\" content=\"1 minuto\" \/>\n<script type=\"application\/ld+json\" class=\"yoast-schema-graph\">{\"@context\":\"https:\/\/schema.org\",\"@graph\":[{\"@type\":\"WebPage\",\"@id\":\"https:\/\/nahuelproducciones.com.ar\/radioquijano\/sr-director-de-transito-de-la-municipalidad-de-campo-quijano-dr-cristian-farfan\/\",\"url\":\"https:\/\/nahuelproducciones.com.ar\/radioquijano\/sr-director-de-transito-de-la-municipalidad-de-campo-quijano-dr-cristian-farfan\/\",\"name\":\"Sr. Director de Tr\u00e1nsito de la Municipalidad de Campo Quijano, Dr. Cristian Farf\u00e1n. - RQ 99.9\",\"isPartOf\":{\"@id\":\"https:\/\/nahuelproducciones.com.ar\/radioquijano\/#website\"},\"datePublished\":\"2024-11-18T14:13:04+00:00\",\"dateModified\":\"2024-11-18T14:32:56+00:00\",\"author\":{\"@id\":\"https:\/\/nahuelproducciones.com.ar\/radioquijano\/#\/schema\/person\/b9b81a110cbdf07949e2cd02d478ab9d\"},\"breadcrumb\":{\"@id\":\"https:\/\/nahuelproducciones.com.ar\/radioquijano\/sr-director-de-transito-de-la-municipalidad-de-campo-quijano-dr-cristian-farfan\/#breadcrumb\"},\"inLanguage\":\"es\",\"potentialAction\":[{\"@type\":\"ReadAction\",\"target\":[\"https:\/\/nahuelproducciones.com.ar\/radioquijano\/sr-director-de-transito-de-la-municipalidad-de-campo-quijano-dr-cristian-farfan\/\"]}]},{\"@type\":\"BreadcrumbList\",\"@id\":\"https:\/\/nahuelproducciones.com.ar\/radioquijano\/sr-director-de-transito-de-la-municipalidad-de-campo-quijano-dr-cristian-farfan\/#breadcrumb\",\"itemListElement\":[{\"@type\":\"ListItem\",\"position\":1,\"name\":\"Portada\",\"item\":\"https:\/\/nahuelproducciones.com.ar\/radioquijano\/\"},{\"@type\":\"ListItem\",\"position\":2,\"name\":\"Sr. Director de Tr\u00e1nsito de la Municipalidad de Campo Quijano, Dr. Cristian Farf\u00e1n.\"}]},{\"@type\":\"WebSite\",\"@id\":\"https:\/\/nahuelproducciones.com.ar\/radioquijano\/#website\",\"url\":\"https:\/\/nahuelproducciones.com.ar\/radioquijano\/\",\"name\":\"RQ 99.9\",\"description\":\"Radio Quijano 99.9 MHz\",\"potentialAction\":[{\"@type\":\"SearchAction\",\"target\":{\"@type\":\"EntryPoint\",\"urlTemplate\":\"https:\/\/nahuelproducciones.com.ar\/radioquijano\/?s={search_term_string}\"},\"query-input\":\"required name=search_term_string\"}],\"inLanguage\":\"es\"},{\"@type\":\"Person\",\"@id\":\"https:\/\/nahuelproducciones.com.ar\/radioquijano\/#\/schema\/person\/b9b81a110cbdf07949e2cd02d478ab9d\",\"name\":\"Ricardo Guzman\",\"image\":{\"@type\":\"ImageObject\",\"inLanguage\":\"es\",\"@id\":\"https:\/\/nahuelproducciones.com.ar\/radioquijano\/#\/schema\/person\/image\/\",\"url\":\"https:\/\/secure.gravatar.com\/avatar\/a5d582deda251f95dc882b72fc6e7b4854f88bb25c3154519210afffa7d706e8?s=96&d=mm&r=g\",\"contentUrl\":\"https:\/\/secure.gravatar.com\/avatar\/a5d582deda251f95dc882b72fc6e7b4854f88bb25c3154519210afffa7d706e8?s=96&d=mm&r=g\",\"caption\":\"Ricardo Guzman\"},\"url\":\"https:\/\/nahuelproducciones.com.ar\/radioquijano\/author\/cady\/\"}]}<\/script>\n<!-- \/ Yoast SEO plugin. -->","yoast_head_json":{"title":"Sr. Director de Tr\u00e1nsito de la Municipalidad de Campo Quijano, Dr. Cristian Farf\u00e1n. - RQ 99.9","robots":{"index":"index","follow":"follow","max-snippet":"max-snippet:-1","max-image-preview":"max-image-preview:large","max-video-preview":"max-video-preview:-1"},"canonical":"https:\/\/nahuelproducciones.com.ar\/radioquijano\/sr-director-de-transito-de-la-municipalidad-de-campo-quijano-dr-cristian-farfan\/","og_locale":"es_ES","og_type":"article","og_title":"Sr. Director de Tr\u00e1nsito de la Municipalidad de Campo Quijano, Dr. Cristian Farf\u00e1n. - RQ 99.9","og_description":"La transparencia no es una opci\u00f3n, es una obligaci\u00f3n. La comunidad de Campo Quijano exige respuestas claras y compromiso de sus autoridades, especialmente en temas tan sensibles como el tr\u00e1nsito y la seguridad vial. Ignorar las llamadas de Radio Quijano no solo demuestra una falta de respeto hacia los medios de comunicaci\u00f3n, sino tambi\u00e9n hacia [&hellip;]","og_url":"https:\/\/nahuelproducciones.com.ar\/radioquijano\/sr-director-de-transito-de-la-municipalidad-de-campo-quijano-dr-cristian-farfan\/","og_site_name":"RQ 99.9","article_publisher":"https:\/\/www.facebook.com\/nahuelproducciones999\/","article_published_time":"2024-11-18T14:13:04+00:00","article_modified_time":"2024-11-18T14:32:56+00:00","og_image":[{"width":1920,"height":1080,"url":"https:\/\/nahuelproducciones.com.ar\/radioquijano\/wp-content\/uploads\/2024\/11\/dr-farfan.jpg","type":"image\/jpeg"}],"author":"Ricardo Guzman","twitter_card":"summary_large_image","twitter_creator":"@nahuproduciones","twitter_site":"@nahuproduciones","twitter_misc":{"Escrito por":"Ricardo Guzman","Tiempo de lectura":"1 minuto"},"schema":{"@context":"https:\/\/schema.org","@graph":[{"@type":"WebPage","@id":"https:\/\/nahuelproducciones.com.ar\/radioquijano\/sr-director-de-transito-de-la-municipalidad-de-campo-quijano-dr-cristian-farfan\/","url":"https:\/\/nahuelproducciones.com.ar\/radioquijano\/sr-director-de-transito-de-la-municipalidad-de-campo-quijano-dr-cristian-farfan\/","name":"Sr. Director de Tr\u00e1nsito de la Municipalidad de Campo Quijano, Dr. Cristian Farf\u00e1n. - RQ 99.9","isPartOf":{"@id":"https:\/\/nahuelproducciones.com.ar\/radioquijano\/#website"},"datePublished":"2024-11-18T14:13:04+00:00","dateModified":"2024-11-18T14:32:56+00:00","author":{"@id":"https:\/\/nahuelproducciones.com.ar\/radioquijano\/#\/schema\/person\/b9b81a110cbdf07949e2cd02d478ab9d"},"breadcrumb":{"@id":"https:\/\/nahuelproducciones.com.ar\/radioquijano\/sr-director-de-transito-de-la-municipalidad-de-campo-quijano-dr-cristian-farfan\/#breadcrumb"},"inLanguage":"es","potentialAction":[{"@type":"ReadAction","target":["https:\/\/nahuelproducciones.com.ar\/radioquijano\/sr-director-de-transito-de-la-municipalidad-de-campo-quijano-dr-cristian-farfan\/"]}]},{"@type":"BreadcrumbList","@id":"https:\/\/nahuelproducciones.com.ar\/radioquijano\/sr-director-de-transito-de-la-municipalidad-de-campo-quijano-dr-cristian-farfan\/#breadcrumb","itemListElement":[{"@type":"ListItem","position":1,"name":"Portada","item":"https:\/\/nahuelproducciones.com.ar\/radioquijano\/"},{"@type":"ListItem","position":2,"name":"Sr. Director de Tr\u00e1nsito de la Municipalidad de Campo Quijano, Dr. Cristian Farf\u00e1n."}]},{"@type":"WebSite","@id":"https:\/\/nahuelproducciones.com.ar\/radioquijano\/#website","url":"https:\/\/nahuelproducciones.com.ar\/radioquijano\/","name":"RQ 99.9","description":"Radio Quijano 99.9 MHz","potentialAction":[{"@type":"SearchAction","target":{"@type":"EntryPoint","urlTemplate":"https:\/\/nahuelproducciones.com.ar\/radioquijano\/?s={search_term_string}"},"query-input":"required name=search_term_string"}],"inLanguage":"es"},{"@type":"Person","@id":"https:\/\/nahuelproducciones.com.ar\/radioquijano\/#\/schema\/person\/b9b81a110cbdf07949e2cd02d478ab9d","name":"Ricardo Guzman","image":{"@type":"ImageObject","inLanguage":"es","@id":"https:\/\/nahuelproducciones.com.ar\/radioquijano\/#\/schema\/person\/image\/","url":"https:\/\/secure.gravatar.com\/avatar\/a5d582deda251f95dc882b72fc6e7b4854f88bb25c3154519210afffa7d706e8?s=96&d=mm&r=g","contentUrl":"https:\/\/secure.gravatar.com\/avatar\/a5d582deda251f95dc882b72fc6e7b4854f88bb25c3154519210afffa7d706e8?s=96&d=mm&r=g","caption":"Ricardo Guzman"},"url":"https:\/\/nahuelproducciones.com.ar\/radioquijano\/author\/cady\/"}]}},"_links":{"self":[{"href":"https:\/\/nahuelproducciones.com.ar\/radioquijano\/wp-json\/wp\/v2\/posts\/9300","targetHints":{"allow":["GET"]}}],"collection":[{"href":"https:\/\/nahuelproducciones.com.ar\/radioquijano\/wp-json\/wp\/v2\/posts"}],"about":[{"href":"https:\/\/nahuelproducciones.com.ar\/radioquijano\/wp-json\/wp\/v2\/types\/post"}],"author":[{"embeddable":true,"href":"https:\/\/nahuelproducciones.com.ar\/radioquijano\/wp-json\/wp\/v2\/users\/6"}],"replies":[{"embeddable":true,"href":"https:\/\/nahuelproducciones.com.ar\/radioquijano\/wp-json\/wp\/v2\/comments?post=9300"}],"version-history":[{"count":1,"href":"https:\/\/nahuelproducciones.com.ar\/radioquijano\/wp-json\/wp\/v2\/posts\/9300\/revisions"}],"predecessor-version":[{"id":9301,"href":"https:\/\/nahuelproducciones.com.ar\/radioquijano\/wp-json\/wp\/v2\/posts\/9300\/revisions\/9301"}],"wp:featuredmedia":[{"embeddable":true,"href":"https:\/\/nahuelproducciones.com.ar\/radioquijano\/wp-json\/wp\/v2\/media\/9302"}],"wp:attachment":[{"href":"https:\/\/nahuelproducciones.com.ar\/radioquijano\/wp-json\/wp\/v2\/media?parent=9300"}],"wp:term":[{"taxonomy":"category","embeddable":true,"href":"https:\/\/nahuelproducciones.com.ar\/radioquijano\/wp-json\/wp\/v2\/categories?post=9300"},{"taxonomy":"post_tag","embeddable":true,"href":"https:\/\/nahuelproducciones.com.ar\/radioquijano\/wp-json\/wp\/v2\/tags?post=9300"}],"curies":[{"name":"wp","href":"https:\/\/api.w.org\/{rel}","templated":true}]}}