{"id":9319,"date":"2024-11-20T23:52:26","date_gmt":"2024-11-21T02:52:26","guid":{"rendered":"https:\/\/nahuelproducciones.com.ar\/radioquijano\/?p=9319"},"modified":"2024-11-21T19:09:51","modified_gmt":"2024-11-21T22:09:51","slug":"campo-quijano-se-une-en-la-lucha-contra-el-dengue-con-el-ciclo-de-talleres-alianza-quimica","status":"publish","type":"post","link":"https:\/\/nahuelproducciones.com.ar\/radioquijano\/campo-quijano-se-une-en-la-lucha-contra-el-dengue-con-el-ciclo-de-talleres-alianza-quimica\/","title":{"rendered":"Campo Quijano se une en la lucha contra el dengue con el Ciclo de Talleres \u201cAlianza Qu\u00edmica\u201d."},"content":{"rendered":"\n<p>En una iniciativa colaborativa entre instituciones locales, Campo Quijano ser\u00e1 el escenario del Ciclo de Talleres <strong>\u201cAlianza Qu\u00edmica: Conocimiento &#8211; Acci\u00f3n &#8211; Prevenci\u00f3n\u201d<\/strong> , organizado por miembros del profesorado de Educaci\u00f3n Secundaria en Qu\u00edmica del <strong>Instituto Superior del Profesorado de Salta N\u00b0 6.005<\/strong> . Este proyecto surge ante la solicitud del <strong>Hospital Dr. Francisco Herrera<\/strong> y los <strong>Bomberos Voluntarios Portal de los Andes<\/strong> , quienes buscan fortalecer la comunidad frente a la amenaza del dengue.<\/p>\n\n\n\n<h3 class=\"wp-block-heading\"><strong>Una comunidad m\u00e1s preparada<\/strong><\/h3>\n\n\n\n<p>Bajo la tem\u00e1tica <strong>\u201cComunidad Protegida &#8211; Lucha contra el Dengue\u201d<\/strong> , los talleres tienen como objetivo capacitar a la comunidad en la creaci\u00f3n de productos \u00fatiles a partir de materiales cotidianos, promoviendo tanto la prevenci\u00f3n como el desarrollo de habilidades manuales. <\/p>\n\n\n\n<h3 class=\"wp-block-heading\"><strong>Objetivos destacados de los talleres:<\/strong><\/h3>\n\n\n\n<ul class=\"wp-block-list\">\n<li>Ense\u00f1ar la elaboraci\u00f3n de productos \u00fatiles para el hogar, promoviendo el reciclaje y la reutilizaci\u00f3n.<\/li>\n\n\n\n<li>Dise\u00f1ar estrategias educativas aplicadas al contexto, fortaleciendo las capacidades de los docentes en formaci\u00f3n.<\/li>\n\n\n\n<li>Fomentar la reflexi\u00f3n sobre la ense\u00f1anza como un proceso complejo y en constante mejora.<\/li>\n\n\n\n<li>Impulsar el trabajo en equipo y el compromiso colaborativo en actividades comunitarias.<\/li>\n<\/ul>\n\n\n\n<h3 class=\"wp-block-heading\"><strong>Detalles del evento<\/strong><\/h3>\n\n\n\n<p>Los talleres, gratuitos y abiertos a toda la comunidad, se llevar\u00e1n a cabo el s\u00e1bado 23 de noviembre en la <strong>Casa de la Cultura de Campo Quijano<\/strong> , en el horario de 9:15 a 12:15. Se invita especialmente a las familias locales a participar en esta propuesta, que busca no solo prevenir enfermedades, sino tambi\u00e9n empoderar a la comunidad con conocimientos y herramientas pr\u00e1cticas.<\/p>\n\n\n\n<p>La presidenta de los Bomberos Voluntarios Portal de los Andes, Roxana Patricia Castillo, destac\u00f3 en di\u00e1logo con RQ 99.9 FM la importancia de estas actividades: <em>\u201cEs una oportunidad para que nuestra comunidad se prepare y prevenga el dengue, al tiempo que fortalece los lazos colaborativos entre sus miembros\u201d<\/em> .<\/p>\n\n\n\n<p>La convocatoria est\u00e1 abierta y se espera una gran participaci\u00f3n. \u00a1Inscr\u00edbete y suma a la lucha contra el dengue!<\/p>\n\n\n\n<p>Inscribirse aqui:<br><a href=\"https:\/\/forms.gle\/ZHAh7KN4UFCFWimj6?fbclid=IwZXh0bgNhZW0CMTAAAR3hpe-d5NhCcxjDpZSj2QHzKNkETl8giTY0y6BxELfXBNgOwL7qkRLHxu0_aem_wSUiMVgfaGhe116PuM2bUA\" target=\"_blank\" rel=\"noreferrer noopener\">https:\/\/forms.gle\/ZHAh7KN4UFCFWimj6<\/a><\/p>\n\n\n\n<p>Escucha la entrevista: <\/p>\n\n\n\n<figure class=\"wp-block-audio\"><audio controls src=\"https:\/\/nahuelproducciones.com.ar\/radioquijano\/wp-content\/uploads\/2024\/11\/20-11-2024-Roxana-Patricia-Castillo-Comandante-Y-Presidente-PORTAL-DE-LOS-ANDES-Bomberos-Voluntarios-de-Campo-Quijano-TEMA-TALLER-PARA-PREVENIR-EL-DENGUE.mp3\"><\/audio><\/figure>\n\n\n<div class=\"wp-block-image\">\n<figure class=\"aligncenter size-full is-resized\"><img loading=\"lazy\" decoding=\"async\" src=\"https:\/\/nahuelproducciones.com.ar\/radioquijano\/wp-content\/uploads\/2024\/11\/467529419_122168752358098972_8865879924021648127_n.jpg\" alt=\"\" class=\"wp-image-9321\" width=\"738\" height=\"1028\" srcset=\"https:\/\/nahuelproducciones.com.ar\/radioquijano\/wp-content\/uploads\/2024\/11\/467529419_122168752358098972_8865879924021648127_n.jpg 409w, https:\/\/nahuelproducciones.com.ar\/radioquijano\/wp-content\/uploads\/2024\/11\/467529419_122168752358098972_8865879924021648127_n-215x300.jpg 215w, https:\/\/nahuelproducciones.com.ar\/radioquijano\/wp-content\/uploads\/2024\/11\/467529419_122168752358098972_8865879924021648127_n-150x209.jpg 150w\" sizes=\"auto, (max-width: 738px) 100vw, 738px\" \/><\/figure><\/div>","protected":false},"excerpt":{"rendered":"<p>En una iniciativa colaborativa entre instituciones locales, Campo Quijano ser\u00e1 el escenario del Ciclo de Talleres \u201cAlianza Qu\u00edmica: Conocimiento &#8211; Acci\u00f3n &#8211; Prevenci\u00f3n\u201d , organizado por miembros del profesorado de Educaci\u00f3n Secundaria en Qu\u00edmica del Instituto Superior del Profesorado de Salta N\u00b0 6.005 . Este proyecto surge ante la solicitud del Hospital Dr. Francisco Herrera [&hellip;]<\/p>\n","protected":false},"author":8,"featured_media":9333,"comment_status":"open","ping_status":"open","sticky":false,"template":"","format":"standard","meta":{"_monsterinsights_skip_tracking":false,"_monsterinsights_sitenote_active":false,"_monsterinsights_sitenote_note":"","_monsterinsights_sitenote_category":0,"footnotes":""},"categories":[16],"tags":[1681,100],"class_list":["post-9319","post","type-post","status-publish","format-standard","has-post-thumbnail","hentry","category-noticias","tag-bomberos-voluntarios-portal-de-los-andes-2","tag-municipio-de-campo-quijano"],"yoast_head":"<!-- This site is optimized with the Yoast SEO plugin v20.8 - https:\/\/yoast.com\/wordpress\/plugins\/seo\/ -->\n<title>Campo Quijano se une en la lucha contra el dengue con el Ciclo de Talleres \u201cAlianza Qu\u00edmica\u201d. - RQ 99.9<\/title>\n<meta name=\"description\" content=\"Los talleres, gratuitos y abiertos a toda la comunidad, se llevar\u00e1n a cabo el s\u00e1bado 23 de noviembre en la Casa de la Cultura de Campo Quijano , en el horario de 9:15 a 12:15.\" \/>\n<meta name=\"robots\" content=\"index, follow, max-snippet:-1, max-image-preview:large, max-video-preview:-1\" \/>\n<link rel=\"canonical\" href=\"https:\/\/nahuelproducciones.com.ar\/radioquijano\/campo-quijano-se-une-en-la-lucha-contra-el-dengue-con-el-ciclo-de-talleres-alianza-quimica\/\" \/>\n<meta property=\"og:locale\" content=\"es_ES\" \/>\n<meta property=\"og:type\" content=\"article\" \/>\n<meta property=\"og:title\" content=\"Campo Quijano se une en la lucha contra el dengue con el Ciclo de Talleres \u201cAlianza Qu\u00edmica\u201d. - RQ 99.9\" \/>\n<meta property=\"og:description\" content=\"Los talleres, gratuitos y abiertos a toda la comunidad, se llevar\u00e1n a cabo el s\u00e1bado 23 de noviembre en la Casa de la Cultura de Campo Quijano , en el horario de 9:15 a 12:15.\" \/>\n<meta property=\"og:url\" content=\"https:\/\/nahuelproducciones.com.ar\/radioquijano\/campo-quijano-se-une-en-la-lucha-contra-el-dengue-con-el-ciclo-de-talleres-alianza-quimica\/\" \/>\n<meta property=\"og:site_name\" content=\"RQ 99.9\" \/>\n<meta property=\"article:publisher\" content=\"https:\/\/www.facebook.com\/nahuelproducciones999\/\" \/>\n<meta property=\"article:published_time\" content=\"2024-11-21T02:52:26+00:00\" \/>\n<meta property=\"article:modified_time\" content=\"2024-11-21T22:09:51+00:00\" \/>\n<meta property=\"og:image\" content=\"https:\/\/nahuelproducciones.com.ar\/radioquijano\/wp-content\/uploads\/2024\/11\/CAMPANA-DENGUE.jpeg\" \/>\n\t<meta property=\"og:image:width\" content=\"600\" \/>\n\t<meta property=\"og:image:height\" content=\"230\" \/>\n\t<meta property=\"og:image:type\" content=\"image\/jpeg\" \/>\n<meta name=\"author\" content=\"Cecilia Pastrana\" \/>\n<meta name=\"twitter:card\" content=\"summary_large_image\" \/>\n<meta name=\"twitter:creator\" content=\"@nahuproduciones\" \/>\n<meta name=\"twitter:site\" content=\"@nahuproduciones\" \/>\n<meta name=\"twitter:label1\" content=\"Escrito por\" \/>\n\t<meta name=\"twitter:data1\" content=\"Cecilia Pastrana\" \/>\n\t<meta name=\"twitter:label2\" content=\"Tiempo de lectura\" \/>\n\t<meta name=\"twitter:data2\" content=\"2 minutos\" \/>\n<script type=\"application\/ld+json\" class=\"yoast-schema-graph\">{\"@context\":\"https:\/\/schema.org\",\"@graph\":[{\"@type\":\"WebPage\",\"@id\":\"https:\/\/nahuelproducciones.com.ar\/radioquijano\/campo-quijano-se-une-en-la-lucha-contra-el-dengue-con-el-ciclo-de-talleres-alianza-quimica\/\",\"url\":\"https:\/\/nahuelproducciones.com.ar\/radioquijano\/campo-quijano-se-une-en-la-lucha-contra-el-dengue-con-el-ciclo-de-talleres-alianza-quimica\/\",\"name\":\"Campo Quijano se une en la lucha contra el dengue con el Ciclo de Talleres \u201cAlianza Qu\u00edmica\u201d. - RQ 99.9\",\"isPartOf\":{\"@id\":\"https:\/\/nahuelproducciones.com.ar\/radioquijano\/#website\"},\"datePublished\":\"2024-11-21T02:52:26+00:00\",\"dateModified\":\"2024-11-21T22:09:51+00:00\",\"author\":{\"@id\":\"https:\/\/nahuelproducciones.com.ar\/radioquijano\/#\/schema\/person\/e8a4f939e2cb487fe6d0c54042c9d32c\"},\"description\":\"Los talleres, gratuitos y abiertos a toda la comunidad, se llevar\u00e1n a cabo el s\u00e1bado 23 de noviembre en la Casa de la Cultura de Campo Quijano , en el horario de 9:15 a 12:15.\",\"breadcrumb\":{\"@id\":\"https:\/\/nahuelproducciones.com.ar\/radioquijano\/campo-quijano-se-une-en-la-lucha-contra-el-dengue-con-el-ciclo-de-talleres-alianza-quimica\/#breadcrumb\"},\"inLanguage\":\"es\",\"potentialAction\":[{\"@type\":\"ReadAction\",\"target\":[\"https:\/\/nahuelproducciones.com.ar\/radioquijano\/campo-quijano-se-une-en-la-lucha-contra-el-dengue-con-el-ciclo-de-talleres-alianza-quimica\/\"]}]},{\"@type\":\"BreadcrumbList\",\"@id\":\"https:\/\/nahuelproducciones.com.ar\/radioquijano\/campo-quijano-se-une-en-la-lucha-contra-el-dengue-con-el-ciclo-de-talleres-alianza-quimica\/#breadcrumb\",\"itemListElement\":[{\"@type\":\"ListItem\",\"position\":1,\"name\":\"Portada\",\"item\":\"https:\/\/nahuelproducciones.com.ar\/radioquijano\/\"},{\"@type\":\"ListItem\",\"position\":2,\"name\":\"Campo Quijano se une en la lucha contra el dengue con el Ciclo de Talleres \u201cAlianza Qu\u00edmica\u201d.\"}]},{\"@type\":\"WebSite\",\"@id\":\"https:\/\/nahuelproducciones.com.ar\/radioquijano\/#website\",\"url\":\"https:\/\/nahuelproducciones.com.ar\/radioquijano\/\",\"name\":\"RQ 99.9\",\"description\":\"Radio Quijano 99.9 MHz\",\"potentialAction\":[{\"@type\":\"SearchAction\",\"target\":{\"@type\":\"EntryPoint\",\"urlTemplate\":\"https:\/\/nahuelproducciones.com.ar\/radioquijano\/?s={search_term_string}\"},\"query-input\":\"required name=search_term_string\"}],\"inLanguage\":\"es\"},{\"@type\":\"Person\",\"@id\":\"https:\/\/nahuelproducciones.com.ar\/radioquijano\/#\/schema\/person\/e8a4f939e2cb487fe6d0c54042c9d32c\",\"name\":\"Cecilia Pastrana\",\"image\":{\"@type\":\"ImageObject\",\"inLanguage\":\"es\",\"@id\":\"https:\/\/nahuelproducciones.com.ar\/radioquijano\/#\/schema\/person\/image\/\",\"url\":\"https:\/\/secure.gravatar.com\/avatar\/661a3ef63a8488d4f2794ed44af8cf71420f7e106f3072c40125114df5157749?s=96&d=mm&r=g\",\"contentUrl\":\"https:\/\/secure.gravatar.com\/avatar\/661a3ef63a8488d4f2794ed44af8cf71420f7e106f3072c40125114df5157749?s=96&d=mm&r=g\",\"caption\":\"Cecilia Pastrana\"},\"sameAs\":[\"cecy\"],\"url\":\"https:\/\/nahuelproducciones.com.ar\/radioquijano\/author\/cecy\/\"}]}<\/script>\n<!-- \/ Yoast SEO plugin. -->","yoast_head_json":{"title":"Campo Quijano se une en la lucha contra el dengue con el Ciclo de Talleres \u201cAlianza Qu\u00edmica\u201d. - RQ 99.9","description":"Los talleres, gratuitos y abiertos a toda la comunidad, se llevar\u00e1n a cabo el s\u00e1bado 23 de noviembre en la Casa de la Cultura de Campo Quijano , en el horario de 9:15 a 12:15.","robots":{"index":"index","follow":"follow","max-snippet":"max-snippet:-1","max-image-preview":"max-image-preview:large","max-video-preview":"max-video-preview:-1"},"canonical":"https:\/\/nahuelproducciones.com.ar\/radioquijano\/campo-quijano-se-une-en-la-lucha-contra-el-dengue-con-el-ciclo-de-talleres-alianza-quimica\/","og_locale":"es_ES","og_type":"article","og_title":"Campo Quijano se une en la lucha contra el dengue con el Ciclo de Talleres \u201cAlianza Qu\u00edmica\u201d. - RQ 99.9","og_description":"Los talleres, gratuitos y abiertos a toda la comunidad, se llevar\u00e1n a cabo el s\u00e1bado 23 de noviembre en la Casa de la Cultura de Campo Quijano , en el horario de 9:15 a 12:15.","og_url":"https:\/\/nahuelproducciones.com.ar\/radioquijano\/campo-quijano-se-une-en-la-lucha-contra-el-dengue-con-el-ciclo-de-talleres-alianza-quimica\/","og_site_name":"RQ 99.9","article_publisher":"https:\/\/www.facebook.com\/nahuelproducciones999\/","article_published_time":"2024-11-21T02:52:26+00:00","article_modified_time":"2024-11-21T22:09:51+00:00","og_image":[{"width":600,"height":230,"url":"https:\/\/nahuelproducciones.com.ar\/radioquijano\/wp-content\/uploads\/2024\/11\/CAMPANA-DENGUE.jpeg","type":"image\/jpeg"}],"author":"Cecilia Pastrana","twitter_card":"summary_large_image","twitter_creator":"@nahuproduciones","twitter_site":"@nahuproduciones","twitter_misc":{"Escrito por":"Cecilia Pastrana","Tiempo de lectura":"2 minutos"},"schema":{"@context":"https:\/\/schema.org","@graph":[{"@type":"WebPage","@id":"https:\/\/nahuelproducciones.com.ar\/radioquijano\/campo-quijano-se-une-en-la-lucha-contra-el-dengue-con-el-ciclo-de-talleres-alianza-quimica\/","url":"https:\/\/nahuelproducciones.com.ar\/radioquijano\/campo-quijano-se-une-en-la-lucha-contra-el-dengue-con-el-ciclo-de-talleres-alianza-quimica\/","name":"Campo Quijano se une en la lucha contra el dengue con el Ciclo de Talleres \u201cAlianza Qu\u00edmica\u201d. - RQ 99.9","isPartOf":{"@id":"https:\/\/nahuelproducciones.com.ar\/radioquijano\/#website"},"datePublished":"2024-11-21T02:52:26+00:00","dateModified":"2024-11-21T22:09:51+00:00","author":{"@id":"https:\/\/nahuelproducciones.com.ar\/radioquijano\/#\/schema\/person\/e8a4f939e2cb487fe6d0c54042c9d32c"},"description":"Los talleres, gratuitos y abiertos a toda la comunidad, se llevar\u00e1n a cabo el s\u00e1bado 23 de noviembre en la Casa de la Cultura de Campo Quijano , en el horario de 9:15 a 12:15.","breadcrumb":{"@id":"https:\/\/nahuelproducciones.com.ar\/radioquijano\/campo-quijano-se-une-en-la-lucha-contra-el-dengue-con-el-ciclo-de-talleres-alianza-quimica\/#breadcrumb"},"inLanguage":"es","potentialAction":[{"@type":"ReadAction","target":["https:\/\/nahuelproducciones.com.ar\/radioquijano\/campo-quijano-se-une-en-la-lucha-contra-el-dengue-con-el-ciclo-de-talleres-alianza-quimica\/"]}]},{"@type":"BreadcrumbList","@id":"https:\/\/nahuelproducciones.com.ar\/radioquijano\/campo-quijano-se-une-en-la-lucha-contra-el-dengue-con-el-ciclo-de-talleres-alianza-quimica\/#breadcrumb","itemListElement":[{"@type":"ListItem","position":1,"name":"Portada","item":"https:\/\/nahuelproducciones.com.ar\/radioquijano\/"},{"@type":"ListItem","position":2,"name":"Campo Quijano se une en la lucha contra el dengue con el Ciclo de Talleres \u201cAlianza Qu\u00edmica\u201d."}]},{"@type":"WebSite","@id":"https:\/\/nahuelproducciones.com.ar\/radioquijano\/#website","url":"https:\/\/nahuelproducciones.com.ar\/radioquijano\/","name":"RQ 99.9","description":"Radio Quijano 99.9 MHz","potentialAction":[{"@type":"SearchAction","target":{"@type":"EntryPoint","urlTemplate":"https:\/\/nahuelproducciones.com.ar\/radioquijano\/?s={search_term_string}"},"query-input":"required name=search_term_string"}],"inLanguage":"es"},{"@type":"Person","@id":"https:\/\/nahuelproducciones.com.ar\/radioquijano\/#\/schema\/person\/e8a4f939e2cb487fe6d0c54042c9d32c","name":"Cecilia Pastrana","image":{"@type":"ImageObject","inLanguage":"es","@id":"https:\/\/nahuelproducciones.com.ar\/radioquijano\/#\/schema\/person\/image\/","url":"https:\/\/secure.gravatar.com\/avatar\/661a3ef63a8488d4f2794ed44af8cf71420f7e106f3072c40125114df5157749?s=96&d=mm&r=g","contentUrl":"https:\/\/secure.gravatar.com\/avatar\/661a3ef63a8488d4f2794ed44af8cf71420f7e106f3072c40125114df5157749?s=96&d=mm&r=g","caption":"Cecilia Pastrana"},"sameAs":["cecy"],"url":"https:\/\/nahuelproducciones.com.ar\/radioquijano\/author\/cecy\/"}]}},"_links":{"self":[{"href":"https:\/\/nahuelproducciones.com.ar\/radioquijano\/wp-json\/wp\/v2\/posts\/9319","targetHints":{"allow":["GET"]}}],"collection":[{"href":"https:\/\/nahuelproducciones.com.ar\/radioquijano\/wp-json\/wp\/v2\/posts"}],"about":[{"href":"https:\/\/nahuelproducciones.com.ar\/radioquijano\/wp-json\/wp\/v2\/types\/post"}],"author":[{"embeddable":true,"href":"https:\/\/nahuelproducciones.com.ar\/radioquijano\/wp-json\/wp\/v2\/users\/8"}],"replies":[{"embeddable":true,"href":"https:\/\/nahuelproducciones.com.ar\/radioquijano\/wp-json\/wp\/v2\/comments?post=9319"}],"version-history":[{"count":4,"href":"https:\/\/nahuelproducciones.com.ar\/radioquijano\/wp-json\/wp\/v2\/posts\/9319\/revisions"}],"predecessor-version":[{"id":9335,"href":"https:\/\/nahuelproducciones.com.ar\/radioquijano\/wp-json\/wp\/v2\/posts\/9319\/revisions\/9335"}],"wp:featuredmedia":[{"embeddable":true,"href":"https:\/\/nahuelproducciones.com.ar\/radioquijano\/wp-json\/wp\/v2\/media\/9333"}],"wp:attachment":[{"href":"https:\/\/nahuelproducciones.com.ar\/radioquijano\/wp-json\/wp\/v2\/media?parent=9319"}],"wp:term":[{"taxonomy":"category","embeddable":true,"href":"https:\/\/nahuelproducciones.com.ar\/radioquijano\/wp-json\/wp\/v2\/categories?post=9319"},{"taxonomy":"post_tag","embeddable":true,"href":"https:\/\/nahuelproducciones.com.ar\/radioquijano\/wp-json\/wp\/v2\/tags?post=9319"}],"curies":[{"name":"wp","href":"https:\/\/api.w.org\/{rel}","templated":true}]}}