{"id":9330,"date":"2024-11-21T18:07:16","date_gmt":"2024-11-21T21:07:16","guid":{"rendered":"https:\/\/nahuelproducciones.com.ar\/radioquijano\/?p=9330"},"modified":"2024-11-21T18:09:04","modified_gmt":"2024-11-21T21:09:04","slug":"solicitan-colocacion-de-reductores-de-velocidad-en-tramos-criticos-de-la-rn-no-51","status":"publish","type":"post","link":"https:\/\/nahuelproducciones.com.ar\/radioquijano\/solicitan-colocacion-de-reductores-de-velocidad-en-tramos-criticos-de-la-rn-no-51\/","title":{"rendered":"Solicitan Colocaci\u00f3n de Reductores de Velocidad en Tramos Cr\u00edticos de la RN N\u00ba 51"},"content":{"rendered":"\n<p><strong>Campo Quijano.<\/strong> Ante el aumento de accidentes fatales registrados en la Ruta Nacional N\u00ba 51, especialmente en sectores como Villa Lola y Campo Quijano, la C\u00e1mara de Diputados de Salta aprob\u00f3 por unanimidad un proyecto de declaraci\u00f3n que exige la instalaci\u00f3n de reductores de velocidad en los tramos m\u00e1s cr\u00edticos.<\/p>\n\n\n\n<p>El diputado <strong>Nicol\u00e1s Taibo<\/strong>, impulsor del proyecto, explic\u00f3 que el auge del tr\u00e1nsito pesado, derivado del crecimiento de la miner\u00eda en la Puna salte\u00f1a, ha convertido esta ruta en un peligro constante para los vecinos de la regi\u00f3n. Camiones provenientes de diferentes puntos del pa\u00eds transitan diariamente por estos sectores, aumentando los riesgos de accidentes graves y la inseguridad vial.<\/p>\n\n\n\n<p>\u201cEn las \u00faltimas semanas hemos lamentado p\u00e9rdidas irreparables en esta ruta. Es urgente tomar medidas concretas para proteger a nuestra gente y prevenir m\u00e1s tragedias. La colocaci\u00f3n de reductores de velocidad es una soluci\u00f3n inmediata y efectiva\u201d, enfatiz\u00f3 Taibo durante su intervenci\u00f3n.<\/p>\n\n\n\n<p>Los tramos m\u00e1s comprometidos, como Villa Lola, La Silleta y el casco urbano de Campo Quijano, han sido se\u00f1alados por vecinos y autoridades como zonas cr\u00edticas debido a la combinaci\u00f3n de alta circulaci\u00f3n de veh\u00edculos de gran porte y \u00e1reas residenciales.<\/p>\n\n\n\n<p>El legislador hizo un llamado a la Direcci\u00f3n Nacional de Vialidad y al Poder Ejecutivo Provincial para priorizar esta gesti\u00f3n. \u201cLa seguridad vial debe ser una prioridad. No podemos permitir que el desarrollo econ\u00f3mico a trav\u00e9s de la miner\u00eda comprometa la vida de nuestros ciudadanos\u201d, concluy\u00f3.<\/p>\n\n\n\n<p>El proyecto fue aprobado por unanimidad, reflejando el consenso sobre la gravedad de la situaci\u00f3n. Ahora, la decisi\u00f3n est\u00e1 en manos de las autoridades competentes, quienes deber\u00e1n actuar con celeridad para garantizar rutas m\u00e1s seguras en beneficio de toda la comunidad.<\/p>\n\n\n\n<figure class=\"wp-block-video\"><video controls poster=\"https:\/\/nahuelproducciones.com.ar\/radioquijano\/wp-content\/uploads\/2024\/11\/448960174_2411050079088510_70556450890086917_n-e1731969130372.jpg\" src=\"https:\/\/nahuelproducciones.com.ar\/radioquijano\/wp-content\/uploads\/2024\/11\/taibo-proyecto-de-declaracion-.mp4\"><\/video><\/figure>\n","protected":false},"excerpt":{"rendered":"<p>Campo Quijano. Ante el aumento de accidentes fatales registrados en la Ruta Nacional N\u00ba 51, especialmente en sectores como Villa Lola y Campo Quijano, la C\u00e1mara de Diputados de Salta aprob\u00f3 por unanimidad un proyecto de declaraci\u00f3n que exige la instalaci\u00f3n de reductores de velocidad en los tramos m\u00e1s cr\u00edticos. El diputado Nicol\u00e1s Taibo, impulsor [&hellip;]<\/p>\n","protected":false},"author":6,"featured_media":9264,"comment_status":"open","ping_status":"open","sticky":false,"template":"","format":"standard","meta":{"_monsterinsights_skip_tracking":false,"_monsterinsights_sitenote_active":false,"_monsterinsights_sitenote_note":"","_monsterinsights_sitenote_category":0,"footnotes":""},"categories":[16],"tags":[73,36,58,75,63,84,71,100,1684,47,62],"class_list":["post-9330","post","type-post","status-publish","format-standard","has-post-thumbnail","hentry","category-noticias","tag-ariel-gallardo","tag-campo-quijano","tag-carlos-folloni","tag-concejo-deliberante-de-campo-quijano","tag-lino-yonar","tag-manuel-cornejo","tag-municipalidad-de-campo-quijano","tag-municipio-de-campo-quijano","tag-nico-taibo","tag-rosario-de-lerma","tag-topo-ramos"],"yoast_head":"<!-- This site is optimized with the Yoast SEO plugin v20.8 - https:\/\/yoast.com\/wordpress\/plugins\/seo\/ -->\n<title>Solicitan Colocaci\u00f3n de Reductores de Velocidad en Tramos Cr\u00edticos de la RN N\u00ba 51 - RQ 99.9<\/title>\n<meta name=\"robots\" content=\"index, follow, max-snippet:-1, max-image-preview:large, max-video-preview:-1\" \/>\n<link rel=\"canonical\" href=\"https:\/\/nahuelproducciones.com.ar\/radioquijano\/solicitan-colocacion-de-reductores-de-velocidad-en-tramos-criticos-de-la-rn-no-51\/\" \/>\n<meta property=\"og:locale\" content=\"es_ES\" \/>\n<meta property=\"og:type\" content=\"article\" \/>\n<meta property=\"og:title\" content=\"Solicitan Colocaci\u00f3n de Reductores de Velocidad en Tramos Cr\u00edticos de la RN N\u00ba 51 - RQ 99.9\" \/>\n<meta property=\"og:description\" content=\"Campo Quijano. Ante el aumento de accidentes fatales registrados en la Ruta Nacional N\u00ba 51, especialmente en sectores como Villa Lola y Campo Quijano, la C\u00e1mara de Diputados de Salta aprob\u00f3 por unanimidad un proyecto de declaraci\u00f3n que exige la instalaci\u00f3n de reductores de velocidad en los tramos m\u00e1s cr\u00edticos. El diputado Nicol\u00e1s Taibo, impulsor [&hellip;]\" \/>\n<meta property=\"og:url\" content=\"https:\/\/nahuelproducciones.com.ar\/radioquijano\/solicitan-colocacion-de-reductores-de-velocidad-en-tramos-criticos-de-la-rn-no-51\/\" \/>\n<meta property=\"og:site_name\" content=\"RQ 99.9\" \/>\n<meta property=\"article:publisher\" content=\"https:\/\/www.facebook.com\/nahuelproducciones999\/\" \/>\n<meta property=\"article:published_time\" content=\"2024-11-21T21:07:16+00:00\" \/>\n<meta property=\"article:modified_time\" content=\"2024-11-21T21:09:04+00:00\" \/>\n<meta property=\"og:image\" content=\"https:\/\/nahuelproducciones.com.ar\/radioquijano\/wp-content\/uploads\/2024\/11\/448960174_2411050079088510_70556450890086917_n-e1731969130372.jpg\" \/>\n\t<meta property=\"og:image:width\" content=\"467\" \/>\n\t<meta property=\"og:image:height\" content=\"332\" \/>\n\t<meta property=\"og:image:type\" content=\"image\/jpeg\" \/>\n<meta name=\"author\" content=\"Ricardo Guzman\" \/>\n<meta name=\"twitter:card\" content=\"summary_large_image\" \/>\n<meta name=\"twitter:creator\" content=\"@nahuproduciones\" \/>\n<meta name=\"twitter:site\" content=\"@nahuproduciones\" \/>\n<meta name=\"twitter:label1\" content=\"Escrito por\" \/>\n\t<meta name=\"twitter:data1\" content=\"Ricardo Guzman\" \/>\n\t<meta name=\"twitter:label2\" content=\"Tiempo de lectura\" \/>\n\t<meta name=\"twitter:data2\" content=\"2 minutos\" \/>\n<script type=\"application\/ld+json\" class=\"yoast-schema-graph\">{\"@context\":\"https:\/\/schema.org\",\"@graph\":[{\"@type\":\"WebPage\",\"@id\":\"https:\/\/nahuelproducciones.com.ar\/radioquijano\/solicitan-colocacion-de-reductores-de-velocidad-en-tramos-criticos-de-la-rn-no-51\/\",\"url\":\"https:\/\/nahuelproducciones.com.ar\/radioquijano\/solicitan-colocacion-de-reductores-de-velocidad-en-tramos-criticos-de-la-rn-no-51\/\",\"name\":\"Solicitan Colocaci\u00f3n de Reductores de Velocidad en Tramos Cr\u00edticos de la RN N\u00ba 51 - RQ 99.9\",\"isPartOf\":{\"@id\":\"https:\/\/nahuelproducciones.com.ar\/radioquijano\/#website\"},\"datePublished\":\"2024-11-21T21:07:16+00:00\",\"dateModified\":\"2024-11-21T21:09:04+00:00\",\"author\":{\"@id\":\"https:\/\/nahuelproducciones.com.ar\/radioquijano\/#\/schema\/person\/b9b81a110cbdf07949e2cd02d478ab9d\"},\"breadcrumb\":{\"@id\":\"https:\/\/nahuelproducciones.com.ar\/radioquijano\/solicitan-colocacion-de-reductores-de-velocidad-en-tramos-criticos-de-la-rn-no-51\/#breadcrumb\"},\"inLanguage\":\"es\",\"potentialAction\":[{\"@type\":\"ReadAction\",\"target\":[\"https:\/\/nahuelproducciones.com.ar\/radioquijano\/solicitan-colocacion-de-reductores-de-velocidad-en-tramos-criticos-de-la-rn-no-51\/\"]}]},{\"@type\":\"BreadcrumbList\",\"@id\":\"https:\/\/nahuelproducciones.com.ar\/radioquijano\/solicitan-colocacion-de-reductores-de-velocidad-en-tramos-criticos-de-la-rn-no-51\/#breadcrumb\",\"itemListElement\":[{\"@type\":\"ListItem\",\"position\":1,\"name\":\"Portada\",\"item\":\"https:\/\/nahuelproducciones.com.ar\/radioquijano\/\"},{\"@type\":\"ListItem\",\"position\":2,\"name\":\"Solicitan Colocaci\u00f3n de Reductores de Velocidad en Tramos Cr\u00edticos de la RN N\u00ba 51\"}]},{\"@type\":\"WebSite\",\"@id\":\"https:\/\/nahuelproducciones.com.ar\/radioquijano\/#website\",\"url\":\"https:\/\/nahuelproducciones.com.ar\/radioquijano\/\",\"name\":\"RQ 99.9\",\"description\":\"Radio Quijano 99.9 MHz\",\"potentialAction\":[{\"@type\":\"SearchAction\",\"target\":{\"@type\":\"EntryPoint\",\"urlTemplate\":\"https:\/\/nahuelproducciones.com.ar\/radioquijano\/?s={search_term_string}\"},\"query-input\":\"required name=search_term_string\"}],\"inLanguage\":\"es\"},{\"@type\":\"Person\",\"@id\":\"https:\/\/nahuelproducciones.com.ar\/radioquijano\/#\/schema\/person\/b9b81a110cbdf07949e2cd02d478ab9d\",\"name\":\"Ricardo Guzman\",\"image\":{\"@type\":\"ImageObject\",\"inLanguage\":\"es\",\"@id\":\"https:\/\/nahuelproducciones.com.ar\/radioquijano\/#\/schema\/person\/image\/\",\"url\":\"https:\/\/secure.gravatar.com\/avatar\/a5d582deda251f95dc882b72fc6e7b4854f88bb25c3154519210afffa7d706e8?s=96&d=mm&r=g\",\"contentUrl\":\"https:\/\/secure.gravatar.com\/avatar\/a5d582deda251f95dc882b72fc6e7b4854f88bb25c3154519210afffa7d706e8?s=96&d=mm&r=g\",\"caption\":\"Ricardo Guzman\"},\"url\":\"https:\/\/nahuelproducciones.com.ar\/radioquijano\/author\/cady\/\"}]}<\/script>\n<!-- \/ Yoast SEO plugin. -->","yoast_head_json":{"title":"Solicitan Colocaci\u00f3n de Reductores de Velocidad en Tramos Cr\u00edticos de la RN N\u00ba 51 - RQ 99.9","robots":{"index":"index","follow":"follow","max-snippet":"max-snippet:-1","max-image-preview":"max-image-preview:large","max-video-preview":"max-video-preview:-1"},"canonical":"https:\/\/nahuelproducciones.com.ar\/radioquijano\/solicitan-colocacion-de-reductores-de-velocidad-en-tramos-criticos-de-la-rn-no-51\/","og_locale":"es_ES","og_type":"article","og_title":"Solicitan Colocaci\u00f3n de Reductores de Velocidad en Tramos Cr\u00edticos de la RN N\u00ba 51 - RQ 99.9","og_description":"Campo Quijano. Ante el aumento de accidentes fatales registrados en la Ruta Nacional N\u00ba 51, especialmente en sectores como Villa Lola y Campo Quijano, la C\u00e1mara de Diputados de Salta aprob\u00f3 por unanimidad un proyecto de declaraci\u00f3n que exige la instalaci\u00f3n de reductores de velocidad en los tramos m\u00e1s cr\u00edticos. El diputado Nicol\u00e1s Taibo, impulsor [&hellip;]","og_url":"https:\/\/nahuelproducciones.com.ar\/radioquijano\/solicitan-colocacion-de-reductores-de-velocidad-en-tramos-criticos-de-la-rn-no-51\/","og_site_name":"RQ 99.9","article_publisher":"https:\/\/www.facebook.com\/nahuelproducciones999\/","article_published_time":"2024-11-21T21:07:16+00:00","article_modified_time":"2024-11-21T21:09:04+00:00","og_image":[{"width":467,"height":332,"url":"https:\/\/nahuelproducciones.com.ar\/radioquijano\/wp-content\/uploads\/2024\/11\/448960174_2411050079088510_70556450890086917_n-e1731969130372.jpg","type":"image\/jpeg"}],"author":"Ricardo Guzman","twitter_card":"summary_large_image","twitter_creator":"@nahuproduciones","twitter_site":"@nahuproduciones","twitter_misc":{"Escrito por":"Ricardo Guzman","Tiempo de lectura":"2 minutos"},"schema":{"@context":"https:\/\/schema.org","@graph":[{"@type":"WebPage","@id":"https:\/\/nahuelproducciones.com.ar\/radioquijano\/solicitan-colocacion-de-reductores-de-velocidad-en-tramos-criticos-de-la-rn-no-51\/","url":"https:\/\/nahuelproducciones.com.ar\/radioquijano\/solicitan-colocacion-de-reductores-de-velocidad-en-tramos-criticos-de-la-rn-no-51\/","name":"Solicitan Colocaci\u00f3n de Reductores de Velocidad en Tramos Cr\u00edticos de la RN N\u00ba 51 - RQ 99.9","isPartOf":{"@id":"https:\/\/nahuelproducciones.com.ar\/radioquijano\/#website"},"datePublished":"2024-11-21T21:07:16+00:00","dateModified":"2024-11-21T21:09:04+00:00","author":{"@id":"https:\/\/nahuelproducciones.com.ar\/radioquijano\/#\/schema\/person\/b9b81a110cbdf07949e2cd02d478ab9d"},"breadcrumb":{"@id":"https:\/\/nahuelproducciones.com.ar\/radioquijano\/solicitan-colocacion-de-reductores-de-velocidad-en-tramos-criticos-de-la-rn-no-51\/#breadcrumb"},"inLanguage":"es","potentialAction":[{"@type":"ReadAction","target":["https:\/\/nahuelproducciones.com.ar\/radioquijano\/solicitan-colocacion-de-reductores-de-velocidad-en-tramos-criticos-de-la-rn-no-51\/"]}]},{"@type":"BreadcrumbList","@id":"https:\/\/nahuelproducciones.com.ar\/radioquijano\/solicitan-colocacion-de-reductores-de-velocidad-en-tramos-criticos-de-la-rn-no-51\/#breadcrumb","itemListElement":[{"@type":"ListItem","position":1,"name":"Portada","item":"https:\/\/nahuelproducciones.com.ar\/radioquijano\/"},{"@type":"ListItem","position":2,"name":"Solicitan Colocaci\u00f3n de Reductores de Velocidad en Tramos Cr\u00edticos de la RN N\u00ba 51"}]},{"@type":"WebSite","@id":"https:\/\/nahuelproducciones.com.ar\/radioquijano\/#website","url":"https:\/\/nahuelproducciones.com.ar\/radioquijano\/","name":"RQ 99.9","description":"Radio Quijano 99.9 MHz","potentialAction":[{"@type":"SearchAction","target":{"@type":"EntryPoint","urlTemplate":"https:\/\/nahuelproducciones.com.ar\/radioquijano\/?s={search_term_string}"},"query-input":"required name=search_term_string"}],"inLanguage":"es"},{"@type":"Person","@id":"https:\/\/nahuelproducciones.com.ar\/radioquijano\/#\/schema\/person\/b9b81a110cbdf07949e2cd02d478ab9d","name":"Ricardo Guzman","image":{"@type":"ImageObject","inLanguage":"es","@id":"https:\/\/nahuelproducciones.com.ar\/radioquijano\/#\/schema\/person\/image\/","url":"https:\/\/secure.gravatar.com\/avatar\/a5d582deda251f95dc882b72fc6e7b4854f88bb25c3154519210afffa7d706e8?s=96&d=mm&r=g","contentUrl":"https:\/\/secure.gravatar.com\/avatar\/a5d582deda251f95dc882b72fc6e7b4854f88bb25c3154519210afffa7d706e8?s=96&d=mm&r=g","caption":"Ricardo Guzman"},"url":"https:\/\/nahuelproducciones.com.ar\/radioquijano\/author\/cady\/"}]}},"_links":{"self":[{"href":"https:\/\/nahuelproducciones.com.ar\/radioquijano\/wp-json\/wp\/v2\/posts\/9330","targetHints":{"allow":["GET"]}}],"collection":[{"href":"https:\/\/nahuelproducciones.com.ar\/radioquijano\/wp-json\/wp\/v2\/posts"}],"about":[{"href":"https:\/\/nahuelproducciones.com.ar\/radioquijano\/wp-json\/wp\/v2\/types\/post"}],"author":[{"embeddable":true,"href":"https:\/\/nahuelproducciones.com.ar\/radioquijano\/wp-json\/wp\/v2\/users\/6"}],"replies":[{"embeddable":true,"href":"https:\/\/nahuelproducciones.com.ar\/radioquijano\/wp-json\/wp\/v2\/comments?post=9330"}],"version-history":[{"count":1,"href":"https:\/\/nahuelproducciones.com.ar\/radioquijano\/wp-json\/wp\/v2\/posts\/9330\/revisions"}],"predecessor-version":[{"id":9332,"href":"https:\/\/nahuelproducciones.com.ar\/radioquijano\/wp-json\/wp\/v2\/posts\/9330\/revisions\/9332"}],"wp:featuredmedia":[{"embeddable":true,"href":"https:\/\/nahuelproducciones.com.ar\/radioquijano\/wp-json\/wp\/v2\/media\/9264"}],"wp:attachment":[{"href":"https:\/\/nahuelproducciones.com.ar\/radioquijano\/wp-json\/wp\/v2\/media?parent=9330"}],"wp:term":[{"taxonomy":"category","embeddable":true,"href":"https:\/\/nahuelproducciones.com.ar\/radioquijano\/wp-json\/wp\/v2\/categories?post=9330"},{"taxonomy":"post_tag","embeddable":true,"href":"https:\/\/nahuelproducciones.com.ar\/radioquijano\/wp-json\/wp\/v2\/tags?post=9330"}],"curies":[{"name":"wp","href":"https:\/\/api.w.org\/{rel}","templated":true}]}}