{"id":9336,"date":"2024-11-25T00:17:42","date_gmt":"2024-11-25T03:17:42","guid":{"rendered":"https:\/\/nahuelproducciones.com.ar\/radioquijano\/?p=9336"},"modified":"2024-11-25T00:17:45","modified_gmt":"2024-11-25T03:17:45","slug":"el-concejo-deliberante-del-municipio-de-campo-quijano-rechaza-prorrogar-el-periodo-de-sesiones-ordinarias","status":"publish","type":"post","link":"https:\/\/nahuelproducciones.com.ar\/radioquijano\/el-concejo-deliberante-del-municipio-de-campo-quijano-rechaza-prorrogar-el-periodo-de-sesiones-ordinarias\/","title":{"rendered":"El Concejo Deliberante del Municipio de Campo Quijano rechaza prorrogar el per\u00edodo de sesiones ordinarias"},"content":{"rendered":"\n<p>En la <strong>Trig\u00e9sima Sesi\u00f3n Ordinaria de 2024<\/strong> , realizada el 21 de noviembre, el Concejo Deliberante debati\u00f3 el proyecto de resoluci\u00f3n presentado por la concejal Lorena Torres, que propon\u00eda extender el per\u00edodo de sesiones ordinarias hasta el 19 de diciembre de este a\u00f1o. Sin embargo, la iniciativa fue rechazada en la votaci\u00f3n por el oficialismo , lo que implica que las sesiones ordinarias concluir\u00e1n el pr\u00f3ximo jueves 28 de noviembre, dejando proyectos relevantes sin tratamiento.<\/p>\n\n\n\n<h3 class=\"wp-block-heading\">Argumentos a favor de la pr\u00f3rroga<\/h3>\n\n\n\n<p>Durante la sesi\u00f3n, Torres fund\u00f3 su propuesta destacando la importancia de contar con m\u00e1s tiempo legislativo, ya que:<\/p>\n\n\n\n<ul class=\"wp-block-list\">\n<li>El Gobierno de la Provincia de Salta a\u00fan no ha aprobado el Presupuesto General de Gastos y Recursos para 2025.<\/li>\n\n\n\n<li>El Departamento Ejecutivo Municipal solicit\u00f3 una pr\u00f3rroga para la presentaci\u00f3n del Presupuesto Municipal 2025 mediante el Expediente N\u00b0932\/2024.<\/li>\n\n\n\n<li>El Concejo Deliberante hab\u00eda aprobado previamente esta pr\u00f3rroga mediante la Resoluci\u00f3n N\u00b033\/2024, lo que hac\u00eda necesario prolongar el per\u00edodo de sesiones para analizar el presupuesto una vez presentado.<\/li>\n<\/ul>\n\n\n\n<p>Torres subray\u00f3 que continuar con la legislativa laboral permitir\u00eda no solo avanzar en el tratamiento del presupuesto, sino tambi\u00e9n atender proyectos pendientes que respondan a las necesidades de la comunidad y del municipio. Adem\u00e1s, record\u00f3 que la Ley N\u00b08.126 otorga al Concejo la facultad de extender el per\u00edodo ordinario mediante resoluci\u00f3n.<\/p>\n\n\n\n<h3 class=\"wp-block-heading\">Resultados de la votaci\u00f3n<\/h3>\n\n\n\n<p>La votaci\u00f3n del proyecto dej\u00f3 en evidencia las divisiones entre los ediles:<\/p>\n\n\n\n<ul class=\"wp-block-list\">\n<li><strong>A favor:<\/strong> Concejal Lorena Torres y Concejal Mirta Copa.<\/li>\n\n\n\n<li><strong>En contra:<\/strong> Concejales Cristina Ger\u00f3n, Carlos Cruz y Nicol\u00e1s Montero.<\/li>\n\n\n\n<li><strong>Abstenci\u00f3n:<\/strong> Concejal Patricio Su\u00e1rez.<\/li>\n<\/ul>\n\n\n\n<p>Ante la falta de mayor\u00eda, el presidente del Concejo, <strong>Pablo Orosco<\/strong> , declar\u00f3 el proyecto <strong>desaprobado<\/strong> .<\/p>\n\n\n\n<h3 class=\"wp-block-heading\">Consecuencias del rechazo<\/h3>\n\n\n\n<p>Con esta decisi\u00f3n, las sesiones ordinarias finalizar\u00e1n el 28 de noviembre, dejando al Concejo sin posibilidad de tratar el Presupuesto Municipal 2025 si este no llega antes del 30 de noviembre. Adem\u00e1s, otras iniciativas importantes quedar\u00e1n postergadas para el pr\u00f3ximo per\u00edodo legislativo, generando incertidumbre sobre temas claves para la comunidad.<\/p>\n\n\n\n<p>La falta de consenso pone en evidencia tensiones pol\u00edticas dentro del Concejo, a pesar de los esfuerzos por priorizar las demandas del municipio. La situaci\u00f3n plantea interrogantes sobre c\u00f3mo se abordar\u00e1n estos temas en 2025 y qu\u00e9 impacto tendr\u00e1n en la planificaci\u00f3n y gesti\u00f3n municipal.<\/p>\n\n\n\n<figure class=\"wp-block-video\"><video controls src=\"https:\/\/nahuelproducciones.com.ar\/radioquijano\/wp-content\/uploads\/2024\/11\/WhatsApp-Video-2024-11-24-at-10.35.19-PM-1.mp4\"><\/video><\/figure>\n\n\n\n<p>Im\u00e1genes extra\u00eddas del Perfil del <strong>Concejo Deliberante de Campo Quijano 2024<\/strong>, de la Sesi\u00f3n Ordinaria N\u00b030 transmitida en directo.<\/p>\n","protected":false},"excerpt":{"rendered":"<p>En la Trig\u00e9sima Sesi\u00f3n Ordinaria de 2024 , realizada el 21 de noviembre, el Concejo Deliberante debati\u00f3 el proyecto de resoluci\u00f3n presentado por la concejal Lorena Torres, que propon\u00eda extender el per\u00edodo de sesiones ordinarias hasta el 19 de diciembre de este a\u00f1o. Sin embargo, la iniciativa fue rechazada en la votaci\u00f3n por el oficialismo [&hellip;]<\/p>\n","protected":false},"author":8,"featured_media":9338,"comment_status":"open","ping_status":"open","sticky":false,"template":"","format":"standard","meta":{"_monsterinsights_skip_tracking":false,"_monsterinsights_sitenote_active":false,"_monsterinsights_sitenote_note":"","_monsterinsights_sitenote_category":0,"footnotes":""},"categories":[16],"tags":[75,100],"class_list":["post-9336","post","type-post","status-publish","format-standard","has-post-thumbnail","hentry","category-noticias","tag-concejo-deliberante-de-campo-quijano","tag-municipio-de-campo-quijano"],"yoast_head":"<!-- This site is optimized with the Yoast SEO plugin v20.8 - https:\/\/yoast.com\/wordpress\/plugins\/seo\/ -->\n<title>El Concejo Deliberante del Municipio de Campo Quijano rechaza prorrogar el per\u00edodo de sesiones ordinarias - RQ 99.9<\/title>\n<meta name=\"description\" content=\"Deja al Concejo sin posibilidad de tratar el Presupuesto Municipal 2025 si este no llega antes del 30 de noviembre.\" \/>\n<meta name=\"robots\" content=\"index, follow, max-snippet:-1, max-image-preview:large, max-video-preview:-1\" \/>\n<link rel=\"canonical\" href=\"https:\/\/nahuelproducciones.com.ar\/radioquijano\/el-concejo-deliberante-del-municipio-de-campo-quijano-rechaza-prorrogar-el-periodo-de-sesiones-ordinarias\/\" \/>\n<meta property=\"og:locale\" content=\"es_ES\" \/>\n<meta property=\"og:type\" content=\"article\" \/>\n<meta property=\"og:title\" content=\"El Concejo Deliberante del Municipio de Campo Quijano rechaza prorrogar el per\u00edodo de sesiones ordinarias - RQ 99.9\" \/>\n<meta property=\"og:description\" content=\"Deja al Concejo sin posibilidad de tratar el Presupuesto Municipal 2025 si este no llega antes del 30 de noviembre.\" \/>\n<meta property=\"og:url\" content=\"https:\/\/nahuelproducciones.com.ar\/radioquijano\/el-concejo-deliberante-del-municipio-de-campo-quijano-rechaza-prorrogar-el-periodo-de-sesiones-ordinarias\/\" \/>\n<meta property=\"og:site_name\" content=\"RQ 99.9\" \/>\n<meta property=\"article:publisher\" content=\"https:\/\/www.facebook.com\/nahuelproducciones999\/\" \/>\n<meta property=\"article:published_time\" content=\"2024-11-25T03:17:42+00:00\" \/>\n<meta property=\"article:modified_time\" content=\"2024-11-25T03:17:45+00:00\" \/>\n<meta property=\"og:image\" content=\"https:\/\/nahuelproducciones.com.ar\/radioquijano\/wp-content\/uploads\/2024\/11\/WhatsApp-Image-2024-11-25-at-12.10.19-AM-e1732504356965.jpeg\" \/>\n\t<meta property=\"og:image:width\" content=\"700\" \/>\n\t<meta property=\"og:image:height\" content=\"328\" \/>\n\t<meta property=\"og:image:type\" content=\"image\/jpeg\" \/>\n<meta name=\"author\" content=\"Cecilia Pastrana\" \/>\n<meta name=\"twitter:card\" content=\"summary_large_image\" \/>\n<meta name=\"twitter:creator\" content=\"@nahuproduciones\" \/>\n<meta name=\"twitter:site\" content=\"@nahuproduciones\" \/>\n<meta name=\"twitter:label1\" content=\"Escrito por\" \/>\n\t<meta name=\"twitter:data1\" content=\"Cecilia Pastrana\" \/>\n\t<meta name=\"twitter:label2\" content=\"Tiempo de lectura\" \/>\n\t<meta name=\"twitter:data2\" content=\"2 minutos\" \/>\n<script type=\"application\/ld+json\" class=\"yoast-schema-graph\">{\"@context\":\"https:\/\/schema.org\",\"@graph\":[{\"@type\":\"WebPage\",\"@id\":\"https:\/\/nahuelproducciones.com.ar\/radioquijano\/el-concejo-deliberante-del-municipio-de-campo-quijano-rechaza-prorrogar-el-periodo-de-sesiones-ordinarias\/\",\"url\":\"https:\/\/nahuelproducciones.com.ar\/radioquijano\/el-concejo-deliberante-del-municipio-de-campo-quijano-rechaza-prorrogar-el-periodo-de-sesiones-ordinarias\/\",\"name\":\"El Concejo Deliberante del Municipio de Campo Quijano rechaza prorrogar el per\u00edodo de sesiones ordinarias - RQ 99.9\",\"isPartOf\":{\"@id\":\"https:\/\/nahuelproducciones.com.ar\/radioquijano\/#website\"},\"datePublished\":\"2024-11-25T03:17:42+00:00\",\"dateModified\":\"2024-11-25T03:17:45+00:00\",\"author\":{\"@id\":\"https:\/\/nahuelproducciones.com.ar\/radioquijano\/#\/schema\/person\/e8a4f939e2cb487fe6d0c54042c9d32c\"},\"description\":\"Deja al Concejo sin posibilidad de tratar el Presupuesto Municipal 2025 si este no llega antes del 30 de noviembre.\",\"breadcrumb\":{\"@id\":\"https:\/\/nahuelproducciones.com.ar\/radioquijano\/el-concejo-deliberante-del-municipio-de-campo-quijano-rechaza-prorrogar-el-periodo-de-sesiones-ordinarias\/#breadcrumb\"},\"inLanguage\":\"es\",\"potentialAction\":[{\"@type\":\"ReadAction\",\"target\":[\"https:\/\/nahuelproducciones.com.ar\/radioquijano\/el-concejo-deliberante-del-municipio-de-campo-quijano-rechaza-prorrogar-el-periodo-de-sesiones-ordinarias\/\"]}]},{\"@type\":\"BreadcrumbList\",\"@id\":\"https:\/\/nahuelproducciones.com.ar\/radioquijano\/el-concejo-deliberante-del-municipio-de-campo-quijano-rechaza-prorrogar-el-periodo-de-sesiones-ordinarias\/#breadcrumb\",\"itemListElement\":[{\"@type\":\"ListItem\",\"position\":1,\"name\":\"Portada\",\"item\":\"https:\/\/nahuelproducciones.com.ar\/radioquijano\/\"},{\"@type\":\"ListItem\",\"position\":2,\"name\":\"El Concejo Deliberante del Municipio de Campo Quijano rechaza prorrogar el per\u00edodo de sesiones ordinarias\"}]},{\"@type\":\"WebSite\",\"@id\":\"https:\/\/nahuelproducciones.com.ar\/radioquijano\/#website\",\"url\":\"https:\/\/nahuelproducciones.com.ar\/radioquijano\/\",\"name\":\"RQ 99.9\",\"description\":\"Radio Quijano 99.9 MHz\",\"potentialAction\":[{\"@type\":\"SearchAction\",\"target\":{\"@type\":\"EntryPoint\",\"urlTemplate\":\"https:\/\/nahuelproducciones.com.ar\/radioquijano\/?s={search_term_string}\"},\"query-input\":\"required name=search_term_string\"}],\"inLanguage\":\"es\"},{\"@type\":\"Person\",\"@id\":\"https:\/\/nahuelproducciones.com.ar\/radioquijano\/#\/schema\/person\/e8a4f939e2cb487fe6d0c54042c9d32c\",\"name\":\"Cecilia Pastrana\",\"image\":{\"@type\":\"ImageObject\",\"inLanguage\":\"es\",\"@id\":\"https:\/\/nahuelproducciones.com.ar\/radioquijano\/#\/schema\/person\/image\/\",\"url\":\"https:\/\/secure.gravatar.com\/avatar\/661a3ef63a8488d4f2794ed44af8cf71420f7e106f3072c40125114df5157749?s=96&d=mm&r=g\",\"contentUrl\":\"https:\/\/secure.gravatar.com\/avatar\/661a3ef63a8488d4f2794ed44af8cf71420f7e106f3072c40125114df5157749?s=96&d=mm&r=g\",\"caption\":\"Cecilia Pastrana\"},\"sameAs\":[\"cecy\"],\"url\":\"https:\/\/nahuelproducciones.com.ar\/radioquijano\/author\/cecy\/\"}]}<\/script>\n<!-- \/ Yoast SEO plugin. -->","yoast_head_json":{"title":"El Concejo Deliberante del Municipio de Campo Quijano rechaza prorrogar el per\u00edodo de sesiones ordinarias - RQ 99.9","description":"Deja al Concejo sin posibilidad de tratar el Presupuesto Municipal 2025 si este no llega antes del 30 de noviembre.","robots":{"index":"index","follow":"follow","max-snippet":"max-snippet:-1","max-image-preview":"max-image-preview:large","max-video-preview":"max-video-preview:-1"},"canonical":"https:\/\/nahuelproducciones.com.ar\/radioquijano\/el-concejo-deliberante-del-municipio-de-campo-quijano-rechaza-prorrogar-el-periodo-de-sesiones-ordinarias\/","og_locale":"es_ES","og_type":"article","og_title":"El Concejo Deliberante del Municipio de Campo Quijano rechaza prorrogar el per\u00edodo de sesiones ordinarias - RQ 99.9","og_description":"Deja al Concejo sin posibilidad de tratar el Presupuesto Municipal 2025 si este no llega antes del 30 de noviembre.","og_url":"https:\/\/nahuelproducciones.com.ar\/radioquijano\/el-concejo-deliberante-del-municipio-de-campo-quijano-rechaza-prorrogar-el-periodo-de-sesiones-ordinarias\/","og_site_name":"RQ 99.9","article_publisher":"https:\/\/www.facebook.com\/nahuelproducciones999\/","article_published_time":"2024-11-25T03:17:42+00:00","article_modified_time":"2024-11-25T03:17:45+00:00","og_image":[{"width":700,"height":328,"url":"https:\/\/nahuelproducciones.com.ar\/radioquijano\/wp-content\/uploads\/2024\/11\/WhatsApp-Image-2024-11-25-at-12.10.19-AM-e1732504356965.jpeg","type":"image\/jpeg"}],"author":"Cecilia Pastrana","twitter_card":"summary_large_image","twitter_creator":"@nahuproduciones","twitter_site":"@nahuproduciones","twitter_misc":{"Escrito por":"Cecilia Pastrana","Tiempo de lectura":"2 minutos"},"schema":{"@context":"https:\/\/schema.org","@graph":[{"@type":"WebPage","@id":"https:\/\/nahuelproducciones.com.ar\/radioquijano\/el-concejo-deliberante-del-municipio-de-campo-quijano-rechaza-prorrogar-el-periodo-de-sesiones-ordinarias\/","url":"https:\/\/nahuelproducciones.com.ar\/radioquijano\/el-concejo-deliberante-del-municipio-de-campo-quijano-rechaza-prorrogar-el-periodo-de-sesiones-ordinarias\/","name":"El Concejo Deliberante del Municipio de Campo Quijano rechaza prorrogar el per\u00edodo de sesiones ordinarias - RQ 99.9","isPartOf":{"@id":"https:\/\/nahuelproducciones.com.ar\/radioquijano\/#website"},"datePublished":"2024-11-25T03:17:42+00:00","dateModified":"2024-11-25T03:17:45+00:00","author":{"@id":"https:\/\/nahuelproducciones.com.ar\/radioquijano\/#\/schema\/person\/e8a4f939e2cb487fe6d0c54042c9d32c"},"description":"Deja al Concejo sin posibilidad de tratar el Presupuesto Municipal 2025 si este no llega antes del 30 de noviembre.","breadcrumb":{"@id":"https:\/\/nahuelproducciones.com.ar\/radioquijano\/el-concejo-deliberante-del-municipio-de-campo-quijano-rechaza-prorrogar-el-periodo-de-sesiones-ordinarias\/#breadcrumb"},"inLanguage":"es","potentialAction":[{"@type":"ReadAction","target":["https:\/\/nahuelproducciones.com.ar\/radioquijano\/el-concejo-deliberante-del-municipio-de-campo-quijano-rechaza-prorrogar-el-periodo-de-sesiones-ordinarias\/"]}]},{"@type":"BreadcrumbList","@id":"https:\/\/nahuelproducciones.com.ar\/radioquijano\/el-concejo-deliberante-del-municipio-de-campo-quijano-rechaza-prorrogar-el-periodo-de-sesiones-ordinarias\/#breadcrumb","itemListElement":[{"@type":"ListItem","position":1,"name":"Portada","item":"https:\/\/nahuelproducciones.com.ar\/radioquijano\/"},{"@type":"ListItem","position":2,"name":"El Concejo Deliberante del Municipio de Campo Quijano rechaza prorrogar el per\u00edodo de sesiones ordinarias"}]},{"@type":"WebSite","@id":"https:\/\/nahuelproducciones.com.ar\/radioquijano\/#website","url":"https:\/\/nahuelproducciones.com.ar\/radioquijano\/","name":"RQ 99.9","description":"Radio Quijano 99.9 MHz","potentialAction":[{"@type":"SearchAction","target":{"@type":"EntryPoint","urlTemplate":"https:\/\/nahuelproducciones.com.ar\/radioquijano\/?s={search_term_string}"},"query-input":"required name=search_term_string"}],"inLanguage":"es"},{"@type":"Person","@id":"https:\/\/nahuelproducciones.com.ar\/radioquijano\/#\/schema\/person\/e8a4f939e2cb487fe6d0c54042c9d32c","name":"Cecilia Pastrana","image":{"@type":"ImageObject","inLanguage":"es","@id":"https:\/\/nahuelproducciones.com.ar\/radioquijano\/#\/schema\/person\/image\/","url":"https:\/\/secure.gravatar.com\/avatar\/661a3ef63a8488d4f2794ed44af8cf71420f7e106f3072c40125114df5157749?s=96&d=mm&r=g","contentUrl":"https:\/\/secure.gravatar.com\/avatar\/661a3ef63a8488d4f2794ed44af8cf71420f7e106f3072c40125114df5157749?s=96&d=mm&r=g","caption":"Cecilia Pastrana"},"sameAs":["cecy"],"url":"https:\/\/nahuelproducciones.com.ar\/radioquijano\/author\/cecy\/"}]}},"_links":{"self":[{"href":"https:\/\/nahuelproducciones.com.ar\/radioquijano\/wp-json\/wp\/v2\/posts\/9336","targetHints":{"allow":["GET"]}}],"collection":[{"href":"https:\/\/nahuelproducciones.com.ar\/radioquijano\/wp-json\/wp\/v2\/posts"}],"about":[{"href":"https:\/\/nahuelproducciones.com.ar\/radioquijano\/wp-json\/wp\/v2\/types\/post"}],"author":[{"embeddable":true,"href":"https:\/\/nahuelproducciones.com.ar\/radioquijano\/wp-json\/wp\/v2\/users\/8"}],"replies":[{"embeddable":true,"href":"https:\/\/nahuelproducciones.com.ar\/radioquijano\/wp-json\/wp\/v2\/comments?post=9336"}],"version-history":[{"count":1,"href":"https:\/\/nahuelproducciones.com.ar\/radioquijano\/wp-json\/wp\/v2\/posts\/9336\/revisions"}],"predecessor-version":[{"id":9340,"href":"https:\/\/nahuelproducciones.com.ar\/radioquijano\/wp-json\/wp\/v2\/posts\/9336\/revisions\/9340"}],"wp:featuredmedia":[{"embeddable":true,"href":"https:\/\/nahuelproducciones.com.ar\/radioquijano\/wp-json\/wp\/v2\/media\/9338"}],"wp:attachment":[{"href":"https:\/\/nahuelproducciones.com.ar\/radioquijano\/wp-json\/wp\/v2\/media?parent=9336"}],"wp:term":[{"taxonomy":"category","embeddable":true,"href":"https:\/\/nahuelproducciones.com.ar\/radioquijano\/wp-json\/wp\/v2\/categories?post=9336"},{"taxonomy":"post_tag","embeddable":true,"href":"https:\/\/nahuelproducciones.com.ar\/radioquijano\/wp-json\/wp\/v2\/tags?post=9336"}],"curies":[{"name":"wp","href":"https:\/\/api.w.org\/{rel}","templated":true}]}}